{"id":10242,"date":"2004-02-02T00:00:00","date_gmt":"2004-02-02T04:00:00","guid":{"rendered":"http:\/\/192.81.217.108\/interamerica\/2004\/02\/interamericanos-viajan-a-tailandia\/"},"modified":"2017-06-02T09:20:31","modified_gmt":"2017-06-02T13:20:31","slug":"interamericanos-viajan-a-tailandia","status":"publish","type":"post","link":"https:\/\/interamerica.org\/es\/2004\/02\/interamericanos-viajan-a-tailandia\/","title":{"rendered":"Interamericanos viajan a Tailandia"},"content":{"rendered":"<p>\u00a0 <\/p>\n<p>Miami, Florida,\u00a0Estados Unidos\u2026<\/p>\n<p>(Libna Stevens\/DIA)<\/p>\n<p>M\u00e1s\u00a0de ochenta j\u00f3venes y l\u00edderes de Inter Am\u00e9rica\u00a0viajaron a\u00a0Tailandia del 18 al 30 de diciembre para la Conferencia Mundial de J\u00f3venes\u00a0de la Iglesia Adventista del S\u00e9ptimo D\u00eda y Servicios a la Comunidad a celebrarse en Bangkok.<\/p>\n<p>Los delegados\u00a0a la Conferencia estuvieron involucrados en varios proyectos de servicios a la comunidad en la ciudad de Bangkok.\u00a0 Limpiar y pintar una iglesia y recoger ma\u00edz eran\u00a0algunos de\u00a0los proyectos\u00a0que los interamericanos fueron involucrados. Haga un\u00a0clic en el cuadro para ver el video.\u00a0\u00a0\u00a0\u00a0<\/p>\n<p><img decoding=\"async\"  src=\"https:\/\/recursing-golick.147-182-135-0.plesk.page\/users\/images\/r_brown2.gif\"><img decoding=\"async\"  height=5 src=\"https:\/\/recursing-golick.147-182-135-0.plesk.page\/users\/images\/cor1_rt2.gif\" width=5><img decoding=\"async\"  src=\"https:\/\/recursing-golick.147-182-135-0.plesk.page\/users\/images\/e.gif\"><img decoding=\"async\"  height=10 src=\"https:\/\/recursing-golick.147-182-135-0.plesk.page\/users\/%ROOT_DIR%images\/spacer.gif\" width=1><img decoding=\"async\"  src=\"https:\/\/recursing-golick.147-182-135-0.plesk.page\/users\/images\/e.gif\"><img decoding=\"async\"  src=\"https:\/\/recursing-golick.147-182-135-0.plesk.page\/users\/images\/e.gif\"><\/p>\n","protected":false},"excerpt":{"rendered":"<p>M\u00e1s de ochenta j\u00f3venes y l\u00edderes de \u00cdnter Am\u00e9rica viajaron a Tailandia del 18 al 30 de diciembre\u00a0para la Conferencia Mundial de J\u00f3venes\u00a0de la Iglesia Adventista del S\u00e9ptimo D\u00eda y\u00a0\u00a0Servicios a la Comunidad.\u00a0<\/p>\n","protected":false},"author":1,"featured_media":0,"comment_status":"closed","ping_status":"closed","sticky":false,"template":"","format":"standard","meta":{"_acf_changed":false,"footnotes":""},"categories":[8],"tags":[],"class_list":["post-10242","post","type-post","status-publish","format-standard","hentry","category-archivo"],"acf":[],"yoast_head":"<!-- This site is optimized with the Yoast SEO plugin v27.3 - https:\/\/yoast.com\/product\/yoast-seo-wordpress\/ -->\n<title>Interamericanos viajan a Tailandia - Iglesia Adventista del S\u00e9ptimo D\u00eda - Divisi\u00f3n Interamericana<\/title>\n<meta name=\"robots\" content=\"index, follow, max-snippet:-1, max-image-preview:large, max-video-preview:-1\" \/>\n<link rel=\"canonical\" href=\"https:\/\/interamerica.org\/es\/2004\/02\/interamericanos-viajan-a-tailandia\/\" \/>\n<meta property=\"og:locale\" content=\"es_ES\" \/>\n<meta property=\"og:type\" content=\"article\" \/>\n<meta property=\"og:title\" content=\"Interamericanos viajan a Tailandia - Iglesia Adventista del S\u00e9ptimo D\u00eda - Divisi\u00f3n Interamericana\" \/>\n<meta property=\"og:description\" content=\"M\u00e1s de ochenta j\u00f3venes y l\u00edderes de \u00cdnter Am\u00e9rica viajaron a Tailandia del 18 al 30 de diciembre\u00a0para la Conferencia Mundial de J\u00f3venes\u00a0de la Iglesia Adventista del S\u00e9ptimo D\u00eda y\u00a0\u00a0Servicios a la Comunidad.\u00a0\" \/>\n<meta property=\"og:url\" content=\"https:\/\/interamerica.org\/es\/2004\/02\/interamericanos-viajan-a-tailandia\/\" \/>\n<meta property=\"og:site_name\" content=\"Iglesia Adventista del S\u00e9ptimo D\u00eda - Divisi\u00f3n Interamericana\" \/>\n<meta property=\"article:published_time\" content=\"2004-02-02T04:00:00+00:00\" \/>\n<meta property=\"article:modified_time\" content=\"2017-06-02T13:20:31+00:00\" \/>\n<meta property=\"og:image\" content=\"https:\/\/recursing-golick.147-182-135-0.plesk.page\/users\/images\/r_brown2.gif\" \/>\n<meta name=\"author\" content=\"Lorenzo Verduzco\" \/>\n<meta name=\"twitter:card\" content=\"summary_large_image\" \/>\n<meta name=\"twitter:label1\" content=\"Escrito por\" \/>\n\t<meta name=\"twitter:data1\" content=\"Lorenzo Verduzco\" \/>\n\t<meta name=\"twitter:label2\" content=\"Tiempo de lectura\" \/>\n\t<meta name=\"twitter:data2\" content=\"1 minuto\" \/>\n<script type=\"application\/ld+json\" class=\"yoast-schema-graph\">{\"@context\":\"https:\\\/\\\/schema.org\",\"@graph\":[{\"@type\":\"Article\",\"@id\":\"https:\\\/\\\/interamerica.org\\\/es\\\/2004\\\/02\\\/interamericanos-viajan-a-tailandia\\\/#article\",\"isPartOf\":{\"@id\":\"https:\\\/\\\/interamerica.org\\\/es\\\/2004\\\/02\\\/interamericanos-viajan-a-tailandia\\\/\"},\"author\":{\"name\":\"Lorenzo Verduzco\",\"@id\":\"https:\\\/\\\/interamerica.org\\\/es\\\/#\\\/schema\\\/person\\\/68ede8bdc292885bb76c1e3810e73c39\"},\"headline\":\"Interamericanos viajan a Tailandia\",\"datePublished\":\"2004-02-02T04:00:00+00:00\",\"dateModified\":\"2017-06-02T13:20:31+00:00\",\"mainEntityOfPage\":{\"@id\":\"https:\\\/\\\/interamerica.org\\\/es\\\/2004\\\/02\\\/interamericanos-viajan-a-tailandia\\\/\"},\"wordCount\":105,\"image\":{\"@id\":\"https:\\\/\\\/interamerica.org\\\/es\\\/2004\\\/02\\\/interamericanos-viajan-a-tailandia\\\/#primaryimage\"},\"thumbnailUrl\":\"https:\\\/\\\/recursing-golick.147-182-135-0.plesk.page\\\/users\\\/images\\\/r_brown2.gif\",\"articleSection\":[\"Archivo\"],\"inLanguage\":\"es\"},{\"@type\":\"WebPage\",\"@id\":\"https:\\\/\\\/interamerica.org\\\/es\\\/2004\\\/02\\\/interamericanos-viajan-a-tailandia\\\/\",\"url\":\"https:\\\/\\\/interamerica.org\\\/es\\\/2004\\\/02\\\/interamericanos-viajan-a-tailandia\\\/\",\"name\":\"Interamericanos viajan a Tailandia - Iglesia Adventista del S\u00e9ptimo D\u00eda - Divisi\u00f3n Interamericana\",\"isPartOf\":{\"@id\":\"https:\\\/\\\/interamerica.org\\\/es\\\/#website\"},\"primaryImageOfPage\":{\"@id\":\"https:\\\/\\\/interamerica.org\\\/es\\\/2004\\\/02\\\/interamericanos-viajan-a-tailandia\\\/#primaryimage\"},\"image\":{\"@id\":\"https:\\\/\\\/interamerica.org\\\/es\\\/2004\\\/02\\\/interamericanos-viajan-a-tailandia\\\/#primaryimage\"},\"thumbnailUrl\":\"https:\\\/\\\/recursing-golick.147-182-135-0.plesk.page\\\/users\\\/images\\\/r_brown2.gif\",\"datePublished\":\"2004-02-02T04:00:00+00:00\",\"dateModified\":\"2017-06-02T13:20:31+00:00\",\"author\":{\"@id\":\"https:\\\/\\\/interamerica.org\\\/es\\\/#\\\/schema\\\/person\\\/68ede8bdc292885bb76c1e3810e73c39\"},\"breadcrumb\":{\"@id\":\"https:\\\/\\\/interamerica.org\\\/es\\\/2004\\\/02\\\/interamericanos-viajan-a-tailandia\\\/#breadcrumb\"},\"inLanguage\":\"es\",\"potentialAction\":[{\"@type\":\"ReadAction\",\"target\":[\"https:\\\/\\\/interamerica.org\\\/es\\\/2004\\\/02\\\/interamericanos-viajan-a-tailandia\\\/\"]}]},{\"@type\":\"ImageObject\",\"inLanguage\":\"es\",\"@id\":\"https:\\\/\\\/interamerica.org\\\/es\\\/2004\\\/02\\\/interamericanos-viajan-a-tailandia\\\/#primaryimage\",\"url\":\"https:\\\/\\\/recursing-golick.147-182-135-0.plesk.page\\\/users\\\/images\\\/r_brown2.gif\",\"contentUrl\":\"https:\\\/\\\/recursing-golick.147-182-135-0.plesk.page\\\/users\\\/images\\\/r_brown2.gif\"},{\"@type\":\"BreadcrumbList\",\"@id\":\"https:\\\/\\\/interamerica.org\\\/es\\\/2004\\\/02\\\/interamericanos-viajan-a-tailandia\\\/#breadcrumb\",\"itemListElement\":[{\"@type\":\"ListItem\",\"position\":1,\"name\":\"Home\",\"item\":\"https:\\\/\\\/interamerica.org\\\/es\\\/\"},{\"@type\":\"ListItem\",\"position\":2,\"name\":\"Interamericanos viajan a Tailandia\"}]},{\"@type\":\"WebSite\",\"@id\":\"https:\\\/\\\/interamerica.org\\\/es\\\/#website\",\"url\":\"https:\\\/\\\/interamerica.org\\\/es\\\/\",\"name\":\"Iglesia Adventista del S\u00e9ptimo D\u00eda - Divisi\u00f3n Interamericana\",\"description\":\"\",\"potentialAction\":[{\"@type\":\"SearchAction\",\"target\":{\"@type\":\"EntryPoint\",\"urlTemplate\":\"https:\\\/\\\/interamerica.org\\\/es\\\/?s={search_term_string}\"},\"query-input\":{\"@type\":\"PropertyValueSpecification\",\"valueRequired\":true,\"valueName\":\"search_term_string\"}}],\"inLanguage\":\"es\"},{\"@type\":\"Person\",\"@id\":\"https:\\\/\\\/interamerica.org\\\/es\\\/#\\\/schema\\\/person\\\/68ede8bdc292885bb76c1e3810e73c39\",\"name\":\"Lorenzo Verduzco\",\"image\":{\"@type\":\"ImageObject\",\"inLanguage\":\"es\",\"@id\":\"https:\\\/\\\/secure.gravatar.com\\\/avatar\\\/fb81a55b6218459490a9c1dc841a34909185b81904c5337b4b27f7a6fd60c49e?s=96&d=mm&r=g\",\"url\":\"https:\\\/\\\/secure.gravatar.com\\\/avatar\\\/fb81a55b6218459490a9c1dc841a34909185b81904c5337b4b27f7a6fd60c49e?s=96&d=mm&r=g\",\"contentUrl\":\"https:\\\/\\\/secure.gravatar.com\\\/avatar\\\/fb81a55b6218459490a9c1dc841a34909185b81904c5337b4b27f7a6fd60c49e?s=96&d=mm&r=g\",\"caption\":\"Lorenzo Verduzco\"}}]}<\/script>\n<!-- \/ Yoast SEO plugin. -->","yoast_head_json":{"title":"Interamericanos viajan a Tailandia - Iglesia Adventista del S\u00e9ptimo D\u00eda - Divisi\u00f3n Interamericana","robots":{"index":"index","follow":"follow","max-snippet":"max-snippet:-1","max-image-preview":"max-image-preview:large","max-video-preview":"max-video-preview:-1"},"canonical":"https:\/\/interamerica.org\/es\/2004\/02\/interamericanos-viajan-a-tailandia\/","og_locale":"es_ES","og_type":"article","og_title":"Interamericanos viajan a Tailandia - Iglesia Adventista del S\u00e9ptimo D\u00eda - Divisi\u00f3n Interamericana","og_description":"M\u00e1s de ochenta j\u00f3venes y l\u00edderes de \u00cdnter Am\u00e9rica viajaron a Tailandia del 18 al 30 de diciembre\u00a0para la Conferencia Mundial de J\u00f3venes\u00a0de la Iglesia Adventista del S\u00e9ptimo D\u00eda y\u00a0\u00a0Servicios a la Comunidad.\u00a0","og_url":"https:\/\/interamerica.org\/es\/2004\/02\/interamericanos-viajan-a-tailandia\/","og_site_name":"Iglesia Adventista del S\u00e9ptimo D\u00eda - Divisi\u00f3n Interamericana","article_published_time":"2004-02-02T04:00:00+00:00","article_modified_time":"2017-06-02T13:20:31+00:00","og_image":[{"url":"https:\/\/recursing-golick.147-182-135-0.plesk.page\/users\/images\/r_brown2.gif","type":"","width":"","height":""}],"author":"Lorenzo Verduzco","twitter_card":"summary_large_image","twitter_misc":{"Escrito por":"Lorenzo Verduzco","Tiempo de lectura":"1 minuto"},"schema":{"@context":"https:\/\/schema.org","@graph":[{"@type":"Article","@id":"https:\/\/interamerica.org\/es\/2004\/02\/interamericanos-viajan-a-tailandia\/#article","isPartOf":{"@id":"https:\/\/interamerica.org\/es\/2004\/02\/interamericanos-viajan-a-tailandia\/"},"author":{"name":"Lorenzo Verduzco","@id":"https:\/\/interamerica.org\/es\/#\/schema\/person\/68ede8bdc292885bb76c1e3810e73c39"},"headline":"Interamericanos viajan a Tailandia","datePublished":"2004-02-02T04:00:00+00:00","dateModified":"2017-06-02T13:20:31+00:00","mainEntityOfPage":{"@id":"https:\/\/interamerica.org\/es\/2004\/02\/interamericanos-viajan-a-tailandia\/"},"wordCount":105,"image":{"@id":"https:\/\/interamerica.org\/es\/2004\/02\/interamericanos-viajan-a-tailandia\/#primaryimage"},"thumbnailUrl":"https:\/\/recursing-golick.147-182-135-0.plesk.page\/users\/images\/r_brown2.gif","articleSection":["Archivo"],"inLanguage":"es"},{"@type":"WebPage","@id":"https:\/\/interamerica.org\/es\/2004\/02\/interamericanos-viajan-a-tailandia\/","url":"https:\/\/interamerica.org\/es\/2004\/02\/interamericanos-viajan-a-tailandia\/","name":"Interamericanos viajan a Tailandia - Iglesia Adventista del S\u00e9ptimo D\u00eda - Divisi\u00f3n Interamericana","isPartOf":{"@id":"https:\/\/interamerica.org\/es\/#website"},"primaryImageOfPage":{"@id":"https:\/\/interamerica.org\/es\/2004\/02\/interamericanos-viajan-a-tailandia\/#primaryimage"},"image":{"@id":"https:\/\/interamerica.org\/es\/2004\/02\/interamericanos-viajan-a-tailandia\/#primaryimage"},"thumbnailUrl":"https:\/\/recursing-golick.147-182-135-0.plesk.page\/users\/images\/r_brown2.gif","datePublished":"2004-02-02T04:00:00+00:00","dateModified":"2017-06-02T13:20:31+00:00","author":{"@id":"https:\/\/interamerica.org\/es\/#\/schema\/person\/68ede8bdc292885bb76c1e3810e73c39"},"breadcrumb":{"@id":"https:\/\/interamerica.org\/es\/2004\/02\/interamericanos-viajan-a-tailandia\/#breadcrumb"},"inLanguage":"es","potentialAction":[{"@type":"ReadAction","target":["https:\/\/interamerica.org\/es\/2004\/02\/interamericanos-viajan-a-tailandia\/"]}]},{"@type":"ImageObject","inLanguage":"es","@id":"https:\/\/interamerica.org\/es\/2004\/02\/interamericanos-viajan-a-tailandia\/#primaryimage","url":"https:\/\/recursing-golick.147-182-135-0.plesk.page\/users\/images\/r_brown2.gif","contentUrl":"https:\/\/recursing-golick.147-182-135-0.plesk.page\/users\/images\/r_brown2.gif"},{"@type":"BreadcrumbList","@id":"https:\/\/interamerica.org\/es\/2004\/02\/interamericanos-viajan-a-tailandia\/#breadcrumb","itemListElement":[{"@type":"ListItem","position":1,"name":"Home","item":"https:\/\/interamerica.org\/es\/"},{"@type":"ListItem","position":2,"name":"Interamericanos viajan a Tailandia"}]},{"@type":"WebSite","@id":"https:\/\/interamerica.org\/es\/#website","url":"https:\/\/interamerica.org\/es\/","name":"Iglesia Adventista del S\u00e9ptimo D\u00eda - Divisi\u00f3n Interamericana","description":"","potentialAction":[{"@type":"SearchAction","target":{"@type":"EntryPoint","urlTemplate":"https:\/\/interamerica.org\/es\/?s={search_term_string}"},"query-input":{"@type":"PropertyValueSpecification","valueRequired":true,"valueName":"search_term_string"}}],"inLanguage":"es"},{"@type":"Person","@id":"https:\/\/interamerica.org\/es\/#\/schema\/person\/68ede8bdc292885bb76c1e3810e73c39","name":"Lorenzo Verduzco","image":{"@type":"ImageObject","inLanguage":"es","@id":"https:\/\/secure.gravatar.com\/avatar\/fb81a55b6218459490a9c1dc841a34909185b81904c5337b4b27f7a6fd60c49e?s=96&d=mm&r=g","url":"https:\/\/secure.gravatar.com\/avatar\/fb81a55b6218459490a9c1dc841a34909185b81904c5337b4b27f7a6fd60c49e?s=96&d=mm&r=g","contentUrl":"https:\/\/secure.gravatar.com\/avatar\/fb81a55b6218459490a9c1dc841a34909185b81904c5337b4b27f7a6fd60c49e?s=96&d=mm&r=g","caption":"Lorenzo Verduzco"}}]}},"_links":{"self":[{"href":"https:\/\/interamerica.org\/es\/wp-json\/wp\/v2\/posts\/10242","targetHints":{"allow":["GET"]}}],"collection":[{"href":"https:\/\/interamerica.org\/es\/wp-json\/wp\/v2\/posts"}],"about":[{"href":"https:\/\/interamerica.org\/es\/wp-json\/wp\/v2\/types\/post"}],"author":[{"embeddable":true,"href":"https:\/\/interamerica.org\/es\/wp-json\/wp\/v2\/users\/1"}],"replies":[{"embeddable":true,"href":"https:\/\/interamerica.org\/es\/wp-json\/wp\/v2\/comments?post=10242"}],"version-history":[{"count":0,"href":"https:\/\/interamerica.org\/es\/wp-json\/wp\/v2\/posts\/10242\/revisions"}],"wp:attachment":[{"href":"https:\/\/interamerica.org\/es\/wp-json\/wp\/v2\/media?parent=10242"}],"wp:term":[{"taxonomy":"category","embeddable":true,"href":"https:\/\/interamerica.org\/es\/wp-json\/wp\/v2\/categories?post=10242"},{"taxonomy":"post_tag","embeddable":true,"href":"https:\/\/interamerica.org\/es\/wp-json\/wp\/v2\/tags?post=10242"}],"curies":[{"name":"wp","href":"https:\/\/api.w.org\/{rel}","templated":true}]}}