{"id":10245,"date":"2004-02-03T00:00:00","date_gmt":"2004-02-03T04:00:00","guid":{"rendered":"http:\/\/192.81.217.108\/interamerica\/2004\/02\/la-revista-adventista-aspira-por-la-iglesia\/"},"modified":"2017-06-02T09:20:30","modified_gmt":"2017-06-02T13:20:30","slug":"la-revista-adventista-aspira-por-la-iglesia","status":"publish","type":"post","link":"https:\/\/interamerica.org\/es\/2004\/02\/la-revista-adventista-aspira-por-la-iglesia\/","title":{"rendered":"La Revista Adventista\u00a0aspira por la iglesia"},"content":{"rendered":"<p>Silver\u00a0Spring, Maryland, Estados Unidos&#8230;.\u00a0[Ansel Oliver\/ANN] <\/p>\n<p><em>KidsView, <\/em>un encarte mensual de\u00a0cuatro p\u00e1ginas que acompa\u00f1a la revista semanal Adventist Review (Revista Adventista) de la\u00a0Iglesia Adventista del\u00a0S\u00e9ptimo D\u00eda\u00a0ha recibido una \u00abposita y abrumadora reacci\u00f3n\u00bb, pero no est\u00e1 alcanzando a tantos ni\u00f1os como se esperaba,\u00a0expresan los redactores. <\/p>\n<p>Mientras que cada miembro adventista del s\u00e9ptimo d\u00eda en los registros en Estados Unidos recibe una edici\u00f3n regional\u00a0mensual de la Review (revista adventista en ingl\u00e9s),\u00a0otras tres ediciones semanales han sido suscritas\u00a0a\u00a0una poblaci\u00f3n de mayor\u00eda\u00a0adulta. Muchos de ellos escriben diciendo, \u00abSoy\u00a0un ni\u00f1o de coraz\u00f3n. Me encanta <em>KidsView<\/em>\u00ab.<\/p>\n<p>\u00abNo somos la revista oficial de la iglesia, sino la revista de la iglesia general. . .\u00a0 \u00abParte de nuestra misi\u00f3n es unir la iglesia,\u00bb dice Bonita Shields, editora asistente de Adventist Review y coordinadora editorial de <em>KidsView<\/em>. \u00abQueremos que los ni\u00f1os sepan que son parte de la iglesia\u00a0&#8212; ahora. Si nos mantenemos esperando a que tengan \u00absuficiente edad\u00bb, nunca ser\u00e1n parte de la iglesia.<\/p>\n<p>La edici\u00f3n de \u00ab<em>AnchorPoints\u00bb<\/em> (Ancladeros) de Adventist Review &#8212; en la que <em>KidsView<\/em> aparece &#8212; se concentra en el patrimonio adventista con m\u00e1s ediciones doctrinales y de\u00a0base.\u00a0Shields dice que <em>KidsView<\/em> fue anexada a la edici\u00f3n\u00a0en la esperanza de crear una\u00a0\u00abedici\u00f3n de\u00a0familia\u00bb, adem\u00e1s de aumentar las subscripciones.<\/p>\n<p>Desde su primera edici\u00f3n en agosto de 2002,<em> KidsView<\/em> ha recibido dos premios por excelencia de Associated Church Press. \u00a0\u00abRecibir estos reconocimientos fue de mucho valor\u00bb,\u00a0dice Kimberly Luste Maran,\u00a0redactora auxiliar de Adventist Review y redactora de contenido de <em>KidsView<\/em>. \u00abEllos reconocieron\u00a0que tenemos buen contenido.\u00bb<\/p>\n<p>El nivel de\u00a0redacci\u00f3n es para\u00a0edades de\u00a08 a 12 a\u00f1os. Muchas de las caracter\u00edsticas son escritas realmente por los ni\u00f1os y hay varios ni\u00f1os reporteros alrededor del mundo. <\/p>\n<p>\u00abDese\u00e1bamos tanta participaci\u00f3n de\u00a0menores como fuese posible,\u00bb dice Shields. \u00abNo solamente\u00a0son adultos\u00a0los que escriben para los ni\u00f1os.\u00a0\u00a0La\u00a0junta\u00a0consultiva es\u00a0clave\u00a0para\u00a0todo el\u00a0proyecto\u00bb,\u00a0expres\u00f3.\u00a0 Nueve\u00a0ni\u00f1os de diversas edades, g\u00e9neros, y culturas\u00a0se reunen\u00a0mes por medio con los redactores de <em>KidsView.<\/em> <\/p>\n<p>Un ni\u00f1o\u00a0entrevist\u00f3 a\u00a0un\u00a0empleado de la industria de la televisi\u00f3n que condujo\u00a0una secci\u00f3n\u00a0sobre profesiones.\u00a0\u00a0Hay recetas\u00a0escritas por\u00a0ni\u00f1os, historias\u00a0relacionadas con campamentos de verano,\u00a0labores en las cuales los\u00a0ni\u00f1os se ocupan,\u00a0y\u00a0poemas originales.\u00a0 Los redactores reescriben algunas historias\u00a0de\u00a0Adventist Review,\u00a0acort\u00e1ndolas y escritas en un lenguaje infantil.<\/p>\n<p>\u00abNunca nos propusimos competir con otras publicaciones de la iglesia,\u00bb dice Maran.\u00a0\u00a0 \u00abEl contenido est\u00e1 subordinado a Adventist Review. . .\u00a0\u00a0\u00a8Son entrelazadas intencionalmente\u00bb.<\/p>\n<p>\u00abEs\u00a0maravilloso que\u00a0<em>KidsView<\/em>\u00a0parece haberse\u00a0establecido\u00a0 as\u00ed misma en las mentes de la gente tan r\u00e1pidamente,\u00bb\u00a0 dice Maran. <\/p>\n<p>La idea de <em>KidsView<\/em> hab\u00eda estado germinando en las mentes de los redactores por varios a\u00f1os. Una madre en Nueva Inglaterra, sugiri\u00f3 al director\u00a0editorial\u00a0Bill Johnsson que\u00a0Adventist Review deber\u00eda realizar algo para llegar a los ni\u00f1os. <\/p>\n<p>Adventist Review comenz\u00f3 como La\u00a0Verdad Presente en 1848 por el\u00a0co-fundador de la iglesia, James White, con la colaboraci\u00f3n de\u00a0su esposa, Elena G. White.\u00a0\u00a0Review es redactada\u00a0en las oficinas principales de la iglesia Adventista en Silver Spring,\u00a0y\u00a0publicada por\u00a0la\u00a0Asociaci\u00f3n Editora de la Review and Herald\u00a0establecida a\u00a065 millas\u00a0en Hagerstown, Maryland. <\/p>\n<p><em>KidsView<\/em> es\u00a0financiada con\u00a0clasificados\u00a0y donaciones para diferir los costos de\u00a0impresi\u00f3n.<\/p>\n<p><strong><em>Derechos de Autor\u00a0Red 2003\u00a0Adventist News Network.<\/em><\/strong><\/p>\n","protected":false},"excerpt":{"rendered":"<p>KidsView, un encarte de cuatro p\u00e1ginas\u00a0dentro de Adventist Review (Revista Adventista) de la Iglesia Adventista del S\u00e9ptimo D\u00eda ha recibido\u00a0una \u00abpositiva y abrumadora\u00bb reacci\u00f3n, sin embargo, no est\u00e1 llegando a tantos\u00a0ni\u00f1os como se esperaba,\u00a0expresa<\/p>\n","protected":false},"author":1,"featured_media":0,"comment_status":"closed","ping_status":"closed","sticky":false,"template":"","format":"standard","meta":{"_acf_changed":false,"footnotes":""},"categories":[8],"tags":[],"class_list":["post-10245","post","type-post","status-publish","format-standard","hentry","category-archivo"],"acf":[],"yoast_head":"<!-- This site is optimized with the Yoast SEO plugin v27.3 - https:\/\/yoast.com\/product\/yoast-seo-wordpress\/ -->\n<title>La Revista Adventista\u00a0aspira por la iglesia - Iglesia Adventista del S\u00e9ptimo D\u00eda - Divisi\u00f3n Interamericana<\/title>\n<meta name=\"robots\" content=\"index, follow, max-snippet:-1, max-image-preview:large, max-video-preview:-1\" \/>\n<link rel=\"canonical\" href=\"https:\/\/interamerica.org\/es\/2004\/02\/la-revista-adventista-aspira-por-la-iglesia\/\" \/>\n<meta property=\"og:locale\" content=\"es_ES\" \/>\n<meta property=\"og:type\" content=\"article\" \/>\n<meta property=\"og:title\" content=\"La Revista Adventista\u00a0aspira por la iglesia - Iglesia Adventista del S\u00e9ptimo D\u00eda - Divisi\u00f3n Interamericana\" \/>\n<meta property=\"og:description\" content=\"KidsView, un encarte de cuatro p\u00e1ginas\u00a0dentro de Adventist Review (Revista Adventista) de la Iglesia Adventista del S\u00e9ptimo D\u00eda ha recibido\u00a0una &quot;positiva y abrumadora&quot; reacci\u00f3n, sin embargo, no est\u00e1 llegando a tantos\u00a0ni\u00f1os como se esperaba,\u00a0expresa\" \/>\n<meta property=\"og:url\" content=\"https:\/\/interamerica.org\/es\/2004\/02\/la-revista-adventista-aspira-por-la-iglesia\/\" \/>\n<meta property=\"og:site_name\" content=\"Iglesia Adventista del S\u00e9ptimo D\u00eda - Divisi\u00f3n Interamericana\" \/>\n<meta property=\"article:published_time\" content=\"2004-02-03T04:00:00+00:00\" \/>\n<meta property=\"article:modified_time\" content=\"2017-06-02T13:20:30+00:00\" \/>\n<meta name=\"author\" content=\"Lorenzo Verduzco\" \/>\n<meta name=\"twitter:card\" content=\"summary_large_image\" \/>\n<meta name=\"twitter:label1\" content=\"Escrito por\" \/>\n\t<meta name=\"twitter:data1\" content=\"Lorenzo Verduzco\" \/>\n\t<meta name=\"twitter:label2\" content=\"Tiempo de lectura\" \/>\n\t<meta name=\"twitter:data2\" content=\"3 minutos\" \/>\n<script type=\"application\/ld+json\" class=\"yoast-schema-graph\">{\"@context\":\"https:\\\/\\\/schema.org\",\"@graph\":[{\"@type\":\"Article\",\"@id\":\"https:\\\/\\\/interamerica.org\\\/es\\\/2004\\\/02\\\/la-revista-adventista-aspira-por-la-iglesia\\\/#article\",\"isPartOf\":{\"@id\":\"https:\\\/\\\/interamerica.org\\\/es\\\/2004\\\/02\\\/la-revista-adventista-aspira-por-la-iglesia\\\/\"},\"author\":{\"name\":\"Lorenzo Verduzco\",\"@id\":\"https:\\\/\\\/interamerica.org\\\/es\\\/#\\\/schema\\\/person\\\/68ede8bdc292885bb76c1e3810e73c39\"},\"headline\":\"La Revista Adventista\u00a0aspira por la iglesia\",\"datePublished\":\"2004-02-03T04:00:00+00:00\",\"dateModified\":\"2017-06-02T13:20:30+00:00\",\"mainEntityOfPage\":{\"@id\":\"https:\\\/\\\/interamerica.org\\\/es\\\/2004\\\/02\\\/la-revista-adventista-aspira-por-la-iglesia\\\/\"},\"wordCount\":604,\"articleSection\":[\"Archivo\"],\"inLanguage\":\"es\"},{\"@type\":\"WebPage\",\"@id\":\"https:\\\/\\\/interamerica.org\\\/es\\\/2004\\\/02\\\/la-revista-adventista-aspira-por-la-iglesia\\\/\",\"url\":\"https:\\\/\\\/interamerica.org\\\/es\\\/2004\\\/02\\\/la-revista-adventista-aspira-por-la-iglesia\\\/\",\"name\":\"La Revista Adventista\u00a0aspira por la iglesia - Iglesia Adventista del S\u00e9ptimo D\u00eda - Divisi\u00f3n Interamericana\",\"isPartOf\":{\"@id\":\"https:\\\/\\\/interamerica.org\\\/es\\\/#website\"},\"datePublished\":\"2004-02-03T04:00:00+00:00\",\"dateModified\":\"2017-06-02T13:20:30+00:00\",\"author\":{\"@id\":\"https:\\\/\\\/interamerica.org\\\/es\\\/#\\\/schema\\\/person\\\/68ede8bdc292885bb76c1e3810e73c39\"},\"breadcrumb\":{\"@id\":\"https:\\\/\\\/interamerica.org\\\/es\\\/2004\\\/02\\\/la-revista-adventista-aspira-por-la-iglesia\\\/#breadcrumb\"},\"inLanguage\":\"es\",\"potentialAction\":[{\"@type\":\"ReadAction\",\"target\":[\"https:\\\/\\\/interamerica.org\\\/es\\\/2004\\\/02\\\/la-revista-adventista-aspira-por-la-iglesia\\\/\"]}]},{\"@type\":\"BreadcrumbList\",\"@id\":\"https:\\\/\\\/interamerica.org\\\/es\\\/2004\\\/02\\\/la-revista-adventista-aspira-por-la-iglesia\\\/#breadcrumb\",\"itemListElement\":[{\"@type\":\"ListItem\",\"position\":1,\"name\":\"Home\",\"item\":\"https:\\\/\\\/interamerica.org\\\/es\\\/\"},{\"@type\":\"ListItem\",\"position\":2,\"name\":\"La Revista Adventista\u00a0aspira por la iglesia\"}]},{\"@type\":\"WebSite\",\"@id\":\"https:\\\/\\\/interamerica.org\\\/es\\\/#website\",\"url\":\"https:\\\/\\\/interamerica.org\\\/es\\\/\",\"name\":\"Iglesia Adventista del S\u00e9ptimo D\u00eda - Divisi\u00f3n Interamericana\",\"description\":\"\",\"potentialAction\":[{\"@type\":\"SearchAction\",\"target\":{\"@type\":\"EntryPoint\",\"urlTemplate\":\"https:\\\/\\\/interamerica.org\\\/es\\\/?s={search_term_string}\"},\"query-input\":{\"@type\":\"PropertyValueSpecification\",\"valueRequired\":true,\"valueName\":\"search_term_string\"}}],\"inLanguage\":\"es\"},{\"@type\":\"Person\",\"@id\":\"https:\\\/\\\/interamerica.org\\\/es\\\/#\\\/schema\\\/person\\\/68ede8bdc292885bb76c1e3810e73c39\",\"name\":\"Lorenzo Verduzco\",\"image\":{\"@type\":\"ImageObject\",\"inLanguage\":\"es\",\"@id\":\"https:\\\/\\\/secure.gravatar.com\\\/avatar\\\/fb81a55b6218459490a9c1dc841a34909185b81904c5337b4b27f7a6fd60c49e?s=96&d=mm&r=g\",\"url\":\"https:\\\/\\\/secure.gravatar.com\\\/avatar\\\/fb81a55b6218459490a9c1dc841a34909185b81904c5337b4b27f7a6fd60c49e?s=96&d=mm&r=g\",\"contentUrl\":\"https:\\\/\\\/secure.gravatar.com\\\/avatar\\\/fb81a55b6218459490a9c1dc841a34909185b81904c5337b4b27f7a6fd60c49e?s=96&d=mm&r=g\",\"caption\":\"Lorenzo Verduzco\"}}]}<\/script>\n<!-- \/ Yoast SEO plugin. -->","yoast_head_json":{"title":"La Revista Adventista\u00a0aspira por la iglesia - Iglesia Adventista del S\u00e9ptimo D\u00eda - Divisi\u00f3n Interamericana","robots":{"index":"index","follow":"follow","max-snippet":"max-snippet:-1","max-image-preview":"max-image-preview:large","max-video-preview":"max-video-preview:-1"},"canonical":"https:\/\/interamerica.org\/es\/2004\/02\/la-revista-adventista-aspira-por-la-iglesia\/","og_locale":"es_ES","og_type":"article","og_title":"La Revista Adventista\u00a0aspira por la iglesia - Iglesia Adventista del S\u00e9ptimo D\u00eda - Divisi\u00f3n Interamericana","og_description":"KidsView, un encarte de cuatro p\u00e1ginas\u00a0dentro de Adventist Review (Revista Adventista) de la Iglesia Adventista del S\u00e9ptimo D\u00eda ha recibido\u00a0una \"positiva y abrumadora\" reacci\u00f3n, sin embargo, no est\u00e1 llegando a tantos\u00a0ni\u00f1os como se esperaba,\u00a0expresa","og_url":"https:\/\/interamerica.org\/es\/2004\/02\/la-revista-adventista-aspira-por-la-iglesia\/","og_site_name":"Iglesia Adventista del S\u00e9ptimo D\u00eda - Divisi\u00f3n Interamericana","article_published_time":"2004-02-03T04:00:00+00:00","article_modified_time":"2017-06-02T13:20:30+00:00","author":"Lorenzo Verduzco","twitter_card":"summary_large_image","twitter_misc":{"Escrito por":"Lorenzo Verduzco","Tiempo de lectura":"3 minutos"},"schema":{"@context":"https:\/\/schema.org","@graph":[{"@type":"Article","@id":"https:\/\/interamerica.org\/es\/2004\/02\/la-revista-adventista-aspira-por-la-iglesia\/#article","isPartOf":{"@id":"https:\/\/interamerica.org\/es\/2004\/02\/la-revista-adventista-aspira-por-la-iglesia\/"},"author":{"name":"Lorenzo Verduzco","@id":"https:\/\/interamerica.org\/es\/#\/schema\/person\/68ede8bdc292885bb76c1e3810e73c39"},"headline":"La Revista Adventista\u00a0aspira por la iglesia","datePublished":"2004-02-03T04:00:00+00:00","dateModified":"2017-06-02T13:20:30+00:00","mainEntityOfPage":{"@id":"https:\/\/interamerica.org\/es\/2004\/02\/la-revista-adventista-aspira-por-la-iglesia\/"},"wordCount":604,"articleSection":["Archivo"],"inLanguage":"es"},{"@type":"WebPage","@id":"https:\/\/interamerica.org\/es\/2004\/02\/la-revista-adventista-aspira-por-la-iglesia\/","url":"https:\/\/interamerica.org\/es\/2004\/02\/la-revista-adventista-aspira-por-la-iglesia\/","name":"La Revista Adventista\u00a0aspira por la iglesia - Iglesia Adventista del S\u00e9ptimo D\u00eda - Divisi\u00f3n Interamericana","isPartOf":{"@id":"https:\/\/interamerica.org\/es\/#website"},"datePublished":"2004-02-03T04:00:00+00:00","dateModified":"2017-06-02T13:20:30+00:00","author":{"@id":"https:\/\/interamerica.org\/es\/#\/schema\/person\/68ede8bdc292885bb76c1e3810e73c39"},"breadcrumb":{"@id":"https:\/\/interamerica.org\/es\/2004\/02\/la-revista-adventista-aspira-por-la-iglesia\/#breadcrumb"},"inLanguage":"es","potentialAction":[{"@type":"ReadAction","target":["https:\/\/interamerica.org\/es\/2004\/02\/la-revista-adventista-aspira-por-la-iglesia\/"]}]},{"@type":"BreadcrumbList","@id":"https:\/\/interamerica.org\/es\/2004\/02\/la-revista-adventista-aspira-por-la-iglesia\/#breadcrumb","itemListElement":[{"@type":"ListItem","position":1,"name":"Home","item":"https:\/\/interamerica.org\/es\/"},{"@type":"ListItem","position":2,"name":"La Revista Adventista\u00a0aspira por la iglesia"}]},{"@type":"WebSite","@id":"https:\/\/interamerica.org\/es\/#website","url":"https:\/\/interamerica.org\/es\/","name":"Iglesia Adventista del S\u00e9ptimo D\u00eda - Divisi\u00f3n Interamericana","description":"","potentialAction":[{"@type":"SearchAction","target":{"@type":"EntryPoint","urlTemplate":"https:\/\/interamerica.org\/es\/?s={search_term_string}"},"query-input":{"@type":"PropertyValueSpecification","valueRequired":true,"valueName":"search_term_string"}}],"inLanguage":"es"},{"@type":"Person","@id":"https:\/\/interamerica.org\/es\/#\/schema\/person\/68ede8bdc292885bb76c1e3810e73c39","name":"Lorenzo Verduzco","image":{"@type":"ImageObject","inLanguage":"es","@id":"https:\/\/secure.gravatar.com\/avatar\/fb81a55b6218459490a9c1dc841a34909185b81904c5337b4b27f7a6fd60c49e?s=96&d=mm&r=g","url":"https:\/\/secure.gravatar.com\/avatar\/fb81a55b6218459490a9c1dc841a34909185b81904c5337b4b27f7a6fd60c49e?s=96&d=mm&r=g","contentUrl":"https:\/\/secure.gravatar.com\/avatar\/fb81a55b6218459490a9c1dc841a34909185b81904c5337b4b27f7a6fd60c49e?s=96&d=mm&r=g","caption":"Lorenzo Verduzco"}}]}},"_links":{"self":[{"href":"https:\/\/interamerica.org\/es\/wp-json\/wp\/v2\/posts\/10245","targetHints":{"allow":["GET"]}}],"collection":[{"href":"https:\/\/interamerica.org\/es\/wp-json\/wp\/v2\/posts"}],"about":[{"href":"https:\/\/interamerica.org\/es\/wp-json\/wp\/v2\/types\/post"}],"author":[{"embeddable":true,"href":"https:\/\/interamerica.org\/es\/wp-json\/wp\/v2\/users\/1"}],"replies":[{"embeddable":true,"href":"https:\/\/interamerica.org\/es\/wp-json\/wp\/v2\/comments?post=10245"}],"version-history":[{"count":0,"href":"https:\/\/interamerica.org\/es\/wp-json\/wp\/v2\/posts\/10245\/revisions"}],"wp:attachment":[{"href":"https:\/\/interamerica.org\/es\/wp-json\/wp\/v2\/media?parent=10245"}],"wp:term":[{"taxonomy":"category","embeddable":true,"href":"https:\/\/interamerica.org\/es\/wp-json\/wp\/v2\/categories?post=10245"},{"taxonomy":"post_tag","embeddable":true,"href":"https:\/\/interamerica.org\/es\/wp-json\/wp\/v2\/tags?post=10245"}],"curies":[{"name":"wp","href":"https:\/\/api.w.org\/{rel}","templated":true}]}}