{"id":10246,"date":"2004-02-10T00:00:00","date_gmt":"2004-02-10T04:00:00","guid":{"rendered":"http:\/\/192.81.217.108\/interamerica\/2004\/02\/antillas-holandesas-se-inaugura-asociacion-de-libertad-religiosa\/"},"modified":"2017-06-02T09:20:27","modified_gmt":"2017-06-02T13:20:27","slug":"antillas-holandesas-se-inaugura-asociacion-de-libertad-religiosa","status":"publish","type":"post","link":"https:\/\/interamerica.org\/es\/2004\/02\/antillas-holandesas-se-inaugura-asociacion-de-libertad-religiosa\/","title":{"rendered":"Antillas Holandesas: Se inaugura Asociaci\u00f3n de Libertad Religiosa"},"content":{"rendered":"<p>Willemstad, Curacao, Antillas Holandesas [Equipo de ANN]<\/p>\n<p>Una nueva organizaci\u00f3n local dedicada a la protecci\u00f3n de la libertad religiosa para todos, la Asociaci\u00f3n de Libertad Religiosa de las Antillas Holandesas, fue inaugurada durante reuniones sostenidas en Willemstad, Curacao el 31 de enero.\u00a0 El grupo est\u00e1 afiliado a la Asociaci\u00f3n Internacional de Libertad Religiosa, cuya sede se encuentra en Silver Spring, Maryland, Estados Unidos.<\/p>\n<p>A pesar de que islas como las Antillas Holandesas, donde el turismo es un factor importante en la econom\u00eda local,\u00a0amenudo no hay conciencia en t\u00e9rminos de libertad religiosa y los probemas est\u00e1n empezando a surgir.\u00a0 Y mientras la libertad religiosa ha sido en gran manera parte de la herencia de las Antillas Holandesas, las cosas est\u00e1n cambiando.\u00a0 En la isla vecina de\u00a0Aruba, se ha implementado una ley que obliga a cerrar los negocios en domingo , y actualmente existen conversaciones pol\u00edticas\u00a0sobre implementar una ley similar en Curacao.<\/p>\n<p>El nuevo presidente de la Asociaci\u00f3n de Libertad Religiosa de las Antillas Holandesas es el pastor de la iglesia Adventista del S\u00e9ptimo D\u00eda, Errol Maduro.<\/p>\n<p>\u00abAqu\u00ed en Curacao hemos disfrutado de libertad religiosa desde el siglo 16, pero es porque no hemos tenido que luchar por ella&#8230; no est\u00e1 en la conciencia de las personas,\u00bb dijo Maduro.\u00a0 \u00abNo hemos logrado hacer que la gente entienda que este es un asunto muy importante.\u00bb<\/p>\n<p>Daniel Duffis, presidente de la Iglesia Adventista en las Antillas Holandesas, agreg\u00f3: \u00abActualmente, est\u00e1n surgiendo\u00a0 en el pa\u00eds discusiones referentes a leyes dominicales y necesitamos un movimiento nacional para ayudar a la gente a entender lo que esto significa para la libertad religiosa.\u00a0 Esto es para las personas de todo tipo de fe aqu\u00ed en Curacao.\u00bb<\/p>\n<p>El Pastor Julio Palacio, presidente regional de la Iglesia Adventista en Venezuela y las Antillas Holandesas, dijo: \u00abNecesitamos mantener altos valores y principios&#8211; y todos tienen el derecho de que esto se respete, juntamente con la libertad de conciencia.\u00bb<\/p>\n<p>El dice que la nueva asociaci\u00f3n local \u00abvino a llenar este espacio\u00a0para que\u00a0la libertad de conciencia se resepte.\u00a0 No importa la fe religiosa que profesemos.\u00a0 En cualquier lugar es importante la libertad religiosa, no solamente aqu\u00ed en Curacao.\u00a0 Necesitamos\u00a0educar a las personas y anticiparnos a los problemas del ma\u00f1ana, luchar para mantener las puertas abiertas y de esa manera expresar nuestros pensamientos\u00a0libremente.\u00bb<\/p>\n<p>Mario Ni\u00f1o, encargado de Asuntos P\u00fablicos y Libertad Religiosa para las iglesias adventistas en la regi\u00f3n Interamericana, dijo que el nuevo cap\u00edtulo es \u00abalgo bueno\u00bb para las Antillas Holandesas.<\/p>\n<p>\u00abEl\u00a0mayor desaf\u00edo en esta regi\u00f3n es que muchos paises\u00a0estipulan la libertad religiosa en sus constituciones, pero realmente en la pr\u00e1ctica, no la disfrutamos,\u00bb declar\u00f3 Ni\u00f1o para ANN.\u00a0 \u00abAs\u00ed que necesitamos trabajar con los gobiernos, universidades y denominaciones religiosas a fin de unir esfuerzos por la libertad religiosa para todos.\u00bb\u00a0 Uno de los participantes de estas reuniones fue el Dr. Jonahtan Gallagher, secretario\u00a0general de la Asociaci\u00f3n Internacional de Libertad Religiosa (IRLA por sus siglas en ingl\u00e9s) y enlace de la Iglesia Adventista Mundial para las Naciones Unidas.<\/p>\n<p>\u00abEs buena idea tener libertad religiosa por doquier,\u00bb agreg\u00f3 Graz, \u00abespecialmente en los paises m\u00e1s peque\u00f1os en donde la religi\u00f3n\u00a0de la mayor\u00eda podr\u00eda de otra manera dominar la sociedad.\u00bb<\/p>\n<p>La IRLA fue fundada en 1893\u00a0por los l\u00edderes de la Iglesia Adventista y se desarroll\u00f3 dentro de una organizaci\u00f3n no sectorial\u00a0dedicada a salvaguardar los derechos civiles y religiosos alrededor del mundo.\u00a0 Cerca de 5,150 Adventistas del S\u00e9ptimo D\u00eda adoran semanalmente en 28 congregaciones a trav\u00e9s de la regi\u00f3n de las Antillas Holandas.<\/p>\n<p>Derechos\u00a0Reservados 2003, Agencia Adventista de Noticias<\/p>\n","protected":false},"excerpt":{"rendered":"<p>Una nueva organizaci\u00f3n local dedicada a la protecci\u00f3n de la libertad religiosa para todos, la Asociaci\u00f3n de Libertad Religiosa de las Antillas Holandesas, fue inaugurada durante reuniones sostenidas en Willemstad, Curacao el 31 de enero.<\/p>\n","protected":false},"author":1,"featured_media":0,"comment_status":"closed","ping_status":"closed","sticky":false,"template":"","format":"standard","meta":{"_acf_changed":false,"footnotes":""},"categories":[8],"tags":[],"class_list":["post-10246","post","type-post","status-publish","format-standard","hentry","category-archivo"],"acf":[],"yoast_head":"<!-- This site is optimized with the Yoast SEO plugin v27.3 - https:\/\/yoast.com\/product\/yoast-seo-wordpress\/ -->\n<title>Antillas Holandesas: Se inaugura Asociaci\u00f3n de Libertad Religiosa - Iglesia Adventista del S\u00e9ptimo D\u00eda - Divisi\u00f3n Interamericana<\/title>\n<meta name=\"robots\" content=\"index, follow, max-snippet:-1, max-image-preview:large, max-video-preview:-1\" \/>\n<link rel=\"canonical\" href=\"https:\/\/interamerica.org\/es\/2004\/02\/antillas-holandesas-se-inaugura-asociacion-de-libertad-religiosa\/\" \/>\n<meta property=\"og:locale\" content=\"es_ES\" \/>\n<meta property=\"og:type\" content=\"article\" \/>\n<meta property=\"og:title\" content=\"Antillas Holandesas: Se inaugura Asociaci\u00f3n de Libertad Religiosa - Iglesia Adventista del S\u00e9ptimo D\u00eda - Divisi\u00f3n Interamericana\" \/>\n<meta property=\"og:description\" content=\"Una nueva organizaci\u00f3n local dedicada a la protecci\u00f3n de la libertad religiosa para todos, la Asociaci\u00f3n de Libertad Religiosa de las Antillas Holandesas, fue inaugurada durante reuniones sostenidas en Willemstad, Curacao el 31 de enero.\" \/>\n<meta property=\"og:url\" content=\"https:\/\/interamerica.org\/es\/2004\/02\/antillas-holandesas-se-inaugura-asociacion-de-libertad-religiosa\/\" \/>\n<meta property=\"og:site_name\" content=\"Iglesia Adventista del S\u00e9ptimo D\u00eda - Divisi\u00f3n Interamericana\" \/>\n<meta property=\"article:published_time\" content=\"2004-02-10T04:00:00+00:00\" \/>\n<meta property=\"article:modified_time\" content=\"2017-06-02T13:20:27+00:00\" \/>\n<meta name=\"author\" content=\"Lorenzo Verduzco\" \/>\n<meta name=\"twitter:card\" content=\"summary_large_image\" \/>\n<meta name=\"twitter:label1\" content=\"Escrito por\" \/>\n\t<meta name=\"twitter:data1\" content=\"Lorenzo Verduzco\" \/>\n\t<meta name=\"twitter:label2\" content=\"Tiempo de lectura\" \/>\n\t<meta name=\"twitter:data2\" content=\"3 minutos\" \/>\n<script type=\"application\/ld+json\" class=\"yoast-schema-graph\">{\"@context\":\"https:\\\/\\\/schema.org\",\"@graph\":[{\"@type\":\"Article\",\"@id\":\"https:\\\/\\\/interamerica.org\\\/es\\\/2004\\\/02\\\/antillas-holandesas-se-inaugura-asociacion-de-libertad-religiosa\\\/#article\",\"isPartOf\":{\"@id\":\"https:\\\/\\\/interamerica.org\\\/es\\\/2004\\\/02\\\/antillas-holandesas-se-inaugura-asociacion-de-libertad-religiosa\\\/\"},\"author\":{\"name\":\"Lorenzo Verduzco\",\"@id\":\"https:\\\/\\\/interamerica.org\\\/es\\\/#\\\/schema\\\/person\\\/68ede8bdc292885bb76c1e3810e73c39\"},\"headline\":\"Antillas Holandesas: Se inaugura Asociaci\u00f3n de Libertad Religiosa\",\"datePublished\":\"2004-02-10T04:00:00+00:00\",\"dateModified\":\"2017-06-02T13:20:27+00:00\",\"mainEntityOfPage\":{\"@id\":\"https:\\\/\\\/interamerica.org\\\/es\\\/2004\\\/02\\\/antillas-holandesas-se-inaugura-asociacion-de-libertad-religiosa\\\/\"},\"wordCount\":634,\"articleSection\":[\"Archivo\"],\"inLanguage\":\"es\"},{\"@type\":\"WebPage\",\"@id\":\"https:\\\/\\\/interamerica.org\\\/es\\\/2004\\\/02\\\/antillas-holandesas-se-inaugura-asociacion-de-libertad-religiosa\\\/\",\"url\":\"https:\\\/\\\/interamerica.org\\\/es\\\/2004\\\/02\\\/antillas-holandesas-se-inaugura-asociacion-de-libertad-religiosa\\\/\",\"name\":\"Antillas Holandesas: Se inaugura Asociaci\u00f3n de Libertad Religiosa - Iglesia Adventista del S\u00e9ptimo D\u00eda - Divisi\u00f3n Interamericana\",\"isPartOf\":{\"@id\":\"https:\\\/\\\/interamerica.org\\\/es\\\/#website\"},\"datePublished\":\"2004-02-10T04:00:00+00:00\",\"dateModified\":\"2017-06-02T13:20:27+00:00\",\"author\":{\"@id\":\"https:\\\/\\\/interamerica.org\\\/es\\\/#\\\/schema\\\/person\\\/68ede8bdc292885bb76c1e3810e73c39\"},\"breadcrumb\":{\"@id\":\"https:\\\/\\\/interamerica.org\\\/es\\\/2004\\\/02\\\/antillas-holandesas-se-inaugura-asociacion-de-libertad-religiosa\\\/#breadcrumb\"},\"inLanguage\":\"es\",\"potentialAction\":[{\"@type\":\"ReadAction\",\"target\":[\"https:\\\/\\\/interamerica.org\\\/es\\\/2004\\\/02\\\/antillas-holandesas-se-inaugura-asociacion-de-libertad-religiosa\\\/\"]}]},{\"@type\":\"BreadcrumbList\",\"@id\":\"https:\\\/\\\/interamerica.org\\\/es\\\/2004\\\/02\\\/antillas-holandesas-se-inaugura-asociacion-de-libertad-religiosa\\\/#breadcrumb\",\"itemListElement\":[{\"@type\":\"ListItem\",\"position\":1,\"name\":\"Home\",\"item\":\"https:\\\/\\\/interamerica.org\\\/es\\\/\"},{\"@type\":\"ListItem\",\"position\":2,\"name\":\"Antillas Holandesas: Se inaugura Asociaci\u00f3n de Libertad Religiosa\"}]},{\"@type\":\"WebSite\",\"@id\":\"https:\\\/\\\/interamerica.org\\\/es\\\/#website\",\"url\":\"https:\\\/\\\/interamerica.org\\\/es\\\/\",\"name\":\"Iglesia Adventista del S\u00e9ptimo D\u00eda - Divisi\u00f3n Interamericana\",\"description\":\"\",\"potentialAction\":[{\"@type\":\"SearchAction\",\"target\":{\"@type\":\"EntryPoint\",\"urlTemplate\":\"https:\\\/\\\/interamerica.org\\\/es\\\/?s={search_term_string}\"},\"query-input\":{\"@type\":\"PropertyValueSpecification\",\"valueRequired\":true,\"valueName\":\"search_term_string\"}}],\"inLanguage\":\"es\"},{\"@type\":\"Person\",\"@id\":\"https:\\\/\\\/interamerica.org\\\/es\\\/#\\\/schema\\\/person\\\/68ede8bdc292885bb76c1e3810e73c39\",\"name\":\"Lorenzo Verduzco\",\"image\":{\"@type\":\"ImageObject\",\"inLanguage\":\"es\",\"@id\":\"https:\\\/\\\/secure.gravatar.com\\\/avatar\\\/fb81a55b6218459490a9c1dc841a34909185b81904c5337b4b27f7a6fd60c49e?s=96&d=mm&r=g\",\"url\":\"https:\\\/\\\/secure.gravatar.com\\\/avatar\\\/fb81a55b6218459490a9c1dc841a34909185b81904c5337b4b27f7a6fd60c49e?s=96&d=mm&r=g\",\"contentUrl\":\"https:\\\/\\\/secure.gravatar.com\\\/avatar\\\/fb81a55b6218459490a9c1dc841a34909185b81904c5337b4b27f7a6fd60c49e?s=96&d=mm&r=g\",\"caption\":\"Lorenzo Verduzco\"}}]}<\/script>\n<!-- \/ Yoast SEO plugin. -->","yoast_head_json":{"title":"Antillas Holandesas: Se inaugura Asociaci\u00f3n de Libertad Religiosa - Iglesia Adventista del S\u00e9ptimo D\u00eda - Divisi\u00f3n Interamericana","robots":{"index":"index","follow":"follow","max-snippet":"max-snippet:-1","max-image-preview":"max-image-preview:large","max-video-preview":"max-video-preview:-1"},"canonical":"https:\/\/interamerica.org\/es\/2004\/02\/antillas-holandesas-se-inaugura-asociacion-de-libertad-religiosa\/","og_locale":"es_ES","og_type":"article","og_title":"Antillas Holandesas: Se inaugura Asociaci\u00f3n de Libertad Religiosa - Iglesia Adventista del S\u00e9ptimo D\u00eda - Divisi\u00f3n Interamericana","og_description":"Una nueva organizaci\u00f3n local dedicada a la protecci\u00f3n de la libertad religiosa para todos, la Asociaci\u00f3n de Libertad Religiosa de las Antillas Holandesas, fue inaugurada durante reuniones sostenidas en Willemstad, Curacao el 31 de enero.","og_url":"https:\/\/interamerica.org\/es\/2004\/02\/antillas-holandesas-se-inaugura-asociacion-de-libertad-religiosa\/","og_site_name":"Iglesia Adventista del S\u00e9ptimo D\u00eda - Divisi\u00f3n Interamericana","article_published_time":"2004-02-10T04:00:00+00:00","article_modified_time":"2017-06-02T13:20:27+00:00","author":"Lorenzo Verduzco","twitter_card":"summary_large_image","twitter_misc":{"Escrito por":"Lorenzo Verduzco","Tiempo de lectura":"3 minutos"},"schema":{"@context":"https:\/\/schema.org","@graph":[{"@type":"Article","@id":"https:\/\/interamerica.org\/es\/2004\/02\/antillas-holandesas-se-inaugura-asociacion-de-libertad-religiosa\/#article","isPartOf":{"@id":"https:\/\/interamerica.org\/es\/2004\/02\/antillas-holandesas-se-inaugura-asociacion-de-libertad-religiosa\/"},"author":{"name":"Lorenzo Verduzco","@id":"https:\/\/interamerica.org\/es\/#\/schema\/person\/68ede8bdc292885bb76c1e3810e73c39"},"headline":"Antillas Holandesas: Se inaugura Asociaci\u00f3n de Libertad Religiosa","datePublished":"2004-02-10T04:00:00+00:00","dateModified":"2017-06-02T13:20:27+00:00","mainEntityOfPage":{"@id":"https:\/\/interamerica.org\/es\/2004\/02\/antillas-holandesas-se-inaugura-asociacion-de-libertad-religiosa\/"},"wordCount":634,"articleSection":["Archivo"],"inLanguage":"es"},{"@type":"WebPage","@id":"https:\/\/interamerica.org\/es\/2004\/02\/antillas-holandesas-se-inaugura-asociacion-de-libertad-religiosa\/","url":"https:\/\/interamerica.org\/es\/2004\/02\/antillas-holandesas-se-inaugura-asociacion-de-libertad-religiosa\/","name":"Antillas Holandesas: Se inaugura Asociaci\u00f3n de Libertad Religiosa - Iglesia Adventista del S\u00e9ptimo D\u00eda - Divisi\u00f3n Interamericana","isPartOf":{"@id":"https:\/\/interamerica.org\/es\/#website"},"datePublished":"2004-02-10T04:00:00+00:00","dateModified":"2017-06-02T13:20:27+00:00","author":{"@id":"https:\/\/interamerica.org\/es\/#\/schema\/person\/68ede8bdc292885bb76c1e3810e73c39"},"breadcrumb":{"@id":"https:\/\/interamerica.org\/es\/2004\/02\/antillas-holandesas-se-inaugura-asociacion-de-libertad-religiosa\/#breadcrumb"},"inLanguage":"es","potentialAction":[{"@type":"ReadAction","target":["https:\/\/interamerica.org\/es\/2004\/02\/antillas-holandesas-se-inaugura-asociacion-de-libertad-religiosa\/"]}]},{"@type":"BreadcrumbList","@id":"https:\/\/interamerica.org\/es\/2004\/02\/antillas-holandesas-se-inaugura-asociacion-de-libertad-religiosa\/#breadcrumb","itemListElement":[{"@type":"ListItem","position":1,"name":"Home","item":"https:\/\/interamerica.org\/es\/"},{"@type":"ListItem","position":2,"name":"Antillas Holandesas: Se inaugura Asociaci\u00f3n de Libertad Religiosa"}]},{"@type":"WebSite","@id":"https:\/\/interamerica.org\/es\/#website","url":"https:\/\/interamerica.org\/es\/","name":"Iglesia Adventista del S\u00e9ptimo D\u00eda - Divisi\u00f3n Interamericana","description":"","potentialAction":[{"@type":"SearchAction","target":{"@type":"EntryPoint","urlTemplate":"https:\/\/interamerica.org\/es\/?s={search_term_string}"},"query-input":{"@type":"PropertyValueSpecification","valueRequired":true,"valueName":"search_term_string"}}],"inLanguage":"es"},{"@type":"Person","@id":"https:\/\/interamerica.org\/es\/#\/schema\/person\/68ede8bdc292885bb76c1e3810e73c39","name":"Lorenzo Verduzco","image":{"@type":"ImageObject","inLanguage":"es","@id":"https:\/\/secure.gravatar.com\/avatar\/fb81a55b6218459490a9c1dc841a34909185b81904c5337b4b27f7a6fd60c49e?s=96&d=mm&r=g","url":"https:\/\/secure.gravatar.com\/avatar\/fb81a55b6218459490a9c1dc841a34909185b81904c5337b4b27f7a6fd60c49e?s=96&d=mm&r=g","contentUrl":"https:\/\/secure.gravatar.com\/avatar\/fb81a55b6218459490a9c1dc841a34909185b81904c5337b4b27f7a6fd60c49e?s=96&d=mm&r=g","caption":"Lorenzo Verduzco"}}]}},"_links":{"self":[{"href":"https:\/\/interamerica.org\/es\/wp-json\/wp\/v2\/posts\/10246","targetHints":{"allow":["GET"]}}],"collection":[{"href":"https:\/\/interamerica.org\/es\/wp-json\/wp\/v2\/posts"}],"about":[{"href":"https:\/\/interamerica.org\/es\/wp-json\/wp\/v2\/types\/post"}],"author":[{"embeddable":true,"href":"https:\/\/interamerica.org\/es\/wp-json\/wp\/v2\/users\/1"}],"replies":[{"embeddable":true,"href":"https:\/\/interamerica.org\/es\/wp-json\/wp\/v2\/comments?post=10246"}],"version-history":[{"count":0,"href":"https:\/\/interamerica.org\/es\/wp-json\/wp\/v2\/posts\/10246\/revisions"}],"wp:attachment":[{"href":"https:\/\/interamerica.org\/es\/wp-json\/wp\/v2\/media?parent=10246"}],"wp:term":[{"taxonomy":"category","embeddable":true,"href":"https:\/\/interamerica.org\/es\/wp-json\/wp\/v2\/categories?post=10246"},{"taxonomy":"post_tag","embeddable":true,"href":"https:\/\/interamerica.org\/es\/wp-json\/wp\/v2\/tags?post=10246"}],"curies":[{"name":"wp","href":"https:\/\/api.w.org\/{rel}","templated":true}]}}