{"id":10247,"date":"2004-02-11T00:00:00","date_gmt":"2004-02-11T04:00:00","guid":{"rendered":"http:\/\/192.81.217.108\/interamerica\/2004\/02\/republica-dominicana-nuevos-planes-de-la-iglesia-para-responder-el-crecimiento-de-la-feligresia\/"},"modified":"2017-06-02T09:20:26","modified_gmt":"2017-06-02T13:20:26","slug":"republica-dominicana-nuevos-planes-de-la-iglesia-para-responder-el-crecimiento-de-la-feligresia","status":"publish","type":"post","link":"https:\/\/interamerica.org\/es\/2004\/02\/republica-dominicana-nuevos-planes-de-la-iglesia-para-responder-el-crecimiento-de-la-feligresia\/","title":{"rendered":"Rep\u00fablica Dominicana: Nuevos planes de la iglesia para responder el crecimiento de la feligres\u00eda."},"content":{"rendered":"<p>Santo Domingo, Rep\u00fablica Dominicana [Personal de la DIA]En respuesta al r\u00e1pido crecimiento de la feligresia en la Rep\u00fablica Dominicana, los oficiales de la Uni\u00f3n decidieron en una reciente reuni\u00f3n hacer que casi todos los directores de departamentos regresaran a las oficinas de la uni\u00f3n, y agregaron dos secretarios ministeriales asociados a los campos que est\u00e1n a lo largo y ancho del territorio.\u00bbEsto es un nuevo modo de responder a las necesidades de los ministros\u00bb, dice el pastor Israel Leito, presidente de la iglesia en Interam\u00e9rica, quien estuvo presente en las reuniones. \u00abSe percibe cada vez m\u00e1s que los ministros necesitan la atenci\u00f3n que ellos merecen a fin de realizar su ministerio\u00bb.De acuerdo con Leito, la iglesia en la Rep\u00fablica Dominicana ha dado grandes pasos en relaci\u00f3n con el crecimiento durante el \u00faltimo quinquenio (periodo de cinco a\u00f1os). Al final del quinquenio anterior en el a\u00f1o 2000, el territorio de Dominicana ten\u00eda cinco campos locales, 417 iglesias organizadas, 311 grupos o congregaciones, cuatro instituciones de uni\u00f3n, y una feligres\u00eda total de 111,455. Durante el quinquenio actual, la naci\u00f3n tiene se\u00eds campos locales, 552 iglesias, 521 grupos o congregaciones, 8 instituciones de uni\u00f3n, y 200,253 miembros de iglesia &#8211;un incremento del 80 por ciento.Ya hay 88,341 nuevos miembros en el quinquenio actual, comparados con los 45,061 del quinquenio anterior. La Uni\u00f3n Dominicana tanbi\u00e9n ha incrementado su personal pastoral en un 20 por ciento. Leito afirma que la uni\u00f3n pierde un promedio del tres por ciento de sus miembros cada a\u00f1o; sin embargo, tiene planes de reducir este n\u00famero. Adem\u00e1s, los delegados a la junta de enero, aprobaron muchos planes importantes que ser\u00e1n implementados antes de finalizar el 2005, uno de los cuales es solicitar el estudio para que la Misi\u00f3n\/Uni\u00f3n Dominicana se convierta en un campo a nivel de uni\u00f3n.La Rep\u00fablica Dominicana, una isla localizada entre el Mar Caribe y el Oceano Atl\u00e1ntico del Norte, tiene un adventista por cada 42 habitantes. La naci\u00f3n tiene una poblaci\u00f3n de 8 millones.<\/p>\n","protected":false},"excerpt":{"rendered":"<p>En respuesta al crecimiento de la feligres\u00eda en la Rep\u00fablica Dominicana, los oficiales de la Uni\u00f3n decidieron, en una reuni\u00f3n reciente&#8230;<\/p>\n","protected":false},"author":1,"featured_media":0,"comment_status":"closed","ping_status":"closed","sticky":false,"template":"","format":"standard","meta":{"_acf_changed":false,"footnotes":""},"categories":[8],"tags":[],"class_list":["post-10247","post","type-post","status-publish","format-standard","hentry","category-archivo"],"acf":[],"yoast_head":"<!-- This site is optimized with the Yoast SEO plugin v27.3 - https:\/\/yoast.com\/product\/yoast-seo-wordpress\/ -->\n<title>Rep\u00fablica Dominicana: Nuevos planes de la iglesia para responder el crecimiento de la feligres\u00eda. - Iglesia Adventista del S\u00e9ptimo D\u00eda - Divisi\u00f3n Interamericana<\/title>\n<meta name=\"robots\" content=\"index, follow, max-snippet:-1, max-image-preview:large, max-video-preview:-1\" \/>\n<link rel=\"canonical\" href=\"https:\/\/interamerica.org\/es\/2004\/02\/republica-dominicana-nuevos-planes-de-la-iglesia-para-responder-el-crecimiento-de-la-feligresia\/\" \/>\n<meta property=\"og:locale\" content=\"es_ES\" \/>\n<meta property=\"og:type\" content=\"article\" \/>\n<meta property=\"og:title\" content=\"Rep\u00fablica Dominicana: Nuevos planes de la iglesia para responder el crecimiento de la feligres\u00eda. - Iglesia Adventista del S\u00e9ptimo D\u00eda - Divisi\u00f3n Interamericana\" \/>\n<meta property=\"og:description\" content=\"En respuesta al crecimiento de la feligres\u00eda en la Rep\u00fablica Dominicana, los oficiales de la Uni\u00f3n decidieron, en una reuni\u00f3n reciente...\" \/>\n<meta property=\"og:url\" content=\"https:\/\/interamerica.org\/es\/2004\/02\/republica-dominicana-nuevos-planes-de-la-iglesia-para-responder-el-crecimiento-de-la-feligresia\/\" \/>\n<meta property=\"og:site_name\" content=\"Iglesia Adventista del S\u00e9ptimo D\u00eda - Divisi\u00f3n Interamericana\" \/>\n<meta property=\"article:published_time\" content=\"2004-02-11T04:00:00+00:00\" \/>\n<meta property=\"article:modified_time\" content=\"2017-06-02T13:20:26+00:00\" \/>\n<meta name=\"author\" content=\"Lorenzo Verduzco\" \/>\n<meta name=\"twitter:card\" content=\"summary_large_image\" \/>\n<meta name=\"twitter:label1\" content=\"Escrito por\" \/>\n\t<meta name=\"twitter:data1\" content=\"Lorenzo Verduzco\" \/>\n\t<meta name=\"twitter:label2\" content=\"Tiempo de lectura\" \/>\n\t<meta name=\"twitter:data2\" content=\"2 minutos\" \/>\n<script type=\"application\/ld+json\" class=\"yoast-schema-graph\">{\"@context\":\"https:\\\/\\\/schema.org\",\"@graph\":[{\"@type\":\"Article\",\"@id\":\"https:\\\/\\\/interamerica.org\\\/es\\\/2004\\\/02\\\/republica-dominicana-nuevos-planes-de-la-iglesia-para-responder-el-crecimiento-de-la-feligresia\\\/#article\",\"isPartOf\":{\"@id\":\"https:\\\/\\\/interamerica.org\\\/es\\\/2004\\\/02\\\/republica-dominicana-nuevos-planes-de-la-iglesia-para-responder-el-crecimiento-de-la-feligresia\\\/\"},\"author\":{\"name\":\"Lorenzo Verduzco\",\"@id\":\"https:\\\/\\\/interamerica.org\\\/es\\\/#\\\/schema\\\/person\\\/68ede8bdc292885bb76c1e3810e73c39\"},\"headline\":\"Rep\u00fablica Dominicana: Nuevos planes de la iglesia para responder el crecimiento de la feligres\u00eda.\",\"datePublished\":\"2004-02-11T04:00:00+00:00\",\"dateModified\":\"2017-06-02T13:20:26+00:00\",\"mainEntityOfPage\":{\"@id\":\"https:\\\/\\\/interamerica.org\\\/es\\\/2004\\\/02\\\/republica-dominicana-nuevos-planes-de-la-iglesia-para-responder-el-crecimiento-de-la-feligresia\\\/\"},\"wordCount\":369,\"articleSection\":[\"Archivo\"],\"inLanguage\":\"es\"},{\"@type\":\"WebPage\",\"@id\":\"https:\\\/\\\/interamerica.org\\\/es\\\/2004\\\/02\\\/republica-dominicana-nuevos-planes-de-la-iglesia-para-responder-el-crecimiento-de-la-feligresia\\\/\",\"url\":\"https:\\\/\\\/interamerica.org\\\/es\\\/2004\\\/02\\\/republica-dominicana-nuevos-planes-de-la-iglesia-para-responder-el-crecimiento-de-la-feligresia\\\/\",\"name\":\"Rep\u00fablica Dominicana: Nuevos planes de la iglesia para responder el crecimiento de la feligres\u00eda. - Iglesia Adventista del S\u00e9ptimo D\u00eda - Divisi\u00f3n Interamericana\",\"isPartOf\":{\"@id\":\"https:\\\/\\\/interamerica.org\\\/es\\\/#website\"},\"datePublished\":\"2004-02-11T04:00:00+00:00\",\"dateModified\":\"2017-06-02T13:20:26+00:00\",\"author\":{\"@id\":\"https:\\\/\\\/interamerica.org\\\/es\\\/#\\\/schema\\\/person\\\/68ede8bdc292885bb76c1e3810e73c39\"},\"breadcrumb\":{\"@id\":\"https:\\\/\\\/interamerica.org\\\/es\\\/2004\\\/02\\\/republica-dominicana-nuevos-planes-de-la-iglesia-para-responder-el-crecimiento-de-la-feligresia\\\/#breadcrumb\"},\"inLanguage\":\"es\",\"potentialAction\":[{\"@type\":\"ReadAction\",\"target\":[\"https:\\\/\\\/interamerica.org\\\/es\\\/2004\\\/02\\\/republica-dominicana-nuevos-planes-de-la-iglesia-para-responder-el-crecimiento-de-la-feligresia\\\/\"]}]},{\"@type\":\"BreadcrumbList\",\"@id\":\"https:\\\/\\\/interamerica.org\\\/es\\\/2004\\\/02\\\/republica-dominicana-nuevos-planes-de-la-iglesia-para-responder-el-crecimiento-de-la-feligresia\\\/#breadcrumb\",\"itemListElement\":[{\"@type\":\"ListItem\",\"position\":1,\"name\":\"Home\",\"item\":\"https:\\\/\\\/interamerica.org\\\/es\\\/\"},{\"@type\":\"ListItem\",\"position\":2,\"name\":\"Rep\u00fablica Dominicana: Nuevos planes de la iglesia para responder el crecimiento de la feligres\u00eda.\"}]},{\"@type\":\"WebSite\",\"@id\":\"https:\\\/\\\/interamerica.org\\\/es\\\/#website\",\"url\":\"https:\\\/\\\/interamerica.org\\\/es\\\/\",\"name\":\"Iglesia Adventista del S\u00e9ptimo D\u00eda - Divisi\u00f3n Interamericana\",\"description\":\"\",\"potentialAction\":[{\"@type\":\"SearchAction\",\"target\":{\"@type\":\"EntryPoint\",\"urlTemplate\":\"https:\\\/\\\/interamerica.org\\\/es\\\/?s={search_term_string}\"},\"query-input\":{\"@type\":\"PropertyValueSpecification\",\"valueRequired\":true,\"valueName\":\"search_term_string\"}}],\"inLanguage\":\"es\"},{\"@type\":\"Person\",\"@id\":\"https:\\\/\\\/interamerica.org\\\/es\\\/#\\\/schema\\\/person\\\/68ede8bdc292885bb76c1e3810e73c39\",\"name\":\"Lorenzo Verduzco\",\"image\":{\"@type\":\"ImageObject\",\"inLanguage\":\"es\",\"@id\":\"https:\\\/\\\/secure.gravatar.com\\\/avatar\\\/fb81a55b6218459490a9c1dc841a34909185b81904c5337b4b27f7a6fd60c49e?s=96&d=mm&r=g\",\"url\":\"https:\\\/\\\/secure.gravatar.com\\\/avatar\\\/fb81a55b6218459490a9c1dc841a34909185b81904c5337b4b27f7a6fd60c49e?s=96&d=mm&r=g\",\"contentUrl\":\"https:\\\/\\\/secure.gravatar.com\\\/avatar\\\/fb81a55b6218459490a9c1dc841a34909185b81904c5337b4b27f7a6fd60c49e?s=96&d=mm&r=g\",\"caption\":\"Lorenzo Verduzco\"}}]}<\/script>\n<!-- \/ Yoast SEO plugin. -->","yoast_head_json":{"title":"Rep\u00fablica Dominicana: Nuevos planes de la iglesia para responder el crecimiento de la feligres\u00eda. - Iglesia Adventista del S\u00e9ptimo D\u00eda - Divisi\u00f3n Interamericana","robots":{"index":"index","follow":"follow","max-snippet":"max-snippet:-1","max-image-preview":"max-image-preview:large","max-video-preview":"max-video-preview:-1"},"canonical":"https:\/\/interamerica.org\/es\/2004\/02\/republica-dominicana-nuevos-planes-de-la-iglesia-para-responder-el-crecimiento-de-la-feligresia\/","og_locale":"es_ES","og_type":"article","og_title":"Rep\u00fablica Dominicana: Nuevos planes de la iglesia para responder el crecimiento de la feligres\u00eda. - Iglesia Adventista del S\u00e9ptimo D\u00eda - Divisi\u00f3n Interamericana","og_description":"En respuesta al crecimiento de la feligres\u00eda en la Rep\u00fablica Dominicana, los oficiales de la Uni\u00f3n decidieron, en una reuni\u00f3n reciente...","og_url":"https:\/\/interamerica.org\/es\/2004\/02\/republica-dominicana-nuevos-planes-de-la-iglesia-para-responder-el-crecimiento-de-la-feligresia\/","og_site_name":"Iglesia Adventista del S\u00e9ptimo D\u00eda - Divisi\u00f3n Interamericana","article_published_time":"2004-02-11T04:00:00+00:00","article_modified_time":"2017-06-02T13:20:26+00:00","author":"Lorenzo Verduzco","twitter_card":"summary_large_image","twitter_misc":{"Escrito por":"Lorenzo Verduzco","Tiempo de lectura":"2 minutos"},"schema":{"@context":"https:\/\/schema.org","@graph":[{"@type":"Article","@id":"https:\/\/interamerica.org\/es\/2004\/02\/republica-dominicana-nuevos-planes-de-la-iglesia-para-responder-el-crecimiento-de-la-feligresia\/#article","isPartOf":{"@id":"https:\/\/interamerica.org\/es\/2004\/02\/republica-dominicana-nuevos-planes-de-la-iglesia-para-responder-el-crecimiento-de-la-feligresia\/"},"author":{"name":"Lorenzo Verduzco","@id":"https:\/\/interamerica.org\/es\/#\/schema\/person\/68ede8bdc292885bb76c1e3810e73c39"},"headline":"Rep\u00fablica Dominicana: Nuevos planes de la iglesia para responder el crecimiento de la feligres\u00eda.","datePublished":"2004-02-11T04:00:00+00:00","dateModified":"2017-06-02T13:20:26+00:00","mainEntityOfPage":{"@id":"https:\/\/interamerica.org\/es\/2004\/02\/republica-dominicana-nuevos-planes-de-la-iglesia-para-responder-el-crecimiento-de-la-feligresia\/"},"wordCount":369,"articleSection":["Archivo"],"inLanguage":"es"},{"@type":"WebPage","@id":"https:\/\/interamerica.org\/es\/2004\/02\/republica-dominicana-nuevos-planes-de-la-iglesia-para-responder-el-crecimiento-de-la-feligresia\/","url":"https:\/\/interamerica.org\/es\/2004\/02\/republica-dominicana-nuevos-planes-de-la-iglesia-para-responder-el-crecimiento-de-la-feligresia\/","name":"Rep\u00fablica Dominicana: Nuevos planes de la iglesia para responder el crecimiento de la feligres\u00eda. - Iglesia Adventista del S\u00e9ptimo D\u00eda - Divisi\u00f3n Interamericana","isPartOf":{"@id":"https:\/\/interamerica.org\/es\/#website"},"datePublished":"2004-02-11T04:00:00+00:00","dateModified":"2017-06-02T13:20:26+00:00","author":{"@id":"https:\/\/interamerica.org\/es\/#\/schema\/person\/68ede8bdc292885bb76c1e3810e73c39"},"breadcrumb":{"@id":"https:\/\/interamerica.org\/es\/2004\/02\/republica-dominicana-nuevos-planes-de-la-iglesia-para-responder-el-crecimiento-de-la-feligresia\/#breadcrumb"},"inLanguage":"es","potentialAction":[{"@type":"ReadAction","target":["https:\/\/interamerica.org\/es\/2004\/02\/republica-dominicana-nuevos-planes-de-la-iglesia-para-responder-el-crecimiento-de-la-feligresia\/"]}]},{"@type":"BreadcrumbList","@id":"https:\/\/interamerica.org\/es\/2004\/02\/republica-dominicana-nuevos-planes-de-la-iglesia-para-responder-el-crecimiento-de-la-feligresia\/#breadcrumb","itemListElement":[{"@type":"ListItem","position":1,"name":"Home","item":"https:\/\/interamerica.org\/es\/"},{"@type":"ListItem","position":2,"name":"Rep\u00fablica Dominicana: Nuevos planes de la iglesia para responder el crecimiento de la feligres\u00eda."}]},{"@type":"WebSite","@id":"https:\/\/interamerica.org\/es\/#website","url":"https:\/\/interamerica.org\/es\/","name":"Iglesia Adventista del S\u00e9ptimo D\u00eda - Divisi\u00f3n Interamericana","description":"","potentialAction":[{"@type":"SearchAction","target":{"@type":"EntryPoint","urlTemplate":"https:\/\/interamerica.org\/es\/?s={search_term_string}"},"query-input":{"@type":"PropertyValueSpecification","valueRequired":true,"valueName":"search_term_string"}}],"inLanguage":"es"},{"@type":"Person","@id":"https:\/\/interamerica.org\/es\/#\/schema\/person\/68ede8bdc292885bb76c1e3810e73c39","name":"Lorenzo Verduzco","image":{"@type":"ImageObject","inLanguage":"es","@id":"https:\/\/secure.gravatar.com\/avatar\/fb81a55b6218459490a9c1dc841a34909185b81904c5337b4b27f7a6fd60c49e?s=96&d=mm&r=g","url":"https:\/\/secure.gravatar.com\/avatar\/fb81a55b6218459490a9c1dc841a34909185b81904c5337b4b27f7a6fd60c49e?s=96&d=mm&r=g","contentUrl":"https:\/\/secure.gravatar.com\/avatar\/fb81a55b6218459490a9c1dc841a34909185b81904c5337b4b27f7a6fd60c49e?s=96&d=mm&r=g","caption":"Lorenzo Verduzco"}}]}},"_links":{"self":[{"href":"https:\/\/interamerica.org\/es\/wp-json\/wp\/v2\/posts\/10247","targetHints":{"allow":["GET"]}}],"collection":[{"href":"https:\/\/interamerica.org\/es\/wp-json\/wp\/v2\/posts"}],"about":[{"href":"https:\/\/interamerica.org\/es\/wp-json\/wp\/v2\/types\/post"}],"author":[{"embeddable":true,"href":"https:\/\/interamerica.org\/es\/wp-json\/wp\/v2\/users\/1"}],"replies":[{"embeddable":true,"href":"https:\/\/interamerica.org\/es\/wp-json\/wp\/v2\/comments?post=10247"}],"version-history":[{"count":0,"href":"https:\/\/interamerica.org\/es\/wp-json\/wp\/v2\/posts\/10247\/revisions"}],"wp:attachment":[{"href":"https:\/\/interamerica.org\/es\/wp-json\/wp\/v2\/media?parent=10247"}],"wp:term":[{"taxonomy":"category","embeddable":true,"href":"https:\/\/interamerica.org\/es\/wp-json\/wp\/v2\/categories?post=10247"},{"taxonomy":"post_tag","embeddable":true,"href":"https:\/\/interamerica.org\/es\/wp-json\/wp\/v2\/tags?post=10247"}],"curies":[{"name":"wp","href":"https:\/\/api.w.org\/{rel}","templated":true}]}}