{"id":10249,"date":"2004-02-12T00:00:00","date_gmt":"2004-02-12T04:00:00","guid":{"rendered":"http:\/\/192.81.217.108\/interamerica\/2004\/02\/mexico-campana-dirigida-por-damas-congrega-a-centenares\/"},"modified":"2017-06-02T09:20:25","modified_gmt":"2017-06-02T13:20:25","slug":"mexico-campana-dirigida-por-damas-congrega-a-centenares","status":"publish","type":"post","link":"https:\/\/interamerica.org\/es\/2004\/02\/mexico-campana-dirigida-por-damas-congrega-a-centenares\/","title":{"rendered":"M\u00e9xico: Campa\u00f1a dirigida por damas congrega a centenares"},"content":{"rendered":"<p>Tijuana, M\u00e9xico&#8230;&#8230;[Libna Stevens\/DIA]<\/p>\n<p>Durante\u00a0una semana\u00a0se condujo\u00a0una\u00a0cruzada evangel\u00edstica\u00a0dirigida por las damas adventistas\u00a0reuniendo cada noche una asistencia\u00a0de m\u00e1s de 1,300 personas en el\u00a0<em>Centro de Convenci\u00f3n Mezzanine<\/em> en Tijuana, M\u00e9xico\u00a0del\u00a024 al 31 de enero.\u00a0\u00a0<\/p>\n<p>La\u00a0campa\u00f1a, la primera que se haya celebrado\u00a0bajo la direcci\u00f3n de las\u00a0damas, fue planeada en parte por\u00a0los l\u00edderes de la Iglesia de Baja California y siete pastores de distrito\u00a0de Tijuana.\u00a0Entre los\u00a0oradores visitantes\u00a0estuvo\u00a0Evelyn Oma\u00f1a, Directora de Evangelismo Infantil\u00a0de la\u00a0Divisi\u00f3n Interamericana(DIA) en Miami, Florida, qui\u00e9n\u00a0colabor\u00f3 con\u00a0seminarios, cadenas de oraci\u00f3n, m\u00fasica y otras actividades.\u00a0\u00a0<\/p>\n<p>Seg\u00fan la se\u00f1ora Oma\u00f1a manifesto que, aunque la campa\u00f1a fue dirigida por damas,\u00a0fue un esfuerzo de equipo de trabajo\u00a0en combinaci\u00f3n con la participaci\u00f3n de los pastores del \u00e1rea y l\u00edderes de las oficinas de la Asociaci\u00f3n, asi como\u00a0el magn\u00edfico apoyo\u00a0de parte de la DIA.<\/p>\n<p>Este evento, llamado, \u00abJes\u00fas es la Soluci\u00f3n\u00bb, fue designado \u00abpara animar a las damas a\u00a0involucrarse m\u00e1s en la direcci\u00f3n de\u00a0campa\u00f1as evangel\u00edsticas en nuestra iglesia\u00bb, dijo ella.<\/p>\n<p>\u00abLa\u00a0campa\u00f1a llev\u00f3 meses de planeaci\u00f3n\u00bb, dijo Oma\u00f1a.\u00a0 Cuando\u00a0lleg\u00f3 a su culminaci\u00f3n,\u00a079 personas fueron bautizadas, incluyendo parejas casadas. M\u00e1s de 250 asistentes est\u00e1n actualmente recibiendo estudios bibl\u00edcos y prepar\u00e1ndose para unirse a la iglesia.<\/p>\n<p>\u00abObservar nuestras hermanas\u00a0dedicadas a\u00a0compartir su fe con todos aquellos qui\u00e9nes no conocen la verdad, fue una verdadera bendici\u00f3n\u00bb, dijo la se\u00f1ora Oma\u00f1a.\u00a0\u00a0Ella expres\u00f3 que tiene la\u00a0esperanza de que m\u00e1s damas se envuelvan directamente\u00a0 en la direcci\u00f3n de futuras campa\u00f1as.\u00a0\u00a0\u00a0\u00a0\u00a0<\/p>\n<p>\u00a0\u00a0\u00a0<\/p>\n","protected":false},"excerpt":{"rendered":"<p>Una campa\u00f1a de evangelizaci\u00f3n dirigida por damas adventistas congrega a m\u00e1s de 1,300 personas cada noche en el Centro de Convenciones Mezzanini en Tijuana, M\u00e9xico del 24 al 31 de enero.<\/p>\n","protected":false},"author":1,"featured_media":0,"comment_status":"closed","ping_status":"closed","sticky":false,"template":"","format":"standard","meta":{"_acf_changed":false,"footnotes":""},"categories":[8],"tags":[],"class_list":["post-10249","post","type-post","status-publish","format-standard","hentry","category-archivo"],"acf":[],"yoast_head":"<!-- This site is optimized with the Yoast SEO plugin v27.3 - https:\/\/yoast.com\/product\/yoast-seo-wordpress\/ -->\n<title>M\u00e9xico: Campa\u00f1a dirigida por damas congrega a centenares - Iglesia Adventista del S\u00e9ptimo D\u00eda - Divisi\u00f3n Interamericana<\/title>\n<meta name=\"robots\" content=\"index, follow, max-snippet:-1, max-image-preview:large, max-video-preview:-1\" \/>\n<link rel=\"canonical\" href=\"https:\/\/interamerica.org\/es\/2004\/02\/mexico-campana-dirigida-por-damas-congrega-a-centenares\/\" \/>\n<meta property=\"og:locale\" content=\"es_ES\" \/>\n<meta property=\"og:type\" content=\"article\" \/>\n<meta property=\"og:title\" content=\"M\u00e9xico: Campa\u00f1a dirigida por damas congrega a centenares - Iglesia Adventista del S\u00e9ptimo D\u00eda - Divisi\u00f3n Interamericana\" \/>\n<meta property=\"og:description\" content=\"Una campa\u00f1a de evangelizaci\u00f3n dirigida por damas adventistas congrega a m\u00e1s de 1,300 personas cada noche en el Centro de Convenciones Mezzanini en Tijuana, M\u00e9xico del 24 al 31 de enero.\" \/>\n<meta property=\"og:url\" content=\"https:\/\/interamerica.org\/es\/2004\/02\/mexico-campana-dirigida-por-damas-congrega-a-centenares\/\" \/>\n<meta property=\"og:site_name\" content=\"Iglesia Adventista del S\u00e9ptimo D\u00eda - Divisi\u00f3n Interamericana\" \/>\n<meta property=\"article:published_time\" content=\"2004-02-12T04:00:00+00:00\" \/>\n<meta property=\"article:modified_time\" content=\"2017-06-02T13:20:25+00:00\" \/>\n<meta name=\"author\" content=\"Lorenzo Verduzco\" \/>\n<meta name=\"twitter:card\" content=\"summary_large_image\" \/>\n<meta name=\"twitter:label1\" content=\"Escrito por\" \/>\n\t<meta name=\"twitter:data1\" content=\"Lorenzo Verduzco\" \/>\n\t<meta name=\"twitter:label2\" content=\"Tiempo de lectura\" \/>\n\t<meta name=\"twitter:data2\" content=\"2 minutos\" \/>\n<script type=\"application\/ld+json\" class=\"yoast-schema-graph\">{\"@context\":\"https:\\\/\\\/schema.org\",\"@graph\":[{\"@type\":\"Article\",\"@id\":\"https:\\\/\\\/interamerica.org\\\/es\\\/2004\\\/02\\\/mexico-campana-dirigida-por-damas-congrega-a-centenares\\\/#article\",\"isPartOf\":{\"@id\":\"https:\\\/\\\/interamerica.org\\\/es\\\/2004\\\/02\\\/mexico-campana-dirigida-por-damas-congrega-a-centenares\\\/\"},\"author\":{\"name\":\"Lorenzo Verduzco\",\"@id\":\"https:\\\/\\\/interamerica.org\\\/es\\\/#\\\/schema\\\/person\\\/68ede8bdc292885bb76c1e3810e73c39\"},\"headline\":\"M\u00e9xico: Campa\u00f1a dirigida por damas congrega a centenares\",\"datePublished\":\"2004-02-12T04:00:00+00:00\",\"dateModified\":\"2017-06-02T13:20:25+00:00\",\"mainEntityOfPage\":{\"@id\":\"https:\\\/\\\/interamerica.org\\\/es\\\/2004\\\/02\\\/mexico-campana-dirigida-por-damas-congrega-a-centenares\\\/\"},\"wordCount\":310,\"articleSection\":[\"Archivo\"],\"inLanguage\":\"es\"},{\"@type\":\"WebPage\",\"@id\":\"https:\\\/\\\/interamerica.org\\\/es\\\/2004\\\/02\\\/mexico-campana-dirigida-por-damas-congrega-a-centenares\\\/\",\"url\":\"https:\\\/\\\/interamerica.org\\\/es\\\/2004\\\/02\\\/mexico-campana-dirigida-por-damas-congrega-a-centenares\\\/\",\"name\":\"M\u00e9xico: Campa\u00f1a dirigida por damas congrega a centenares - Iglesia Adventista del S\u00e9ptimo D\u00eda - Divisi\u00f3n Interamericana\",\"isPartOf\":{\"@id\":\"https:\\\/\\\/interamerica.org\\\/es\\\/#website\"},\"datePublished\":\"2004-02-12T04:00:00+00:00\",\"dateModified\":\"2017-06-02T13:20:25+00:00\",\"author\":{\"@id\":\"https:\\\/\\\/interamerica.org\\\/es\\\/#\\\/schema\\\/person\\\/68ede8bdc292885bb76c1e3810e73c39\"},\"breadcrumb\":{\"@id\":\"https:\\\/\\\/interamerica.org\\\/es\\\/2004\\\/02\\\/mexico-campana-dirigida-por-damas-congrega-a-centenares\\\/#breadcrumb\"},\"inLanguage\":\"es\",\"potentialAction\":[{\"@type\":\"ReadAction\",\"target\":[\"https:\\\/\\\/interamerica.org\\\/es\\\/2004\\\/02\\\/mexico-campana-dirigida-por-damas-congrega-a-centenares\\\/\"]}]},{\"@type\":\"BreadcrumbList\",\"@id\":\"https:\\\/\\\/interamerica.org\\\/es\\\/2004\\\/02\\\/mexico-campana-dirigida-por-damas-congrega-a-centenares\\\/#breadcrumb\",\"itemListElement\":[{\"@type\":\"ListItem\",\"position\":1,\"name\":\"Home\",\"item\":\"https:\\\/\\\/interamerica.org\\\/es\\\/\"},{\"@type\":\"ListItem\",\"position\":2,\"name\":\"M\u00e9xico: Campa\u00f1a dirigida por damas congrega a centenares\"}]},{\"@type\":\"WebSite\",\"@id\":\"https:\\\/\\\/interamerica.org\\\/es\\\/#website\",\"url\":\"https:\\\/\\\/interamerica.org\\\/es\\\/\",\"name\":\"Iglesia Adventista del S\u00e9ptimo D\u00eda - Divisi\u00f3n Interamericana\",\"description\":\"\",\"potentialAction\":[{\"@type\":\"SearchAction\",\"target\":{\"@type\":\"EntryPoint\",\"urlTemplate\":\"https:\\\/\\\/interamerica.org\\\/es\\\/?s={search_term_string}\"},\"query-input\":{\"@type\":\"PropertyValueSpecification\",\"valueRequired\":true,\"valueName\":\"search_term_string\"}}],\"inLanguage\":\"es\"},{\"@type\":\"Person\",\"@id\":\"https:\\\/\\\/interamerica.org\\\/es\\\/#\\\/schema\\\/person\\\/68ede8bdc292885bb76c1e3810e73c39\",\"name\":\"Lorenzo Verduzco\",\"image\":{\"@type\":\"ImageObject\",\"inLanguage\":\"es\",\"@id\":\"https:\\\/\\\/secure.gravatar.com\\\/avatar\\\/fb81a55b6218459490a9c1dc841a34909185b81904c5337b4b27f7a6fd60c49e?s=96&d=mm&r=g\",\"url\":\"https:\\\/\\\/secure.gravatar.com\\\/avatar\\\/fb81a55b6218459490a9c1dc841a34909185b81904c5337b4b27f7a6fd60c49e?s=96&d=mm&r=g\",\"contentUrl\":\"https:\\\/\\\/secure.gravatar.com\\\/avatar\\\/fb81a55b6218459490a9c1dc841a34909185b81904c5337b4b27f7a6fd60c49e?s=96&d=mm&r=g\",\"caption\":\"Lorenzo Verduzco\"}}]}<\/script>\n<!-- \/ Yoast SEO plugin. -->","yoast_head_json":{"title":"M\u00e9xico: Campa\u00f1a dirigida por damas congrega a centenares - Iglesia Adventista del S\u00e9ptimo D\u00eda - Divisi\u00f3n Interamericana","robots":{"index":"index","follow":"follow","max-snippet":"max-snippet:-1","max-image-preview":"max-image-preview:large","max-video-preview":"max-video-preview:-1"},"canonical":"https:\/\/interamerica.org\/es\/2004\/02\/mexico-campana-dirigida-por-damas-congrega-a-centenares\/","og_locale":"es_ES","og_type":"article","og_title":"M\u00e9xico: Campa\u00f1a dirigida por damas congrega a centenares - Iglesia Adventista del S\u00e9ptimo D\u00eda - Divisi\u00f3n Interamericana","og_description":"Una campa\u00f1a de evangelizaci\u00f3n dirigida por damas adventistas congrega a m\u00e1s de 1,300 personas cada noche en el Centro de Convenciones Mezzanini en Tijuana, M\u00e9xico del 24 al 31 de enero.","og_url":"https:\/\/interamerica.org\/es\/2004\/02\/mexico-campana-dirigida-por-damas-congrega-a-centenares\/","og_site_name":"Iglesia Adventista del S\u00e9ptimo D\u00eda - Divisi\u00f3n Interamericana","article_published_time":"2004-02-12T04:00:00+00:00","article_modified_time":"2017-06-02T13:20:25+00:00","author":"Lorenzo Verduzco","twitter_card":"summary_large_image","twitter_misc":{"Escrito por":"Lorenzo Verduzco","Tiempo de lectura":"2 minutos"},"schema":{"@context":"https:\/\/schema.org","@graph":[{"@type":"Article","@id":"https:\/\/interamerica.org\/es\/2004\/02\/mexico-campana-dirigida-por-damas-congrega-a-centenares\/#article","isPartOf":{"@id":"https:\/\/interamerica.org\/es\/2004\/02\/mexico-campana-dirigida-por-damas-congrega-a-centenares\/"},"author":{"name":"Lorenzo Verduzco","@id":"https:\/\/interamerica.org\/es\/#\/schema\/person\/68ede8bdc292885bb76c1e3810e73c39"},"headline":"M\u00e9xico: Campa\u00f1a dirigida por damas congrega a centenares","datePublished":"2004-02-12T04:00:00+00:00","dateModified":"2017-06-02T13:20:25+00:00","mainEntityOfPage":{"@id":"https:\/\/interamerica.org\/es\/2004\/02\/mexico-campana-dirigida-por-damas-congrega-a-centenares\/"},"wordCount":310,"articleSection":["Archivo"],"inLanguage":"es"},{"@type":"WebPage","@id":"https:\/\/interamerica.org\/es\/2004\/02\/mexico-campana-dirigida-por-damas-congrega-a-centenares\/","url":"https:\/\/interamerica.org\/es\/2004\/02\/mexico-campana-dirigida-por-damas-congrega-a-centenares\/","name":"M\u00e9xico: Campa\u00f1a dirigida por damas congrega a centenares - Iglesia Adventista del S\u00e9ptimo D\u00eda - Divisi\u00f3n Interamericana","isPartOf":{"@id":"https:\/\/interamerica.org\/es\/#website"},"datePublished":"2004-02-12T04:00:00+00:00","dateModified":"2017-06-02T13:20:25+00:00","author":{"@id":"https:\/\/interamerica.org\/es\/#\/schema\/person\/68ede8bdc292885bb76c1e3810e73c39"},"breadcrumb":{"@id":"https:\/\/interamerica.org\/es\/2004\/02\/mexico-campana-dirigida-por-damas-congrega-a-centenares\/#breadcrumb"},"inLanguage":"es","potentialAction":[{"@type":"ReadAction","target":["https:\/\/interamerica.org\/es\/2004\/02\/mexico-campana-dirigida-por-damas-congrega-a-centenares\/"]}]},{"@type":"BreadcrumbList","@id":"https:\/\/interamerica.org\/es\/2004\/02\/mexico-campana-dirigida-por-damas-congrega-a-centenares\/#breadcrumb","itemListElement":[{"@type":"ListItem","position":1,"name":"Home","item":"https:\/\/interamerica.org\/es\/"},{"@type":"ListItem","position":2,"name":"M\u00e9xico: Campa\u00f1a dirigida por damas congrega a centenares"}]},{"@type":"WebSite","@id":"https:\/\/interamerica.org\/es\/#website","url":"https:\/\/interamerica.org\/es\/","name":"Iglesia Adventista del S\u00e9ptimo D\u00eda - Divisi\u00f3n Interamericana","description":"","potentialAction":[{"@type":"SearchAction","target":{"@type":"EntryPoint","urlTemplate":"https:\/\/interamerica.org\/es\/?s={search_term_string}"},"query-input":{"@type":"PropertyValueSpecification","valueRequired":true,"valueName":"search_term_string"}}],"inLanguage":"es"},{"@type":"Person","@id":"https:\/\/interamerica.org\/es\/#\/schema\/person\/68ede8bdc292885bb76c1e3810e73c39","name":"Lorenzo Verduzco","image":{"@type":"ImageObject","inLanguage":"es","@id":"https:\/\/secure.gravatar.com\/avatar\/fb81a55b6218459490a9c1dc841a34909185b81904c5337b4b27f7a6fd60c49e?s=96&d=mm&r=g","url":"https:\/\/secure.gravatar.com\/avatar\/fb81a55b6218459490a9c1dc841a34909185b81904c5337b4b27f7a6fd60c49e?s=96&d=mm&r=g","contentUrl":"https:\/\/secure.gravatar.com\/avatar\/fb81a55b6218459490a9c1dc841a34909185b81904c5337b4b27f7a6fd60c49e?s=96&d=mm&r=g","caption":"Lorenzo Verduzco"}}]}},"_links":{"self":[{"href":"https:\/\/interamerica.org\/es\/wp-json\/wp\/v2\/posts\/10249","targetHints":{"allow":["GET"]}}],"collection":[{"href":"https:\/\/interamerica.org\/es\/wp-json\/wp\/v2\/posts"}],"about":[{"href":"https:\/\/interamerica.org\/es\/wp-json\/wp\/v2\/types\/post"}],"author":[{"embeddable":true,"href":"https:\/\/interamerica.org\/es\/wp-json\/wp\/v2\/users\/1"}],"replies":[{"embeddable":true,"href":"https:\/\/interamerica.org\/es\/wp-json\/wp\/v2\/comments?post=10249"}],"version-history":[{"count":0,"href":"https:\/\/interamerica.org\/es\/wp-json\/wp\/v2\/posts\/10249\/revisions"}],"wp:attachment":[{"href":"https:\/\/interamerica.org\/es\/wp-json\/wp\/v2\/media?parent=10249"}],"wp:term":[{"taxonomy":"category","embeddable":true,"href":"https:\/\/interamerica.org\/es\/wp-json\/wp\/v2\/categories?post=10249"},{"taxonomy":"post_tag","embeddable":true,"href":"https:\/\/interamerica.org\/es\/wp-json\/wp\/v2\/tags?post=10249"}],"curies":[{"name":"wp","href":"https:\/\/api.w.org\/{rel}","templated":true}]}}