{"id":102548,"date":"2023-08-28T12:12:43","date_gmt":"2023-08-28T16:12:43","guid":{"rendered":"https:\/\/interamerica.org\/?p=102548"},"modified":"2023-08-28T20:27:37","modified_gmt":"2023-08-29T00:27:37","slug":"adventistas-en-vietnam-celebran-centenares-de-bautismos","status":"publish","type":"post","link":"https:\/\/interamerica.org\/es\/2023\/08\/adventistas-en-vietnam-celebran-centenares-de-bautismos\/","title":{"rendered":"Adventistas en Vietnam celebran centenares de bautismos"},"content":{"rendered":"<p><strong>M\u00e1s de 370 personas fueron bautizadas en primer esfuerzo masivo de la iglesia adventista de ese pa\u00eds. <\/strong><\/p>\n<p>28 de agosto de 2023 | Vietnam |Misi\u00f3n de Vietnam, Divisi\u00f3n Asia-Pac\u00edfico Sur y Adventist Review<\/p>\n<p>La Iglesia Adventista del S\u00e9ptimo D\u00eda en Vietnam fue testigo de un hist\u00f3rico hito al llevarse a cabo una masiva ceremonia bautismal celebrada al mismo tiempo en numerosos lugares en ese pa\u00eds, el \u00faltimo s\u00e1bado de julio.<\/p>\n<p>M\u00e1s de 370 personas abrazaron la fe y se convirtieron en miembros de la comunidad adventista. Esto representa un enorme paso hacia adelante dentro de la misi\u00f3n de la Iglesia Adventista en Vietnam, explicaron los dirigentes.<\/p>\n<p><div id=\"attachment_102546\" style=\"width: 869px\" class=\"wp-caption aligncenter\"><img fetchpriority=\"high\" decoding=\"async\" aria-describedby=\"caption-attachment-102546\" class=\" wp-image-102544\" src=\"https:\/\/interamerica.org\/wp-content\/uploads\/2023\/08\/vietnam-1-1024x683.jpeg\" alt=\"\" width=\"859\" height=\"573\" srcset=\"https:\/\/interamerica.org\/wp-content\/uploads\/2023\/08\/vietnam-1-1024x683.jpeg 1024w, https:\/\/interamerica.org\/wp-content\/uploads\/2023\/08\/vietnam-1-300x200.jpeg 300w, https:\/\/interamerica.org\/wp-content\/uploads\/2023\/08\/vietnam-1-768x512.jpeg 768w, https:\/\/interamerica.org\/wp-content\/uploads\/2023\/08\/vietnam-1-1536x1025.jpeg 1536w, https:\/\/interamerica.org\/wp-content\/uploads\/2023\/08\/vietnam-1.jpeg 2048w\" sizes=\"(max-width: 859px) 100vw, 859px\" \/><p id=\"caption-attachment-102546\" class=\"wp-caption-text\">[Imagen: Misi\u00f3n de Vietnam]<\/p><\/div>El evento marc\u00f3 la culminaci\u00f3n de un esfuerzo que dur\u00f3 todo un a\u00f1o por parte de la Misi\u00f3n de Vietnam de la iglesia, encabezado por los dirigentes de la Uni\u00f3n Misi\u00f3n del Sureste de Asia (SEUM, por sus siglas en ingl\u00e9s). La Misi\u00f3n de Vietnam uni\u00f3 a sus miembros en una sobresaliente manifestaci\u00f3n de unidad, dedicaci\u00f3n y obra misionera, que dio como resultado una abundante cosecha espiritual, afirmaron los dirigentes regionales de la iglesia.<\/p>\n<p>Se organizaron centenares de grupos misioneros como parte de la preparaci\u00f3n para interactuar con la comunidad local, conocer sus intereses y establecer conexiones. La distribuci\u00f3n de materiales de evangelizaci\u00f3n por parte de colportores, dirigentes de la iglesia y personas voluntarias, fue un punto esencial para dar a conocer el mensaje de la iglesia, afirmaron los dirigentes. M\u00e1s a\u00fan, la Misi\u00f3n de Vietnam hizo uso de la moderna tecnolog\u00eda al proveer estudios b\u00edblicos, tanto presenciales como en l\u00ednea, utilizando plataformas tales como Zoom al interactuar con las personas separadas geogr\u00e1ficamente.<\/p>\n<p>La dedicaci\u00f3n de la iglesia al esfuerzo de involucrarse en la comunidad fue tambi\u00e9n crucial al marcar una gran positiva diferencia, explicaron los dirigentes. Iniciativas tales como distribuci\u00f3n de comidas gratuitas, chequeos de salud, limpieza ambiental y ayuda a personas necesitadas, subrayaron el valor fundamental de atenci\u00f3n y cuidado hacia los dem\u00e1s, desplegado por la Iglesia Adventista del S\u00e9ptimo D\u00eda.<\/p>\n<p>\u201cEste bautismo masivo testifica acerca del poder de la unidad y de la compasi\u00f3n\u201d, dijo el presidente de la Misi\u00f3n de Vietnam, Tran Thanh Truyen. \u201cMe causa un enorme gozo ver a tantas personas recibidas dentro de reino de Dios. Me anima mucho tambi\u00e9n el ver a nuestros miembros trabajando juntos para dar a conocer el amor de Dios a las personas a su alrededor. Nuestra iglesia sobrevive por causa de la misi\u00f3n\u201d.<\/p>\n<p><strong>Historias de conversi\u00f3n <\/strong><\/p>\n<p>Las reuniones estuvieron llenas de momentos maravillosos que dejaron impresionadas a cada una de las personas que asistieron, se\u00f1alaron los dirigentes de la iglesia. Despu\u00e9s de varios meses de estar recibiendo estudios b\u00edblicos, una pastora de una denominaci\u00f3n diferente lleg\u00f3 con su congregaci\u00f3n para ser bautizada, exhibiendo un esp\u00edritu de colaboraci\u00f3n y comprensi\u00f3n a trav\u00e9s de fronteras religiosas. Su esposo y sus hijos recibieron tambi\u00e9n a Jes\u00fas como su Salvador personal a trav\u00e9s del bautismo.<\/p>\n<p>El dirigente de un grupo previamente separatista decidi\u00f3 aceptar a Jes\u00fas como su Salvador y se convirti\u00f3 en un miembro de iglesia, consagr\u00e1ndose a s\u00ed mismo al trabajo en conjunto en la predicaci\u00f3n del evangelio. De acuerdo con los dirigentes, otros que se unieron a \u00e9l haciendo suyo el nuevo sendero espiritual, hicieron eco a su bien pensada decisi\u00f3n.<\/p>\n<p>\u201cA la vez que el bautismo es un evento solemne, se\u00f1ala tambi\u00e9n el inicio de una emocionante jornada de fe\u201d, les recordaron los dirigentes de la iglesia a los nuevos miembros y testigos de la ceremonia. Por consiguiente, la Misi\u00f3n de Vietnam le obsequi\u00f3 un ejemplar de la Biblia a cada uno de los nuevos miembros. El obsequio de estas Biblias fue patrocinado por personas fuera de este pa\u00eds que apoyan este movimiento. \u201cEste obsequio garantiza que los nuevos miembros puedan tener acceso a los recursos que necesitan para continuar estudiando y creciendo en la fe\u201d, dijeron.<\/p>\n<p>La <a href=\"http:\/\/www.adventist.asia\/news\/milestone-for-the-adventist-church-in-vietnam-celebrates-multiple-baptisms\/\">versi\u00f3n original <\/a>de esta noticia de public\u00f3 en el <a href=\"http:\/\/www.adventist.asia\/news\/\">sitio de noticias<\/a> de la Divisi\u00f3n Asia Pac\u00edfico Sur.<\/p>\n<p>Traducci\u00f3n \u2013 Gloria A Castrej\u00f3n<\/p>\n<p>&nbsp;<\/p>\n","protected":false},"excerpt":{"rendered":"<p>M\u00e1s de 370 personas fueron bautizadas en primer esfuerzo masivo de la iglesia adventista de ese pa\u00eds. 28 de agosto de 2023 | Vietnam |Misi\u00f3n de Vietnam, Divisi\u00f3n Asia-Pac\u00edfico Sur&#8230;<\/p>\n","protected":false},"author":3,"featured_media":102546,"comment_status":"closed","ping_status":"closed","sticky":false,"template":"","format":"standard","meta":{"_acf_changed":false,"footnotes":""},"categories":[14,15],"tags":[],"class_list":["post-102548","post","type-post","status-publish","format-standard","has-post-thumbnail","hentry","category-de-la-iglesia-mundial","category-rss-espanol"],"acf":[],"yoast_head":"<!-- This site is optimized with the Yoast SEO plugin v27.3 - https:\/\/yoast.com\/product\/yoast-seo-wordpress\/ -->\n<title>Adventistas en Vietnam celebran centenares de bautismos - Iglesia Adventista del S\u00e9ptimo D\u00eda - Divisi\u00f3n Interamericana<\/title>\n<meta name=\"robots\" content=\"index, follow, max-snippet:-1, max-image-preview:large, max-video-preview:-1\" \/>\n<link rel=\"canonical\" href=\"https:\/\/interamerica.org\/es\/2023\/08\/adventistas-en-vietnam-celebran-centenares-de-bautismos\/\" \/>\n<meta property=\"og:locale\" content=\"es_ES\" \/>\n<meta property=\"og:type\" content=\"article\" \/>\n<meta property=\"og:title\" content=\"Adventistas en Vietnam celebran centenares de bautismos - Iglesia Adventista del S\u00e9ptimo D\u00eda - Divisi\u00f3n Interamericana\" \/>\n<meta property=\"og:description\" content=\"M\u00e1s de 370 personas fueron bautizadas en primer esfuerzo masivo de la iglesia adventista de ese pa\u00eds. 28 de agosto de 2023 | Vietnam |Misi\u00f3n de Vietnam, Divisi\u00f3n Asia-Pac\u00edfico Sur...\" \/>\n<meta property=\"og:url\" content=\"https:\/\/interamerica.org\/es\/2023\/08\/adventistas-en-vietnam-celebran-centenares-de-bautismos\/\" \/>\n<meta property=\"og:site_name\" content=\"Iglesia Adventista del S\u00e9ptimo D\u00eda - Divisi\u00f3n Interamericana\" \/>\n<meta property=\"article:published_time\" content=\"2023-08-28T16:12:43+00:00\" \/>\n<meta property=\"article:modified_time\" content=\"2023-08-29T00:27:37+00:00\" \/>\n<meta property=\"og:image\" content=\"https:\/\/interamerica.org\/wp-content\/uploads\/2023\/08\/vietnam-1.jpeg\" \/>\n\t<meta property=\"og:image:width\" content=\"2048\" \/>\n\t<meta property=\"og:image:height\" content=\"1366\" \/>\n\t<meta property=\"og:image:type\" content=\"image\/jpeg\" \/>\n<meta name=\"author\" content=\"libna\" \/>\n<meta name=\"twitter:card\" content=\"summary_large_image\" \/>\n<meta name=\"twitter:label1\" content=\"Escrito por\" \/>\n\t<meta name=\"twitter:data1\" content=\"libna\" \/>\n\t<meta name=\"twitter:label2\" content=\"Tiempo de lectura\" \/>\n\t<meta name=\"twitter:data2\" content=\"4 minutos\" \/>\n<script type=\"application\/ld+json\" class=\"yoast-schema-graph\">{\"@context\":\"https:\\\/\\\/schema.org\",\"@graph\":[{\"@type\":\"Article\",\"@id\":\"https:\\\/\\\/interamerica.org\\\/es\\\/2023\\\/08\\\/adventistas-en-vietnam-celebran-centenares-de-bautismos\\\/#article\",\"isPartOf\":{\"@id\":\"https:\\\/\\\/interamerica.org\\\/es\\\/2023\\\/08\\\/adventistas-en-vietnam-celebran-centenares-de-bautismos\\\/\"},\"author\":{\"name\":\"libna\",\"@id\":\"https:\\\/\\\/interamerica.org\\\/es\\\/#\\\/schema\\\/person\\\/29998f2bc2d8bd0d38662909289b54f1\"},\"headline\":\"Adventistas en Vietnam celebran centenares de bautismos\",\"datePublished\":\"2023-08-28T16:12:43+00:00\",\"dateModified\":\"2023-08-29T00:27:37+00:00\",\"mainEntityOfPage\":{\"@id\":\"https:\\\/\\\/interamerica.org\\\/es\\\/2023\\\/08\\\/adventistas-en-vietnam-celebran-centenares-de-bautismos\\\/\"},\"wordCount\":742,\"image\":{\"@id\":\"https:\\\/\\\/interamerica.org\\\/es\\\/2023\\\/08\\\/adventistas-en-vietnam-celebran-centenares-de-bautismos\\\/#primaryimage\"},\"thumbnailUrl\":\"https:\\\/\\\/interamerica.org\\\/wp-content\\\/uploads\\\/2023\\\/08\\\/vietnam-1.jpeg\",\"articleSection\":[\"Desde la iglesia mundial\",\"RSS Espa\u00f1ol\"],\"inLanguage\":\"es\"},{\"@type\":\"WebPage\",\"@id\":\"https:\\\/\\\/interamerica.org\\\/es\\\/2023\\\/08\\\/adventistas-en-vietnam-celebran-centenares-de-bautismos\\\/\",\"url\":\"https:\\\/\\\/interamerica.org\\\/es\\\/2023\\\/08\\\/adventistas-en-vietnam-celebran-centenares-de-bautismos\\\/\",\"name\":\"Adventistas en Vietnam celebran centenares de bautismos - Iglesia Adventista del S\u00e9ptimo D\u00eda - Divisi\u00f3n Interamericana\",\"isPartOf\":{\"@id\":\"https:\\\/\\\/interamerica.org\\\/es\\\/#website\"},\"primaryImageOfPage\":{\"@id\":\"https:\\\/\\\/interamerica.org\\\/es\\\/2023\\\/08\\\/adventistas-en-vietnam-celebran-centenares-de-bautismos\\\/#primaryimage\"},\"image\":{\"@id\":\"https:\\\/\\\/interamerica.org\\\/es\\\/2023\\\/08\\\/adventistas-en-vietnam-celebran-centenares-de-bautismos\\\/#primaryimage\"},\"thumbnailUrl\":\"https:\\\/\\\/interamerica.org\\\/wp-content\\\/uploads\\\/2023\\\/08\\\/vietnam-1.jpeg\",\"datePublished\":\"2023-08-28T16:12:43+00:00\",\"dateModified\":\"2023-08-29T00:27:37+00:00\",\"author\":{\"@id\":\"https:\\\/\\\/interamerica.org\\\/es\\\/#\\\/schema\\\/person\\\/29998f2bc2d8bd0d38662909289b54f1\"},\"breadcrumb\":{\"@id\":\"https:\\\/\\\/interamerica.org\\\/es\\\/2023\\\/08\\\/adventistas-en-vietnam-celebran-centenares-de-bautismos\\\/#breadcrumb\"},\"inLanguage\":\"es\",\"potentialAction\":[{\"@type\":\"ReadAction\",\"target\":[\"https:\\\/\\\/interamerica.org\\\/es\\\/2023\\\/08\\\/adventistas-en-vietnam-celebran-centenares-de-bautismos\\\/\"]}]},{\"@type\":\"ImageObject\",\"inLanguage\":\"es\",\"@id\":\"https:\\\/\\\/interamerica.org\\\/es\\\/2023\\\/08\\\/adventistas-en-vietnam-celebran-centenares-de-bautismos\\\/#primaryimage\",\"url\":\"https:\\\/\\\/interamerica.org\\\/wp-content\\\/uploads\\\/2023\\\/08\\\/vietnam-1.jpeg\",\"contentUrl\":\"https:\\\/\\\/interamerica.org\\\/wp-content\\\/uploads\\\/2023\\\/08\\\/vietnam-1.jpeg\",\"width\":2048,\"height\":1366,\"caption\":\"[Photo: Vietnam Mission]\"},{\"@type\":\"BreadcrumbList\",\"@id\":\"https:\\\/\\\/interamerica.org\\\/es\\\/2023\\\/08\\\/adventistas-en-vietnam-celebran-centenares-de-bautismos\\\/#breadcrumb\",\"itemListElement\":[{\"@type\":\"ListItem\",\"position\":1,\"name\":\"Home\",\"item\":\"https:\\\/\\\/interamerica.org\\\/es\\\/\"},{\"@type\":\"ListItem\",\"position\":2,\"name\":\"Adventistas en Vietnam celebran centenares de bautismos\"}]},{\"@type\":\"WebSite\",\"@id\":\"https:\\\/\\\/interamerica.org\\\/es\\\/#website\",\"url\":\"https:\\\/\\\/interamerica.org\\\/es\\\/\",\"name\":\"Iglesia Adventista del S\u00e9ptimo D\u00eda - Divisi\u00f3n Interamericana\",\"description\":\"\",\"potentialAction\":[{\"@type\":\"SearchAction\",\"target\":{\"@type\":\"EntryPoint\",\"urlTemplate\":\"https:\\\/\\\/interamerica.org\\\/es\\\/?s={search_term_string}\"},\"query-input\":{\"@type\":\"PropertyValueSpecification\",\"valueRequired\":true,\"valueName\":\"search_term_string\"}}],\"inLanguage\":\"es\"},{\"@type\":\"Person\",\"@id\":\"https:\\\/\\\/interamerica.org\\\/es\\\/#\\\/schema\\\/person\\\/29998f2bc2d8bd0d38662909289b54f1\",\"name\":\"libna\",\"image\":{\"@type\":\"ImageObject\",\"inLanguage\":\"es\",\"@id\":\"https:\\\/\\\/secure.gravatar.com\\\/avatar\\\/7c5bd30ae4b47a9ba3c856590957fd1d96dc588bf3ac05719d247e126840331f?s=96&d=mm&r=g\",\"url\":\"https:\\\/\\\/secure.gravatar.com\\\/avatar\\\/7c5bd30ae4b47a9ba3c856590957fd1d96dc588bf3ac05719d247e126840331f?s=96&d=mm&r=g\",\"contentUrl\":\"https:\\\/\\\/secure.gravatar.com\\\/avatar\\\/7c5bd30ae4b47a9ba3c856590957fd1d96dc588bf3ac05719d247e126840331f?s=96&d=mm&r=g\",\"caption\":\"libna\"}}]}<\/script>\n<!-- \/ Yoast SEO plugin. -->","yoast_head_json":{"title":"Adventistas en Vietnam celebran centenares de bautismos - Iglesia Adventista del S\u00e9ptimo D\u00eda - Divisi\u00f3n Interamericana","robots":{"index":"index","follow":"follow","max-snippet":"max-snippet:-1","max-image-preview":"max-image-preview:large","max-video-preview":"max-video-preview:-1"},"canonical":"https:\/\/interamerica.org\/es\/2023\/08\/adventistas-en-vietnam-celebran-centenares-de-bautismos\/","og_locale":"es_ES","og_type":"article","og_title":"Adventistas en Vietnam celebran centenares de bautismos - Iglesia Adventista del S\u00e9ptimo D\u00eda - Divisi\u00f3n Interamericana","og_description":"M\u00e1s de 370 personas fueron bautizadas en primer esfuerzo masivo de la iglesia adventista de ese pa\u00eds. 28 de agosto de 2023 | Vietnam |Misi\u00f3n de Vietnam, Divisi\u00f3n Asia-Pac\u00edfico Sur...","og_url":"https:\/\/interamerica.org\/es\/2023\/08\/adventistas-en-vietnam-celebran-centenares-de-bautismos\/","og_site_name":"Iglesia Adventista del S\u00e9ptimo D\u00eda - Divisi\u00f3n Interamericana","article_published_time":"2023-08-28T16:12:43+00:00","article_modified_time":"2023-08-29T00:27:37+00:00","og_image":[{"width":2048,"height":1366,"url":"https:\/\/interamerica.org\/wp-content\/uploads\/2023\/08\/vietnam-1.jpeg","type":"image\/jpeg"}],"author":"libna","twitter_card":"summary_large_image","twitter_misc":{"Escrito por":"libna","Tiempo de lectura":"4 minutos"},"schema":{"@context":"https:\/\/schema.org","@graph":[{"@type":"Article","@id":"https:\/\/interamerica.org\/es\/2023\/08\/adventistas-en-vietnam-celebran-centenares-de-bautismos\/#article","isPartOf":{"@id":"https:\/\/interamerica.org\/es\/2023\/08\/adventistas-en-vietnam-celebran-centenares-de-bautismos\/"},"author":{"name":"libna","@id":"https:\/\/interamerica.org\/es\/#\/schema\/person\/29998f2bc2d8bd0d38662909289b54f1"},"headline":"Adventistas en Vietnam celebran centenares de bautismos","datePublished":"2023-08-28T16:12:43+00:00","dateModified":"2023-08-29T00:27:37+00:00","mainEntityOfPage":{"@id":"https:\/\/interamerica.org\/es\/2023\/08\/adventistas-en-vietnam-celebran-centenares-de-bautismos\/"},"wordCount":742,"image":{"@id":"https:\/\/interamerica.org\/es\/2023\/08\/adventistas-en-vietnam-celebran-centenares-de-bautismos\/#primaryimage"},"thumbnailUrl":"https:\/\/interamerica.org\/wp-content\/uploads\/2023\/08\/vietnam-1.jpeg","articleSection":["Desde la iglesia mundial","RSS Espa\u00f1ol"],"inLanguage":"es"},{"@type":"WebPage","@id":"https:\/\/interamerica.org\/es\/2023\/08\/adventistas-en-vietnam-celebran-centenares-de-bautismos\/","url":"https:\/\/interamerica.org\/es\/2023\/08\/adventistas-en-vietnam-celebran-centenares-de-bautismos\/","name":"Adventistas en Vietnam celebran centenares de bautismos - Iglesia Adventista del S\u00e9ptimo D\u00eda - Divisi\u00f3n Interamericana","isPartOf":{"@id":"https:\/\/interamerica.org\/es\/#website"},"primaryImageOfPage":{"@id":"https:\/\/interamerica.org\/es\/2023\/08\/adventistas-en-vietnam-celebran-centenares-de-bautismos\/#primaryimage"},"image":{"@id":"https:\/\/interamerica.org\/es\/2023\/08\/adventistas-en-vietnam-celebran-centenares-de-bautismos\/#primaryimage"},"thumbnailUrl":"https:\/\/interamerica.org\/wp-content\/uploads\/2023\/08\/vietnam-1.jpeg","datePublished":"2023-08-28T16:12:43+00:00","dateModified":"2023-08-29T00:27:37+00:00","author":{"@id":"https:\/\/interamerica.org\/es\/#\/schema\/person\/29998f2bc2d8bd0d38662909289b54f1"},"breadcrumb":{"@id":"https:\/\/interamerica.org\/es\/2023\/08\/adventistas-en-vietnam-celebran-centenares-de-bautismos\/#breadcrumb"},"inLanguage":"es","potentialAction":[{"@type":"ReadAction","target":["https:\/\/interamerica.org\/es\/2023\/08\/adventistas-en-vietnam-celebran-centenares-de-bautismos\/"]}]},{"@type":"ImageObject","inLanguage":"es","@id":"https:\/\/interamerica.org\/es\/2023\/08\/adventistas-en-vietnam-celebran-centenares-de-bautismos\/#primaryimage","url":"https:\/\/interamerica.org\/wp-content\/uploads\/2023\/08\/vietnam-1.jpeg","contentUrl":"https:\/\/interamerica.org\/wp-content\/uploads\/2023\/08\/vietnam-1.jpeg","width":2048,"height":1366,"caption":"[Photo: Vietnam Mission]"},{"@type":"BreadcrumbList","@id":"https:\/\/interamerica.org\/es\/2023\/08\/adventistas-en-vietnam-celebran-centenares-de-bautismos\/#breadcrumb","itemListElement":[{"@type":"ListItem","position":1,"name":"Home","item":"https:\/\/interamerica.org\/es\/"},{"@type":"ListItem","position":2,"name":"Adventistas en Vietnam celebran centenares de bautismos"}]},{"@type":"WebSite","@id":"https:\/\/interamerica.org\/es\/#website","url":"https:\/\/interamerica.org\/es\/","name":"Iglesia Adventista del S\u00e9ptimo D\u00eda - Divisi\u00f3n Interamericana","description":"","potentialAction":[{"@type":"SearchAction","target":{"@type":"EntryPoint","urlTemplate":"https:\/\/interamerica.org\/es\/?s={search_term_string}"},"query-input":{"@type":"PropertyValueSpecification","valueRequired":true,"valueName":"search_term_string"}}],"inLanguage":"es"},{"@type":"Person","@id":"https:\/\/interamerica.org\/es\/#\/schema\/person\/29998f2bc2d8bd0d38662909289b54f1","name":"libna","image":{"@type":"ImageObject","inLanguage":"es","@id":"https:\/\/secure.gravatar.com\/avatar\/7c5bd30ae4b47a9ba3c856590957fd1d96dc588bf3ac05719d247e126840331f?s=96&d=mm&r=g","url":"https:\/\/secure.gravatar.com\/avatar\/7c5bd30ae4b47a9ba3c856590957fd1d96dc588bf3ac05719d247e126840331f?s=96&d=mm&r=g","contentUrl":"https:\/\/secure.gravatar.com\/avatar\/7c5bd30ae4b47a9ba3c856590957fd1d96dc588bf3ac05719d247e126840331f?s=96&d=mm&r=g","caption":"libna"}}]}},"_links":{"self":[{"href":"https:\/\/interamerica.org\/es\/wp-json\/wp\/v2\/posts\/102548","targetHints":{"allow":["GET"]}}],"collection":[{"href":"https:\/\/interamerica.org\/es\/wp-json\/wp\/v2\/posts"}],"about":[{"href":"https:\/\/interamerica.org\/es\/wp-json\/wp\/v2\/types\/post"}],"author":[{"embeddable":true,"href":"https:\/\/interamerica.org\/es\/wp-json\/wp\/v2\/users\/3"}],"replies":[{"embeddable":true,"href":"https:\/\/interamerica.org\/es\/wp-json\/wp\/v2\/comments?post=102548"}],"version-history":[{"count":0,"href":"https:\/\/interamerica.org\/es\/wp-json\/wp\/v2\/posts\/102548\/revisions"}],"wp:featuredmedia":[{"embeddable":true,"href":"https:\/\/interamerica.org\/es\/wp-json\/wp\/v2\/media\/102546"}],"wp:attachment":[{"href":"https:\/\/interamerica.org\/es\/wp-json\/wp\/v2\/media?parent=102548"}],"wp:term":[{"taxonomy":"category","embeddable":true,"href":"https:\/\/interamerica.org\/es\/wp-json\/wp\/v2\/categories?post=102548"},{"taxonomy":"post_tag","embeddable":true,"href":"https:\/\/interamerica.org\/es\/wp-json\/wp\/v2\/tags?post=102548"}],"curies":[{"name":"wp","href":"https:\/\/api.w.org\/{rel}","templated":true}]}}