{"id":10255,"date":"2004-02-27T00:00:00","date_gmt":"2004-02-27T04:00:00","guid":{"rendered":"http:\/\/192.81.217.108\/interamerica\/2004\/02\/la-dia-conduce-auditoria-administrativa-en-la-union-puertorriquena\/"},"modified":"2017-06-02T09:20:22","modified_gmt":"2017-06-02T13:20:22","slug":"la-dia-conduce-auditoria-administrativa-en-la-union-puertorriquena","status":"publish","type":"post","link":"https:\/\/interamerica.org\/es\/2004\/02\/la-dia-conduce-auditoria-administrativa-en-la-union-puertorriquena\/","title":{"rendered":"La DIA conduce\u00a0Auditoria Administrativa en la Uni\u00f3n Puertorrique\u00f1a\u00a0"},"content":{"rendered":"<p>Por Israel Leito<\/p>\n<p>La administraci\u00f3n de la Divisi\u00f3n Interamericana visita sus uniones peri\u00f3dicamente para conducir auditorias administrativas, y recientemente esta actividad fue conducida en la Uni\u00f3n Puertorrique\u00f1a.<\/p>\n<p>Los informes desde Puerto Rico son muy alagadores.\u00a0 Por primera vez, la Uni\u00f3n Puertorrique\u00f1a ten\u00eda m\u00e1s 3,000 miembros bautizados para el a\u00f1o pasado.\u00a0 Su blanco para el 2004 es sobrepasar esa cantidad.\u00a0 Financieramente, la uni\u00f3n es muy pr\u00f3spera y la fidelidad y la dedicaci\u00f3n de los miembros y de los ministros se manifiestan en las donaciones hechas a la iglesia.\u00a0 Esta uni\u00f3n es el tercer contribuidor de diezmo m\u00e1s grande de la iglesia mundial en la Divisi\u00f3n Interamericana.\u00a0 Hay estabilidad, est\u00e1 totalmente dedicada a la misi\u00f3n de la iglesia y no hay inquietud alguna.<\/p>\n<p>Las instituciones de la uni\u00f3n est\u00e1n en un buen camino a la recuperaci\u00f3n.\u00a0 El Hospital Bella Vista (HBV), el m\u00e1s grande de nuestra divisi\u00f3n, estaba en el borde de ser clausurado hace algunos a\u00f1os, pero la actual administraci\u00f3n de la uni\u00f3n ha trabajado con un buen equipo de empleados para recuperarlo.\u00a0 Un ala nueva de emergencia se ha agregado y el hospital es el \u00fanico abastecedor de tomograf\u00edas computarizada(MRI) y otros servicios especializados en la regi\u00f3n occidental de Puerto Rico.\u00a0 El HBV a\u00fan hace frente a serios desaf\u00edos para el cumplimiento de fuertes deudas.\u00a0 Sin embargo, sus finanzas se han reestructurado para pagar esas deudas.<\/p>\n<p>La Universidad Adventista de las Antillas(UAA) est\u00e1 siendo reformada con un enorme programa de reconstrucci\u00f3n.\u00a0 Por primera vez, en a\u00f1os recientes, la universidad ha terminado un a\u00f1o con p\u00e9rdidas m\u00ednimas.\u00a0\u00a0 Los profesores ahora son pagados seg\u00fan la pol\u00edtica de salarios de la Divisi\u00f3n Interamericana y se espera que este sea un a\u00f1o excepcional siendo que han operado con m\u00e1s ingresos que los presupuestados. <\/p>\n<p>La Uni\u00f3n Puertorrique\u00f1a esta compuesta por cuatro campos locales: dos asociaciones y dos misiones, y una de las misiones tambi\u00e9n est\u00e1\u00a0 lista para ser evaluada para convertirse en asociaci\u00f3n.\u00a0 Percibimos que hay un dedicado esmero hacia la misi\u00f3n en la Uni\u00f3n Puertorrique\u00f1a, y su liderazgo la est\u00e1 guiando para que fije su atenci\u00f3n en la misi\u00f3n de la iglesia y la segunda venida de Cristo.<\/p>\n<p>Una novedad en la Uni\u00f3n Puertorrique\u00f1a es que el a\u00f1o pasado un s\u00e1bado en particular se cerraron casi todas sus iglesias, y esa ma\u00f1ana todos los miembros que ten\u00edan el deseo salieron y testificaron por las calles.\u00a0 Miles de tratados fueron distribuidos y hay un sentido de cumplimiento por parte de la feligres\u00eda que espera que esto sea repetido.<\/p>\n<p>La Uni\u00f3n Puertorrique\u00f1a se enfrenta a un gran reto por profesionales ya que, como ciudadanos de Estados Unidos, es muy f\u00e1cil para ellos migrar a dicho pa\u00eds.\u00a0 M\u00e1s del 40% de la fuerza trabajadora en Puerto Rico est\u00e1 compuesta de extranjeros debido a la migraci\u00f3n de empleados locales.\u00a0 La Facultad de Teolog\u00eda de la Universidad Adventista de las Antillas (UAA) est\u00e1 preparando m\u00e1s profesionales en un plan agresivo para hacerle frente a las necesidades de la uni\u00f3n.<\/p>\n<p>\u00a0<BR  ><\/p>\n","protected":false},"excerpt":{"rendered":"<p>La administraci\u00f3n de la Divisi\u00f3n Interamericana visita sus uniones peri\u00f3dicamente para\u00a0conducir auditorias administrativas, y recientemente esta actividad fue conducida en la Uni\u00f3n Puertorrique\u00f1a.<\/p>\n","protected":false},"author":1,"featured_media":0,"comment_status":"closed","ping_status":"closed","sticky":false,"template":"","format":"standard","meta":{"_acf_changed":false,"footnotes":""},"categories":[8],"tags":[],"class_list":["post-10255","post","type-post","status-publish","format-standard","hentry","category-archivo"],"acf":[],"yoast_head":"<!-- This site is optimized with the Yoast SEO plugin v27.3 - https:\/\/yoast.com\/product\/yoast-seo-wordpress\/ -->\n<title>La DIA conduce\u00a0Auditoria Administrativa en la Uni\u00f3n Puertorrique\u00f1a\u00a0 - Iglesia Adventista del S\u00e9ptimo D\u00eda - Divisi\u00f3n Interamericana<\/title>\n<meta name=\"robots\" content=\"index, follow, max-snippet:-1, max-image-preview:large, max-video-preview:-1\" \/>\n<link rel=\"canonical\" href=\"https:\/\/interamerica.org\/es\/2004\/02\/la-dia-conduce-auditoria-administrativa-en-la-union-puertorriquena\/\" \/>\n<meta property=\"og:locale\" content=\"es_ES\" \/>\n<meta property=\"og:type\" content=\"article\" \/>\n<meta property=\"og:title\" content=\"La DIA conduce\u00a0Auditoria Administrativa en la Uni\u00f3n Puertorrique\u00f1a\u00a0 - Iglesia Adventista del S\u00e9ptimo D\u00eda - Divisi\u00f3n Interamericana\" \/>\n<meta property=\"og:description\" content=\"La administraci\u00f3n de la Divisi\u00f3n Interamericana visita sus uniones peri\u00f3dicamente para\u00a0conducir auditorias administrativas, y recientemente esta actividad fue conducida en la Uni\u00f3n Puertorrique\u00f1a.\" \/>\n<meta property=\"og:url\" content=\"https:\/\/interamerica.org\/es\/2004\/02\/la-dia-conduce-auditoria-administrativa-en-la-union-puertorriquena\/\" \/>\n<meta property=\"og:site_name\" content=\"Iglesia Adventista del S\u00e9ptimo D\u00eda - Divisi\u00f3n Interamericana\" \/>\n<meta property=\"article:published_time\" content=\"2004-02-27T04:00:00+00:00\" \/>\n<meta property=\"article:modified_time\" content=\"2017-06-02T13:20:22+00:00\" \/>\n<meta name=\"author\" content=\"Lorenzo Verduzco\" \/>\n<meta name=\"twitter:card\" content=\"summary_large_image\" \/>\n<meta name=\"twitter:label1\" content=\"Escrito por\" \/>\n\t<meta name=\"twitter:data1\" content=\"Lorenzo Verduzco\" \/>\n\t<meta name=\"twitter:label2\" content=\"Tiempo de lectura\" \/>\n\t<meta name=\"twitter:data2\" content=\"3 minutos\" \/>\n<script type=\"application\/ld+json\" class=\"yoast-schema-graph\">{\"@context\":\"https:\\\/\\\/schema.org\",\"@graph\":[{\"@type\":\"Article\",\"@id\":\"https:\\\/\\\/interamerica.org\\\/es\\\/2004\\\/02\\\/la-dia-conduce-auditoria-administrativa-en-la-union-puertorriquena\\\/#article\",\"isPartOf\":{\"@id\":\"https:\\\/\\\/interamerica.org\\\/es\\\/2004\\\/02\\\/la-dia-conduce-auditoria-administrativa-en-la-union-puertorriquena\\\/\"},\"author\":{\"name\":\"Lorenzo Verduzco\",\"@id\":\"https:\\\/\\\/interamerica.org\\\/es\\\/#\\\/schema\\\/person\\\/68ede8bdc292885bb76c1e3810e73c39\"},\"headline\":\"La DIA conduce\u00a0Auditoria Administrativa en la Uni\u00f3n Puertorrique\u00f1a\u00a0\",\"datePublished\":\"2004-02-27T04:00:00+00:00\",\"dateModified\":\"2017-06-02T13:20:22+00:00\",\"mainEntityOfPage\":{\"@id\":\"https:\\\/\\\/interamerica.org\\\/es\\\/2004\\\/02\\\/la-dia-conduce-auditoria-administrativa-en-la-union-puertorriquena\\\/\"},\"wordCount\":564,\"articleSection\":[\"Archivo\"],\"inLanguage\":\"es\"},{\"@type\":\"WebPage\",\"@id\":\"https:\\\/\\\/interamerica.org\\\/es\\\/2004\\\/02\\\/la-dia-conduce-auditoria-administrativa-en-la-union-puertorriquena\\\/\",\"url\":\"https:\\\/\\\/interamerica.org\\\/es\\\/2004\\\/02\\\/la-dia-conduce-auditoria-administrativa-en-la-union-puertorriquena\\\/\",\"name\":\"La DIA conduce\u00a0Auditoria Administrativa en la Uni\u00f3n Puertorrique\u00f1a\u00a0 - Iglesia Adventista del S\u00e9ptimo D\u00eda - Divisi\u00f3n Interamericana\",\"isPartOf\":{\"@id\":\"https:\\\/\\\/interamerica.org\\\/es\\\/#website\"},\"datePublished\":\"2004-02-27T04:00:00+00:00\",\"dateModified\":\"2017-06-02T13:20:22+00:00\",\"author\":{\"@id\":\"https:\\\/\\\/interamerica.org\\\/es\\\/#\\\/schema\\\/person\\\/68ede8bdc292885bb76c1e3810e73c39\"},\"breadcrumb\":{\"@id\":\"https:\\\/\\\/interamerica.org\\\/es\\\/2004\\\/02\\\/la-dia-conduce-auditoria-administrativa-en-la-union-puertorriquena\\\/#breadcrumb\"},\"inLanguage\":\"es\",\"potentialAction\":[{\"@type\":\"ReadAction\",\"target\":[\"https:\\\/\\\/interamerica.org\\\/es\\\/2004\\\/02\\\/la-dia-conduce-auditoria-administrativa-en-la-union-puertorriquena\\\/\"]}]},{\"@type\":\"BreadcrumbList\",\"@id\":\"https:\\\/\\\/interamerica.org\\\/es\\\/2004\\\/02\\\/la-dia-conduce-auditoria-administrativa-en-la-union-puertorriquena\\\/#breadcrumb\",\"itemListElement\":[{\"@type\":\"ListItem\",\"position\":1,\"name\":\"Home\",\"item\":\"https:\\\/\\\/interamerica.org\\\/es\\\/\"},{\"@type\":\"ListItem\",\"position\":2,\"name\":\"La DIA conduce\u00a0Auditoria Administrativa en la Uni\u00f3n Puertorrique\u00f1a\u00a0\"}]},{\"@type\":\"WebSite\",\"@id\":\"https:\\\/\\\/interamerica.org\\\/es\\\/#website\",\"url\":\"https:\\\/\\\/interamerica.org\\\/es\\\/\",\"name\":\"Iglesia Adventista del S\u00e9ptimo D\u00eda - Divisi\u00f3n Interamericana\",\"description\":\"\",\"potentialAction\":[{\"@type\":\"SearchAction\",\"target\":{\"@type\":\"EntryPoint\",\"urlTemplate\":\"https:\\\/\\\/interamerica.org\\\/es\\\/?s={search_term_string}\"},\"query-input\":{\"@type\":\"PropertyValueSpecification\",\"valueRequired\":true,\"valueName\":\"search_term_string\"}}],\"inLanguage\":\"es\"},{\"@type\":\"Person\",\"@id\":\"https:\\\/\\\/interamerica.org\\\/es\\\/#\\\/schema\\\/person\\\/68ede8bdc292885bb76c1e3810e73c39\",\"name\":\"Lorenzo Verduzco\",\"image\":{\"@type\":\"ImageObject\",\"inLanguage\":\"es\",\"@id\":\"https:\\\/\\\/secure.gravatar.com\\\/avatar\\\/fb81a55b6218459490a9c1dc841a34909185b81904c5337b4b27f7a6fd60c49e?s=96&d=mm&r=g\",\"url\":\"https:\\\/\\\/secure.gravatar.com\\\/avatar\\\/fb81a55b6218459490a9c1dc841a34909185b81904c5337b4b27f7a6fd60c49e?s=96&d=mm&r=g\",\"contentUrl\":\"https:\\\/\\\/secure.gravatar.com\\\/avatar\\\/fb81a55b6218459490a9c1dc841a34909185b81904c5337b4b27f7a6fd60c49e?s=96&d=mm&r=g\",\"caption\":\"Lorenzo Verduzco\"}}]}<\/script>\n<!-- \/ Yoast SEO plugin. -->","yoast_head_json":{"title":"La DIA conduce\u00a0Auditoria Administrativa en la Uni\u00f3n Puertorrique\u00f1a\u00a0 - Iglesia Adventista del S\u00e9ptimo D\u00eda - Divisi\u00f3n Interamericana","robots":{"index":"index","follow":"follow","max-snippet":"max-snippet:-1","max-image-preview":"max-image-preview:large","max-video-preview":"max-video-preview:-1"},"canonical":"https:\/\/interamerica.org\/es\/2004\/02\/la-dia-conduce-auditoria-administrativa-en-la-union-puertorriquena\/","og_locale":"es_ES","og_type":"article","og_title":"La DIA conduce\u00a0Auditoria Administrativa en la Uni\u00f3n Puertorrique\u00f1a\u00a0 - Iglesia Adventista del S\u00e9ptimo D\u00eda - Divisi\u00f3n Interamericana","og_description":"La administraci\u00f3n de la Divisi\u00f3n Interamericana visita sus uniones peri\u00f3dicamente para\u00a0conducir auditorias administrativas, y recientemente esta actividad fue conducida en la Uni\u00f3n Puertorrique\u00f1a.","og_url":"https:\/\/interamerica.org\/es\/2004\/02\/la-dia-conduce-auditoria-administrativa-en-la-union-puertorriquena\/","og_site_name":"Iglesia Adventista del S\u00e9ptimo D\u00eda - Divisi\u00f3n Interamericana","article_published_time":"2004-02-27T04:00:00+00:00","article_modified_time":"2017-06-02T13:20:22+00:00","author":"Lorenzo Verduzco","twitter_card":"summary_large_image","twitter_misc":{"Escrito por":"Lorenzo Verduzco","Tiempo de lectura":"3 minutos"},"schema":{"@context":"https:\/\/schema.org","@graph":[{"@type":"Article","@id":"https:\/\/interamerica.org\/es\/2004\/02\/la-dia-conduce-auditoria-administrativa-en-la-union-puertorriquena\/#article","isPartOf":{"@id":"https:\/\/interamerica.org\/es\/2004\/02\/la-dia-conduce-auditoria-administrativa-en-la-union-puertorriquena\/"},"author":{"name":"Lorenzo Verduzco","@id":"https:\/\/interamerica.org\/es\/#\/schema\/person\/68ede8bdc292885bb76c1e3810e73c39"},"headline":"La DIA conduce\u00a0Auditoria Administrativa en la Uni\u00f3n Puertorrique\u00f1a\u00a0","datePublished":"2004-02-27T04:00:00+00:00","dateModified":"2017-06-02T13:20:22+00:00","mainEntityOfPage":{"@id":"https:\/\/interamerica.org\/es\/2004\/02\/la-dia-conduce-auditoria-administrativa-en-la-union-puertorriquena\/"},"wordCount":564,"articleSection":["Archivo"],"inLanguage":"es"},{"@type":"WebPage","@id":"https:\/\/interamerica.org\/es\/2004\/02\/la-dia-conduce-auditoria-administrativa-en-la-union-puertorriquena\/","url":"https:\/\/interamerica.org\/es\/2004\/02\/la-dia-conduce-auditoria-administrativa-en-la-union-puertorriquena\/","name":"La DIA conduce\u00a0Auditoria Administrativa en la Uni\u00f3n Puertorrique\u00f1a\u00a0 - Iglesia Adventista del S\u00e9ptimo D\u00eda - Divisi\u00f3n Interamericana","isPartOf":{"@id":"https:\/\/interamerica.org\/es\/#website"},"datePublished":"2004-02-27T04:00:00+00:00","dateModified":"2017-06-02T13:20:22+00:00","author":{"@id":"https:\/\/interamerica.org\/es\/#\/schema\/person\/68ede8bdc292885bb76c1e3810e73c39"},"breadcrumb":{"@id":"https:\/\/interamerica.org\/es\/2004\/02\/la-dia-conduce-auditoria-administrativa-en-la-union-puertorriquena\/#breadcrumb"},"inLanguage":"es","potentialAction":[{"@type":"ReadAction","target":["https:\/\/interamerica.org\/es\/2004\/02\/la-dia-conduce-auditoria-administrativa-en-la-union-puertorriquena\/"]}]},{"@type":"BreadcrumbList","@id":"https:\/\/interamerica.org\/es\/2004\/02\/la-dia-conduce-auditoria-administrativa-en-la-union-puertorriquena\/#breadcrumb","itemListElement":[{"@type":"ListItem","position":1,"name":"Home","item":"https:\/\/interamerica.org\/es\/"},{"@type":"ListItem","position":2,"name":"La DIA conduce\u00a0Auditoria Administrativa en la Uni\u00f3n Puertorrique\u00f1a\u00a0"}]},{"@type":"WebSite","@id":"https:\/\/interamerica.org\/es\/#website","url":"https:\/\/interamerica.org\/es\/","name":"Iglesia Adventista del S\u00e9ptimo D\u00eda - Divisi\u00f3n Interamericana","description":"","potentialAction":[{"@type":"SearchAction","target":{"@type":"EntryPoint","urlTemplate":"https:\/\/interamerica.org\/es\/?s={search_term_string}"},"query-input":{"@type":"PropertyValueSpecification","valueRequired":true,"valueName":"search_term_string"}}],"inLanguage":"es"},{"@type":"Person","@id":"https:\/\/interamerica.org\/es\/#\/schema\/person\/68ede8bdc292885bb76c1e3810e73c39","name":"Lorenzo Verduzco","image":{"@type":"ImageObject","inLanguage":"es","@id":"https:\/\/secure.gravatar.com\/avatar\/fb81a55b6218459490a9c1dc841a34909185b81904c5337b4b27f7a6fd60c49e?s=96&d=mm&r=g","url":"https:\/\/secure.gravatar.com\/avatar\/fb81a55b6218459490a9c1dc841a34909185b81904c5337b4b27f7a6fd60c49e?s=96&d=mm&r=g","contentUrl":"https:\/\/secure.gravatar.com\/avatar\/fb81a55b6218459490a9c1dc841a34909185b81904c5337b4b27f7a6fd60c49e?s=96&d=mm&r=g","caption":"Lorenzo Verduzco"}}]}},"_links":{"self":[{"href":"https:\/\/interamerica.org\/es\/wp-json\/wp\/v2\/posts\/10255","targetHints":{"allow":["GET"]}}],"collection":[{"href":"https:\/\/interamerica.org\/es\/wp-json\/wp\/v2\/posts"}],"about":[{"href":"https:\/\/interamerica.org\/es\/wp-json\/wp\/v2\/types\/post"}],"author":[{"embeddable":true,"href":"https:\/\/interamerica.org\/es\/wp-json\/wp\/v2\/users\/1"}],"replies":[{"embeddable":true,"href":"https:\/\/interamerica.org\/es\/wp-json\/wp\/v2\/comments?post=10255"}],"version-history":[{"count":0,"href":"https:\/\/interamerica.org\/es\/wp-json\/wp\/v2\/posts\/10255\/revisions"}],"wp:attachment":[{"href":"https:\/\/interamerica.org\/es\/wp-json\/wp\/v2\/media?parent=10255"}],"wp:term":[{"taxonomy":"category","embeddable":true,"href":"https:\/\/interamerica.org\/es\/wp-json\/wp\/v2\/categories?post=10255"},{"taxonomy":"post_tag","embeddable":true,"href":"https:\/\/interamerica.org\/es\/wp-json\/wp\/v2\/tags?post=10255"}],"curies":[{"name":"wp","href":"https:\/\/api.w.org\/{rel}","templated":true}]}}