{"id":10256,"date":"2004-03-01T00:00:00","date_gmt":"2004-03-01T04:00:00","guid":{"rendered":"http:\/\/192.81.217.108\/interamerica\/2004\/03\/haiti-violencia-de-rebeldes-no-perdona-instalaciones-adventistas\/"},"modified":"2017-06-02T09:20:22","modified_gmt":"2017-06-02T13:20:22","slug":"haiti-violencia-de-rebeldes-no-perdona-instalaciones-adventistas","status":"publish","type":"post","link":"https:\/\/interamerica.org\/es\/2004\/03\/haiti-violencia-de-rebeldes-no-perdona-instalaciones-adventistas\/","title":{"rendered":"Haiti: Violencia de Rebeldes no Perdona Instalaciones Adventistas"},"content":{"rendered":"<p>Miami, Florida, Estados Unidos [Libna Stevens\/DIA]<\/p>\n<p>Mientras el\u00a0caos estalla\u00a0debido al\u00a0levantamiento del pueblo\u00a0haitiano por la renuncia del presidente Jean-Bertrand Aristide, el saqueo y otros actos violentos en\u00a0Puerto Pr\u00edncipe,\u00a0capital de Hait\u00ed, han afectado al Hospital y a la Universidad Adventista, ambos a minutos del centro capitalino.<\/p>\n<p>De acuerdo al Pastor Israel Leito, presidente de la iglesia en Interam\u00e9rica, quien ha estado en comunicaci\u00f3n con los l\u00edderes de la iglesia en Puerto Pr\u00edncipe, ayer saquearon varios lugares a inmediaciones del hospital y la universidad.<\/p>\n<p>\u00abNo hay da\u00f1os\u00a0lamentables.\u00a0 Pero s\u00ed asaltaron al agente de seguridad de la instituci\u00f3n rob\u00e1ndole el arma, se llevaron medicina del hospital, adem\u00e1s de un autom\u00f3vil\u00a0pick-up, art\u00edculos de la agencia de publicaciones, de nuestra compa\u00f1\u00eda empacadora y de la oficina de ADRA\u00bb, dice Leito.\u00a0 \u00abApesar de esto, todo parece estar bajo control, seg\u00fan me informaron oficiales de la uni\u00f3n.\u00a0\u00a0Agrega que se cerr\u00f3 la universidad durante el d\u00eda y que no hay\u00a0informes de heridos entre los miembros de iglesia.\u00a0\u00a0El Pr. Leito\u00a0dice que\u00a0por el incremento de\u00a0secuestros\u00a0a personas en veh\u00edculo, estas prefieren andar a pie o usar el transporte p\u00fablico.\u00a0 A\u00fan asi, los servicios de la iglesia en s\u00e1bado\u00a0contin\u00faan.<\/p>\n<p>La Agencia Adventista de Desarrollo y Recursos Asistenciales (ADRA) est\u00e1 en el proceso de adquirir algunos contenedores con medicinas y ropa\u00a0listos para ser embarcados hacia Haiti, seg\u00fan inform\u00f3 Wally Amundson director de ADRA Interam\u00e9rica.\u00a0 \u00abEstamos esperando indicaciones oficiales del momento en que est\u00e9n listos en puerto (en Hait\u00ed) para recibir y desembarcar los bienes.\u00bb agreg\u00f3.<\/p>\n<p>\u00abSe ha reservado dinero en efectivo para responder a emergencias all\u00ed y estar\u00e1n disponibles para ellos ma\u00f1ana\u00bb, dice Amundson.\u00a0 Estos fondos se usar\u00e1n para comprar comida y art\u00edculos de primera necesidad, y pagar el transporte local de dichos art\u00edculos.<\/p>\n<p>La agencia de publicaciones, la compa\u00f1\u00eda empacadora y la oficina de ADRA son vecinos de la universidad y hospital adventista, mientras que las oficinas de la uni\u00f3n est\u00e1n ubicadas en los alrededores de Puerto Pr\u00edncipe.\u00a0<\/p>\n","protected":false},"excerpt":{"rendered":"<p>Mientras el\u00a0caos estalla en el despertar de Haiti por la renuncia del presidente Jean-Bertrand Aristide, el saqueo y otros actos violentos en\u00a0Puerto Pr\u00edncipe,\u00a0capital haitiana, han afectado al Hospital y a la Universidad Adventista, ambos a<\/p>\n","protected":false},"author":1,"featured_media":0,"comment_status":"closed","ping_status":"closed","sticky":false,"template":"","format":"standard","meta":{"_acf_changed":false,"footnotes":""},"categories":[8],"tags":[],"class_list":["post-10256","post","type-post","status-publish","format-standard","hentry","category-archivo"],"acf":[],"yoast_head":"<!-- This site is optimized with the Yoast SEO plugin v27.3 - https:\/\/yoast.com\/product\/yoast-seo-wordpress\/ -->\n<title>Haiti: Violencia de Rebeldes no Perdona Instalaciones Adventistas - Iglesia Adventista del S\u00e9ptimo D\u00eda - Divisi\u00f3n Interamericana<\/title>\n<meta name=\"robots\" content=\"index, follow, max-snippet:-1, max-image-preview:large, max-video-preview:-1\" \/>\n<link rel=\"canonical\" href=\"https:\/\/interamerica.org\/es\/2004\/03\/haiti-violencia-de-rebeldes-no-perdona-instalaciones-adventistas\/\" \/>\n<meta property=\"og:locale\" content=\"es_ES\" \/>\n<meta property=\"og:type\" content=\"article\" \/>\n<meta property=\"og:title\" content=\"Haiti: Violencia de Rebeldes no Perdona Instalaciones Adventistas - Iglesia Adventista del S\u00e9ptimo D\u00eda - Divisi\u00f3n Interamericana\" \/>\n<meta property=\"og:description\" content=\"Mientras el\u00a0caos estalla en el despertar de Haiti por la renuncia del presidente Jean-Bertrand Aristide, el saqueo y otros actos violentos en\u00a0Puerto Pr\u00edncipe,\u00a0capital haitiana, han afectado al Hospital y a la Universidad Adventista, ambos a\" \/>\n<meta property=\"og:url\" content=\"https:\/\/interamerica.org\/es\/2004\/03\/haiti-violencia-de-rebeldes-no-perdona-instalaciones-adventistas\/\" \/>\n<meta property=\"og:site_name\" content=\"Iglesia Adventista del S\u00e9ptimo D\u00eda - Divisi\u00f3n Interamericana\" \/>\n<meta property=\"article:published_time\" content=\"2004-03-01T04:00:00+00:00\" \/>\n<meta property=\"article:modified_time\" content=\"2017-06-02T13:20:22+00:00\" \/>\n<meta name=\"author\" content=\"Lorenzo Verduzco\" \/>\n<meta name=\"twitter:card\" content=\"summary_large_image\" \/>\n<meta name=\"twitter:label1\" content=\"Escrito por\" \/>\n\t<meta name=\"twitter:data1\" content=\"Lorenzo Verduzco\" \/>\n\t<meta name=\"twitter:label2\" content=\"Tiempo de lectura\" \/>\n\t<meta name=\"twitter:data2\" content=\"2 minutos\" \/>\n<script type=\"application\/ld+json\" class=\"yoast-schema-graph\">{\"@context\":\"https:\\\/\\\/schema.org\",\"@graph\":[{\"@type\":\"Article\",\"@id\":\"https:\\\/\\\/interamerica.org\\\/es\\\/2004\\\/03\\\/haiti-violencia-de-rebeldes-no-perdona-instalaciones-adventistas\\\/#article\",\"isPartOf\":{\"@id\":\"https:\\\/\\\/interamerica.org\\\/es\\\/2004\\\/03\\\/haiti-violencia-de-rebeldes-no-perdona-instalaciones-adventistas\\\/\"},\"author\":{\"name\":\"Lorenzo Verduzco\",\"@id\":\"https:\\\/\\\/interamerica.org\\\/es\\\/#\\\/schema\\\/person\\\/68ede8bdc292885bb76c1e3810e73c39\"},\"headline\":\"Haiti: Violencia de Rebeldes no Perdona Instalaciones Adventistas\",\"datePublished\":\"2004-03-01T04:00:00+00:00\",\"dateModified\":\"2017-06-02T13:20:22+00:00\",\"mainEntityOfPage\":{\"@id\":\"https:\\\/\\\/interamerica.org\\\/es\\\/2004\\\/03\\\/haiti-violencia-de-rebeldes-no-perdona-instalaciones-adventistas\\\/\"},\"wordCount\":373,\"articleSection\":[\"Archivo\"],\"inLanguage\":\"es\"},{\"@type\":\"WebPage\",\"@id\":\"https:\\\/\\\/interamerica.org\\\/es\\\/2004\\\/03\\\/haiti-violencia-de-rebeldes-no-perdona-instalaciones-adventistas\\\/\",\"url\":\"https:\\\/\\\/interamerica.org\\\/es\\\/2004\\\/03\\\/haiti-violencia-de-rebeldes-no-perdona-instalaciones-adventistas\\\/\",\"name\":\"Haiti: Violencia de Rebeldes no Perdona Instalaciones Adventistas - Iglesia Adventista del S\u00e9ptimo D\u00eda - Divisi\u00f3n Interamericana\",\"isPartOf\":{\"@id\":\"https:\\\/\\\/interamerica.org\\\/es\\\/#website\"},\"datePublished\":\"2004-03-01T04:00:00+00:00\",\"dateModified\":\"2017-06-02T13:20:22+00:00\",\"author\":{\"@id\":\"https:\\\/\\\/interamerica.org\\\/es\\\/#\\\/schema\\\/person\\\/68ede8bdc292885bb76c1e3810e73c39\"},\"breadcrumb\":{\"@id\":\"https:\\\/\\\/interamerica.org\\\/es\\\/2004\\\/03\\\/haiti-violencia-de-rebeldes-no-perdona-instalaciones-adventistas\\\/#breadcrumb\"},\"inLanguage\":\"es\",\"potentialAction\":[{\"@type\":\"ReadAction\",\"target\":[\"https:\\\/\\\/interamerica.org\\\/es\\\/2004\\\/03\\\/haiti-violencia-de-rebeldes-no-perdona-instalaciones-adventistas\\\/\"]}]},{\"@type\":\"BreadcrumbList\",\"@id\":\"https:\\\/\\\/interamerica.org\\\/es\\\/2004\\\/03\\\/haiti-violencia-de-rebeldes-no-perdona-instalaciones-adventistas\\\/#breadcrumb\",\"itemListElement\":[{\"@type\":\"ListItem\",\"position\":1,\"name\":\"Home\",\"item\":\"https:\\\/\\\/interamerica.org\\\/es\\\/\"},{\"@type\":\"ListItem\",\"position\":2,\"name\":\"Haiti: Violencia de Rebeldes no Perdona Instalaciones Adventistas\"}]},{\"@type\":\"WebSite\",\"@id\":\"https:\\\/\\\/interamerica.org\\\/es\\\/#website\",\"url\":\"https:\\\/\\\/interamerica.org\\\/es\\\/\",\"name\":\"Iglesia Adventista del S\u00e9ptimo D\u00eda - Divisi\u00f3n Interamericana\",\"description\":\"\",\"potentialAction\":[{\"@type\":\"SearchAction\",\"target\":{\"@type\":\"EntryPoint\",\"urlTemplate\":\"https:\\\/\\\/interamerica.org\\\/es\\\/?s={search_term_string}\"},\"query-input\":{\"@type\":\"PropertyValueSpecification\",\"valueRequired\":true,\"valueName\":\"search_term_string\"}}],\"inLanguage\":\"es\"},{\"@type\":\"Person\",\"@id\":\"https:\\\/\\\/interamerica.org\\\/es\\\/#\\\/schema\\\/person\\\/68ede8bdc292885bb76c1e3810e73c39\",\"name\":\"Lorenzo Verduzco\",\"image\":{\"@type\":\"ImageObject\",\"inLanguage\":\"es\",\"@id\":\"https:\\\/\\\/secure.gravatar.com\\\/avatar\\\/fb81a55b6218459490a9c1dc841a34909185b81904c5337b4b27f7a6fd60c49e?s=96&d=mm&r=g\",\"url\":\"https:\\\/\\\/secure.gravatar.com\\\/avatar\\\/fb81a55b6218459490a9c1dc841a34909185b81904c5337b4b27f7a6fd60c49e?s=96&d=mm&r=g\",\"contentUrl\":\"https:\\\/\\\/secure.gravatar.com\\\/avatar\\\/fb81a55b6218459490a9c1dc841a34909185b81904c5337b4b27f7a6fd60c49e?s=96&d=mm&r=g\",\"caption\":\"Lorenzo Verduzco\"}}]}<\/script>\n<!-- \/ Yoast SEO plugin. -->","yoast_head_json":{"title":"Haiti: Violencia de Rebeldes no Perdona Instalaciones Adventistas - Iglesia Adventista del S\u00e9ptimo D\u00eda - Divisi\u00f3n Interamericana","robots":{"index":"index","follow":"follow","max-snippet":"max-snippet:-1","max-image-preview":"max-image-preview:large","max-video-preview":"max-video-preview:-1"},"canonical":"https:\/\/interamerica.org\/es\/2004\/03\/haiti-violencia-de-rebeldes-no-perdona-instalaciones-adventistas\/","og_locale":"es_ES","og_type":"article","og_title":"Haiti: Violencia de Rebeldes no Perdona Instalaciones Adventistas - Iglesia Adventista del S\u00e9ptimo D\u00eda - Divisi\u00f3n Interamericana","og_description":"Mientras el\u00a0caos estalla en el despertar de Haiti por la renuncia del presidente Jean-Bertrand Aristide, el saqueo y otros actos violentos en\u00a0Puerto Pr\u00edncipe,\u00a0capital haitiana, han afectado al Hospital y a la Universidad Adventista, ambos a","og_url":"https:\/\/interamerica.org\/es\/2004\/03\/haiti-violencia-de-rebeldes-no-perdona-instalaciones-adventistas\/","og_site_name":"Iglesia Adventista del S\u00e9ptimo D\u00eda - Divisi\u00f3n Interamericana","article_published_time":"2004-03-01T04:00:00+00:00","article_modified_time":"2017-06-02T13:20:22+00:00","author":"Lorenzo Verduzco","twitter_card":"summary_large_image","twitter_misc":{"Escrito por":"Lorenzo Verduzco","Tiempo de lectura":"2 minutos"},"schema":{"@context":"https:\/\/schema.org","@graph":[{"@type":"Article","@id":"https:\/\/interamerica.org\/es\/2004\/03\/haiti-violencia-de-rebeldes-no-perdona-instalaciones-adventistas\/#article","isPartOf":{"@id":"https:\/\/interamerica.org\/es\/2004\/03\/haiti-violencia-de-rebeldes-no-perdona-instalaciones-adventistas\/"},"author":{"name":"Lorenzo Verduzco","@id":"https:\/\/interamerica.org\/es\/#\/schema\/person\/68ede8bdc292885bb76c1e3810e73c39"},"headline":"Haiti: Violencia de Rebeldes no Perdona Instalaciones Adventistas","datePublished":"2004-03-01T04:00:00+00:00","dateModified":"2017-06-02T13:20:22+00:00","mainEntityOfPage":{"@id":"https:\/\/interamerica.org\/es\/2004\/03\/haiti-violencia-de-rebeldes-no-perdona-instalaciones-adventistas\/"},"wordCount":373,"articleSection":["Archivo"],"inLanguage":"es"},{"@type":"WebPage","@id":"https:\/\/interamerica.org\/es\/2004\/03\/haiti-violencia-de-rebeldes-no-perdona-instalaciones-adventistas\/","url":"https:\/\/interamerica.org\/es\/2004\/03\/haiti-violencia-de-rebeldes-no-perdona-instalaciones-adventistas\/","name":"Haiti: Violencia de Rebeldes no Perdona Instalaciones Adventistas - Iglesia Adventista del S\u00e9ptimo D\u00eda - Divisi\u00f3n Interamericana","isPartOf":{"@id":"https:\/\/interamerica.org\/es\/#website"},"datePublished":"2004-03-01T04:00:00+00:00","dateModified":"2017-06-02T13:20:22+00:00","author":{"@id":"https:\/\/interamerica.org\/es\/#\/schema\/person\/68ede8bdc292885bb76c1e3810e73c39"},"breadcrumb":{"@id":"https:\/\/interamerica.org\/es\/2004\/03\/haiti-violencia-de-rebeldes-no-perdona-instalaciones-adventistas\/#breadcrumb"},"inLanguage":"es","potentialAction":[{"@type":"ReadAction","target":["https:\/\/interamerica.org\/es\/2004\/03\/haiti-violencia-de-rebeldes-no-perdona-instalaciones-adventistas\/"]}]},{"@type":"BreadcrumbList","@id":"https:\/\/interamerica.org\/es\/2004\/03\/haiti-violencia-de-rebeldes-no-perdona-instalaciones-adventistas\/#breadcrumb","itemListElement":[{"@type":"ListItem","position":1,"name":"Home","item":"https:\/\/interamerica.org\/es\/"},{"@type":"ListItem","position":2,"name":"Haiti: Violencia de Rebeldes no Perdona Instalaciones Adventistas"}]},{"@type":"WebSite","@id":"https:\/\/interamerica.org\/es\/#website","url":"https:\/\/interamerica.org\/es\/","name":"Iglesia Adventista del S\u00e9ptimo D\u00eda - Divisi\u00f3n Interamericana","description":"","potentialAction":[{"@type":"SearchAction","target":{"@type":"EntryPoint","urlTemplate":"https:\/\/interamerica.org\/es\/?s={search_term_string}"},"query-input":{"@type":"PropertyValueSpecification","valueRequired":true,"valueName":"search_term_string"}}],"inLanguage":"es"},{"@type":"Person","@id":"https:\/\/interamerica.org\/es\/#\/schema\/person\/68ede8bdc292885bb76c1e3810e73c39","name":"Lorenzo Verduzco","image":{"@type":"ImageObject","inLanguage":"es","@id":"https:\/\/secure.gravatar.com\/avatar\/fb81a55b6218459490a9c1dc841a34909185b81904c5337b4b27f7a6fd60c49e?s=96&d=mm&r=g","url":"https:\/\/secure.gravatar.com\/avatar\/fb81a55b6218459490a9c1dc841a34909185b81904c5337b4b27f7a6fd60c49e?s=96&d=mm&r=g","contentUrl":"https:\/\/secure.gravatar.com\/avatar\/fb81a55b6218459490a9c1dc841a34909185b81904c5337b4b27f7a6fd60c49e?s=96&d=mm&r=g","caption":"Lorenzo Verduzco"}}]}},"_links":{"self":[{"href":"https:\/\/interamerica.org\/es\/wp-json\/wp\/v2\/posts\/10256","targetHints":{"allow":["GET"]}}],"collection":[{"href":"https:\/\/interamerica.org\/es\/wp-json\/wp\/v2\/posts"}],"about":[{"href":"https:\/\/interamerica.org\/es\/wp-json\/wp\/v2\/types\/post"}],"author":[{"embeddable":true,"href":"https:\/\/interamerica.org\/es\/wp-json\/wp\/v2\/users\/1"}],"replies":[{"embeddable":true,"href":"https:\/\/interamerica.org\/es\/wp-json\/wp\/v2\/comments?post=10256"}],"version-history":[{"count":0,"href":"https:\/\/interamerica.org\/es\/wp-json\/wp\/v2\/posts\/10256\/revisions"}],"wp:attachment":[{"href":"https:\/\/interamerica.org\/es\/wp-json\/wp\/v2\/media?parent=10256"}],"wp:term":[{"taxonomy":"category","embeddable":true,"href":"https:\/\/interamerica.org\/es\/wp-json\/wp\/v2\/categories?post=10256"},{"taxonomy":"post_tag","embeddable":true,"href":"https:\/\/interamerica.org\/es\/wp-json\/wp\/v2\/tags?post=10256"}],"curies":[{"name":"wp","href":"https:\/\/api.w.org\/{rel}","templated":true}]}}