{"id":10257,"date":"2004-03-05T00:00:00","date_gmt":"2004-03-05T04:00:00","guid":{"rendered":"http:\/\/192.81.217.108\/interamerica\/2004\/03\/oficiales-de-union-se-dan-cita-en-el-primer-concilio-de-capellania\/"},"modified":"2017-06-02T09:20:21","modified_gmt":"2017-06-02T13:20:21","slug":"oficiales-de-union-se-dan-cita-en-el-primer-concilio-de-capellania","status":"publish","type":"post","link":"https:\/\/interamerica.org\/es\/2004\/03\/oficiales-de-union-se-dan-cita-en-el-primer-concilio-de-capellania\/","title":{"rendered":"Oficiales de Uni\u00f3n se dan cita en el Primer Concilio de Capellan\u00eda"},"content":{"rendered":"<p>Miami, Florida, Estados Unidos&#8230;[Libna Stevens\/DIA] <\/p>\n<p>Los oficiales de las uniones se dieron cita recientemente para el Primer Concilio de Capellan\u00eda de Interam\u00e9rica. Las reuniones realizadas en la \u00faltima parte de Febrero y los seminarios tuvieron lugar en Miami, Florida, en la sede de la Divisi\u00f3n. <\/p>\n<p>El departamento de Capellan\u00eda fue oficialmente aprobado durante la reuni\u00f3n anual de la DIA en octubre de 2003. Este nuevo concilio fue llevado a cabo para organizar el departamento, establecer pol\u00edticas, proveer seminarios pertinentes al ministerio de la capellan\u00eda, y establecer objetivos a trav\u00e9s de un plan estrat\u00e9gico de tres a\u00f1os, dice Bernardo Rodr\u00edguez, director de Capellan\u00eda para la iglesia en Interam\u00e9rica.<\/p>\n<p>Aunque el hecho de que haya capellanes activos en hospitales, universidades, c\u00e1rceles y fuerzas militares no es nada nuevo en el territorio de la DIA, nunca ha habido un departamento oficial a nivel de la Divisi\u00f3n y en cada uni\u00f3n en Interam\u00e9rica, explica Rodr\u00edguez.<\/p>\n<p>\u00abEsto dio a los directores del Departamento de Capellan\u00eda de las diferentes uniones una oportunidad para reunirse, recibir algunas ense\u00f1anzas, y para enfocarse verdaderamente en proveer un apoyo adecuado a los capellanes en las cuatro \u00e1reas en las cuales ellos est\u00e1n involucrados en nuestro territorio\u00bb, dice Rodr\u00edguez, \u00aby para dar importancia a este ministerio, de modo que pueda cumplir la misi\u00f3n en un nivel internacional, a trav\u00e9s de la compasi\u00f3n y el servicio con el amor de Dios\u00bb.<\/p>\n<p>Entre los objetivos establecidos en la reuni\u00f3n estuvieron delinear el perfil de un capell\u00e1n, organizar una asociaci\u00f3n de capellanes en cada territorio, preparar a los capellanes para la ordenaci\u00f3n al ministerio, proveerles educaci\u00f3n continua y establecer una red de capellanes voluntarios que puedan ayudar en las c\u00e1rceles y hospitales. <\/p>\n<p>Los seminarios tuvieron lugar durante las reuniones, e incluyeron t\u00f3picos como Capellan\u00eda Adventista: un Ministerio de Curaci\u00f3n; Fundamentos Teol\u00f3gicos de la Capellan\u00eda Adventista; Aspectos B\u00e1sicos del Ministerio en las Crisis; Desarrollando un Programa de Capellan\u00eda; Pol\u00edticas y Procedimientos para Apoyar a sus Capellanes; Capellan\u00eda y las Necesidades de las Instituciones Educativas. <\/p>\n<p>Entre los instructores estuvieron el Pastor Martin W. Feldbush, director de Ministerio de Capellan\u00eda en la sede mundial de la Iglesia Adventista del S\u00e9ptimo D\u00eda, el pastor Jay P\u00e9rez, Capell\u00e1n Principal del Hospital de Florida, y el Dr. Carlos Archbold, director de Educaci\u00f3n para la iglesia en Interam\u00e9rica. <\/p>\n<p>Para mayor informaci\u00f3n acerca del departamento de Ministerio de Capellan\u00eda vaya a www.interamerica.org o llame a la oficina que est\u00e1 en la sede de la DIA, al (305) 403-4700 <\/p>\n","protected":false},"excerpt":{"rendered":"<p>Los oficiales de las uniones se dieron cita recientemente para el Primer Concilio de Capellan\u00eda de Interam\u00e9rica. Las reuniones realizadas en la \u00faltima parte de Febrero y los seminarios tuvieron lugar en Miami, Florida, en la sede de la Divisi\u00f3n.<\/p>\n","protected":false},"author":1,"featured_media":0,"comment_status":"closed","ping_status":"closed","sticky":false,"template":"","format":"standard","meta":{"_acf_changed":false,"footnotes":""},"categories":[8],"tags":[],"class_list":["post-10257","post","type-post","status-publish","format-standard","hentry","category-archivo"],"acf":[],"yoast_head":"<!-- This site is optimized with the Yoast SEO plugin v27.3 - https:\/\/yoast.com\/product\/yoast-seo-wordpress\/ -->\n<title>Oficiales de Uni\u00f3n se dan cita en el Primer Concilio de Capellan\u00eda - Iglesia Adventista del S\u00e9ptimo D\u00eda - Divisi\u00f3n Interamericana<\/title>\n<meta name=\"robots\" content=\"index, follow, max-snippet:-1, max-image-preview:large, max-video-preview:-1\" \/>\n<link rel=\"canonical\" href=\"https:\/\/interamerica.org\/es\/2004\/03\/oficiales-de-union-se-dan-cita-en-el-primer-concilio-de-capellania\/\" \/>\n<meta property=\"og:locale\" content=\"es_ES\" \/>\n<meta property=\"og:type\" content=\"article\" \/>\n<meta property=\"og:title\" content=\"Oficiales de Uni\u00f3n se dan cita en el Primer Concilio de Capellan\u00eda - Iglesia Adventista del S\u00e9ptimo D\u00eda - Divisi\u00f3n Interamericana\" \/>\n<meta property=\"og:description\" content=\"Los oficiales de las uniones se dieron cita recientemente para el Primer Concilio de Capellan\u00eda de Interam\u00e9rica. Las reuniones realizadas en la \u00faltima parte de Febrero y los seminarios tuvieron lugar en Miami, Florida, en la sede de la Divisi\u00f3n.\" \/>\n<meta property=\"og:url\" content=\"https:\/\/interamerica.org\/es\/2004\/03\/oficiales-de-union-se-dan-cita-en-el-primer-concilio-de-capellania\/\" \/>\n<meta property=\"og:site_name\" content=\"Iglesia Adventista del S\u00e9ptimo D\u00eda - Divisi\u00f3n Interamericana\" \/>\n<meta property=\"article:published_time\" content=\"2004-03-05T04:00:00+00:00\" \/>\n<meta property=\"article:modified_time\" content=\"2017-06-02T13:20:21+00:00\" \/>\n<meta name=\"author\" content=\"Lorenzo Verduzco\" \/>\n<meta name=\"twitter:card\" content=\"summary_large_image\" \/>\n<meta name=\"twitter:label1\" content=\"Escrito por\" \/>\n\t<meta name=\"twitter:data1\" content=\"Lorenzo Verduzco\" \/>\n\t<meta name=\"twitter:label2\" content=\"Tiempo de lectura\" \/>\n\t<meta name=\"twitter:data2\" content=\"2 minutos\" \/>\n<script type=\"application\/ld+json\" class=\"yoast-schema-graph\">{\"@context\":\"https:\\\/\\\/schema.org\",\"@graph\":[{\"@type\":\"Article\",\"@id\":\"https:\\\/\\\/interamerica.org\\\/es\\\/2004\\\/03\\\/oficiales-de-union-se-dan-cita-en-el-primer-concilio-de-capellania\\\/#article\",\"isPartOf\":{\"@id\":\"https:\\\/\\\/interamerica.org\\\/es\\\/2004\\\/03\\\/oficiales-de-union-se-dan-cita-en-el-primer-concilio-de-capellania\\\/\"},\"author\":{\"name\":\"Lorenzo Verduzco\",\"@id\":\"https:\\\/\\\/interamerica.org\\\/es\\\/#\\\/schema\\\/person\\\/68ede8bdc292885bb76c1e3810e73c39\"},\"headline\":\"Oficiales de Uni\u00f3n se dan cita en el Primer Concilio de Capellan\u00eda\",\"datePublished\":\"2004-03-05T04:00:00+00:00\",\"dateModified\":\"2017-06-02T13:20:21+00:00\",\"mainEntityOfPage\":{\"@id\":\"https:\\\/\\\/interamerica.org\\\/es\\\/2004\\\/03\\\/oficiales-de-union-se-dan-cita-en-el-primer-concilio-de-capellania\\\/\"},\"wordCount\":471,\"articleSection\":[\"Archivo\"],\"inLanguage\":\"es\"},{\"@type\":\"WebPage\",\"@id\":\"https:\\\/\\\/interamerica.org\\\/es\\\/2004\\\/03\\\/oficiales-de-union-se-dan-cita-en-el-primer-concilio-de-capellania\\\/\",\"url\":\"https:\\\/\\\/interamerica.org\\\/es\\\/2004\\\/03\\\/oficiales-de-union-se-dan-cita-en-el-primer-concilio-de-capellania\\\/\",\"name\":\"Oficiales de Uni\u00f3n se dan cita en el Primer Concilio de Capellan\u00eda - Iglesia Adventista del S\u00e9ptimo D\u00eda - Divisi\u00f3n Interamericana\",\"isPartOf\":{\"@id\":\"https:\\\/\\\/interamerica.org\\\/es\\\/#website\"},\"datePublished\":\"2004-03-05T04:00:00+00:00\",\"dateModified\":\"2017-06-02T13:20:21+00:00\",\"author\":{\"@id\":\"https:\\\/\\\/interamerica.org\\\/es\\\/#\\\/schema\\\/person\\\/68ede8bdc292885bb76c1e3810e73c39\"},\"breadcrumb\":{\"@id\":\"https:\\\/\\\/interamerica.org\\\/es\\\/2004\\\/03\\\/oficiales-de-union-se-dan-cita-en-el-primer-concilio-de-capellania\\\/#breadcrumb\"},\"inLanguage\":\"es\",\"potentialAction\":[{\"@type\":\"ReadAction\",\"target\":[\"https:\\\/\\\/interamerica.org\\\/es\\\/2004\\\/03\\\/oficiales-de-union-se-dan-cita-en-el-primer-concilio-de-capellania\\\/\"]}]},{\"@type\":\"BreadcrumbList\",\"@id\":\"https:\\\/\\\/interamerica.org\\\/es\\\/2004\\\/03\\\/oficiales-de-union-se-dan-cita-en-el-primer-concilio-de-capellania\\\/#breadcrumb\",\"itemListElement\":[{\"@type\":\"ListItem\",\"position\":1,\"name\":\"Home\",\"item\":\"https:\\\/\\\/interamerica.org\\\/es\\\/\"},{\"@type\":\"ListItem\",\"position\":2,\"name\":\"Oficiales de Uni\u00f3n se dan cita en el Primer Concilio de Capellan\u00eda\"}]},{\"@type\":\"WebSite\",\"@id\":\"https:\\\/\\\/interamerica.org\\\/es\\\/#website\",\"url\":\"https:\\\/\\\/interamerica.org\\\/es\\\/\",\"name\":\"Iglesia Adventista del S\u00e9ptimo D\u00eda - Divisi\u00f3n Interamericana\",\"description\":\"\",\"potentialAction\":[{\"@type\":\"SearchAction\",\"target\":{\"@type\":\"EntryPoint\",\"urlTemplate\":\"https:\\\/\\\/interamerica.org\\\/es\\\/?s={search_term_string}\"},\"query-input\":{\"@type\":\"PropertyValueSpecification\",\"valueRequired\":true,\"valueName\":\"search_term_string\"}}],\"inLanguage\":\"es\"},{\"@type\":\"Person\",\"@id\":\"https:\\\/\\\/interamerica.org\\\/es\\\/#\\\/schema\\\/person\\\/68ede8bdc292885bb76c1e3810e73c39\",\"name\":\"Lorenzo Verduzco\",\"image\":{\"@type\":\"ImageObject\",\"inLanguage\":\"es\",\"@id\":\"https:\\\/\\\/secure.gravatar.com\\\/avatar\\\/fb81a55b6218459490a9c1dc841a34909185b81904c5337b4b27f7a6fd60c49e?s=96&d=mm&r=g\",\"url\":\"https:\\\/\\\/secure.gravatar.com\\\/avatar\\\/fb81a55b6218459490a9c1dc841a34909185b81904c5337b4b27f7a6fd60c49e?s=96&d=mm&r=g\",\"contentUrl\":\"https:\\\/\\\/secure.gravatar.com\\\/avatar\\\/fb81a55b6218459490a9c1dc841a34909185b81904c5337b4b27f7a6fd60c49e?s=96&d=mm&r=g\",\"caption\":\"Lorenzo Verduzco\"}}]}<\/script>\n<!-- \/ Yoast SEO plugin. -->","yoast_head_json":{"title":"Oficiales de Uni\u00f3n se dan cita en el Primer Concilio de Capellan\u00eda - Iglesia Adventista del S\u00e9ptimo D\u00eda - Divisi\u00f3n Interamericana","robots":{"index":"index","follow":"follow","max-snippet":"max-snippet:-1","max-image-preview":"max-image-preview:large","max-video-preview":"max-video-preview:-1"},"canonical":"https:\/\/interamerica.org\/es\/2004\/03\/oficiales-de-union-se-dan-cita-en-el-primer-concilio-de-capellania\/","og_locale":"es_ES","og_type":"article","og_title":"Oficiales de Uni\u00f3n se dan cita en el Primer Concilio de Capellan\u00eda - Iglesia Adventista del S\u00e9ptimo D\u00eda - Divisi\u00f3n Interamericana","og_description":"Los oficiales de las uniones se dieron cita recientemente para el Primer Concilio de Capellan\u00eda de Interam\u00e9rica. Las reuniones realizadas en la \u00faltima parte de Febrero y los seminarios tuvieron lugar en Miami, Florida, en la sede de la Divisi\u00f3n.","og_url":"https:\/\/interamerica.org\/es\/2004\/03\/oficiales-de-union-se-dan-cita-en-el-primer-concilio-de-capellania\/","og_site_name":"Iglesia Adventista del S\u00e9ptimo D\u00eda - Divisi\u00f3n Interamericana","article_published_time":"2004-03-05T04:00:00+00:00","article_modified_time":"2017-06-02T13:20:21+00:00","author":"Lorenzo Verduzco","twitter_card":"summary_large_image","twitter_misc":{"Escrito por":"Lorenzo Verduzco","Tiempo de lectura":"2 minutos"},"schema":{"@context":"https:\/\/schema.org","@graph":[{"@type":"Article","@id":"https:\/\/interamerica.org\/es\/2004\/03\/oficiales-de-union-se-dan-cita-en-el-primer-concilio-de-capellania\/#article","isPartOf":{"@id":"https:\/\/interamerica.org\/es\/2004\/03\/oficiales-de-union-se-dan-cita-en-el-primer-concilio-de-capellania\/"},"author":{"name":"Lorenzo Verduzco","@id":"https:\/\/interamerica.org\/es\/#\/schema\/person\/68ede8bdc292885bb76c1e3810e73c39"},"headline":"Oficiales de Uni\u00f3n se dan cita en el Primer Concilio de Capellan\u00eda","datePublished":"2004-03-05T04:00:00+00:00","dateModified":"2017-06-02T13:20:21+00:00","mainEntityOfPage":{"@id":"https:\/\/interamerica.org\/es\/2004\/03\/oficiales-de-union-se-dan-cita-en-el-primer-concilio-de-capellania\/"},"wordCount":471,"articleSection":["Archivo"],"inLanguage":"es"},{"@type":"WebPage","@id":"https:\/\/interamerica.org\/es\/2004\/03\/oficiales-de-union-se-dan-cita-en-el-primer-concilio-de-capellania\/","url":"https:\/\/interamerica.org\/es\/2004\/03\/oficiales-de-union-se-dan-cita-en-el-primer-concilio-de-capellania\/","name":"Oficiales de Uni\u00f3n se dan cita en el Primer Concilio de Capellan\u00eda - Iglesia Adventista del S\u00e9ptimo D\u00eda - Divisi\u00f3n Interamericana","isPartOf":{"@id":"https:\/\/interamerica.org\/es\/#website"},"datePublished":"2004-03-05T04:00:00+00:00","dateModified":"2017-06-02T13:20:21+00:00","author":{"@id":"https:\/\/interamerica.org\/es\/#\/schema\/person\/68ede8bdc292885bb76c1e3810e73c39"},"breadcrumb":{"@id":"https:\/\/interamerica.org\/es\/2004\/03\/oficiales-de-union-se-dan-cita-en-el-primer-concilio-de-capellania\/#breadcrumb"},"inLanguage":"es","potentialAction":[{"@type":"ReadAction","target":["https:\/\/interamerica.org\/es\/2004\/03\/oficiales-de-union-se-dan-cita-en-el-primer-concilio-de-capellania\/"]}]},{"@type":"BreadcrumbList","@id":"https:\/\/interamerica.org\/es\/2004\/03\/oficiales-de-union-se-dan-cita-en-el-primer-concilio-de-capellania\/#breadcrumb","itemListElement":[{"@type":"ListItem","position":1,"name":"Home","item":"https:\/\/interamerica.org\/es\/"},{"@type":"ListItem","position":2,"name":"Oficiales de Uni\u00f3n se dan cita en el Primer Concilio de Capellan\u00eda"}]},{"@type":"WebSite","@id":"https:\/\/interamerica.org\/es\/#website","url":"https:\/\/interamerica.org\/es\/","name":"Iglesia Adventista del S\u00e9ptimo D\u00eda - Divisi\u00f3n Interamericana","description":"","potentialAction":[{"@type":"SearchAction","target":{"@type":"EntryPoint","urlTemplate":"https:\/\/interamerica.org\/es\/?s={search_term_string}"},"query-input":{"@type":"PropertyValueSpecification","valueRequired":true,"valueName":"search_term_string"}}],"inLanguage":"es"},{"@type":"Person","@id":"https:\/\/interamerica.org\/es\/#\/schema\/person\/68ede8bdc292885bb76c1e3810e73c39","name":"Lorenzo Verduzco","image":{"@type":"ImageObject","inLanguage":"es","@id":"https:\/\/secure.gravatar.com\/avatar\/fb81a55b6218459490a9c1dc841a34909185b81904c5337b4b27f7a6fd60c49e?s=96&d=mm&r=g","url":"https:\/\/secure.gravatar.com\/avatar\/fb81a55b6218459490a9c1dc841a34909185b81904c5337b4b27f7a6fd60c49e?s=96&d=mm&r=g","contentUrl":"https:\/\/secure.gravatar.com\/avatar\/fb81a55b6218459490a9c1dc841a34909185b81904c5337b4b27f7a6fd60c49e?s=96&d=mm&r=g","caption":"Lorenzo Verduzco"}}]}},"_links":{"self":[{"href":"https:\/\/interamerica.org\/es\/wp-json\/wp\/v2\/posts\/10257","targetHints":{"allow":["GET"]}}],"collection":[{"href":"https:\/\/interamerica.org\/es\/wp-json\/wp\/v2\/posts"}],"about":[{"href":"https:\/\/interamerica.org\/es\/wp-json\/wp\/v2\/types\/post"}],"author":[{"embeddable":true,"href":"https:\/\/interamerica.org\/es\/wp-json\/wp\/v2\/users\/1"}],"replies":[{"embeddable":true,"href":"https:\/\/interamerica.org\/es\/wp-json\/wp\/v2\/comments?post=10257"}],"version-history":[{"count":0,"href":"https:\/\/interamerica.org\/es\/wp-json\/wp\/v2\/posts\/10257\/revisions"}],"wp:attachment":[{"href":"https:\/\/interamerica.org\/es\/wp-json\/wp\/v2\/media?parent=10257"}],"wp:term":[{"taxonomy":"category","embeddable":true,"href":"https:\/\/interamerica.org\/es\/wp-json\/wp\/v2\/categories?post=10257"},{"taxonomy":"post_tag","embeddable":true,"href":"https:\/\/interamerica.org\/es\/wp-json\/wp\/v2\/tags?post=10257"}],"curies":[{"name":"wp","href":"https:\/\/api.w.org\/{rel}","templated":true}]}}