{"id":10259,"date":"2004-03-09T00:00:00","date_gmt":"2004-03-09T04:00:00","guid":{"rendered":"http:\/\/192.81.217.108\/interamerica\/2004\/03\/la-iglesia-mundial-adventistas-declaran-matrimonio-tradicional-reaccion-en-cuanto-a-uniones-del-mismo-sexo\/"},"modified":"2017-06-02T09:20:20","modified_gmt":"2017-06-02T13:20:20","slug":"la-iglesia-mundial-adventistas-declaran-matrimonio-tradicional-reaccion-en-cuanto-a-uniones-del-mismo-sexo","status":"publish","type":"post","link":"https:\/\/interamerica.org\/es\/2004\/03\/la-iglesia-mundial-adventistas-declaran-matrimonio-tradicional-reaccion-en-cuanto-a-uniones-del-mismo-sexo\/","title":{"rendered":"La Iglesia Mundial: Adventistas\u00a0declaran matrimonio tradicional, Reacci\u00f3n en cuanto a \u00abuniones\u00bb del mismo-sexo"},"content":{"rendered":"<p>Silver Spring, Maryland,\u00a0Estados Unidos\u00a0&#8230;. [Mark A. Kellner\/ANN]<\/p>\n<p>Respondiendo al debate internacional sobre uniones del mismo-sexo,\u00a0el Comit\u00e9\u00a0Administrativo\u00a0de la Iglesia Adventista del S\u00e9ptimo D\u00eda reafirm\u00f3\u00a0actualmente la definici\u00f3n tradicional de matrimonios cristianos\u00a0establecidos entre un hombre y una mujer.\u00a0<\/p>\n<p>\u00abUn\u00a0significativo aumento\u00a0en la\u00a0cantidad de naciones est\u00e1n actualmente debatiendo\u00a0sobre el t\u00f3pico de uniones del mismo-sexo,\u00a0\u00a0convirti\u00e9ndolo en\u00a0un tema mundial.\u00a0 La discusi\u00f3n p\u00fablica ha engendrado fuertes emociones,\u00bb\u00a0 expresa una secci\u00f3n de la declaraci\u00f3n de la iglesia.\u00a0<\/p>\n<p>\u00abLo que por siglos se ha considerado ser moralidad cristiana b\u00e1sica en\u00a0la posici\u00f3n\u00a0de la uni\u00f3n matrimonial ahora se\u00a0considera cada vez m\u00e1s en\u00a0duda, no solamente en la sociedad secular, pero dentro de las mismas iglesias cristianas,\u00bb la declaraci\u00f3n dice.\u00a0 \u00abReafirmamos, sin\u00a0 vacilaci\u00f3n, nuestra posici\u00f3n de muchos a\u00f1os.\u00bb<\/p>\n<p>Esa posici\u00f3n,\u00a0establecida en la biblia, se resume en la Declaraci\u00f3n Fundamental de la creencias de la iglesia:\u00a0 \u00abLa uni\u00f3n matrimonial divinamente establecida en el Ed\u00e9n y afirmada por Jes\u00fas para ser una uni\u00f3n de por vida entre un hombre y una mujer en compa\u00f1erismo cari\u00f1oso.\u00bb<\/p>\n<p>La iglesia\u00a0re-estableci\u00f3 sus creencias\u00a0de que\u00a0la \u00abhomosexualidad es una manifestaci\u00f3n de los trastornos y de\u00a0la separaci\u00f3n\u00a0en las inclinaciones humanas y las relaciones causadas por el pecado\u00a0en el mundo.\u00a0 Mientras que cada uno est\u00e1 conforme\u00a0a la ca\u00edda naturaleza humana, &#8216;tambi\u00e9n creemos que por la tolerancia de\u00a0Dios y con el est\u00edmulo de la comunidad de la fe, un individuo puede vivir en armon\u00eda con los principios de la palabra del Dios,\u00bb confirmando lo expresado en\u00a0las 1999 \u00abdeclaraciones de la posici\u00f3n de de los Adventistas del S\u00e9ptimo D\u00eda sobre homosexualidad.\u00bb<\/p>\n<p>Al\u00a0mismo tiempo, las\u00a0declaraciones escritas,\u00a0\u00absostienen que toda\u00a0persona, no importa\u00a0su orientaci\u00f3n sexual,\u00a0son hijos de Dios.\u00a0\u00a0No aprobamos su conducta\u00a0apuntando\u00a0a\u00a0un cierto grupo para\u00a0menospreciarlo y\u00a0considerarlo como un objeto de escarnio,\u00a0sin tomar en cuenta el abuso.\u00bb<\/p>\n<p>La declaraci\u00f3n se manifiesta como una r\u00e1faga furiosa en cuanto a las\u00a0\u00abuniones del mismo-sexo\u00bb en\u00a0varias partes del mundo, particularmente en Norteam\u00e9rica.\u00a0 Los l\u00edderes de la iglesia\u00a0expresaron que es importante reafirmar y exponer la opini\u00f3n oficial de\u00a0la Iglesia Adventita\u00a0del S\u00e9ptimo D\u00eda\u00a0en forma modificada de modo que los miembros y el p\u00fablico pudieran tener una referencia clara en el tema.<\/p>\n<p>Seg\u00fan el Dr. Angel Manuel Rodr\u00edguez, director del Instituto de Investigaci\u00f3n B\u00edblico de la iglesia, expresa, \u00abEsta reafirmaci\u00f3n es \u00fatil en el sentido que la comprensi\u00f3n b\u00edblica se ha preguntado y se ha rechazado en algunos sectores de la cultura occidental.\u00a0 Cuando esto sucede, es la responsabilidad de la iglesia atestiguar a la verdad b\u00edblica.\u00bb<\/p>\n<p>La Iglesia\u00a0Adventista del S\u00e9ptimo D\u00eda\u00a0se compone\u00a0de una membres\u00eda de 13 millones\u00a0alrededor del mundo.\u00a0 Un estimado de 20 millones de personas\u00a0asisten cada semana a servicios de\u00a0adoraci\u00f3n de la iglesia. <\/p>\n","protected":false},"excerpt":{"rendered":"<p>La Iglesia Adventista del S\u00e9ptimo D\u00eda reafirma\u00a0actualmente\u00a0la definici\u00f3n tradicional\u00a0de matrimonios cristianos\u00a0realizados\u00a0entre un hombre y una mujer.<\/p>\n","protected":false},"author":1,"featured_media":0,"comment_status":"closed","ping_status":"closed","sticky":false,"template":"","format":"standard","meta":{"_acf_changed":false,"footnotes":""},"categories":[8],"tags":[],"class_list":["post-10259","post","type-post","status-publish","format-standard","hentry","category-archivo"],"acf":[],"yoast_head":"<!-- This site is optimized with the Yoast SEO plugin v27.3 - https:\/\/yoast.com\/product\/yoast-seo-wordpress\/ -->\n<title>La Iglesia Mundial: Adventistas\u00a0declaran matrimonio tradicional, Reacci\u00f3n en cuanto a &quot;uniones&quot; del mismo-sexo - Iglesia Adventista del S\u00e9ptimo D\u00eda - Divisi\u00f3n Interamericana<\/title>\n<meta name=\"robots\" content=\"index, follow, max-snippet:-1, max-image-preview:large, max-video-preview:-1\" \/>\n<link rel=\"canonical\" href=\"https:\/\/interamerica.org\/es\/2004\/03\/la-iglesia-mundial-adventistas-declaran-matrimonio-tradicional-reaccion-en-cuanto-a-uniones-del-mismo-sexo\/\" \/>\n<meta property=\"og:locale\" content=\"es_ES\" \/>\n<meta property=\"og:type\" content=\"article\" \/>\n<meta property=\"og:title\" content=\"La Iglesia Mundial: Adventistas\u00a0declaran matrimonio tradicional, Reacci\u00f3n en cuanto a &quot;uniones&quot; del mismo-sexo - Iglesia Adventista del S\u00e9ptimo D\u00eda - Divisi\u00f3n Interamericana\" \/>\n<meta property=\"og:description\" content=\"La Iglesia Adventista del S\u00e9ptimo D\u00eda reafirma\u00a0actualmente\u00a0la definici\u00f3n tradicional\u00a0de matrimonios cristianos\u00a0realizados\u00a0entre un hombre y una mujer.\" \/>\n<meta property=\"og:url\" content=\"https:\/\/interamerica.org\/es\/2004\/03\/la-iglesia-mundial-adventistas-declaran-matrimonio-tradicional-reaccion-en-cuanto-a-uniones-del-mismo-sexo\/\" \/>\n<meta property=\"og:site_name\" content=\"Iglesia Adventista del S\u00e9ptimo D\u00eda - Divisi\u00f3n Interamericana\" \/>\n<meta property=\"article:published_time\" content=\"2004-03-09T04:00:00+00:00\" \/>\n<meta property=\"article:modified_time\" content=\"2017-06-02T13:20:20+00:00\" \/>\n<meta name=\"author\" content=\"Lorenzo Verduzco\" \/>\n<meta name=\"twitter:card\" content=\"summary_large_image\" \/>\n<meta name=\"twitter:label1\" content=\"Escrito por\" \/>\n\t<meta name=\"twitter:data1\" content=\"Lorenzo Verduzco\" \/>\n\t<meta name=\"twitter:label2\" content=\"Tiempo de lectura\" \/>\n\t<meta name=\"twitter:data2\" content=\"3 minutos\" \/>\n<script type=\"application\/ld+json\" class=\"yoast-schema-graph\">{\"@context\":\"https:\\\/\\\/schema.org\",\"@graph\":[{\"@type\":\"Article\",\"@id\":\"https:\\\/\\\/interamerica.org\\\/es\\\/2004\\\/03\\\/la-iglesia-mundial-adventistas-declaran-matrimonio-tradicional-reaccion-en-cuanto-a-uniones-del-mismo-sexo\\\/#article\",\"isPartOf\":{\"@id\":\"https:\\\/\\\/interamerica.org\\\/es\\\/2004\\\/03\\\/la-iglesia-mundial-adventistas-declaran-matrimonio-tradicional-reaccion-en-cuanto-a-uniones-del-mismo-sexo\\\/\"},\"author\":{\"name\":\"Lorenzo Verduzco\",\"@id\":\"https:\\\/\\\/interamerica.org\\\/es\\\/#\\\/schema\\\/person\\\/68ede8bdc292885bb76c1e3810e73c39\"},\"headline\":\"La Iglesia Mundial: Adventistas\u00a0declaran matrimonio tradicional, Reacci\u00f3n en cuanto a \u00abuniones\u00bb del mismo-sexo\",\"datePublished\":\"2004-03-09T04:00:00+00:00\",\"dateModified\":\"2017-06-02T13:20:20+00:00\",\"mainEntityOfPage\":{\"@id\":\"https:\\\/\\\/interamerica.org\\\/es\\\/2004\\\/03\\\/la-iglesia-mundial-adventistas-declaran-matrimonio-tradicional-reaccion-en-cuanto-a-uniones-del-mismo-sexo\\\/\"},\"wordCount\":536,\"articleSection\":[\"Archivo\"],\"inLanguage\":\"es\"},{\"@type\":\"WebPage\",\"@id\":\"https:\\\/\\\/interamerica.org\\\/es\\\/2004\\\/03\\\/la-iglesia-mundial-adventistas-declaran-matrimonio-tradicional-reaccion-en-cuanto-a-uniones-del-mismo-sexo\\\/\",\"url\":\"https:\\\/\\\/interamerica.org\\\/es\\\/2004\\\/03\\\/la-iglesia-mundial-adventistas-declaran-matrimonio-tradicional-reaccion-en-cuanto-a-uniones-del-mismo-sexo\\\/\",\"name\":\"La Iglesia Mundial: Adventistas\u00a0declaran matrimonio tradicional, Reacci\u00f3n en cuanto a \\\"uniones\\\" del mismo-sexo - Iglesia Adventista del S\u00e9ptimo D\u00eda - Divisi\u00f3n Interamericana\",\"isPartOf\":{\"@id\":\"https:\\\/\\\/interamerica.org\\\/es\\\/#website\"},\"datePublished\":\"2004-03-09T04:00:00+00:00\",\"dateModified\":\"2017-06-02T13:20:20+00:00\",\"author\":{\"@id\":\"https:\\\/\\\/interamerica.org\\\/es\\\/#\\\/schema\\\/person\\\/68ede8bdc292885bb76c1e3810e73c39\"},\"breadcrumb\":{\"@id\":\"https:\\\/\\\/interamerica.org\\\/es\\\/2004\\\/03\\\/la-iglesia-mundial-adventistas-declaran-matrimonio-tradicional-reaccion-en-cuanto-a-uniones-del-mismo-sexo\\\/#breadcrumb\"},\"inLanguage\":\"es\",\"potentialAction\":[{\"@type\":\"ReadAction\",\"target\":[\"https:\\\/\\\/interamerica.org\\\/es\\\/2004\\\/03\\\/la-iglesia-mundial-adventistas-declaran-matrimonio-tradicional-reaccion-en-cuanto-a-uniones-del-mismo-sexo\\\/\"]}]},{\"@type\":\"BreadcrumbList\",\"@id\":\"https:\\\/\\\/interamerica.org\\\/es\\\/2004\\\/03\\\/la-iglesia-mundial-adventistas-declaran-matrimonio-tradicional-reaccion-en-cuanto-a-uniones-del-mismo-sexo\\\/#breadcrumb\",\"itemListElement\":[{\"@type\":\"ListItem\",\"position\":1,\"name\":\"Home\",\"item\":\"https:\\\/\\\/interamerica.org\\\/es\\\/\"},{\"@type\":\"ListItem\",\"position\":2,\"name\":\"La Iglesia Mundial: Adventistas\u00a0declaran matrimonio tradicional, Reacci\u00f3n en cuanto a \u00abuniones\u00bb del mismo-sexo\"}]},{\"@type\":\"WebSite\",\"@id\":\"https:\\\/\\\/interamerica.org\\\/es\\\/#website\",\"url\":\"https:\\\/\\\/interamerica.org\\\/es\\\/\",\"name\":\"Iglesia Adventista del S\u00e9ptimo D\u00eda - Divisi\u00f3n Interamericana\",\"description\":\"\",\"potentialAction\":[{\"@type\":\"SearchAction\",\"target\":{\"@type\":\"EntryPoint\",\"urlTemplate\":\"https:\\\/\\\/interamerica.org\\\/es\\\/?s={search_term_string}\"},\"query-input\":{\"@type\":\"PropertyValueSpecification\",\"valueRequired\":true,\"valueName\":\"search_term_string\"}}],\"inLanguage\":\"es\"},{\"@type\":\"Person\",\"@id\":\"https:\\\/\\\/interamerica.org\\\/es\\\/#\\\/schema\\\/person\\\/68ede8bdc292885bb76c1e3810e73c39\",\"name\":\"Lorenzo Verduzco\",\"image\":{\"@type\":\"ImageObject\",\"inLanguage\":\"es\",\"@id\":\"https:\\\/\\\/secure.gravatar.com\\\/avatar\\\/fb81a55b6218459490a9c1dc841a34909185b81904c5337b4b27f7a6fd60c49e?s=96&d=mm&r=g\",\"url\":\"https:\\\/\\\/secure.gravatar.com\\\/avatar\\\/fb81a55b6218459490a9c1dc841a34909185b81904c5337b4b27f7a6fd60c49e?s=96&d=mm&r=g\",\"contentUrl\":\"https:\\\/\\\/secure.gravatar.com\\\/avatar\\\/fb81a55b6218459490a9c1dc841a34909185b81904c5337b4b27f7a6fd60c49e?s=96&d=mm&r=g\",\"caption\":\"Lorenzo Verduzco\"}}]}<\/script>\n<!-- \/ Yoast SEO plugin. -->","yoast_head_json":{"title":"La Iglesia Mundial: Adventistas\u00a0declaran matrimonio tradicional, Reacci\u00f3n en cuanto a \"uniones\" del mismo-sexo - Iglesia Adventista del S\u00e9ptimo D\u00eda - Divisi\u00f3n Interamericana","robots":{"index":"index","follow":"follow","max-snippet":"max-snippet:-1","max-image-preview":"max-image-preview:large","max-video-preview":"max-video-preview:-1"},"canonical":"https:\/\/interamerica.org\/es\/2004\/03\/la-iglesia-mundial-adventistas-declaran-matrimonio-tradicional-reaccion-en-cuanto-a-uniones-del-mismo-sexo\/","og_locale":"es_ES","og_type":"article","og_title":"La Iglesia Mundial: Adventistas\u00a0declaran matrimonio tradicional, Reacci\u00f3n en cuanto a \"uniones\" del mismo-sexo - Iglesia Adventista del S\u00e9ptimo D\u00eda - Divisi\u00f3n Interamericana","og_description":"La Iglesia Adventista del S\u00e9ptimo D\u00eda reafirma\u00a0actualmente\u00a0la definici\u00f3n tradicional\u00a0de matrimonios cristianos\u00a0realizados\u00a0entre un hombre y una mujer.","og_url":"https:\/\/interamerica.org\/es\/2004\/03\/la-iglesia-mundial-adventistas-declaran-matrimonio-tradicional-reaccion-en-cuanto-a-uniones-del-mismo-sexo\/","og_site_name":"Iglesia Adventista del S\u00e9ptimo D\u00eda - Divisi\u00f3n Interamericana","article_published_time":"2004-03-09T04:00:00+00:00","article_modified_time":"2017-06-02T13:20:20+00:00","author":"Lorenzo Verduzco","twitter_card":"summary_large_image","twitter_misc":{"Escrito por":"Lorenzo Verduzco","Tiempo de lectura":"3 minutos"},"schema":{"@context":"https:\/\/schema.org","@graph":[{"@type":"Article","@id":"https:\/\/interamerica.org\/es\/2004\/03\/la-iglesia-mundial-adventistas-declaran-matrimonio-tradicional-reaccion-en-cuanto-a-uniones-del-mismo-sexo\/#article","isPartOf":{"@id":"https:\/\/interamerica.org\/es\/2004\/03\/la-iglesia-mundial-adventistas-declaran-matrimonio-tradicional-reaccion-en-cuanto-a-uniones-del-mismo-sexo\/"},"author":{"name":"Lorenzo Verduzco","@id":"https:\/\/interamerica.org\/es\/#\/schema\/person\/68ede8bdc292885bb76c1e3810e73c39"},"headline":"La Iglesia Mundial: Adventistas\u00a0declaran matrimonio tradicional, Reacci\u00f3n en cuanto a \u00abuniones\u00bb del mismo-sexo","datePublished":"2004-03-09T04:00:00+00:00","dateModified":"2017-06-02T13:20:20+00:00","mainEntityOfPage":{"@id":"https:\/\/interamerica.org\/es\/2004\/03\/la-iglesia-mundial-adventistas-declaran-matrimonio-tradicional-reaccion-en-cuanto-a-uniones-del-mismo-sexo\/"},"wordCount":536,"articleSection":["Archivo"],"inLanguage":"es"},{"@type":"WebPage","@id":"https:\/\/interamerica.org\/es\/2004\/03\/la-iglesia-mundial-adventistas-declaran-matrimonio-tradicional-reaccion-en-cuanto-a-uniones-del-mismo-sexo\/","url":"https:\/\/interamerica.org\/es\/2004\/03\/la-iglesia-mundial-adventistas-declaran-matrimonio-tradicional-reaccion-en-cuanto-a-uniones-del-mismo-sexo\/","name":"La Iglesia Mundial: Adventistas\u00a0declaran matrimonio tradicional, Reacci\u00f3n en cuanto a \"uniones\" del mismo-sexo - Iglesia Adventista del S\u00e9ptimo D\u00eda - Divisi\u00f3n Interamericana","isPartOf":{"@id":"https:\/\/interamerica.org\/es\/#website"},"datePublished":"2004-03-09T04:00:00+00:00","dateModified":"2017-06-02T13:20:20+00:00","author":{"@id":"https:\/\/interamerica.org\/es\/#\/schema\/person\/68ede8bdc292885bb76c1e3810e73c39"},"breadcrumb":{"@id":"https:\/\/interamerica.org\/es\/2004\/03\/la-iglesia-mundial-adventistas-declaran-matrimonio-tradicional-reaccion-en-cuanto-a-uniones-del-mismo-sexo\/#breadcrumb"},"inLanguage":"es","potentialAction":[{"@type":"ReadAction","target":["https:\/\/interamerica.org\/es\/2004\/03\/la-iglesia-mundial-adventistas-declaran-matrimonio-tradicional-reaccion-en-cuanto-a-uniones-del-mismo-sexo\/"]}]},{"@type":"BreadcrumbList","@id":"https:\/\/interamerica.org\/es\/2004\/03\/la-iglesia-mundial-adventistas-declaran-matrimonio-tradicional-reaccion-en-cuanto-a-uniones-del-mismo-sexo\/#breadcrumb","itemListElement":[{"@type":"ListItem","position":1,"name":"Home","item":"https:\/\/interamerica.org\/es\/"},{"@type":"ListItem","position":2,"name":"La Iglesia Mundial: Adventistas\u00a0declaran matrimonio tradicional, Reacci\u00f3n en cuanto a \u00abuniones\u00bb del mismo-sexo"}]},{"@type":"WebSite","@id":"https:\/\/interamerica.org\/es\/#website","url":"https:\/\/interamerica.org\/es\/","name":"Iglesia Adventista del S\u00e9ptimo D\u00eda - Divisi\u00f3n Interamericana","description":"","potentialAction":[{"@type":"SearchAction","target":{"@type":"EntryPoint","urlTemplate":"https:\/\/interamerica.org\/es\/?s={search_term_string}"},"query-input":{"@type":"PropertyValueSpecification","valueRequired":true,"valueName":"search_term_string"}}],"inLanguage":"es"},{"@type":"Person","@id":"https:\/\/interamerica.org\/es\/#\/schema\/person\/68ede8bdc292885bb76c1e3810e73c39","name":"Lorenzo Verduzco","image":{"@type":"ImageObject","inLanguage":"es","@id":"https:\/\/secure.gravatar.com\/avatar\/fb81a55b6218459490a9c1dc841a34909185b81904c5337b4b27f7a6fd60c49e?s=96&d=mm&r=g","url":"https:\/\/secure.gravatar.com\/avatar\/fb81a55b6218459490a9c1dc841a34909185b81904c5337b4b27f7a6fd60c49e?s=96&d=mm&r=g","contentUrl":"https:\/\/secure.gravatar.com\/avatar\/fb81a55b6218459490a9c1dc841a34909185b81904c5337b4b27f7a6fd60c49e?s=96&d=mm&r=g","caption":"Lorenzo Verduzco"}}]}},"_links":{"self":[{"href":"https:\/\/interamerica.org\/es\/wp-json\/wp\/v2\/posts\/10259","targetHints":{"allow":["GET"]}}],"collection":[{"href":"https:\/\/interamerica.org\/es\/wp-json\/wp\/v2\/posts"}],"about":[{"href":"https:\/\/interamerica.org\/es\/wp-json\/wp\/v2\/types\/post"}],"author":[{"embeddable":true,"href":"https:\/\/interamerica.org\/es\/wp-json\/wp\/v2\/users\/1"}],"replies":[{"embeddable":true,"href":"https:\/\/interamerica.org\/es\/wp-json\/wp\/v2\/comments?post=10259"}],"version-history":[{"count":0,"href":"https:\/\/interamerica.org\/es\/wp-json\/wp\/v2\/posts\/10259\/revisions"}],"wp:attachment":[{"href":"https:\/\/interamerica.org\/es\/wp-json\/wp\/v2\/media?parent=10259"}],"wp:term":[{"taxonomy":"category","embeddable":true,"href":"https:\/\/interamerica.org\/es\/wp-json\/wp\/v2\/categories?post=10259"},{"taxonomy":"post_tag","embeddable":true,"href":"https:\/\/interamerica.org\/es\/wp-json\/wp\/v2\/tags?post=10259"}],"curies":[{"name":"wp","href":"https:\/\/api.w.org\/{rel}","templated":true}]}}