{"id":10260,"date":"2004-03-15T00:00:00","date_gmt":"2004-03-15T04:00:00","guid":{"rendered":"http:\/\/192.81.217.108\/interamerica\/2004\/03\/espana-la-iglesia-se-lamenta-mientras-se-identifican-victimas\/"},"modified":"2017-06-02T09:20:19","modified_gmt":"2017-06-02T13:20:19","slug":"espana-la-iglesia-se-lamenta-mientras-se-identifican-victimas","status":"publish","type":"post","link":"https:\/\/interamerica.org\/es\/2004\/03\/espana-la-iglesia-se-lamenta-mientras-se-identifican-victimas\/","title":{"rendered":"Espa\u00f1a: La Iglesia\u00a0se Lamenta\u00a0Mientras se Identifican V\u00edctimas"},"content":{"rendered":"<p>15 de marzo de\u00a02004, Madrid, Espa\u00f1a &#8230; [Mark A. Kellener\/ANN Staff]<\/p>\n<p>Miembros de la Iglesia Adventista del S\u00e9ptimo D\u00eda en Espa\u00f1a lloran hasta el momento la p\u00e9rdida de dos de sus creyentes, quienes aparecen entre los cerca de 200 muertos\u00a0del\u00a0atentado simult\u00e1neo dentro y en las afueras de Madrid el pasado 11 de marzo.\u00a0\u00a0Nicoleta Diac, una de las v\u00edctimas, de 27 a\u00f1os de edad, fue identificada al siguiente d\u00eda.\u00a0 El otro, Emilian Popescu, casado, padre de dos ni\u00f1os, a\u00fan no ha sido identificado.\u00a0 Sin embargo, no se ha sabido nada de Popescu desde los ataques y sus papeles fueron encontrados en uno de los lugares del ataque, seg\u00fan declaraciones del Pastor Adrian Bocaneanu, presidente de la iglesia en Rumania, quien se encuentra actualmente en Espa\u00f1a\u00a0desarrollando reuniones evangel\u00edsticas.\u00a0 <\/p>\n<p>\u00abEl S\u00e1bado en dos diferentes transmisiones en vivo desde Madrid, el equipo del \u00fanico canal de noticias en Rumania,\u00a0transmiti\u00f3 una nota\u00a0referente a\u00a0los miembros de la Iglesia Adventista en Madrid quienes habian\u00a0resultado heridos en las explosiones o estaban a bordo de los trenes de la muerte\u00bb, dijo Bocaneanu\u00a0en un correo electr\u00f3nico a los l\u00edderes de la\u00a0iglesia.\u00a0 \u00abTambi\u00e9n realizaron un reportaje de los cultos de S\u00e1bado\u00a0y la forma en como la iglesia\u00a0esta respondiendo\u00a0a la crisis\u00a0\u00ab<\/p>\n<p>El Pastor Ulrich Frikart, presidente para la Iglesia Adventista de la regi\u00f3n agreg\u00f3: \u00abLos Adventistas del S\u00e9ptimo D\u00eda de la regi\u00f3n de Euro-\u00c1frica, sentimos indignaci\u00f3n y aborrecemos el terrible ataque en Madrid.\u00a0 Dirigimos nuestro m\u00e1s profundo\u00a0inter\u00e9s a los familiares de las v\u00edctimas.\u00a0 Nos lamentamos juntamente con el pueblo espa\u00f1ol y los miembros de nuestra iglesia.\u00a0 Oramos por aquellos quienes\u00a0se ven\u00a0directamente afectados a causa de este absurdo acto de terrorismo.\u00a0 Estos tristes acontecimientos nos hacen pensar en nuestro Salvador, Cristo Jes\u00fas y en su pronto regreso.\u00bb<\/p>\n<p>L\u00edderes de la iglesia han recibido informes de\u00a0la hospitalizaci\u00f3n de siete miembros que resultaron\u00a0heridos por las explosiones.\u00a0 Este ataque, cuya fuente no ha podido ser identificada, ha sido\u00a0nombrado uno de los peores actos de terrorismo en la historia moderna de Europa.<\/p>\n<p>Actualmente hay una gran cantidad de poblaci\u00f3n rumana en Espa\u00f1a, y los ataques se dieron en\u00a0el momento preciso en que la Iglesia Adventista est\u00e1 llevando a cabo reuniones especiales para los rumanos, con el Pastor Bocaneanu como predicador.\u00a0\u00a0\u00c9l agreg\u00f3 que\u00a0miembros y pastores locales est\u00e1n formando grupos de oraci\u00f3n y apoyo para las v\u00edctimas.<\/p>\n<p>Hay 10,000 miembros de la Iglesia Adventista del S\u00e9ptimo D\u00eda adorando en 80 congregaciones en Espa\u00f1a.\u00a0 Aproximadamente 4,000 est\u00e1n en Madrid. En comparaci\u00f3n con m\u00e1s de 72,000 miembros de iglesia en Rumania.<\/p>\n<p>Derechos Reservados 2003 Red de Noticias Adventistas<\/p>\n","protected":false},"excerpt":{"rendered":"<p>Miembros de la Iglesia Adventista del S\u00e9ptimo D\u00eda en Espa\u00f1a\u00a0lloran hasta el momento la p\u00e9rdida de\u00a0dos de sus creyentes.<\/p>\n","protected":false},"author":1,"featured_media":0,"comment_status":"closed","ping_status":"closed","sticky":false,"template":"","format":"standard","meta":{"_acf_changed":false,"footnotes":""},"categories":[8],"tags":[],"class_list":["post-10260","post","type-post","status-publish","format-standard","hentry","category-archivo"],"acf":[],"yoast_head":"<!-- This site is optimized with the Yoast SEO plugin v27.3 - https:\/\/yoast.com\/product\/yoast-seo-wordpress\/ -->\n<title>Espa\u00f1a: La Iglesia\u00a0se Lamenta\u00a0Mientras se Identifican V\u00edctimas - Iglesia Adventista del S\u00e9ptimo D\u00eda - Divisi\u00f3n Interamericana<\/title>\n<meta name=\"robots\" content=\"index, follow, max-snippet:-1, max-image-preview:large, max-video-preview:-1\" \/>\n<link rel=\"canonical\" href=\"https:\/\/interamerica.org\/es\/2004\/03\/espana-la-iglesia-se-lamenta-mientras-se-identifican-victimas\/\" \/>\n<meta property=\"og:locale\" content=\"es_ES\" \/>\n<meta property=\"og:type\" content=\"article\" \/>\n<meta property=\"og:title\" content=\"Espa\u00f1a: La Iglesia\u00a0se Lamenta\u00a0Mientras se Identifican V\u00edctimas - Iglesia Adventista del S\u00e9ptimo D\u00eda - Divisi\u00f3n Interamericana\" \/>\n<meta property=\"og:description\" content=\"Miembros de la Iglesia Adventista del S\u00e9ptimo D\u00eda en Espa\u00f1a\u00a0lloran hasta el momento la p\u00e9rdida de\u00a0dos de sus creyentes.\" \/>\n<meta property=\"og:url\" content=\"https:\/\/interamerica.org\/es\/2004\/03\/espana-la-iglesia-se-lamenta-mientras-se-identifican-victimas\/\" \/>\n<meta property=\"og:site_name\" content=\"Iglesia Adventista del S\u00e9ptimo D\u00eda - Divisi\u00f3n Interamericana\" \/>\n<meta property=\"article:published_time\" content=\"2004-03-15T04:00:00+00:00\" \/>\n<meta property=\"article:modified_time\" content=\"2017-06-02T13:20:19+00:00\" \/>\n<meta name=\"author\" content=\"Lorenzo Verduzco\" \/>\n<meta name=\"twitter:card\" content=\"summary_large_image\" \/>\n<meta name=\"twitter:label1\" content=\"Escrito por\" \/>\n\t<meta name=\"twitter:data1\" content=\"Lorenzo Verduzco\" \/>\n\t<meta name=\"twitter:label2\" content=\"Tiempo de lectura\" \/>\n\t<meta name=\"twitter:data2\" content=\"2 minutos\" \/>\n<script type=\"application\/ld+json\" class=\"yoast-schema-graph\">{\"@context\":\"https:\\\/\\\/schema.org\",\"@graph\":[{\"@type\":\"Article\",\"@id\":\"https:\\\/\\\/interamerica.org\\\/es\\\/2004\\\/03\\\/espana-la-iglesia-se-lamenta-mientras-se-identifican-victimas\\\/#article\",\"isPartOf\":{\"@id\":\"https:\\\/\\\/interamerica.org\\\/es\\\/2004\\\/03\\\/espana-la-iglesia-se-lamenta-mientras-se-identifican-victimas\\\/\"},\"author\":{\"name\":\"Lorenzo Verduzco\",\"@id\":\"https:\\\/\\\/interamerica.org\\\/es\\\/#\\\/schema\\\/person\\\/68ede8bdc292885bb76c1e3810e73c39\"},\"headline\":\"Espa\u00f1a: La Iglesia\u00a0se Lamenta\u00a0Mientras se Identifican V\u00edctimas\",\"datePublished\":\"2004-03-15T04:00:00+00:00\",\"dateModified\":\"2017-06-02T13:20:19+00:00\",\"mainEntityOfPage\":{\"@id\":\"https:\\\/\\\/interamerica.org\\\/es\\\/2004\\\/03\\\/espana-la-iglesia-se-lamenta-mientras-se-identifican-victimas\\\/\"},\"wordCount\":484,\"articleSection\":[\"Archivo\"],\"inLanguage\":\"es\"},{\"@type\":\"WebPage\",\"@id\":\"https:\\\/\\\/interamerica.org\\\/es\\\/2004\\\/03\\\/espana-la-iglesia-se-lamenta-mientras-se-identifican-victimas\\\/\",\"url\":\"https:\\\/\\\/interamerica.org\\\/es\\\/2004\\\/03\\\/espana-la-iglesia-se-lamenta-mientras-se-identifican-victimas\\\/\",\"name\":\"Espa\u00f1a: La Iglesia\u00a0se Lamenta\u00a0Mientras se Identifican V\u00edctimas - Iglesia Adventista del S\u00e9ptimo D\u00eda - Divisi\u00f3n Interamericana\",\"isPartOf\":{\"@id\":\"https:\\\/\\\/interamerica.org\\\/es\\\/#website\"},\"datePublished\":\"2004-03-15T04:00:00+00:00\",\"dateModified\":\"2017-06-02T13:20:19+00:00\",\"author\":{\"@id\":\"https:\\\/\\\/interamerica.org\\\/es\\\/#\\\/schema\\\/person\\\/68ede8bdc292885bb76c1e3810e73c39\"},\"breadcrumb\":{\"@id\":\"https:\\\/\\\/interamerica.org\\\/es\\\/2004\\\/03\\\/espana-la-iglesia-se-lamenta-mientras-se-identifican-victimas\\\/#breadcrumb\"},\"inLanguage\":\"es\",\"potentialAction\":[{\"@type\":\"ReadAction\",\"target\":[\"https:\\\/\\\/interamerica.org\\\/es\\\/2004\\\/03\\\/espana-la-iglesia-se-lamenta-mientras-se-identifican-victimas\\\/\"]}]},{\"@type\":\"BreadcrumbList\",\"@id\":\"https:\\\/\\\/interamerica.org\\\/es\\\/2004\\\/03\\\/espana-la-iglesia-se-lamenta-mientras-se-identifican-victimas\\\/#breadcrumb\",\"itemListElement\":[{\"@type\":\"ListItem\",\"position\":1,\"name\":\"Home\",\"item\":\"https:\\\/\\\/interamerica.org\\\/es\\\/\"},{\"@type\":\"ListItem\",\"position\":2,\"name\":\"Espa\u00f1a: La Iglesia\u00a0se Lamenta\u00a0Mientras se Identifican V\u00edctimas\"}]},{\"@type\":\"WebSite\",\"@id\":\"https:\\\/\\\/interamerica.org\\\/es\\\/#website\",\"url\":\"https:\\\/\\\/interamerica.org\\\/es\\\/\",\"name\":\"Iglesia Adventista del S\u00e9ptimo D\u00eda - Divisi\u00f3n Interamericana\",\"description\":\"\",\"potentialAction\":[{\"@type\":\"SearchAction\",\"target\":{\"@type\":\"EntryPoint\",\"urlTemplate\":\"https:\\\/\\\/interamerica.org\\\/es\\\/?s={search_term_string}\"},\"query-input\":{\"@type\":\"PropertyValueSpecification\",\"valueRequired\":true,\"valueName\":\"search_term_string\"}}],\"inLanguage\":\"es\"},{\"@type\":\"Person\",\"@id\":\"https:\\\/\\\/interamerica.org\\\/es\\\/#\\\/schema\\\/person\\\/68ede8bdc292885bb76c1e3810e73c39\",\"name\":\"Lorenzo Verduzco\",\"image\":{\"@type\":\"ImageObject\",\"inLanguage\":\"es\",\"@id\":\"https:\\\/\\\/secure.gravatar.com\\\/avatar\\\/fb81a55b6218459490a9c1dc841a34909185b81904c5337b4b27f7a6fd60c49e?s=96&d=mm&r=g\",\"url\":\"https:\\\/\\\/secure.gravatar.com\\\/avatar\\\/fb81a55b6218459490a9c1dc841a34909185b81904c5337b4b27f7a6fd60c49e?s=96&d=mm&r=g\",\"contentUrl\":\"https:\\\/\\\/secure.gravatar.com\\\/avatar\\\/fb81a55b6218459490a9c1dc841a34909185b81904c5337b4b27f7a6fd60c49e?s=96&d=mm&r=g\",\"caption\":\"Lorenzo Verduzco\"}}]}<\/script>\n<!-- \/ Yoast SEO plugin. -->","yoast_head_json":{"title":"Espa\u00f1a: La Iglesia\u00a0se Lamenta\u00a0Mientras se Identifican V\u00edctimas - Iglesia Adventista del S\u00e9ptimo D\u00eda - Divisi\u00f3n Interamericana","robots":{"index":"index","follow":"follow","max-snippet":"max-snippet:-1","max-image-preview":"max-image-preview:large","max-video-preview":"max-video-preview:-1"},"canonical":"https:\/\/interamerica.org\/es\/2004\/03\/espana-la-iglesia-se-lamenta-mientras-se-identifican-victimas\/","og_locale":"es_ES","og_type":"article","og_title":"Espa\u00f1a: La Iglesia\u00a0se Lamenta\u00a0Mientras se Identifican V\u00edctimas - Iglesia Adventista del S\u00e9ptimo D\u00eda - Divisi\u00f3n Interamericana","og_description":"Miembros de la Iglesia Adventista del S\u00e9ptimo D\u00eda en Espa\u00f1a\u00a0lloran hasta el momento la p\u00e9rdida de\u00a0dos de sus creyentes.","og_url":"https:\/\/interamerica.org\/es\/2004\/03\/espana-la-iglesia-se-lamenta-mientras-se-identifican-victimas\/","og_site_name":"Iglesia Adventista del S\u00e9ptimo D\u00eda - Divisi\u00f3n Interamericana","article_published_time":"2004-03-15T04:00:00+00:00","article_modified_time":"2017-06-02T13:20:19+00:00","author":"Lorenzo Verduzco","twitter_card":"summary_large_image","twitter_misc":{"Escrito por":"Lorenzo Verduzco","Tiempo de lectura":"2 minutos"},"schema":{"@context":"https:\/\/schema.org","@graph":[{"@type":"Article","@id":"https:\/\/interamerica.org\/es\/2004\/03\/espana-la-iglesia-se-lamenta-mientras-se-identifican-victimas\/#article","isPartOf":{"@id":"https:\/\/interamerica.org\/es\/2004\/03\/espana-la-iglesia-se-lamenta-mientras-se-identifican-victimas\/"},"author":{"name":"Lorenzo Verduzco","@id":"https:\/\/interamerica.org\/es\/#\/schema\/person\/68ede8bdc292885bb76c1e3810e73c39"},"headline":"Espa\u00f1a: La Iglesia\u00a0se Lamenta\u00a0Mientras se Identifican V\u00edctimas","datePublished":"2004-03-15T04:00:00+00:00","dateModified":"2017-06-02T13:20:19+00:00","mainEntityOfPage":{"@id":"https:\/\/interamerica.org\/es\/2004\/03\/espana-la-iglesia-se-lamenta-mientras-se-identifican-victimas\/"},"wordCount":484,"articleSection":["Archivo"],"inLanguage":"es"},{"@type":"WebPage","@id":"https:\/\/interamerica.org\/es\/2004\/03\/espana-la-iglesia-se-lamenta-mientras-se-identifican-victimas\/","url":"https:\/\/interamerica.org\/es\/2004\/03\/espana-la-iglesia-se-lamenta-mientras-se-identifican-victimas\/","name":"Espa\u00f1a: La Iglesia\u00a0se Lamenta\u00a0Mientras se Identifican V\u00edctimas - Iglesia Adventista del S\u00e9ptimo D\u00eda - Divisi\u00f3n Interamericana","isPartOf":{"@id":"https:\/\/interamerica.org\/es\/#website"},"datePublished":"2004-03-15T04:00:00+00:00","dateModified":"2017-06-02T13:20:19+00:00","author":{"@id":"https:\/\/interamerica.org\/es\/#\/schema\/person\/68ede8bdc292885bb76c1e3810e73c39"},"breadcrumb":{"@id":"https:\/\/interamerica.org\/es\/2004\/03\/espana-la-iglesia-se-lamenta-mientras-se-identifican-victimas\/#breadcrumb"},"inLanguage":"es","potentialAction":[{"@type":"ReadAction","target":["https:\/\/interamerica.org\/es\/2004\/03\/espana-la-iglesia-se-lamenta-mientras-se-identifican-victimas\/"]}]},{"@type":"BreadcrumbList","@id":"https:\/\/interamerica.org\/es\/2004\/03\/espana-la-iglesia-se-lamenta-mientras-se-identifican-victimas\/#breadcrumb","itemListElement":[{"@type":"ListItem","position":1,"name":"Home","item":"https:\/\/interamerica.org\/es\/"},{"@type":"ListItem","position":2,"name":"Espa\u00f1a: La Iglesia\u00a0se Lamenta\u00a0Mientras se Identifican V\u00edctimas"}]},{"@type":"WebSite","@id":"https:\/\/interamerica.org\/es\/#website","url":"https:\/\/interamerica.org\/es\/","name":"Iglesia Adventista del S\u00e9ptimo D\u00eda - Divisi\u00f3n Interamericana","description":"","potentialAction":[{"@type":"SearchAction","target":{"@type":"EntryPoint","urlTemplate":"https:\/\/interamerica.org\/es\/?s={search_term_string}"},"query-input":{"@type":"PropertyValueSpecification","valueRequired":true,"valueName":"search_term_string"}}],"inLanguage":"es"},{"@type":"Person","@id":"https:\/\/interamerica.org\/es\/#\/schema\/person\/68ede8bdc292885bb76c1e3810e73c39","name":"Lorenzo Verduzco","image":{"@type":"ImageObject","inLanguage":"es","@id":"https:\/\/secure.gravatar.com\/avatar\/fb81a55b6218459490a9c1dc841a34909185b81904c5337b4b27f7a6fd60c49e?s=96&d=mm&r=g","url":"https:\/\/secure.gravatar.com\/avatar\/fb81a55b6218459490a9c1dc841a34909185b81904c5337b4b27f7a6fd60c49e?s=96&d=mm&r=g","contentUrl":"https:\/\/secure.gravatar.com\/avatar\/fb81a55b6218459490a9c1dc841a34909185b81904c5337b4b27f7a6fd60c49e?s=96&d=mm&r=g","caption":"Lorenzo Verduzco"}}]}},"_links":{"self":[{"href":"https:\/\/interamerica.org\/es\/wp-json\/wp\/v2\/posts\/10260","targetHints":{"allow":["GET"]}}],"collection":[{"href":"https:\/\/interamerica.org\/es\/wp-json\/wp\/v2\/posts"}],"about":[{"href":"https:\/\/interamerica.org\/es\/wp-json\/wp\/v2\/types\/post"}],"author":[{"embeddable":true,"href":"https:\/\/interamerica.org\/es\/wp-json\/wp\/v2\/users\/1"}],"replies":[{"embeddable":true,"href":"https:\/\/interamerica.org\/es\/wp-json\/wp\/v2\/comments?post=10260"}],"version-history":[{"count":0,"href":"https:\/\/interamerica.org\/es\/wp-json\/wp\/v2\/posts\/10260\/revisions"}],"wp:attachment":[{"href":"https:\/\/interamerica.org\/es\/wp-json\/wp\/v2\/media?parent=10260"}],"wp:term":[{"taxonomy":"category","embeddable":true,"href":"https:\/\/interamerica.org\/es\/wp-json\/wp\/v2\/categories?post=10260"},{"taxonomy":"post_tag","embeddable":true,"href":"https:\/\/interamerica.org\/es\/wp-json\/wp\/v2\/tags?post=10260"}],"curies":[{"name":"wp","href":"https:\/\/api.w.org\/{rel}","templated":true}]}}