{"id":10261,"date":"2004-03-16T00:00:00","date_gmt":"2004-03-16T04:00:00","guid":{"rendered":"http:\/\/192.81.217.108\/interamerica\/2004\/03\/norteamerica-la-iglesia-clarifica-reportes-acerca-del-sospechoso-del-asesinato-en-fresno\/"},"modified":"2017-06-02T09:20:18","modified_gmt":"2017-06-02T13:20:18","slug":"norteamerica-la-iglesia-clarifica-reportes-acerca-del-sospechoso-del-asesinato-en-fresno","status":"publish","type":"post","link":"https:\/\/interamerica.org\/es\/2004\/03\/norteamerica-la-iglesia-clarifica-reportes-acerca-del-sospechoso-del-asesinato-en-fresno\/","title":{"rendered":"Norteam\u00e9rica: La Iglesia Clarifica Reportes acerca del Sospechoso del Asesinato en Fresno"},"content":{"rendered":"<p>Fresno, California, Estados Unidos &#8230;[Personal de ANN] <\/p>\n<p>La persona arrestada en conexi\u00f3n con el tr\u00e1gico asesinato de nueve miembros de la misma familia en Fresno, California, ha sido incorrectamente identificada como un adventista del s\u00e9ptimo d\u00eda, dicen los l\u00edderes de la denominaci\u00f3n en Norteam\u00e9rica. <\/p>\n<p>Marcus Wesson, de 57 a\u00f1os de edad, ha estado en custodia de la polic\u00eda desde su arresto el viernes pasado, y algunos reportes de noticias se han referido a \u00e9l como a un adventista del s\u00e9ptimo d\u00eda. \u00abEsto es incorrecto\u00bb, dijo Kermit Netteburg, asistente de comunicaci\u00f3n para el presidente de la iglesia en la regi\u00f3n de Norteam\u00e9rica. \u00abNo podemos encontrar ning\u00fan registro del Sr. Wesson como miembro de ninguna Iglesia Adventista del S\u00e9ptimo D\u00eda\u00bb. <\/p>\n<p>\u00abLamentamos lo sucedido, junto con todos los residentes de Fresno, y los Estados Unidos\u00bb, dijo Netteburg. \u00abEn este momento de tragedia, oramos a Dios para que conforte a aquellos que han sido heridos profundamente por estos incomprensibles eventos\u00bb. <\/p>\n<p><strong>Derechos reservados \u00ae 2003 Adventist News Network. <\/strong><\/p>\n","protected":false},"excerpt":{"rendered":"<p>La persona arrestada en conexi\u00f3n con el tr\u00e1gico asesinato de nueve miembros de la misma familia en Fresno, California, ha sido incorrectamente identificada como un adventista del s\u00e9ptimo d\u00eda, dicen los l\u00edderes de la denominaci\u00f3n en Norteam\u00e9rica.<\/p>\n","protected":false},"author":1,"featured_media":0,"comment_status":"closed","ping_status":"closed","sticky":false,"template":"","format":"standard","meta":{"_acf_changed":false,"footnotes":""},"categories":[8],"tags":[],"class_list":["post-10261","post","type-post","status-publish","format-standard","hentry","category-archivo"],"acf":[],"yoast_head":"<!-- This site is optimized with the Yoast SEO plugin v27.3 - https:\/\/yoast.com\/product\/yoast-seo-wordpress\/ -->\n<title>Norteam\u00e9rica: La Iglesia Clarifica Reportes acerca del Sospechoso del Asesinato en Fresno - Iglesia Adventista del S\u00e9ptimo D\u00eda - Divisi\u00f3n Interamericana<\/title>\n<meta name=\"robots\" content=\"index, follow, max-snippet:-1, max-image-preview:large, max-video-preview:-1\" \/>\n<link rel=\"canonical\" href=\"https:\/\/interamerica.org\/es\/2004\/03\/norteamerica-la-iglesia-clarifica-reportes-acerca-del-sospechoso-del-asesinato-en-fresno\/\" \/>\n<meta property=\"og:locale\" content=\"es_ES\" \/>\n<meta property=\"og:type\" content=\"article\" \/>\n<meta property=\"og:title\" content=\"Norteam\u00e9rica: La Iglesia Clarifica Reportes acerca del Sospechoso del Asesinato en Fresno - Iglesia Adventista del S\u00e9ptimo D\u00eda - Divisi\u00f3n Interamericana\" \/>\n<meta property=\"og:description\" content=\"La persona arrestada en conexi\u00f3n con el tr\u00e1gico asesinato de nueve miembros de la misma familia en Fresno, California, ha sido incorrectamente identificada como un adventista del s\u00e9ptimo d\u00eda, dicen los l\u00edderes de la denominaci\u00f3n en Norteam\u00e9rica.\" \/>\n<meta property=\"og:url\" content=\"https:\/\/interamerica.org\/es\/2004\/03\/norteamerica-la-iglesia-clarifica-reportes-acerca-del-sospechoso-del-asesinato-en-fresno\/\" \/>\n<meta property=\"og:site_name\" content=\"Iglesia Adventista del S\u00e9ptimo D\u00eda - Divisi\u00f3n Interamericana\" \/>\n<meta property=\"article:published_time\" content=\"2004-03-16T04:00:00+00:00\" \/>\n<meta property=\"article:modified_time\" content=\"2017-06-02T13:20:18+00:00\" \/>\n<meta name=\"author\" content=\"Lorenzo Verduzco\" \/>\n<meta name=\"twitter:card\" content=\"summary_large_image\" \/>\n<meta name=\"twitter:label1\" content=\"Escrito por\" \/>\n\t<meta name=\"twitter:data1\" content=\"Lorenzo Verduzco\" \/>\n\t<meta name=\"twitter:label2\" content=\"Tiempo de lectura\" \/>\n\t<meta name=\"twitter:data2\" content=\"1 minuto\" \/>\n<script type=\"application\/ld+json\" class=\"yoast-schema-graph\">{\"@context\":\"https:\\\/\\\/schema.org\",\"@graph\":[{\"@type\":\"Article\",\"@id\":\"https:\\\/\\\/interamerica.org\\\/es\\\/2004\\\/03\\\/norteamerica-la-iglesia-clarifica-reportes-acerca-del-sospechoso-del-asesinato-en-fresno\\\/#article\",\"isPartOf\":{\"@id\":\"https:\\\/\\\/interamerica.org\\\/es\\\/2004\\\/03\\\/norteamerica-la-iglesia-clarifica-reportes-acerca-del-sospechoso-del-asesinato-en-fresno\\\/\"},\"author\":{\"name\":\"Lorenzo Verduzco\",\"@id\":\"https:\\\/\\\/interamerica.org\\\/es\\\/#\\\/schema\\\/person\\\/68ede8bdc292885bb76c1e3810e73c39\"},\"headline\":\"Norteam\u00e9rica: La Iglesia Clarifica Reportes acerca del Sospechoso del Asesinato en Fresno\",\"datePublished\":\"2004-03-16T04:00:00+00:00\",\"dateModified\":\"2017-06-02T13:20:18+00:00\",\"mainEntityOfPage\":{\"@id\":\"https:\\\/\\\/interamerica.org\\\/es\\\/2004\\\/03\\\/norteamerica-la-iglesia-clarifica-reportes-acerca-del-sospechoso-del-asesinato-en-fresno\\\/\"},\"wordCount\":190,\"articleSection\":[\"Archivo\"],\"inLanguage\":\"es\"},{\"@type\":\"WebPage\",\"@id\":\"https:\\\/\\\/interamerica.org\\\/es\\\/2004\\\/03\\\/norteamerica-la-iglesia-clarifica-reportes-acerca-del-sospechoso-del-asesinato-en-fresno\\\/\",\"url\":\"https:\\\/\\\/interamerica.org\\\/es\\\/2004\\\/03\\\/norteamerica-la-iglesia-clarifica-reportes-acerca-del-sospechoso-del-asesinato-en-fresno\\\/\",\"name\":\"Norteam\u00e9rica: La Iglesia Clarifica Reportes acerca del Sospechoso del Asesinato en Fresno - Iglesia Adventista del S\u00e9ptimo D\u00eda - Divisi\u00f3n Interamericana\",\"isPartOf\":{\"@id\":\"https:\\\/\\\/interamerica.org\\\/es\\\/#website\"},\"datePublished\":\"2004-03-16T04:00:00+00:00\",\"dateModified\":\"2017-06-02T13:20:18+00:00\",\"author\":{\"@id\":\"https:\\\/\\\/interamerica.org\\\/es\\\/#\\\/schema\\\/person\\\/68ede8bdc292885bb76c1e3810e73c39\"},\"breadcrumb\":{\"@id\":\"https:\\\/\\\/interamerica.org\\\/es\\\/2004\\\/03\\\/norteamerica-la-iglesia-clarifica-reportes-acerca-del-sospechoso-del-asesinato-en-fresno\\\/#breadcrumb\"},\"inLanguage\":\"es\",\"potentialAction\":[{\"@type\":\"ReadAction\",\"target\":[\"https:\\\/\\\/interamerica.org\\\/es\\\/2004\\\/03\\\/norteamerica-la-iglesia-clarifica-reportes-acerca-del-sospechoso-del-asesinato-en-fresno\\\/\"]}]},{\"@type\":\"BreadcrumbList\",\"@id\":\"https:\\\/\\\/interamerica.org\\\/es\\\/2004\\\/03\\\/norteamerica-la-iglesia-clarifica-reportes-acerca-del-sospechoso-del-asesinato-en-fresno\\\/#breadcrumb\",\"itemListElement\":[{\"@type\":\"ListItem\",\"position\":1,\"name\":\"Home\",\"item\":\"https:\\\/\\\/interamerica.org\\\/es\\\/\"},{\"@type\":\"ListItem\",\"position\":2,\"name\":\"Norteam\u00e9rica: La Iglesia Clarifica Reportes acerca del Sospechoso del Asesinato en Fresno\"}]},{\"@type\":\"WebSite\",\"@id\":\"https:\\\/\\\/interamerica.org\\\/es\\\/#website\",\"url\":\"https:\\\/\\\/interamerica.org\\\/es\\\/\",\"name\":\"Iglesia Adventista del S\u00e9ptimo D\u00eda - Divisi\u00f3n Interamericana\",\"description\":\"\",\"potentialAction\":[{\"@type\":\"SearchAction\",\"target\":{\"@type\":\"EntryPoint\",\"urlTemplate\":\"https:\\\/\\\/interamerica.org\\\/es\\\/?s={search_term_string}\"},\"query-input\":{\"@type\":\"PropertyValueSpecification\",\"valueRequired\":true,\"valueName\":\"search_term_string\"}}],\"inLanguage\":\"es\"},{\"@type\":\"Person\",\"@id\":\"https:\\\/\\\/interamerica.org\\\/es\\\/#\\\/schema\\\/person\\\/68ede8bdc292885bb76c1e3810e73c39\",\"name\":\"Lorenzo Verduzco\",\"image\":{\"@type\":\"ImageObject\",\"inLanguage\":\"es\",\"@id\":\"https:\\\/\\\/secure.gravatar.com\\\/avatar\\\/fb81a55b6218459490a9c1dc841a34909185b81904c5337b4b27f7a6fd60c49e?s=96&d=mm&r=g\",\"url\":\"https:\\\/\\\/secure.gravatar.com\\\/avatar\\\/fb81a55b6218459490a9c1dc841a34909185b81904c5337b4b27f7a6fd60c49e?s=96&d=mm&r=g\",\"contentUrl\":\"https:\\\/\\\/secure.gravatar.com\\\/avatar\\\/fb81a55b6218459490a9c1dc841a34909185b81904c5337b4b27f7a6fd60c49e?s=96&d=mm&r=g\",\"caption\":\"Lorenzo Verduzco\"}}]}<\/script>\n<!-- \/ Yoast SEO plugin. -->","yoast_head_json":{"title":"Norteam\u00e9rica: La Iglesia Clarifica Reportes acerca del Sospechoso del Asesinato en Fresno - Iglesia Adventista del S\u00e9ptimo D\u00eda - Divisi\u00f3n Interamericana","robots":{"index":"index","follow":"follow","max-snippet":"max-snippet:-1","max-image-preview":"max-image-preview:large","max-video-preview":"max-video-preview:-1"},"canonical":"https:\/\/interamerica.org\/es\/2004\/03\/norteamerica-la-iglesia-clarifica-reportes-acerca-del-sospechoso-del-asesinato-en-fresno\/","og_locale":"es_ES","og_type":"article","og_title":"Norteam\u00e9rica: La Iglesia Clarifica Reportes acerca del Sospechoso del Asesinato en Fresno - Iglesia Adventista del S\u00e9ptimo D\u00eda - Divisi\u00f3n Interamericana","og_description":"La persona arrestada en conexi\u00f3n con el tr\u00e1gico asesinato de nueve miembros de la misma familia en Fresno, California, ha sido incorrectamente identificada como un adventista del s\u00e9ptimo d\u00eda, dicen los l\u00edderes de la denominaci\u00f3n en Norteam\u00e9rica.","og_url":"https:\/\/interamerica.org\/es\/2004\/03\/norteamerica-la-iglesia-clarifica-reportes-acerca-del-sospechoso-del-asesinato-en-fresno\/","og_site_name":"Iglesia Adventista del S\u00e9ptimo D\u00eda - Divisi\u00f3n Interamericana","article_published_time":"2004-03-16T04:00:00+00:00","article_modified_time":"2017-06-02T13:20:18+00:00","author":"Lorenzo Verduzco","twitter_card":"summary_large_image","twitter_misc":{"Escrito por":"Lorenzo Verduzco","Tiempo de lectura":"1 minuto"},"schema":{"@context":"https:\/\/schema.org","@graph":[{"@type":"Article","@id":"https:\/\/interamerica.org\/es\/2004\/03\/norteamerica-la-iglesia-clarifica-reportes-acerca-del-sospechoso-del-asesinato-en-fresno\/#article","isPartOf":{"@id":"https:\/\/interamerica.org\/es\/2004\/03\/norteamerica-la-iglesia-clarifica-reportes-acerca-del-sospechoso-del-asesinato-en-fresno\/"},"author":{"name":"Lorenzo Verduzco","@id":"https:\/\/interamerica.org\/es\/#\/schema\/person\/68ede8bdc292885bb76c1e3810e73c39"},"headline":"Norteam\u00e9rica: La Iglesia Clarifica Reportes acerca del Sospechoso del Asesinato en Fresno","datePublished":"2004-03-16T04:00:00+00:00","dateModified":"2017-06-02T13:20:18+00:00","mainEntityOfPage":{"@id":"https:\/\/interamerica.org\/es\/2004\/03\/norteamerica-la-iglesia-clarifica-reportes-acerca-del-sospechoso-del-asesinato-en-fresno\/"},"wordCount":190,"articleSection":["Archivo"],"inLanguage":"es"},{"@type":"WebPage","@id":"https:\/\/interamerica.org\/es\/2004\/03\/norteamerica-la-iglesia-clarifica-reportes-acerca-del-sospechoso-del-asesinato-en-fresno\/","url":"https:\/\/interamerica.org\/es\/2004\/03\/norteamerica-la-iglesia-clarifica-reportes-acerca-del-sospechoso-del-asesinato-en-fresno\/","name":"Norteam\u00e9rica: La Iglesia Clarifica Reportes acerca del Sospechoso del Asesinato en Fresno - Iglesia Adventista del S\u00e9ptimo D\u00eda - Divisi\u00f3n Interamericana","isPartOf":{"@id":"https:\/\/interamerica.org\/es\/#website"},"datePublished":"2004-03-16T04:00:00+00:00","dateModified":"2017-06-02T13:20:18+00:00","author":{"@id":"https:\/\/interamerica.org\/es\/#\/schema\/person\/68ede8bdc292885bb76c1e3810e73c39"},"breadcrumb":{"@id":"https:\/\/interamerica.org\/es\/2004\/03\/norteamerica-la-iglesia-clarifica-reportes-acerca-del-sospechoso-del-asesinato-en-fresno\/#breadcrumb"},"inLanguage":"es","potentialAction":[{"@type":"ReadAction","target":["https:\/\/interamerica.org\/es\/2004\/03\/norteamerica-la-iglesia-clarifica-reportes-acerca-del-sospechoso-del-asesinato-en-fresno\/"]}]},{"@type":"BreadcrumbList","@id":"https:\/\/interamerica.org\/es\/2004\/03\/norteamerica-la-iglesia-clarifica-reportes-acerca-del-sospechoso-del-asesinato-en-fresno\/#breadcrumb","itemListElement":[{"@type":"ListItem","position":1,"name":"Home","item":"https:\/\/interamerica.org\/es\/"},{"@type":"ListItem","position":2,"name":"Norteam\u00e9rica: La Iglesia Clarifica Reportes acerca del Sospechoso del Asesinato en Fresno"}]},{"@type":"WebSite","@id":"https:\/\/interamerica.org\/es\/#website","url":"https:\/\/interamerica.org\/es\/","name":"Iglesia Adventista del S\u00e9ptimo D\u00eda - Divisi\u00f3n Interamericana","description":"","potentialAction":[{"@type":"SearchAction","target":{"@type":"EntryPoint","urlTemplate":"https:\/\/interamerica.org\/es\/?s={search_term_string}"},"query-input":{"@type":"PropertyValueSpecification","valueRequired":true,"valueName":"search_term_string"}}],"inLanguage":"es"},{"@type":"Person","@id":"https:\/\/interamerica.org\/es\/#\/schema\/person\/68ede8bdc292885bb76c1e3810e73c39","name":"Lorenzo Verduzco","image":{"@type":"ImageObject","inLanguage":"es","@id":"https:\/\/secure.gravatar.com\/avatar\/fb81a55b6218459490a9c1dc841a34909185b81904c5337b4b27f7a6fd60c49e?s=96&d=mm&r=g","url":"https:\/\/secure.gravatar.com\/avatar\/fb81a55b6218459490a9c1dc841a34909185b81904c5337b4b27f7a6fd60c49e?s=96&d=mm&r=g","contentUrl":"https:\/\/secure.gravatar.com\/avatar\/fb81a55b6218459490a9c1dc841a34909185b81904c5337b4b27f7a6fd60c49e?s=96&d=mm&r=g","caption":"Lorenzo Verduzco"}}]}},"_links":{"self":[{"href":"https:\/\/interamerica.org\/es\/wp-json\/wp\/v2\/posts\/10261","targetHints":{"allow":["GET"]}}],"collection":[{"href":"https:\/\/interamerica.org\/es\/wp-json\/wp\/v2\/posts"}],"about":[{"href":"https:\/\/interamerica.org\/es\/wp-json\/wp\/v2\/types\/post"}],"author":[{"embeddable":true,"href":"https:\/\/interamerica.org\/es\/wp-json\/wp\/v2\/users\/1"}],"replies":[{"embeddable":true,"href":"https:\/\/interamerica.org\/es\/wp-json\/wp\/v2\/comments?post=10261"}],"version-history":[{"count":0,"href":"https:\/\/interamerica.org\/es\/wp-json\/wp\/v2\/posts\/10261\/revisions"}],"wp:attachment":[{"href":"https:\/\/interamerica.org\/es\/wp-json\/wp\/v2\/media?parent=10261"}],"wp:term":[{"taxonomy":"category","embeddable":true,"href":"https:\/\/interamerica.org\/es\/wp-json\/wp\/v2\/categories?post=10261"},{"taxonomy":"post_tag","embeddable":true,"href":"https:\/\/interamerica.org\/es\/wp-json\/wp\/v2\/tags?post=10261"}],"curies":[{"name":"wp","href":"https:\/\/api.w.org\/{rel}","templated":true}]}}