{"id":10263,"date":"2004-03-10T00:00:00","date_gmt":"2004-03-10T04:00:00","guid":{"rendered":"http:\/\/192.81.217.108\/interamerica\/2004\/03\/radio-mundial-adventista-celebra-su-reunion-anual\/"},"modified":"2017-06-02T09:20:20","modified_gmt":"2017-06-02T13:20:20","slug":"radio-mundial-adventista-celebra-su-reunion-anual","status":"publish","type":"post","link":"https:\/\/interamerica.org\/es\/2004\/03\/radio-mundial-adventista-celebra-su-reunion-anual\/","title":{"rendered":"Radio Mundial Adventista Celebra su Reuni\u00f3n Anual"},"content":{"rendered":"<p>Miami, Florida, Estados Unidos &#8230;[Libna Stevens\/DIA] <\/p>\n<p>El personal de comunicaci\u00f3n de todo el territorio de Interam\u00e9rica y Suram\u00e9rica se dieron cita para la VI Reuni\u00f3n Anual de La Voz de la Esperanza, Radio Mundial Adventista, en Miami, Florida, del 2 al 4 de Marzo. <\/p>\n<p>Con m\u00e1s de 50 estaciones de radio a lo largo y ancho de las am\u00e9ricas que est\u00e1n usando la programaci\u00f3n disponible de La Voz de la Esperanza, un programa de Radio Mundial Adventista, la reuni\u00f3n anual permite el trabajo en equipo entre el personal de estudio, a fin de proveer una programaci\u00f3n con calidad a los oyentes del programa en todos los lugares, dice Greg Scott, Vicepresidente Ejecutivo de Radio Mundial Adventista. <\/p>\n<p>\u00abLas reuniones anuales permiten interacci\u00f3n entre el personal de estudio, con el prop\u00f3sito de unirnos al coordinar, discutir y mejorar la programaci\u00f3n actual, y para el intercambio y mejoramiento de las ideas de unos y otros. Las reuniones tambi\u00e9n sirven para introducir entrenamiento en asuntos t\u00e9cnicos, nuevos equipos, software, y para estandarizar los equipos tanto como sea posible\u00bb, dice Scott. Scott estuvo presente en las reuniones que se llevaron a cabo en la sede de la Divisi\u00f3n Interamericana en Miami, Florida. <\/p>\n<p>Victor Shepherd, director regional de Radio Mundial Adventista para las am\u00e9ricas, dice que el programa radial La Voz de la Esperanza, de Radio Mundial Adventista, est\u00e1 trabajando intensamente en todo el territorio de la DIA, proveyendo una programaci\u00f3n hispana 24 horas al d\u00eda, 7 d\u00edas a la semana, que est\u00e1 siendo difundida por 18 estaciones. <\/p>\n<p>\u00abJusto ahora estamos transmitiendo a Cuba dos horas al d\u00eda a trav\u00e9s de Radio Netherlands Bonair\u00bb, dice Shepherd acerca del programa m\u00e9dico que sale al aire en toda\u00a0la isla. Aunque la respuesta al programa no es f\u00e1cil de conseguir por causa de la condici\u00f3n pol\u00edtica de Cuba, Shepherd, quien visit\u00f3 la naci\u00f3n en Diciembre pasado, reporta que el programa radial es ampliamente escuchado en la capital de La Habana. \u00c9l dice que el programa incluye un curso b\u00edblico en formato para estudio en peque\u00f1os grupos. El programa puede ser sintonizado en los 1165 Mhz onda corta, en la banda de 49 metros, de 6:00 p.m. a 8:00 p.m., hora de Cuba. Shepherd dice que \u00e9l, junto con el liderazgo de la iglesia en Cuba, contin\u00faan evaluando los resultados en la isla. <\/p>\n<p>La Voz de la Esperanza, de Radio Mundial Adventista, ha estado sirviendo a la Iglesia Adventista del S\u00e9ptimo D\u00eda y a la comunidad internacional desde 1979 con estaciones de radio a nivel internacional, a trav\u00e9s de las am\u00e9ricas, transmitiendo programas que benefician a sus oyentes\u00a0a trav\u00e9s de \u00e1reas culturales espec\u00edficas.\u00a0<\/p>\n","protected":false},"excerpt":{"rendered":"<p>El personal de comunicaci\u00f3n de todo el territorio de Interam\u00e9rica y Suram\u00e9rica se dieron cita para la VI Reuni\u00f3n Anual de La Voz de la Esperanza, Radio Mundial Adventista.<\/p>\n","protected":false},"author":1,"featured_media":0,"comment_status":"closed","ping_status":"closed","sticky":false,"template":"","format":"standard","meta":{"_acf_changed":false,"footnotes":""},"categories":[8],"tags":[],"class_list":["post-10263","post","type-post","status-publish","format-standard","hentry","category-archivo"],"acf":[],"yoast_head":"<!-- This site is optimized with the Yoast SEO plugin v27.3 - https:\/\/yoast.com\/product\/yoast-seo-wordpress\/ -->\n<title>Radio Mundial Adventista Celebra su Reuni\u00f3n Anual - Iglesia Adventista del S\u00e9ptimo D\u00eda - Divisi\u00f3n Interamericana<\/title>\n<meta name=\"robots\" content=\"index, follow, max-snippet:-1, max-image-preview:large, max-video-preview:-1\" \/>\n<link rel=\"canonical\" href=\"https:\/\/interamerica.org\/es\/2004\/03\/radio-mundial-adventista-celebra-su-reunion-anual\/\" \/>\n<meta property=\"og:locale\" content=\"es_ES\" \/>\n<meta property=\"og:type\" content=\"article\" \/>\n<meta property=\"og:title\" content=\"Radio Mundial Adventista Celebra su Reuni\u00f3n Anual - Iglesia Adventista del S\u00e9ptimo D\u00eda - Divisi\u00f3n Interamericana\" \/>\n<meta property=\"og:description\" content=\"El personal de comunicaci\u00f3n de todo el territorio de Interam\u00e9rica y Suram\u00e9rica se dieron cita para la VI Reuni\u00f3n Anual de La Voz de la Esperanza, Radio Mundial Adventista.\" \/>\n<meta property=\"og:url\" content=\"https:\/\/interamerica.org\/es\/2004\/03\/radio-mundial-adventista-celebra-su-reunion-anual\/\" \/>\n<meta property=\"og:site_name\" content=\"Iglesia Adventista del S\u00e9ptimo D\u00eda - Divisi\u00f3n Interamericana\" \/>\n<meta property=\"article:published_time\" content=\"2004-03-10T04:00:00+00:00\" \/>\n<meta property=\"article:modified_time\" content=\"2017-06-02T13:20:20+00:00\" \/>\n<meta name=\"author\" content=\"Lorenzo Verduzco\" \/>\n<meta name=\"twitter:card\" content=\"summary_large_image\" \/>\n<meta name=\"twitter:label1\" content=\"Escrito por\" \/>\n\t<meta name=\"twitter:data1\" content=\"Lorenzo Verduzco\" \/>\n\t<meta name=\"twitter:label2\" content=\"Tiempo de lectura\" \/>\n\t<meta name=\"twitter:data2\" content=\"2 minutos\" \/>\n<script type=\"application\/ld+json\" class=\"yoast-schema-graph\">{\"@context\":\"https:\\\/\\\/schema.org\",\"@graph\":[{\"@type\":\"Article\",\"@id\":\"https:\\\/\\\/interamerica.org\\\/es\\\/2004\\\/03\\\/radio-mundial-adventista-celebra-su-reunion-anual\\\/#article\",\"isPartOf\":{\"@id\":\"https:\\\/\\\/interamerica.org\\\/es\\\/2004\\\/03\\\/radio-mundial-adventista-celebra-su-reunion-anual\\\/\"},\"author\":{\"name\":\"Lorenzo Verduzco\",\"@id\":\"https:\\\/\\\/interamerica.org\\\/es\\\/#\\\/schema\\\/person\\\/68ede8bdc292885bb76c1e3810e73c39\"},\"headline\":\"Radio Mundial Adventista Celebra su Reuni\u00f3n Anual\",\"datePublished\":\"2004-03-10T04:00:00+00:00\",\"dateModified\":\"2017-06-02T13:20:20+00:00\",\"mainEntityOfPage\":{\"@id\":\"https:\\\/\\\/interamerica.org\\\/es\\\/2004\\\/03\\\/radio-mundial-adventista-celebra-su-reunion-anual\\\/\"},\"wordCount\":471,\"articleSection\":[\"Archivo\"],\"inLanguage\":\"es\"},{\"@type\":\"WebPage\",\"@id\":\"https:\\\/\\\/interamerica.org\\\/es\\\/2004\\\/03\\\/radio-mundial-adventista-celebra-su-reunion-anual\\\/\",\"url\":\"https:\\\/\\\/interamerica.org\\\/es\\\/2004\\\/03\\\/radio-mundial-adventista-celebra-su-reunion-anual\\\/\",\"name\":\"Radio Mundial Adventista Celebra su Reuni\u00f3n Anual - Iglesia Adventista del S\u00e9ptimo D\u00eda - Divisi\u00f3n Interamericana\",\"isPartOf\":{\"@id\":\"https:\\\/\\\/interamerica.org\\\/es\\\/#website\"},\"datePublished\":\"2004-03-10T04:00:00+00:00\",\"dateModified\":\"2017-06-02T13:20:20+00:00\",\"author\":{\"@id\":\"https:\\\/\\\/interamerica.org\\\/es\\\/#\\\/schema\\\/person\\\/68ede8bdc292885bb76c1e3810e73c39\"},\"breadcrumb\":{\"@id\":\"https:\\\/\\\/interamerica.org\\\/es\\\/2004\\\/03\\\/radio-mundial-adventista-celebra-su-reunion-anual\\\/#breadcrumb\"},\"inLanguage\":\"es\",\"potentialAction\":[{\"@type\":\"ReadAction\",\"target\":[\"https:\\\/\\\/interamerica.org\\\/es\\\/2004\\\/03\\\/radio-mundial-adventista-celebra-su-reunion-anual\\\/\"]}]},{\"@type\":\"BreadcrumbList\",\"@id\":\"https:\\\/\\\/interamerica.org\\\/es\\\/2004\\\/03\\\/radio-mundial-adventista-celebra-su-reunion-anual\\\/#breadcrumb\",\"itemListElement\":[{\"@type\":\"ListItem\",\"position\":1,\"name\":\"Home\",\"item\":\"https:\\\/\\\/interamerica.org\\\/es\\\/\"},{\"@type\":\"ListItem\",\"position\":2,\"name\":\"Radio Mundial Adventista Celebra su Reuni\u00f3n Anual\"}]},{\"@type\":\"WebSite\",\"@id\":\"https:\\\/\\\/interamerica.org\\\/es\\\/#website\",\"url\":\"https:\\\/\\\/interamerica.org\\\/es\\\/\",\"name\":\"Iglesia Adventista del S\u00e9ptimo D\u00eda - Divisi\u00f3n Interamericana\",\"description\":\"\",\"potentialAction\":[{\"@type\":\"SearchAction\",\"target\":{\"@type\":\"EntryPoint\",\"urlTemplate\":\"https:\\\/\\\/interamerica.org\\\/es\\\/?s={search_term_string}\"},\"query-input\":{\"@type\":\"PropertyValueSpecification\",\"valueRequired\":true,\"valueName\":\"search_term_string\"}}],\"inLanguage\":\"es\"},{\"@type\":\"Person\",\"@id\":\"https:\\\/\\\/interamerica.org\\\/es\\\/#\\\/schema\\\/person\\\/68ede8bdc292885bb76c1e3810e73c39\",\"name\":\"Lorenzo Verduzco\",\"image\":{\"@type\":\"ImageObject\",\"inLanguage\":\"es\",\"@id\":\"https:\\\/\\\/secure.gravatar.com\\\/avatar\\\/fb81a55b6218459490a9c1dc841a34909185b81904c5337b4b27f7a6fd60c49e?s=96&d=mm&r=g\",\"url\":\"https:\\\/\\\/secure.gravatar.com\\\/avatar\\\/fb81a55b6218459490a9c1dc841a34909185b81904c5337b4b27f7a6fd60c49e?s=96&d=mm&r=g\",\"contentUrl\":\"https:\\\/\\\/secure.gravatar.com\\\/avatar\\\/fb81a55b6218459490a9c1dc841a34909185b81904c5337b4b27f7a6fd60c49e?s=96&d=mm&r=g\",\"caption\":\"Lorenzo Verduzco\"}}]}<\/script>\n<!-- \/ Yoast SEO plugin. -->","yoast_head_json":{"title":"Radio Mundial Adventista Celebra su Reuni\u00f3n Anual - Iglesia Adventista del S\u00e9ptimo D\u00eda - Divisi\u00f3n Interamericana","robots":{"index":"index","follow":"follow","max-snippet":"max-snippet:-1","max-image-preview":"max-image-preview:large","max-video-preview":"max-video-preview:-1"},"canonical":"https:\/\/interamerica.org\/es\/2004\/03\/radio-mundial-adventista-celebra-su-reunion-anual\/","og_locale":"es_ES","og_type":"article","og_title":"Radio Mundial Adventista Celebra su Reuni\u00f3n Anual - Iglesia Adventista del S\u00e9ptimo D\u00eda - Divisi\u00f3n Interamericana","og_description":"El personal de comunicaci\u00f3n de todo el territorio de Interam\u00e9rica y Suram\u00e9rica se dieron cita para la VI Reuni\u00f3n Anual de La Voz de la Esperanza, Radio Mundial Adventista.","og_url":"https:\/\/interamerica.org\/es\/2004\/03\/radio-mundial-adventista-celebra-su-reunion-anual\/","og_site_name":"Iglesia Adventista del S\u00e9ptimo D\u00eda - Divisi\u00f3n Interamericana","article_published_time":"2004-03-10T04:00:00+00:00","article_modified_time":"2017-06-02T13:20:20+00:00","author":"Lorenzo Verduzco","twitter_card":"summary_large_image","twitter_misc":{"Escrito por":"Lorenzo Verduzco","Tiempo de lectura":"2 minutos"},"schema":{"@context":"https:\/\/schema.org","@graph":[{"@type":"Article","@id":"https:\/\/interamerica.org\/es\/2004\/03\/radio-mundial-adventista-celebra-su-reunion-anual\/#article","isPartOf":{"@id":"https:\/\/interamerica.org\/es\/2004\/03\/radio-mundial-adventista-celebra-su-reunion-anual\/"},"author":{"name":"Lorenzo Verduzco","@id":"https:\/\/interamerica.org\/es\/#\/schema\/person\/68ede8bdc292885bb76c1e3810e73c39"},"headline":"Radio Mundial Adventista Celebra su Reuni\u00f3n Anual","datePublished":"2004-03-10T04:00:00+00:00","dateModified":"2017-06-02T13:20:20+00:00","mainEntityOfPage":{"@id":"https:\/\/interamerica.org\/es\/2004\/03\/radio-mundial-adventista-celebra-su-reunion-anual\/"},"wordCount":471,"articleSection":["Archivo"],"inLanguage":"es"},{"@type":"WebPage","@id":"https:\/\/interamerica.org\/es\/2004\/03\/radio-mundial-adventista-celebra-su-reunion-anual\/","url":"https:\/\/interamerica.org\/es\/2004\/03\/radio-mundial-adventista-celebra-su-reunion-anual\/","name":"Radio Mundial Adventista Celebra su Reuni\u00f3n Anual - Iglesia Adventista del S\u00e9ptimo D\u00eda - Divisi\u00f3n Interamericana","isPartOf":{"@id":"https:\/\/interamerica.org\/es\/#website"},"datePublished":"2004-03-10T04:00:00+00:00","dateModified":"2017-06-02T13:20:20+00:00","author":{"@id":"https:\/\/interamerica.org\/es\/#\/schema\/person\/68ede8bdc292885bb76c1e3810e73c39"},"breadcrumb":{"@id":"https:\/\/interamerica.org\/es\/2004\/03\/radio-mundial-adventista-celebra-su-reunion-anual\/#breadcrumb"},"inLanguage":"es","potentialAction":[{"@type":"ReadAction","target":["https:\/\/interamerica.org\/es\/2004\/03\/radio-mundial-adventista-celebra-su-reunion-anual\/"]}]},{"@type":"BreadcrumbList","@id":"https:\/\/interamerica.org\/es\/2004\/03\/radio-mundial-adventista-celebra-su-reunion-anual\/#breadcrumb","itemListElement":[{"@type":"ListItem","position":1,"name":"Home","item":"https:\/\/interamerica.org\/es\/"},{"@type":"ListItem","position":2,"name":"Radio Mundial Adventista Celebra su Reuni\u00f3n Anual"}]},{"@type":"WebSite","@id":"https:\/\/interamerica.org\/es\/#website","url":"https:\/\/interamerica.org\/es\/","name":"Iglesia Adventista del S\u00e9ptimo D\u00eda - Divisi\u00f3n Interamericana","description":"","potentialAction":[{"@type":"SearchAction","target":{"@type":"EntryPoint","urlTemplate":"https:\/\/interamerica.org\/es\/?s={search_term_string}"},"query-input":{"@type":"PropertyValueSpecification","valueRequired":true,"valueName":"search_term_string"}}],"inLanguage":"es"},{"@type":"Person","@id":"https:\/\/interamerica.org\/es\/#\/schema\/person\/68ede8bdc292885bb76c1e3810e73c39","name":"Lorenzo Verduzco","image":{"@type":"ImageObject","inLanguage":"es","@id":"https:\/\/secure.gravatar.com\/avatar\/fb81a55b6218459490a9c1dc841a34909185b81904c5337b4b27f7a6fd60c49e?s=96&d=mm&r=g","url":"https:\/\/secure.gravatar.com\/avatar\/fb81a55b6218459490a9c1dc841a34909185b81904c5337b4b27f7a6fd60c49e?s=96&d=mm&r=g","contentUrl":"https:\/\/secure.gravatar.com\/avatar\/fb81a55b6218459490a9c1dc841a34909185b81904c5337b4b27f7a6fd60c49e?s=96&d=mm&r=g","caption":"Lorenzo Verduzco"}}]}},"_links":{"self":[{"href":"https:\/\/interamerica.org\/es\/wp-json\/wp\/v2\/posts\/10263","targetHints":{"allow":["GET"]}}],"collection":[{"href":"https:\/\/interamerica.org\/es\/wp-json\/wp\/v2\/posts"}],"about":[{"href":"https:\/\/interamerica.org\/es\/wp-json\/wp\/v2\/types\/post"}],"author":[{"embeddable":true,"href":"https:\/\/interamerica.org\/es\/wp-json\/wp\/v2\/users\/1"}],"replies":[{"embeddable":true,"href":"https:\/\/interamerica.org\/es\/wp-json\/wp\/v2\/comments?post=10263"}],"version-history":[{"count":0,"href":"https:\/\/interamerica.org\/es\/wp-json\/wp\/v2\/posts\/10263\/revisions"}],"wp:attachment":[{"href":"https:\/\/interamerica.org\/es\/wp-json\/wp\/v2\/media?parent=10263"}],"wp:term":[{"taxonomy":"category","embeddable":true,"href":"https:\/\/interamerica.org\/es\/wp-json\/wp\/v2\/categories?post=10263"},{"taxonomy":"post_tag","embeddable":true,"href":"https:\/\/interamerica.org\/es\/wp-json\/wp\/v2\/tags?post=10263"}],"curies":[{"name":"wp","href":"https:\/\/api.w.org\/{rel}","templated":true}]}}