{"id":10264,"date":"2004-03-22T00:00:00","date_gmt":"2004-03-22T04:00:00","guid":{"rendered":"http:\/\/192.81.217.108\/interamerica\/2004\/03\/administradores-de-la-division-hacen-auditoria-en-la-union-interoceanica-de-mexico\/"},"modified":"2017-06-02T09:20:17","modified_gmt":"2017-06-02T13:20:17","slug":"administradores-de-la-division-hacen-auditoria-en-la-union-interoceanica-de-mexico","status":"publish","type":"post","link":"https:\/\/interamerica.org\/es\/2004\/03\/administradores-de-la-division-hacen-auditoria-en-la-union-interoceanica-de-mexico\/","title":{"rendered":"Administradores de la Divisi\u00f3n hacen Auditor\u00eda\u00a0en la Uni\u00f3n Interoce\u00e1nica de M\u00e9xico"},"content":{"rendered":"<p>Ciudad de M\u00e9xico, M\u00e9xico &#8230; [Israel Leito\/DIA]<\/p>\n<p>La Uni\u00f3n Interoce\u00e1nica,\u00a0una de las tres uniones en M\u00e9xico, fue creada hace pocos a\u00f1os y est\u00e1 probando que es una de las mejores decisiones\u00a0jam\u00e1s tomadas.\u00a0 Est\u00e1 en r\u00e1pido crecimiento, tiene un liderazgo muy estable, no hay perturbaciones en el campo y las personas se dedican a cumplir la misi\u00f3n de la iglesia.<\/p>\n<p>Durante la auditor\u00eda administrativa, del 10 al 12 de marzo, realizada por la Administraci\u00f3n de la Divisi\u00f3n, se contempl\u00f3 elevar el nivel de la Misi\u00f3n Olmeca en Asociaci\u00f3n.\u00a0 Esta misi\u00f3n fue creada hace tres a\u00f1os y ya tiene\u00a0condiciones para el estatus de asociaci\u00f3n.\u00a0 La recomendaci\u00f3n para tal efecto se ha trasladado a la Junta de Divisi\u00f3n.<\/p>\n<p>Para mayor informaci\u00f3n de la Uni\u00f3n Interoce\u00e1nica visite el sitio www.interoceanica.org.mx<\/p>\n","protected":false},"excerpt":{"rendered":"<p>Durante la auditor\u00eda administrativa, del 10 al 12 de marzo, realizada por la Administraci\u00f3n de la Divisi\u00f3n, se contempl\u00f3 elevar el nivel de la Misi\u00f3n Olmeca en Asociaci\u00f3n.<\/p>\n","protected":false},"author":1,"featured_media":0,"comment_status":"closed","ping_status":"closed","sticky":false,"template":"","format":"standard","meta":{"_acf_changed":false,"footnotes":""},"categories":[8],"tags":[],"class_list":["post-10264","post","type-post","status-publish","format-standard","hentry","category-archivo"],"acf":[],"yoast_head":"<!-- This site is optimized with the Yoast SEO plugin v27.3 - https:\/\/yoast.com\/product\/yoast-seo-wordpress\/ -->\n<title>Administradores de la Divisi\u00f3n hacen Auditor\u00eda\u00a0en la Uni\u00f3n Interoce\u00e1nica de M\u00e9xico - Iglesia Adventista del S\u00e9ptimo D\u00eda - Divisi\u00f3n Interamericana<\/title>\n<meta name=\"robots\" content=\"index, follow, max-snippet:-1, max-image-preview:large, max-video-preview:-1\" \/>\n<link rel=\"canonical\" href=\"https:\/\/interamerica.org\/es\/2004\/03\/administradores-de-la-division-hacen-auditoria-en-la-union-interoceanica-de-mexico\/\" \/>\n<meta property=\"og:locale\" content=\"es_ES\" \/>\n<meta property=\"og:type\" content=\"article\" \/>\n<meta property=\"og:title\" content=\"Administradores de la Divisi\u00f3n hacen Auditor\u00eda\u00a0en la Uni\u00f3n Interoce\u00e1nica de M\u00e9xico - Iglesia Adventista del S\u00e9ptimo D\u00eda - Divisi\u00f3n Interamericana\" \/>\n<meta property=\"og:description\" content=\"Durante la auditor\u00eda administrativa, del 10 al 12 de marzo, realizada por la Administraci\u00f3n de la Divisi\u00f3n, se contempl\u00f3 elevar el nivel de la Misi\u00f3n Olmeca en Asociaci\u00f3n.\" \/>\n<meta property=\"og:url\" content=\"https:\/\/interamerica.org\/es\/2004\/03\/administradores-de-la-division-hacen-auditoria-en-la-union-interoceanica-de-mexico\/\" \/>\n<meta property=\"og:site_name\" content=\"Iglesia Adventista del S\u00e9ptimo D\u00eda - Divisi\u00f3n Interamericana\" \/>\n<meta property=\"article:published_time\" content=\"2004-03-22T04:00:00+00:00\" \/>\n<meta property=\"article:modified_time\" content=\"2017-06-02T13:20:17+00:00\" \/>\n<meta name=\"author\" content=\"Lorenzo Verduzco\" \/>\n<meta name=\"twitter:card\" content=\"summary_large_image\" \/>\n<meta name=\"twitter:label1\" content=\"Escrito por\" \/>\n\t<meta name=\"twitter:data1\" content=\"Lorenzo Verduzco\" \/>\n\t<meta name=\"twitter:label2\" content=\"Tiempo de lectura\" \/>\n\t<meta name=\"twitter:data2\" content=\"1 minuto\" \/>\n<script type=\"application\/ld+json\" class=\"yoast-schema-graph\">{\"@context\":\"https:\\\/\\\/schema.org\",\"@graph\":[{\"@type\":\"Article\",\"@id\":\"https:\\\/\\\/interamerica.org\\\/es\\\/2004\\\/03\\\/administradores-de-la-division-hacen-auditoria-en-la-union-interoceanica-de-mexico\\\/#article\",\"isPartOf\":{\"@id\":\"https:\\\/\\\/interamerica.org\\\/es\\\/2004\\\/03\\\/administradores-de-la-division-hacen-auditoria-en-la-union-interoceanica-de-mexico\\\/\"},\"author\":{\"name\":\"Lorenzo Verduzco\",\"@id\":\"https:\\\/\\\/interamerica.org\\\/es\\\/#\\\/schema\\\/person\\\/68ede8bdc292885bb76c1e3810e73c39\"},\"headline\":\"Administradores de la Divisi\u00f3n hacen Auditor\u00eda\u00a0en la Uni\u00f3n Interoce\u00e1nica de M\u00e9xico\",\"datePublished\":\"2004-03-22T04:00:00+00:00\",\"dateModified\":\"2017-06-02T13:20:17+00:00\",\"mainEntityOfPage\":{\"@id\":\"https:\\\/\\\/interamerica.org\\\/es\\\/2004\\\/03\\\/administradores-de-la-division-hacen-auditoria-en-la-union-interoceanica-de-mexico\\\/\"},\"wordCount\":169,\"articleSection\":[\"Archivo\"],\"inLanguage\":\"es\"},{\"@type\":\"WebPage\",\"@id\":\"https:\\\/\\\/interamerica.org\\\/es\\\/2004\\\/03\\\/administradores-de-la-division-hacen-auditoria-en-la-union-interoceanica-de-mexico\\\/\",\"url\":\"https:\\\/\\\/interamerica.org\\\/es\\\/2004\\\/03\\\/administradores-de-la-division-hacen-auditoria-en-la-union-interoceanica-de-mexico\\\/\",\"name\":\"Administradores de la Divisi\u00f3n hacen Auditor\u00eda\u00a0en la Uni\u00f3n Interoce\u00e1nica de M\u00e9xico - Iglesia Adventista del S\u00e9ptimo D\u00eda - Divisi\u00f3n Interamericana\",\"isPartOf\":{\"@id\":\"https:\\\/\\\/interamerica.org\\\/es\\\/#website\"},\"datePublished\":\"2004-03-22T04:00:00+00:00\",\"dateModified\":\"2017-06-02T13:20:17+00:00\",\"author\":{\"@id\":\"https:\\\/\\\/interamerica.org\\\/es\\\/#\\\/schema\\\/person\\\/68ede8bdc292885bb76c1e3810e73c39\"},\"breadcrumb\":{\"@id\":\"https:\\\/\\\/interamerica.org\\\/es\\\/2004\\\/03\\\/administradores-de-la-division-hacen-auditoria-en-la-union-interoceanica-de-mexico\\\/#breadcrumb\"},\"inLanguage\":\"es\",\"potentialAction\":[{\"@type\":\"ReadAction\",\"target\":[\"https:\\\/\\\/interamerica.org\\\/es\\\/2004\\\/03\\\/administradores-de-la-division-hacen-auditoria-en-la-union-interoceanica-de-mexico\\\/\"]}]},{\"@type\":\"BreadcrumbList\",\"@id\":\"https:\\\/\\\/interamerica.org\\\/es\\\/2004\\\/03\\\/administradores-de-la-division-hacen-auditoria-en-la-union-interoceanica-de-mexico\\\/#breadcrumb\",\"itemListElement\":[{\"@type\":\"ListItem\",\"position\":1,\"name\":\"Home\",\"item\":\"https:\\\/\\\/interamerica.org\\\/es\\\/\"},{\"@type\":\"ListItem\",\"position\":2,\"name\":\"Administradores de la Divisi\u00f3n hacen Auditor\u00eda\u00a0en la Uni\u00f3n Interoce\u00e1nica de M\u00e9xico\"}]},{\"@type\":\"WebSite\",\"@id\":\"https:\\\/\\\/interamerica.org\\\/es\\\/#website\",\"url\":\"https:\\\/\\\/interamerica.org\\\/es\\\/\",\"name\":\"Iglesia Adventista del S\u00e9ptimo D\u00eda - Divisi\u00f3n Interamericana\",\"description\":\"\",\"potentialAction\":[{\"@type\":\"SearchAction\",\"target\":{\"@type\":\"EntryPoint\",\"urlTemplate\":\"https:\\\/\\\/interamerica.org\\\/es\\\/?s={search_term_string}\"},\"query-input\":{\"@type\":\"PropertyValueSpecification\",\"valueRequired\":true,\"valueName\":\"search_term_string\"}}],\"inLanguage\":\"es\"},{\"@type\":\"Person\",\"@id\":\"https:\\\/\\\/interamerica.org\\\/es\\\/#\\\/schema\\\/person\\\/68ede8bdc292885bb76c1e3810e73c39\",\"name\":\"Lorenzo Verduzco\",\"image\":{\"@type\":\"ImageObject\",\"inLanguage\":\"es\",\"@id\":\"https:\\\/\\\/secure.gravatar.com\\\/avatar\\\/fb81a55b6218459490a9c1dc841a34909185b81904c5337b4b27f7a6fd60c49e?s=96&d=mm&r=g\",\"url\":\"https:\\\/\\\/secure.gravatar.com\\\/avatar\\\/fb81a55b6218459490a9c1dc841a34909185b81904c5337b4b27f7a6fd60c49e?s=96&d=mm&r=g\",\"contentUrl\":\"https:\\\/\\\/secure.gravatar.com\\\/avatar\\\/fb81a55b6218459490a9c1dc841a34909185b81904c5337b4b27f7a6fd60c49e?s=96&d=mm&r=g\",\"caption\":\"Lorenzo Verduzco\"}}]}<\/script>\n<!-- \/ Yoast SEO plugin. -->","yoast_head_json":{"title":"Administradores de la Divisi\u00f3n hacen Auditor\u00eda\u00a0en la Uni\u00f3n Interoce\u00e1nica de M\u00e9xico - Iglesia Adventista del S\u00e9ptimo D\u00eda - Divisi\u00f3n Interamericana","robots":{"index":"index","follow":"follow","max-snippet":"max-snippet:-1","max-image-preview":"max-image-preview:large","max-video-preview":"max-video-preview:-1"},"canonical":"https:\/\/interamerica.org\/es\/2004\/03\/administradores-de-la-division-hacen-auditoria-en-la-union-interoceanica-de-mexico\/","og_locale":"es_ES","og_type":"article","og_title":"Administradores de la Divisi\u00f3n hacen Auditor\u00eda\u00a0en la Uni\u00f3n Interoce\u00e1nica de M\u00e9xico - Iglesia Adventista del S\u00e9ptimo D\u00eda - Divisi\u00f3n Interamericana","og_description":"Durante la auditor\u00eda administrativa, del 10 al 12 de marzo, realizada por la Administraci\u00f3n de la Divisi\u00f3n, se contempl\u00f3 elevar el nivel de la Misi\u00f3n Olmeca en Asociaci\u00f3n.","og_url":"https:\/\/interamerica.org\/es\/2004\/03\/administradores-de-la-division-hacen-auditoria-en-la-union-interoceanica-de-mexico\/","og_site_name":"Iglesia Adventista del S\u00e9ptimo D\u00eda - Divisi\u00f3n Interamericana","article_published_time":"2004-03-22T04:00:00+00:00","article_modified_time":"2017-06-02T13:20:17+00:00","author":"Lorenzo Verduzco","twitter_card":"summary_large_image","twitter_misc":{"Escrito por":"Lorenzo Verduzco","Tiempo de lectura":"1 minuto"},"schema":{"@context":"https:\/\/schema.org","@graph":[{"@type":"Article","@id":"https:\/\/interamerica.org\/es\/2004\/03\/administradores-de-la-division-hacen-auditoria-en-la-union-interoceanica-de-mexico\/#article","isPartOf":{"@id":"https:\/\/interamerica.org\/es\/2004\/03\/administradores-de-la-division-hacen-auditoria-en-la-union-interoceanica-de-mexico\/"},"author":{"name":"Lorenzo Verduzco","@id":"https:\/\/interamerica.org\/es\/#\/schema\/person\/68ede8bdc292885bb76c1e3810e73c39"},"headline":"Administradores de la Divisi\u00f3n hacen Auditor\u00eda\u00a0en la Uni\u00f3n Interoce\u00e1nica de M\u00e9xico","datePublished":"2004-03-22T04:00:00+00:00","dateModified":"2017-06-02T13:20:17+00:00","mainEntityOfPage":{"@id":"https:\/\/interamerica.org\/es\/2004\/03\/administradores-de-la-division-hacen-auditoria-en-la-union-interoceanica-de-mexico\/"},"wordCount":169,"articleSection":["Archivo"],"inLanguage":"es"},{"@type":"WebPage","@id":"https:\/\/interamerica.org\/es\/2004\/03\/administradores-de-la-division-hacen-auditoria-en-la-union-interoceanica-de-mexico\/","url":"https:\/\/interamerica.org\/es\/2004\/03\/administradores-de-la-division-hacen-auditoria-en-la-union-interoceanica-de-mexico\/","name":"Administradores de la Divisi\u00f3n hacen Auditor\u00eda\u00a0en la Uni\u00f3n Interoce\u00e1nica de M\u00e9xico - Iglesia Adventista del S\u00e9ptimo D\u00eda - Divisi\u00f3n Interamericana","isPartOf":{"@id":"https:\/\/interamerica.org\/es\/#website"},"datePublished":"2004-03-22T04:00:00+00:00","dateModified":"2017-06-02T13:20:17+00:00","author":{"@id":"https:\/\/interamerica.org\/es\/#\/schema\/person\/68ede8bdc292885bb76c1e3810e73c39"},"breadcrumb":{"@id":"https:\/\/interamerica.org\/es\/2004\/03\/administradores-de-la-division-hacen-auditoria-en-la-union-interoceanica-de-mexico\/#breadcrumb"},"inLanguage":"es","potentialAction":[{"@type":"ReadAction","target":["https:\/\/interamerica.org\/es\/2004\/03\/administradores-de-la-division-hacen-auditoria-en-la-union-interoceanica-de-mexico\/"]}]},{"@type":"BreadcrumbList","@id":"https:\/\/interamerica.org\/es\/2004\/03\/administradores-de-la-division-hacen-auditoria-en-la-union-interoceanica-de-mexico\/#breadcrumb","itemListElement":[{"@type":"ListItem","position":1,"name":"Home","item":"https:\/\/interamerica.org\/es\/"},{"@type":"ListItem","position":2,"name":"Administradores de la Divisi\u00f3n hacen Auditor\u00eda\u00a0en la Uni\u00f3n Interoce\u00e1nica de M\u00e9xico"}]},{"@type":"WebSite","@id":"https:\/\/interamerica.org\/es\/#website","url":"https:\/\/interamerica.org\/es\/","name":"Iglesia Adventista del S\u00e9ptimo D\u00eda - Divisi\u00f3n Interamericana","description":"","potentialAction":[{"@type":"SearchAction","target":{"@type":"EntryPoint","urlTemplate":"https:\/\/interamerica.org\/es\/?s={search_term_string}"},"query-input":{"@type":"PropertyValueSpecification","valueRequired":true,"valueName":"search_term_string"}}],"inLanguage":"es"},{"@type":"Person","@id":"https:\/\/interamerica.org\/es\/#\/schema\/person\/68ede8bdc292885bb76c1e3810e73c39","name":"Lorenzo Verduzco","image":{"@type":"ImageObject","inLanguage":"es","@id":"https:\/\/secure.gravatar.com\/avatar\/fb81a55b6218459490a9c1dc841a34909185b81904c5337b4b27f7a6fd60c49e?s=96&d=mm&r=g","url":"https:\/\/secure.gravatar.com\/avatar\/fb81a55b6218459490a9c1dc841a34909185b81904c5337b4b27f7a6fd60c49e?s=96&d=mm&r=g","contentUrl":"https:\/\/secure.gravatar.com\/avatar\/fb81a55b6218459490a9c1dc841a34909185b81904c5337b4b27f7a6fd60c49e?s=96&d=mm&r=g","caption":"Lorenzo Verduzco"}}]}},"_links":{"self":[{"href":"https:\/\/interamerica.org\/es\/wp-json\/wp\/v2\/posts\/10264","targetHints":{"allow":["GET"]}}],"collection":[{"href":"https:\/\/interamerica.org\/es\/wp-json\/wp\/v2\/posts"}],"about":[{"href":"https:\/\/interamerica.org\/es\/wp-json\/wp\/v2\/types\/post"}],"author":[{"embeddable":true,"href":"https:\/\/interamerica.org\/es\/wp-json\/wp\/v2\/users\/1"}],"replies":[{"embeddable":true,"href":"https:\/\/interamerica.org\/es\/wp-json\/wp\/v2\/comments?post=10264"}],"version-history":[{"count":0,"href":"https:\/\/interamerica.org\/es\/wp-json\/wp\/v2\/posts\/10264\/revisions"}],"wp:attachment":[{"href":"https:\/\/interamerica.org\/es\/wp-json\/wp\/v2\/media?parent=10264"}],"wp:term":[{"taxonomy":"category","embeddable":true,"href":"https:\/\/interamerica.org\/es\/wp-json\/wp\/v2\/categories?post=10264"},{"taxonomy":"post_tag","embeddable":true,"href":"https:\/\/interamerica.org\/es\/wp-json\/wp\/v2\/tags?post=10264"}],"curies":[{"name":"wp","href":"https:\/\/api.w.org\/{rel}","templated":true}]}}