{"id":10266,"date":"2004-03-23T00:00:00","date_gmt":"2004-03-23T04:00:00","guid":{"rendered":"http:\/\/192.81.217.108\/interamerica\/2004\/03\/hondurascirujano-adventista-reacopla-una-mano\/"},"modified":"2017-06-02T09:20:14","modified_gmt":"2017-06-02T13:20:14","slug":"hondurascirujano-adventista-reacopla-una-mano","status":"publish","type":"post","link":"https:\/\/interamerica.org\/es\/2004\/03\/hondurascirujano-adventista-reacopla-una-mano\/","title":{"rendered":"Honduras:Cirujano Adventista Reacopla una Mano."},"content":{"rendered":"<p>Tegucigalpa, Honduras &#8230; [Libna Stevens\/DIA]<\/p>\n<p>Un cirujano adventista del s\u00e9ptimo d\u00eda reacopl\u00f3 la mano de un hombre que hab\u00eda sido asaltado en una tentativa de robo en la ciudad capital de Tegucigalpa el 28 de febrero.<\/p>\n<p>\u00c1ngel Geovanny Huete, de 42 a\u00f1os, un empleado del Ministerio de Finanzas del gobierno de Honduras, estaba de viaje con su esposa hacia San Lorenzo, localizado a dos horas de Tegucigalpa, cuando fue asaltado por un hombre que le quit\u00f3 la mano derecha con un machete. Despu\u00e9s del asalto, la esposa de Huete tom\u00f3 la mano cercenada y la envi\u00f3 con su esposo al hospital local de ah\u00ed. El ortopeda puso la mano en hielo e hizo los arreglos para transportar a Huete al Hospital del Instituto Hondure\u00f1o de Seguridad Social en Tegucigalpa. <\/p>\n<p>Atrasado por el tr\u00e1fico, Huete y su esposa finalmente llegaron al hospital cinco horas despu\u00e9s del ataque. El personal del hospital llam\u00f3 inmediatamente al Dr. Emec Cherenfant, cirujano pl\u00e1stico oriundo de Hait\u00ed, quien estaba fuera por el fin de semana. Para desarrollar el delicado proceso de reacoplamiento, el Dr. Cherenfant necesitaba un microscopio quir\u00fargico especial que acababa de donar la Agencia Adventista de Desarrollo y Recursos Asistenciales en Honduras. El equipo hab\u00eda llegado tan s\u00f3lo tres d\u00edas atr\u00e1s, pero a\u00fan estaba en su empaque y guardado bajo llave en el departamento de mantenimiento del instituto. Como era s\u00e1bado, fue imposible encontrar al ingeniero a tiempo para abrir la puerta, as\u00ed que \u2013con la aprobaci\u00f3n del director del hospital\u2014, la puerta fue violada para sacar el imprescindible equipo.<\/p>\n<p>\u201cYo estaba relacionado con el modelo [del microscopio] desde antes, as\u00ed que lo armamos y comenzamos la cirug\u00eda a las 10:00 p.m. y terminamos a las 8:00 a.m. del d\u00eda siguiente\u201d, explica Cherenfant. \u201cTodo sali\u00f3 bien en la cirug\u00eda. El paciente puede flexionar sus dedos y tendr\u00e1 la posibilidad de usar su mano despu\u00e9s de meses de terapia\u201d.<\/p>\n<p>La cirug\u00eda tuvo el cubrimiento de los medios de comunicaci\u00f3n locales, y tambi\u00e9n despert\u00f3 el inter\u00e9s de los medios de comunicaci\u00f3n a nivel internacional.<\/p>\n<p>Esta es la tercera vez que el Dr. Cherenfant reacopla una mano durante sus 10 a\u00f1os de experiencia en cirug\u00eda pl\u00e1stica. \u00c9l ha sido m\u00e9dico durante 16 a\u00f1os.<\/p>\n<p>El Dr. Cherenfant, de 41 a\u00f1os, complet\u00f3 sus estudios m\u00e9dicos en Honduras y obtuvo su especialidad en cirug\u00eda pl\u00e1stica en Montpelier y Par\u00eds, Francia. \u00c9l est\u00e1 feliz de ser un m\u00e9dico y afirma que trabajar en este campo es \u201cla m\u00e1s espl\u00e9ndida manifestaci\u00f3n del poder de Dios\u201d.<\/p>\n<p>Cherenfant es un adventista del s\u00e9ptimo d\u00eda de cuarta generaci\u00f3n, y miembro de la Iglesia Central de Tegucigalpa. Ha sido miembro de Adventist Laypersons\u2019 Services and Industries (Servicios e Industrias de Laicos Adventistas) durante cinco a\u00f1os. Est\u00e1 casado y tiene dos hijos.<\/p>\n","protected":false},"excerpt":{"rendered":"<p>Un cirujano adventista del s\u00e9ptimo d\u00eda reacopl\u00f3 la mano de un hombre que hab\u00eda sido asaltado en una tentativa de robo en la ciudad capital de Tegucigalpa el 28 de febrero.<\/p>\n","protected":false},"author":1,"featured_media":0,"comment_status":"closed","ping_status":"closed","sticky":false,"template":"","format":"standard","meta":{"_acf_changed":false,"footnotes":""},"categories":[8],"tags":[],"class_list":["post-10266","post","type-post","status-publish","format-standard","hentry","category-archivo"],"acf":[],"yoast_head":"<!-- This site is optimized with the Yoast SEO plugin v27.3 - https:\/\/yoast.com\/product\/yoast-seo-wordpress\/ -->\n<title>Honduras:Cirujano Adventista Reacopla una Mano. - Iglesia Adventista del S\u00e9ptimo D\u00eda - Divisi\u00f3n Interamericana<\/title>\n<meta name=\"robots\" content=\"index, follow, max-snippet:-1, max-image-preview:large, max-video-preview:-1\" \/>\n<link rel=\"canonical\" href=\"https:\/\/interamerica.org\/es\/2004\/03\/hondurascirujano-adventista-reacopla-una-mano\/\" \/>\n<meta property=\"og:locale\" content=\"es_ES\" \/>\n<meta property=\"og:type\" content=\"article\" \/>\n<meta property=\"og:title\" content=\"Honduras:Cirujano Adventista Reacopla una Mano. - Iglesia Adventista del S\u00e9ptimo D\u00eda - Divisi\u00f3n Interamericana\" \/>\n<meta property=\"og:description\" content=\"Un cirujano adventista del s\u00e9ptimo d\u00eda reacopl\u00f3 la mano de un hombre que hab\u00eda sido asaltado en una tentativa de robo en la ciudad capital de Tegucigalpa el 28 de febrero.\" \/>\n<meta property=\"og:url\" content=\"https:\/\/interamerica.org\/es\/2004\/03\/hondurascirujano-adventista-reacopla-una-mano\/\" \/>\n<meta property=\"og:site_name\" content=\"Iglesia Adventista del S\u00e9ptimo D\u00eda - Divisi\u00f3n Interamericana\" \/>\n<meta property=\"article:published_time\" content=\"2004-03-23T04:00:00+00:00\" \/>\n<meta property=\"article:modified_time\" content=\"2017-06-02T13:20:14+00:00\" \/>\n<meta name=\"author\" content=\"Lorenzo Verduzco\" \/>\n<meta name=\"twitter:card\" content=\"summary_large_image\" \/>\n<meta name=\"twitter:label1\" content=\"Escrito por\" \/>\n\t<meta name=\"twitter:data1\" content=\"Lorenzo Verduzco\" \/>\n\t<meta name=\"twitter:label2\" content=\"Tiempo de lectura\" \/>\n\t<meta name=\"twitter:data2\" content=\"2 minutos\" \/>\n<script type=\"application\/ld+json\" class=\"yoast-schema-graph\">{\"@context\":\"https:\\\/\\\/schema.org\",\"@graph\":[{\"@type\":\"Article\",\"@id\":\"https:\\\/\\\/interamerica.org\\\/es\\\/2004\\\/03\\\/hondurascirujano-adventista-reacopla-una-mano\\\/#article\",\"isPartOf\":{\"@id\":\"https:\\\/\\\/interamerica.org\\\/es\\\/2004\\\/03\\\/hondurascirujano-adventista-reacopla-una-mano\\\/\"},\"author\":{\"name\":\"Lorenzo Verduzco\",\"@id\":\"https:\\\/\\\/interamerica.org\\\/es\\\/#\\\/schema\\\/person\\\/68ede8bdc292885bb76c1e3810e73c39\"},\"headline\":\"Honduras:Cirujano Adventista Reacopla una Mano.\",\"datePublished\":\"2004-03-23T04:00:00+00:00\",\"dateModified\":\"2017-06-02T13:20:14+00:00\",\"mainEntityOfPage\":{\"@id\":\"https:\\\/\\\/interamerica.org\\\/es\\\/2004\\\/03\\\/hondurascirujano-adventista-reacopla-una-mano\\\/\"},\"wordCount\":500,\"articleSection\":[\"Archivo\"],\"inLanguage\":\"es\"},{\"@type\":\"WebPage\",\"@id\":\"https:\\\/\\\/interamerica.org\\\/es\\\/2004\\\/03\\\/hondurascirujano-adventista-reacopla-una-mano\\\/\",\"url\":\"https:\\\/\\\/interamerica.org\\\/es\\\/2004\\\/03\\\/hondurascirujano-adventista-reacopla-una-mano\\\/\",\"name\":\"Honduras:Cirujano Adventista Reacopla una Mano. - Iglesia Adventista del S\u00e9ptimo D\u00eda - Divisi\u00f3n Interamericana\",\"isPartOf\":{\"@id\":\"https:\\\/\\\/interamerica.org\\\/es\\\/#website\"},\"datePublished\":\"2004-03-23T04:00:00+00:00\",\"dateModified\":\"2017-06-02T13:20:14+00:00\",\"author\":{\"@id\":\"https:\\\/\\\/interamerica.org\\\/es\\\/#\\\/schema\\\/person\\\/68ede8bdc292885bb76c1e3810e73c39\"},\"breadcrumb\":{\"@id\":\"https:\\\/\\\/interamerica.org\\\/es\\\/2004\\\/03\\\/hondurascirujano-adventista-reacopla-una-mano\\\/#breadcrumb\"},\"inLanguage\":\"es\",\"potentialAction\":[{\"@type\":\"ReadAction\",\"target\":[\"https:\\\/\\\/interamerica.org\\\/es\\\/2004\\\/03\\\/hondurascirujano-adventista-reacopla-una-mano\\\/\"]}]},{\"@type\":\"BreadcrumbList\",\"@id\":\"https:\\\/\\\/interamerica.org\\\/es\\\/2004\\\/03\\\/hondurascirujano-adventista-reacopla-una-mano\\\/#breadcrumb\",\"itemListElement\":[{\"@type\":\"ListItem\",\"position\":1,\"name\":\"Home\",\"item\":\"https:\\\/\\\/interamerica.org\\\/es\\\/\"},{\"@type\":\"ListItem\",\"position\":2,\"name\":\"Honduras:Cirujano Adventista Reacopla una Mano.\"}]},{\"@type\":\"WebSite\",\"@id\":\"https:\\\/\\\/interamerica.org\\\/es\\\/#website\",\"url\":\"https:\\\/\\\/interamerica.org\\\/es\\\/\",\"name\":\"Iglesia Adventista del S\u00e9ptimo D\u00eda - Divisi\u00f3n Interamericana\",\"description\":\"\",\"potentialAction\":[{\"@type\":\"SearchAction\",\"target\":{\"@type\":\"EntryPoint\",\"urlTemplate\":\"https:\\\/\\\/interamerica.org\\\/es\\\/?s={search_term_string}\"},\"query-input\":{\"@type\":\"PropertyValueSpecification\",\"valueRequired\":true,\"valueName\":\"search_term_string\"}}],\"inLanguage\":\"es\"},{\"@type\":\"Person\",\"@id\":\"https:\\\/\\\/interamerica.org\\\/es\\\/#\\\/schema\\\/person\\\/68ede8bdc292885bb76c1e3810e73c39\",\"name\":\"Lorenzo Verduzco\",\"image\":{\"@type\":\"ImageObject\",\"inLanguage\":\"es\",\"@id\":\"https:\\\/\\\/secure.gravatar.com\\\/avatar\\\/fb81a55b6218459490a9c1dc841a34909185b81904c5337b4b27f7a6fd60c49e?s=96&d=mm&r=g\",\"url\":\"https:\\\/\\\/secure.gravatar.com\\\/avatar\\\/fb81a55b6218459490a9c1dc841a34909185b81904c5337b4b27f7a6fd60c49e?s=96&d=mm&r=g\",\"contentUrl\":\"https:\\\/\\\/secure.gravatar.com\\\/avatar\\\/fb81a55b6218459490a9c1dc841a34909185b81904c5337b4b27f7a6fd60c49e?s=96&d=mm&r=g\",\"caption\":\"Lorenzo Verduzco\"}}]}<\/script>\n<!-- \/ Yoast SEO plugin. -->","yoast_head_json":{"title":"Honduras:Cirujano Adventista Reacopla una Mano. - Iglesia Adventista del S\u00e9ptimo D\u00eda - Divisi\u00f3n Interamericana","robots":{"index":"index","follow":"follow","max-snippet":"max-snippet:-1","max-image-preview":"max-image-preview:large","max-video-preview":"max-video-preview:-1"},"canonical":"https:\/\/interamerica.org\/es\/2004\/03\/hondurascirujano-adventista-reacopla-una-mano\/","og_locale":"es_ES","og_type":"article","og_title":"Honduras:Cirujano Adventista Reacopla una Mano. - Iglesia Adventista del S\u00e9ptimo D\u00eda - Divisi\u00f3n Interamericana","og_description":"Un cirujano adventista del s\u00e9ptimo d\u00eda reacopl\u00f3 la mano de un hombre que hab\u00eda sido asaltado en una tentativa de robo en la ciudad capital de Tegucigalpa el 28 de febrero.","og_url":"https:\/\/interamerica.org\/es\/2004\/03\/hondurascirujano-adventista-reacopla-una-mano\/","og_site_name":"Iglesia Adventista del S\u00e9ptimo D\u00eda - Divisi\u00f3n Interamericana","article_published_time":"2004-03-23T04:00:00+00:00","article_modified_time":"2017-06-02T13:20:14+00:00","author":"Lorenzo Verduzco","twitter_card":"summary_large_image","twitter_misc":{"Escrito por":"Lorenzo Verduzco","Tiempo de lectura":"2 minutos"},"schema":{"@context":"https:\/\/schema.org","@graph":[{"@type":"Article","@id":"https:\/\/interamerica.org\/es\/2004\/03\/hondurascirujano-adventista-reacopla-una-mano\/#article","isPartOf":{"@id":"https:\/\/interamerica.org\/es\/2004\/03\/hondurascirujano-adventista-reacopla-una-mano\/"},"author":{"name":"Lorenzo Verduzco","@id":"https:\/\/interamerica.org\/es\/#\/schema\/person\/68ede8bdc292885bb76c1e3810e73c39"},"headline":"Honduras:Cirujano Adventista Reacopla una Mano.","datePublished":"2004-03-23T04:00:00+00:00","dateModified":"2017-06-02T13:20:14+00:00","mainEntityOfPage":{"@id":"https:\/\/interamerica.org\/es\/2004\/03\/hondurascirujano-adventista-reacopla-una-mano\/"},"wordCount":500,"articleSection":["Archivo"],"inLanguage":"es"},{"@type":"WebPage","@id":"https:\/\/interamerica.org\/es\/2004\/03\/hondurascirujano-adventista-reacopla-una-mano\/","url":"https:\/\/interamerica.org\/es\/2004\/03\/hondurascirujano-adventista-reacopla-una-mano\/","name":"Honduras:Cirujano Adventista Reacopla una Mano. - Iglesia Adventista del S\u00e9ptimo D\u00eda - Divisi\u00f3n Interamericana","isPartOf":{"@id":"https:\/\/interamerica.org\/es\/#website"},"datePublished":"2004-03-23T04:00:00+00:00","dateModified":"2017-06-02T13:20:14+00:00","author":{"@id":"https:\/\/interamerica.org\/es\/#\/schema\/person\/68ede8bdc292885bb76c1e3810e73c39"},"breadcrumb":{"@id":"https:\/\/interamerica.org\/es\/2004\/03\/hondurascirujano-adventista-reacopla-una-mano\/#breadcrumb"},"inLanguage":"es","potentialAction":[{"@type":"ReadAction","target":["https:\/\/interamerica.org\/es\/2004\/03\/hondurascirujano-adventista-reacopla-una-mano\/"]}]},{"@type":"BreadcrumbList","@id":"https:\/\/interamerica.org\/es\/2004\/03\/hondurascirujano-adventista-reacopla-una-mano\/#breadcrumb","itemListElement":[{"@type":"ListItem","position":1,"name":"Home","item":"https:\/\/interamerica.org\/es\/"},{"@type":"ListItem","position":2,"name":"Honduras:Cirujano Adventista Reacopla una Mano."}]},{"@type":"WebSite","@id":"https:\/\/interamerica.org\/es\/#website","url":"https:\/\/interamerica.org\/es\/","name":"Iglesia Adventista del S\u00e9ptimo D\u00eda - Divisi\u00f3n Interamericana","description":"","potentialAction":[{"@type":"SearchAction","target":{"@type":"EntryPoint","urlTemplate":"https:\/\/interamerica.org\/es\/?s={search_term_string}"},"query-input":{"@type":"PropertyValueSpecification","valueRequired":true,"valueName":"search_term_string"}}],"inLanguage":"es"},{"@type":"Person","@id":"https:\/\/interamerica.org\/es\/#\/schema\/person\/68ede8bdc292885bb76c1e3810e73c39","name":"Lorenzo Verduzco","image":{"@type":"ImageObject","inLanguage":"es","@id":"https:\/\/secure.gravatar.com\/avatar\/fb81a55b6218459490a9c1dc841a34909185b81904c5337b4b27f7a6fd60c49e?s=96&d=mm&r=g","url":"https:\/\/secure.gravatar.com\/avatar\/fb81a55b6218459490a9c1dc841a34909185b81904c5337b4b27f7a6fd60c49e?s=96&d=mm&r=g","contentUrl":"https:\/\/secure.gravatar.com\/avatar\/fb81a55b6218459490a9c1dc841a34909185b81904c5337b4b27f7a6fd60c49e?s=96&d=mm&r=g","caption":"Lorenzo Verduzco"}}]}},"_links":{"self":[{"href":"https:\/\/interamerica.org\/es\/wp-json\/wp\/v2\/posts\/10266","targetHints":{"allow":["GET"]}}],"collection":[{"href":"https:\/\/interamerica.org\/es\/wp-json\/wp\/v2\/posts"}],"about":[{"href":"https:\/\/interamerica.org\/es\/wp-json\/wp\/v2\/types\/post"}],"author":[{"embeddable":true,"href":"https:\/\/interamerica.org\/es\/wp-json\/wp\/v2\/users\/1"}],"replies":[{"embeddable":true,"href":"https:\/\/interamerica.org\/es\/wp-json\/wp\/v2\/comments?post=10266"}],"version-history":[{"count":0,"href":"https:\/\/interamerica.org\/es\/wp-json\/wp\/v2\/posts\/10266\/revisions"}],"wp:attachment":[{"href":"https:\/\/interamerica.org\/es\/wp-json\/wp\/v2\/media?parent=10266"}],"wp:term":[{"taxonomy":"category","embeddable":true,"href":"https:\/\/interamerica.org\/es\/wp-json\/wp\/v2\/categories?post=10266"},{"taxonomy":"post_tag","embeddable":true,"href":"https:\/\/interamerica.org\/es\/wp-json\/wp\/v2\/tags?post=10266"}],"curies":[{"name":"wp","href":"https:\/\/api.w.org\/{rel}","templated":true}]}}