{"id":10267,"date":"2004-03-23T00:00:00","date_gmt":"2004-03-23T04:00:00","guid":{"rendered":"http:\/\/192.81.217.108\/interamerica\/2004\/03\/serbia-ministerio-de-gobierno-promete-defensa-ante-los-medios\/"},"modified":"2017-06-02T09:20:15","modified_gmt":"2017-06-02T13:20:15","slug":"serbia-ministerio-de-gobierno-promete-defensa-ante-los-medios","status":"publish","type":"post","link":"https:\/\/interamerica.org\/es\/2004\/03\/serbia-ministerio-de-gobierno-promete-defensa-ante-los-medios\/","title":{"rendered":"Serbia: Ministerio de Gobierno\u00a0 promete defensa ante los medios"},"content":{"rendered":"<p>Belgrado, Serbia y Montenegro \u2026 [Mark A. Kellner\/ANN]<\/p>\n<p>\u00a0<\/p>\n<p>Los cristianos adventistas del s\u00e9ptimo d\u00eda en Serbia y Montenegro ahora tienen un nuevo aliado, en un momento cuando los medios acusan falsamente a la iglesia protestante de ser una \u201csecta\u201d o un \u201cculto\u201d. El Ministerio de Derechos Humanos y de las Minor\u00edas para esa naci\u00f3n dijo que ellos ser\u00e1n nuestros \u201cdefensores en tales ataques\u201d.<\/p>\n<p>Respondiendo a una carta de los l\u00edderes adventistas expresando su preocupaci\u00f3n respecto a los recientes art\u00edculos de noticias que err\u00f3neamente etiquetaron a la iglesia como una secta, el ministro Rasim Ljajic dijo que su oficina \u201cha programado una reuni\u00f3n con los editores de varios medios de prensa, a fin de dirigir su atenci\u00f3n hacia las informaciones inexactas\u201d que algunos reportes han presentado. Ljajic dijo que el ministerio \u201ccontinuar\u00e1 luchando por los derechos de todas las comunidades religiosas sin distinci\u00f3n por causa de su tama\u00f1o o la duraci\u00f3n de su existencia en nuestro territorio\u201d.<\/p>\n<p>Las reuniones a\u00fan no han tenido lugar, dijo el pastor Radivoj Vladisavljevic, presidente de la Iglesia Adventista en el \u00e1rea, pero ya los peri\u00f3dicos han dejado de imprimir los art\u00edculos negativos, los cuales hab\u00edan sugerido incorrectamente que la iglesia era un peligro para la sociedad, y la mencionaban junto con grupos relacionados con el satanismo.<\/p>\n<p>\u201cEn nuestra opini\u00f3n, algunos art\u00edculos semejantes a \u00e9stos que fueron publicados el a\u00f1o pasado inspiraron el atentado contra el pastor Jovan Tikvicki y algunos de los otros ataques sobre muchos de nuestros miembros de iglesia y edificios de la obra\u201d, dijo el pastor Vladisavljevic. \u201cEsperamos que la actitud del Ministerio har\u00e1 una positiva contribuci\u00f3n a la protecci\u00f3n de la libertad religiosa\u201d.<\/p>\n<p>\u201cLa Iglesia Adventista del S\u00e9ptimo D\u00eda aprecia el esfuerzo del gobierno por hacer posible que nosotros profesemos nuestra fe. Creemos que ese tipo de actitud ser\u00e1 vital para mejorar la reputaci\u00f3n de nuestra naci\u00f3n en el mundo. Estas actitudes y actos positivos, los cuales creemos que ocurrir\u00e1n, crear\u00e1n una imagen positiva del mejoramiento de la tolerancia y la democracia en nuestra naci\u00f3n\u201d, agreg\u00f3.<\/p>\n<p>Una expresi\u00f3n tal de apoyo a la libertad religiosa es importante en Serbia y Montenegro, una naci\u00f3n proveniente de la antigua Yugoslavia. El 15 de abril de 2003, el pastor adventista Jovan Tikvicki fue seriamente herido por tres asaltantes frente a su iglesia en la ciudad de Zrenjanin, 40 millas (65 Km.) al noreste de Belgrado, la capital serbia.<\/p>\n<p>Antes del ataque, 10 iglesias adventistas fueron atacadas en lo que est\u00e1 siendo visto como una \u201ccampa\u00f1a sistematizada contra una minor\u00eda religiosa\u201d en una naci\u00f3n predominantemente ortodoxa, dijeron oficiales de la iglesia (Ver reportajes de ANN del 29 de Abril de 2003, para mayores detalles).<\/p>\n<p>Un estimado de 8,300 cristianos adventistas del s\u00e9ptimo d\u00eda adoran en 209 congregaciones en esa regi\u00f3n.<\/p>\n<p><em><strong>Derechos Reservados \u00ae 2003 Adventist News Network.<\/strong><\/em><\/p>\n","protected":false},"excerpt":{"rendered":"<p>Los cristianos adventistas del s\u00e9ptimo d\u00eda en Serbia y Montenegro ahora tienen un nuevo aliado, en un momento cuando los medios acusan falsamente a la iglesia protestante de ser una \u201csecta\u201d o un \u201cculto\u201d.<\/p>\n","protected":false},"author":1,"featured_media":0,"comment_status":"closed","ping_status":"closed","sticky":false,"template":"","format":"standard","meta":{"_acf_changed":false,"footnotes":""},"categories":[8],"tags":[],"class_list":["post-10267","post","type-post","status-publish","format-standard","hentry","category-archivo"],"acf":[],"yoast_head":"<!-- This site is optimized with the Yoast SEO plugin v27.3 - https:\/\/yoast.com\/product\/yoast-seo-wordpress\/ -->\n<title>Serbia: Ministerio de Gobierno\u00a0 promete defensa ante los medios - Iglesia Adventista del S\u00e9ptimo D\u00eda - Divisi\u00f3n Interamericana<\/title>\n<meta name=\"robots\" content=\"index, follow, max-snippet:-1, max-image-preview:large, max-video-preview:-1\" \/>\n<link rel=\"canonical\" href=\"https:\/\/interamerica.org\/es\/2004\/03\/serbia-ministerio-de-gobierno-promete-defensa-ante-los-medios\/\" \/>\n<meta property=\"og:locale\" content=\"es_ES\" \/>\n<meta property=\"og:type\" content=\"article\" \/>\n<meta property=\"og:title\" content=\"Serbia: Ministerio de Gobierno\u00a0 promete defensa ante los medios - Iglesia Adventista del S\u00e9ptimo D\u00eda - Divisi\u00f3n Interamericana\" \/>\n<meta property=\"og:description\" content=\"Los cristianos adventistas del s\u00e9ptimo d\u00eda en Serbia y Montenegro ahora tienen un nuevo aliado, en un momento cuando los medios acusan falsamente a la iglesia protestante de ser una \u201csecta\u201d o un \u201cculto\u201d.\" \/>\n<meta property=\"og:url\" content=\"https:\/\/interamerica.org\/es\/2004\/03\/serbia-ministerio-de-gobierno-promete-defensa-ante-los-medios\/\" \/>\n<meta property=\"og:site_name\" content=\"Iglesia Adventista del S\u00e9ptimo D\u00eda - Divisi\u00f3n Interamericana\" \/>\n<meta property=\"article:published_time\" content=\"2004-03-23T04:00:00+00:00\" \/>\n<meta property=\"article:modified_time\" content=\"2017-06-02T13:20:15+00:00\" \/>\n<meta name=\"author\" content=\"Lorenzo Verduzco\" \/>\n<meta name=\"twitter:card\" content=\"summary_large_image\" \/>\n<meta name=\"twitter:label1\" content=\"Escrito por\" \/>\n\t<meta name=\"twitter:data1\" content=\"Lorenzo Verduzco\" \/>\n\t<meta name=\"twitter:label2\" content=\"Tiempo de lectura\" \/>\n\t<meta name=\"twitter:data2\" content=\"2 minutos\" \/>\n<script type=\"application\/ld+json\" class=\"yoast-schema-graph\">{\"@context\":\"https:\\\/\\\/schema.org\",\"@graph\":[{\"@type\":\"Article\",\"@id\":\"https:\\\/\\\/interamerica.org\\\/es\\\/2004\\\/03\\\/serbia-ministerio-de-gobierno-promete-defensa-ante-los-medios\\\/#article\",\"isPartOf\":{\"@id\":\"https:\\\/\\\/interamerica.org\\\/es\\\/2004\\\/03\\\/serbia-ministerio-de-gobierno-promete-defensa-ante-los-medios\\\/\"},\"author\":{\"name\":\"Lorenzo Verduzco\",\"@id\":\"https:\\\/\\\/interamerica.org\\\/es\\\/#\\\/schema\\\/person\\\/68ede8bdc292885bb76c1e3810e73c39\"},\"headline\":\"Serbia: Ministerio de Gobierno\u00a0 promete defensa ante los medios\",\"datePublished\":\"2004-03-23T04:00:00+00:00\",\"dateModified\":\"2017-06-02T13:20:15+00:00\",\"mainEntityOfPage\":{\"@id\":\"https:\\\/\\\/interamerica.org\\\/es\\\/2004\\\/03\\\/serbia-ministerio-de-gobierno-promete-defensa-ante-los-medios\\\/\"},\"wordCount\":498,\"articleSection\":[\"Archivo\"],\"inLanguage\":\"es\"},{\"@type\":\"WebPage\",\"@id\":\"https:\\\/\\\/interamerica.org\\\/es\\\/2004\\\/03\\\/serbia-ministerio-de-gobierno-promete-defensa-ante-los-medios\\\/\",\"url\":\"https:\\\/\\\/interamerica.org\\\/es\\\/2004\\\/03\\\/serbia-ministerio-de-gobierno-promete-defensa-ante-los-medios\\\/\",\"name\":\"Serbia: Ministerio de Gobierno\u00a0 promete defensa ante los medios - Iglesia Adventista del S\u00e9ptimo D\u00eda - Divisi\u00f3n Interamericana\",\"isPartOf\":{\"@id\":\"https:\\\/\\\/interamerica.org\\\/es\\\/#website\"},\"datePublished\":\"2004-03-23T04:00:00+00:00\",\"dateModified\":\"2017-06-02T13:20:15+00:00\",\"author\":{\"@id\":\"https:\\\/\\\/interamerica.org\\\/es\\\/#\\\/schema\\\/person\\\/68ede8bdc292885bb76c1e3810e73c39\"},\"breadcrumb\":{\"@id\":\"https:\\\/\\\/interamerica.org\\\/es\\\/2004\\\/03\\\/serbia-ministerio-de-gobierno-promete-defensa-ante-los-medios\\\/#breadcrumb\"},\"inLanguage\":\"es\",\"potentialAction\":[{\"@type\":\"ReadAction\",\"target\":[\"https:\\\/\\\/interamerica.org\\\/es\\\/2004\\\/03\\\/serbia-ministerio-de-gobierno-promete-defensa-ante-los-medios\\\/\"]}]},{\"@type\":\"BreadcrumbList\",\"@id\":\"https:\\\/\\\/interamerica.org\\\/es\\\/2004\\\/03\\\/serbia-ministerio-de-gobierno-promete-defensa-ante-los-medios\\\/#breadcrumb\",\"itemListElement\":[{\"@type\":\"ListItem\",\"position\":1,\"name\":\"Home\",\"item\":\"https:\\\/\\\/interamerica.org\\\/es\\\/\"},{\"@type\":\"ListItem\",\"position\":2,\"name\":\"Serbia: Ministerio de Gobierno\u00a0 promete defensa ante los medios\"}]},{\"@type\":\"WebSite\",\"@id\":\"https:\\\/\\\/interamerica.org\\\/es\\\/#website\",\"url\":\"https:\\\/\\\/interamerica.org\\\/es\\\/\",\"name\":\"Iglesia Adventista del S\u00e9ptimo D\u00eda - Divisi\u00f3n Interamericana\",\"description\":\"\",\"potentialAction\":[{\"@type\":\"SearchAction\",\"target\":{\"@type\":\"EntryPoint\",\"urlTemplate\":\"https:\\\/\\\/interamerica.org\\\/es\\\/?s={search_term_string}\"},\"query-input\":{\"@type\":\"PropertyValueSpecification\",\"valueRequired\":true,\"valueName\":\"search_term_string\"}}],\"inLanguage\":\"es\"},{\"@type\":\"Person\",\"@id\":\"https:\\\/\\\/interamerica.org\\\/es\\\/#\\\/schema\\\/person\\\/68ede8bdc292885bb76c1e3810e73c39\",\"name\":\"Lorenzo Verduzco\",\"image\":{\"@type\":\"ImageObject\",\"inLanguage\":\"es\",\"@id\":\"https:\\\/\\\/secure.gravatar.com\\\/avatar\\\/fb81a55b6218459490a9c1dc841a34909185b81904c5337b4b27f7a6fd60c49e?s=96&d=mm&r=g\",\"url\":\"https:\\\/\\\/secure.gravatar.com\\\/avatar\\\/fb81a55b6218459490a9c1dc841a34909185b81904c5337b4b27f7a6fd60c49e?s=96&d=mm&r=g\",\"contentUrl\":\"https:\\\/\\\/secure.gravatar.com\\\/avatar\\\/fb81a55b6218459490a9c1dc841a34909185b81904c5337b4b27f7a6fd60c49e?s=96&d=mm&r=g\",\"caption\":\"Lorenzo Verduzco\"}}]}<\/script>\n<!-- \/ Yoast SEO plugin. -->","yoast_head_json":{"title":"Serbia: Ministerio de Gobierno\u00a0 promete defensa ante los medios - Iglesia Adventista del S\u00e9ptimo D\u00eda - Divisi\u00f3n Interamericana","robots":{"index":"index","follow":"follow","max-snippet":"max-snippet:-1","max-image-preview":"max-image-preview:large","max-video-preview":"max-video-preview:-1"},"canonical":"https:\/\/interamerica.org\/es\/2004\/03\/serbia-ministerio-de-gobierno-promete-defensa-ante-los-medios\/","og_locale":"es_ES","og_type":"article","og_title":"Serbia: Ministerio de Gobierno\u00a0 promete defensa ante los medios - Iglesia Adventista del S\u00e9ptimo D\u00eda - Divisi\u00f3n Interamericana","og_description":"Los cristianos adventistas del s\u00e9ptimo d\u00eda en Serbia y Montenegro ahora tienen un nuevo aliado, en un momento cuando los medios acusan falsamente a la iglesia protestante de ser una \u201csecta\u201d o un \u201cculto\u201d.","og_url":"https:\/\/interamerica.org\/es\/2004\/03\/serbia-ministerio-de-gobierno-promete-defensa-ante-los-medios\/","og_site_name":"Iglesia Adventista del S\u00e9ptimo D\u00eda - Divisi\u00f3n Interamericana","article_published_time":"2004-03-23T04:00:00+00:00","article_modified_time":"2017-06-02T13:20:15+00:00","author":"Lorenzo Verduzco","twitter_card":"summary_large_image","twitter_misc":{"Escrito por":"Lorenzo Verduzco","Tiempo de lectura":"2 minutos"},"schema":{"@context":"https:\/\/schema.org","@graph":[{"@type":"Article","@id":"https:\/\/interamerica.org\/es\/2004\/03\/serbia-ministerio-de-gobierno-promete-defensa-ante-los-medios\/#article","isPartOf":{"@id":"https:\/\/interamerica.org\/es\/2004\/03\/serbia-ministerio-de-gobierno-promete-defensa-ante-los-medios\/"},"author":{"name":"Lorenzo Verduzco","@id":"https:\/\/interamerica.org\/es\/#\/schema\/person\/68ede8bdc292885bb76c1e3810e73c39"},"headline":"Serbia: Ministerio de Gobierno\u00a0 promete defensa ante los medios","datePublished":"2004-03-23T04:00:00+00:00","dateModified":"2017-06-02T13:20:15+00:00","mainEntityOfPage":{"@id":"https:\/\/interamerica.org\/es\/2004\/03\/serbia-ministerio-de-gobierno-promete-defensa-ante-los-medios\/"},"wordCount":498,"articleSection":["Archivo"],"inLanguage":"es"},{"@type":"WebPage","@id":"https:\/\/interamerica.org\/es\/2004\/03\/serbia-ministerio-de-gobierno-promete-defensa-ante-los-medios\/","url":"https:\/\/interamerica.org\/es\/2004\/03\/serbia-ministerio-de-gobierno-promete-defensa-ante-los-medios\/","name":"Serbia: Ministerio de Gobierno\u00a0 promete defensa ante los medios - Iglesia Adventista del S\u00e9ptimo D\u00eda - Divisi\u00f3n Interamericana","isPartOf":{"@id":"https:\/\/interamerica.org\/es\/#website"},"datePublished":"2004-03-23T04:00:00+00:00","dateModified":"2017-06-02T13:20:15+00:00","author":{"@id":"https:\/\/interamerica.org\/es\/#\/schema\/person\/68ede8bdc292885bb76c1e3810e73c39"},"breadcrumb":{"@id":"https:\/\/interamerica.org\/es\/2004\/03\/serbia-ministerio-de-gobierno-promete-defensa-ante-los-medios\/#breadcrumb"},"inLanguage":"es","potentialAction":[{"@type":"ReadAction","target":["https:\/\/interamerica.org\/es\/2004\/03\/serbia-ministerio-de-gobierno-promete-defensa-ante-los-medios\/"]}]},{"@type":"BreadcrumbList","@id":"https:\/\/interamerica.org\/es\/2004\/03\/serbia-ministerio-de-gobierno-promete-defensa-ante-los-medios\/#breadcrumb","itemListElement":[{"@type":"ListItem","position":1,"name":"Home","item":"https:\/\/interamerica.org\/es\/"},{"@type":"ListItem","position":2,"name":"Serbia: Ministerio de Gobierno\u00a0 promete defensa ante los medios"}]},{"@type":"WebSite","@id":"https:\/\/interamerica.org\/es\/#website","url":"https:\/\/interamerica.org\/es\/","name":"Iglesia Adventista del S\u00e9ptimo D\u00eda - Divisi\u00f3n Interamericana","description":"","potentialAction":[{"@type":"SearchAction","target":{"@type":"EntryPoint","urlTemplate":"https:\/\/interamerica.org\/es\/?s={search_term_string}"},"query-input":{"@type":"PropertyValueSpecification","valueRequired":true,"valueName":"search_term_string"}}],"inLanguage":"es"},{"@type":"Person","@id":"https:\/\/interamerica.org\/es\/#\/schema\/person\/68ede8bdc292885bb76c1e3810e73c39","name":"Lorenzo Verduzco","image":{"@type":"ImageObject","inLanguage":"es","@id":"https:\/\/secure.gravatar.com\/avatar\/fb81a55b6218459490a9c1dc841a34909185b81904c5337b4b27f7a6fd60c49e?s=96&d=mm&r=g","url":"https:\/\/secure.gravatar.com\/avatar\/fb81a55b6218459490a9c1dc841a34909185b81904c5337b4b27f7a6fd60c49e?s=96&d=mm&r=g","contentUrl":"https:\/\/secure.gravatar.com\/avatar\/fb81a55b6218459490a9c1dc841a34909185b81904c5337b4b27f7a6fd60c49e?s=96&d=mm&r=g","caption":"Lorenzo Verduzco"}}]}},"_links":{"self":[{"href":"https:\/\/interamerica.org\/es\/wp-json\/wp\/v2\/posts\/10267","targetHints":{"allow":["GET"]}}],"collection":[{"href":"https:\/\/interamerica.org\/es\/wp-json\/wp\/v2\/posts"}],"about":[{"href":"https:\/\/interamerica.org\/es\/wp-json\/wp\/v2\/types\/post"}],"author":[{"embeddable":true,"href":"https:\/\/interamerica.org\/es\/wp-json\/wp\/v2\/users\/1"}],"replies":[{"embeddable":true,"href":"https:\/\/interamerica.org\/es\/wp-json\/wp\/v2\/comments?post=10267"}],"version-history":[{"count":0,"href":"https:\/\/interamerica.org\/es\/wp-json\/wp\/v2\/posts\/10267\/revisions"}],"wp:attachment":[{"href":"https:\/\/interamerica.org\/es\/wp-json\/wp\/v2\/media?parent=10267"}],"wp:term":[{"taxonomy":"category","embeddable":true,"href":"https:\/\/interamerica.org\/es\/wp-json\/wp\/v2\/categories?post=10267"},{"taxonomy":"post_tag","embeddable":true,"href":"https:\/\/interamerica.org\/es\/wp-json\/wp\/v2\/tags?post=10267"}],"curies":[{"name":"wp","href":"https:\/\/api.w.org\/{rel}","templated":true}]}}