{"id":102711,"date":"2023-08-29T23:06:58","date_gmt":"2023-08-30T03:06:58","guid":{"rendered":"https:\/\/interamerica.org\/?p=102711"},"modified":"2023-08-30T10:46:30","modified_gmt":"2023-08-30T14:46:30","slug":"cuadros-sobre-milagros-de-jesus-brindan-esperanza-en-surinam","status":"publish","type":"post","link":"https:\/\/interamerica.org\/es\/2023\/08\/cuadros-sobre-milagros-de-jesus-brindan-esperanza-en-surinam\/","title":{"rendered":"Cuadros sobre milagros de Jes\u00fas brindan esperanza en Surinam"},"content":{"rendered":"<p><div id=\"attachment_102677\" style=\"width: 861px\" class=\"wp-caption aligncenter\"><img fetchpriority=\"high\" decoding=\"async\" aria-describedby=\"caption-attachment-102677\" class=\" wp-image-102675\" src=\"https:\/\/interamerica.org\/wp-content\/uploads\/2023\/08\/suriname-art-exhibit-unveiling.jpg\" alt=\"\" width=\"851\" height=\"639\" srcset=\"https:\/\/interamerica.org\/wp-content\/uploads\/2023\/08\/suriname-art-exhibit-unveiling.jpg 950w, https:\/\/interamerica.org\/wp-content\/uploads\/2023\/08\/suriname-art-exhibit-unveiling-300x225.jpg 300w, https:\/\/interamerica.org\/wp-content\/uploads\/2023\/08\/suriname-art-exhibit-unveiling-768x576.jpg 768w\" sizes=\"(max-width: 851px) 100vw, 851px\" \/><p id=\"caption-attachment-102677\" class=\"wp-caption-text\">El pintor surinam\u00e9s, Ludwig Yzer (izquierda), devela una pintura juntamente con el subdirector del Ministerio de Educaci\u00f3n y Cultura de Surinam, Clifton Braam, en la apertura de la exhibici\u00f3n de arte patrocinada por la Iglesia Adventista del S\u00e9ptimo D\u00eda en Surinam, para acercarse a la comunidad de Paramaribo, el 5 de julio de 2023. El evento atrajo a m\u00e1s de 450 personas de la comunidad y a estudiantes de varias escuelas en Surinam. [Imagen: Esmeralda Hok-Ahin]<\/p><\/div>29 de agosto de 2023 | Paramaribo, Surinam | Vanessa Draaisma y personal de Noticias de la Divisi\u00f3n Interamericana<\/p>\n<p>La Iglesia Adventista del S\u00e9ptimo D\u00eda en Paramaribo, Surinam, patrocin\u00f3 una muy especial exhibici\u00f3n de arte en julio, en favor de la comunidad, en la que se exhibieron pinturas que representan los milagros de Jes\u00fas. Estas obras art\u00edsticas fueron realizadas por Ludwig Yzer, un adventista nacido en Surinam, quien ilustr\u00f3 en sus cuadros a Jes\u00fas dentro de un marco contempor\u00e1neo, reflejando en ello el estado de la sociedad con el fin de inspirar a creyentes y no creyentes con las par\u00e1bolas y milagros de Jes\u00fas.<\/p>\n<p>El subdirector del Ministerio de Educaci\u00f3n y Cultura de Surinam, Clifton Braam, devel\u00f3 el cuadro de inauguraci\u00f3n de la exhibici\u00f3n presentada en las oficinas de la sede de la Misi\u00f3n de Surinam y enfatiz\u00f3 su importancia en la sociedad actual, en la que las normas sociales se vuelven cada vez m\u00e1s borrosas, particularmente entre la gente joven. El subdirector Braam elogi\u00f3 al artista por incorporar la par\u00e1bola del Buen Samaritano en un contexto moderno y felicit\u00f3 a la Misi\u00f3n de Surinam por involucrar a las escuelas en las giras de visita a la exhibici\u00f3n.<\/p>\n<p><div id=\"attachment_102683\" style=\"width: 839px\" class=\"wp-caption aligncenter\"><img decoding=\"async\" aria-describedby=\"caption-attachment-102683\" class=\" wp-image-102681\" src=\"https:\/\/interamerica.org\/wp-content\/uploads\/2023\/08\/suriname-art-exhibit-opening.jpg\" alt=\"\" width=\"829\" height=\"622\" srcset=\"https:\/\/interamerica.org\/wp-content\/uploads\/2023\/08\/suriname-art-exhibit-opening.jpg 950w, https:\/\/interamerica.org\/wp-content\/uploads\/2023\/08\/suriname-art-exhibit-opening-300x225.jpg 300w, https:\/\/interamerica.org\/wp-content\/uploads\/2023\/08\/suriname-art-exhibit-opening-768x576.jpg 768w\" sizes=\"(max-width: 829px) 100vw, 829px\" \/><p id=\"caption-attachment-102683\" class=\"wp-caption-text\">Visitantes a la exposici\u00f3n de arte que exhiben los cuadros de los milagros y par\u00e1bolas de Jes\u00fas interpretados por el pintor adventista Ludwig Yzer, en el evento de acercamiento a la comunidad patrocinado por la Misi\u00f3n de Surinam, en Paramaribo, en exhibici\u00f3n del 5 al 29 de julio de 2023. [Imagen: Esmeralda Hok-Ahin]<\/p><\/div>La exposici\u00f3n de arte cont\u00f3 con m\u00e1s de 450 personas de la comunidad visitando las oficinas de la iglesia durante los 25 d\u00edas que dur\u00f3 la exhibici\u00f3n, incluyendo la visita de tres escuelas primarias, una escuela secundaria y clubes infantiles de todas las edades.<\/p>\n<p>Con el tema \u201cT\u00fa me elevas\u201d, la exhibici\u00f3n de arte incluy\u00f3 22 obras pintadas sobre tela y proporcion\u00f3 una oportunidad para que los visitantes pintaran con el artista.<\/p>\n<p>Este fue el primero de un evento de esta clase a fin de atraer a tantas personas de la comunidad a aprender m\u00e1s acerca de Jes\u00fas y para darle a la comunidad la oportunidad de llegar a conocer mejor a la Iglesia Adventista del S\u00e9ptimo D\u00eda, dijeron los organizadores.<\/p>\n<p><div id=\"attachment_102689\" style=\"width: 843px\" class=\"wp-caption aligncenter\"><img decoding=\"async\" aria-describedby=\"caption-attachment-102689\" class=\" wp-image-102687\" src=\"https:\/\/interamerica.org\/wp-content\/uploads\/2023\/08\/suriname-exhibition-tour.jpg\" alt=\"\" width=\"833\" height=\"508\" srcset=\"https:\/\/interamerica.org\/wp-content\/uploads\/2023\/08\/suriname-exhibition-tour.jpg 1000w, https:\/\/interamerica.org\/wp-content\/uploads\/2023\/08\/suriname-exhibition-tour-300x183.jpg 300w, https:\/\/interamerica.org\/wp-content\/uploads\/2023\/08\/suriname-exhibition-tour-768x468.jpg 768w\" sizes=\"(max-width: 833px) 100vw, 833px\" \/><p id=\"caption-attachment-102689\" class=\"wp-caption-text\">Personas de la comunidad escuchan al pintor Ludwig Yzer durante un <em>tour <\/em>a la exhibici\u00f3n en la sala multiusos de la Misi\u00f3n de Surinam. [Imagen: Esmeralda Hok-Ahin]<\/p><\/div>En una \u00e9poca en que se registra un incremento de suicidios y desesperanza, deseamos decir a trav\u00e9s de esta exposici\u00f3n art\u00edstica, que hay esperanza y que Dios puede levantar a cualquier persona y elevar a cada uno desde el valle m\u00e1s profundo en el que se puede encontrar, dijo el pastor Guno Emanuelson, presidente de la Misi\u00f3n de Surinam. \u201cEste evento constituy\u00f3 una invitaci\u00f3n para cada persona a experimentar el arte pict\u00f3rico, a sostener profundas conversaciones y a establecer conexiones con personas de todos los trasfondos\u201d, dijo el presidente Emanuelson.<\/p>\n<p>La Misi\u00f3n de Surinam ha patrocinado en el pasado eventos musicales y po\u00e9ticos para la comunidad, dijo el presidente Emanuelson; pero cuando el pintor Yzer present\u00f3 el plan de exhibir su obra como una iniciativa de acercamiento a la comunidad, los dirigentes de la iglesia se movieron inmediatamente a la planificaci\u00f3n total. \u201cEn un tiempo como este, cuando nos sobresaltamos a diario con un mensaje tras otro que nos hace pensar o que nos hace preguntarnos \u2018\u00bfqu\u00e9 es lo que est\u00e1 ocurriendo en Surinam?\u2019, necesitamos esperanza, a\u00f1adi\u00f3 el presidente Emanuelson.<\/p>\n<p><div id=\"attachment_102680\" style=\"width: 815px\" class=\"wp-caption aligncenter\"><img loading=\"lazy\" decoding=\"async\" aria-describedby=\"caption-attachment-102680\" class=\" wp-image-102678\" src=\"https:\/\/interamerica.org\/wp-content\/uploads\/2023\/08\/suriname-art-exhibit-leaders.jpg\" alt=\"\" width=\"805\" height=\"604\" srcset=\"https:\/\/interamerica.org\/wp-content\/uploads\/2023\/08\/suriname-art-exhibit-leaders.jpg 1000w, https:\/\/interamerica.org\/wp-content\/uploads\/2023\/08\/suriname-art-exhibit-leaders-300x225.jpg 300w, https:\/\/interamerica.org\/wp-content\/uploads\/2023\/08\/suriname-art-exhibit-leaders-768x576.jpg 768w\" sizes=\"(max-width: 805px) 100vw, 805px\" \/><p id=\"caption-attachment-102680\" class=\"wp-caption-text\">De izquierda a derecha: Clifton Braam, subdirector del Ministerio de Educaci\u00f3n y Cultura de Surinam, Ludwig Yzer, pintor y, pastor Guno Emanuelson, presidente de la Misi\u00f3n de Surinam, posan para una fotograf\u00eda durante la apertura de la exhibici\u00f3n el 5 de julio de 2023. [Imagen: Esmeralda Hok-Ahin]<\/p><\/div>Ludwig Yzer naci\u00f3 y creci\u00f3 en Surinam, parti\u00f3 a los Pa\u00edses Bajos cuando ten\u00eda m\u00e1s de20 a\u00f1os y regres\u00f3 m\u00e1s tarde a Surinam y se convirti\u00f3 en un adventista del s\u00e9ptimo d\u00eda. Trabaj\u00f3 como maestro de arte y actualmente vive en los Estados Unidos con su esposa y su hija. El pintor Yzer cree que muchos se quedar\u00e1n con una impresi\u00f3n duradera, porque el \u201carte tiene el poder de elevar el esp\u00edritu y salvar la distancia entre lo divino y lo cotidiano\u201d.<\/p>\n<p>Mientras los estudiantes, procedentes de varias escuelas primarias y secundarias, visitaban la exposici\u00f3n, se les mostr\u00f3 una pel\u00edcula animada acerca de qui\u00e9nes son los adventistas, su fe, sus pr\u00e1cticas de adoraci\u00f3n y la importancia del s\u00e1bado. Adem\u00e1s, se anim\u00f3 a los estudiantes a crear sus propias pinturas, tomando inspiraci\u00f3n de las obras exhibidas.<\/p>\n<p><div id=\"attachment_102686\" style=\"width: 795px\" class=\"wp-caption aligncenter\"><img loading=\"lazy\" decoding=\"async\" aria-describedby=\"caption-attachment-102686\" class=\" wp-image-102684\" src=\"https:\/\/interamerica.org\/wp-content\/uploads\/2023\/08\/suriname-art-students.jpg\" alt=\"\" width=\"785\" height=\"554\" srcset=\"https:\/\/interamerica.org\/wp-content\/uploads\/2023\/08\/suriname-art-students.jpg 900w, https:\/\/interamerica.org\/wp-content\/uploads\/2023\/08\/suriname-art-students-300x212.jpg 300w, https:\/\/interamerica.org\/wp-content\/uploads\/2023\/08\/suriname-art-students-768x542.jpg 768w\" sizes=\"(max-width: 785px) 100vw, 785px\" \/><p id=\"caption-attachment-102686\" class=\"wp-caption-text\">Un grupo de estudiantes de nivel primario muestran sus pinturas despu\u00e9s de visitar la exposici\u00f3n de arte del pintor Ludwig Yzer. [Imagen: Esmeralda Hok-Ahin]<\/p><\/div>Al final de cada visita, los estudiantes de las escuelas y clubes visitantes tuvieron la oportunidad de pintar paisajes naturales con el pintor Yzer. Adem\u00e1s, se inici\u00f3 un grupo formado de personas mayores a las que se les ense\u00f1\u00f3 una vez a la semana a pintar un autorretrato sobre lienzo.<\/p>\n<p>La exhibici\u00f3n sobrepas\u00f3 toda expectativa, no solamente en forma espiritual, al enriquecer a la comunidad, sino tambi\u00e9n como forma de conducir al di\u00e1logo y la introspecci\u00f3n, dijo el presidente Emanuelson.<\/p>\n<p><div id=\"attachment_102692\" style=\"width: 787px\" class=\"wp-caption aligncenter\"><img loading=\"lazy\" decoding=\"async\" aria-describedby=\"caption-attachment-102692\" class=\" wp-image-102690\" src=\"https:\/\/interamerica.org\/wp-content\/uploads\/2023\/08\/suriname-art-exhibit-elderly.jpg\" alt=\"\" width=\"777\" height=\"558\" srcset=\"https:\/\/interamerica.org\/wp-content\/uploads\/2023\/08\/suriname-art-exhibit-elderly.jpg 900w, https:\/\/interamerica.org\/wp-content\/uploads\/2023\/08\/suriname-art-exhibit-elderly-300x215.jpg 300w, https:\/\/interamerica.org\/wp-content\/uploads\/2023\/08\/suriname-art-exhibit-elderly-768x551.jpg 768w\" sizes=\"(max-width: 777px) 100vw, 777px\" \/><p id=\"caption-attachment-102692\" class=\"wp-caption-text\">Un grupo de personas mayores de la comunidad muestran los autorretratos que pintaron durante las semanas de exhibici\u00f3n de arte. [Imagen: Esmeralda Hok-Ahin]<\/p><\/div>\u201cNos entusiasma mucho el que tantas personas se hayan presentado y que hayamos podido hablarle continuamente a la comunidad acerca del amor de Dios por cada persona\u201d, dijo el presidente Emanuelson. \u201cLa exhibici\u00f3n tuvo un impacto triple: el enriquecimiento espiritual de la comunidad, el fomento de un sentido de interacci\u00f3n con la comunidad y el poder inspirar a los asistentes para que mediten en los mensajes de esperanza, amor y fe\u201d.<\/p>\n<p>Traducci\u00f3n \u2013 Gloria A. Castrej\u00f3n<\/p>\n","protected":false},"excerpt":{"rendered":"<p>29 de agosto de 2023 | Paramaribo, Surinam | Vanessa Draaisma y personal de Noticias de la Divisi\u00f3n Interamericana La Iglesia Adventista del S\u00e9ptimo D\u00eda en Paramaribo, Surinam, patrocin\u00f3 una&#8230;<\/p>\n","protected":false},"author":3,"featured_media":102677,"comment_status":"closed","ping_status":"closed","sticky":false,"template":"","format":"standard","meta":{"_acf_changed":false,"footnotes":""},"categories":[17,15],"tags":[],"class_list":["post-102711","post","type-post","status-publish","format-standard","has-post-thumbnail","hentry","category-desde-el-campo","category-rss-espanol"],"acf":[],"yoast_head":"<!-- This site is optimized with the Yoast SEO plugin v27.3 - https:\/\/yoast.com\/product\/yoast-seo-wordpress\/ -->\n<title>Cuadros sobre milagros de Jes\u00fas brindan esperanza en Surinam - Iglesia Adventista del S\u00e9ptimo D\u00eda - Divisi\u00f3n Interamericana<\/title>\n<meta name=\"robots\" content=\"index, follow, max-snippet:-1, max-image-preview:large, max-video-preview:-1\" \/>\n<link rel=\"canonical\" href=\"https:\/\/interamerica.org\/es\/2023\/08\/cuadros-sobre-milagros-de-jesus-brindan-esperanza-en-surinam\/\" \/>\n<meta property=\"og:locale\" content=\"es_ES\" \/>\n<meta property=\"og:type\" content=\"article\" \/>\n<meta property=\"og:title\" content=\"Cuadros sobre milagros de Jes\u00fas brindan esperanza en Surinam - Iglesia Adventista del S\u00e9ptimo D\u00eda - Divisi\u00f3n Interamericana\" \/>\n<meta property=\"og:description\" content=\"29 de agosto de 2023 | Paramaribo, Surinam | Vanessa Draaisma y personal de Noticias de la Divisi\u00f3n Interamericana La Iglesia Adventista del S\u00e9ptimo D\u00eda en Paramaribo, Surinam, patrocin\u00f3 una...\" \/>\n<meta property=\"og:url\" content=\"https:\/\/interamerica.org\/es\/2023\/08\/cuadros-sobre-milagros-de-jesus-brindan-esperanza-en-surinam\/\" \/>\n<meta property=\"og:site_name\" content=\"Iglesia Adventista del S\u00e9ptimo D\u00eda - Divisi\u00f3n Interamericana\" \/>\n<meta property=\"article:published_time\" content=\"2023-08-30T03:06:58+00:00\" \/>\n<meta property=\"article:modified_time\" content=\"2023-08-30T14:46:30+00:00\" \/>\n<meta property=\"og:image\" content=\"https:\/\/interamerica.org\/wp-content\/uploads\/2023\/08\/suriname-art-exhibit-unveiling.jpg\" \/>\n\t<meta property=\"og:image:width\" content=\"950\" \/>\n\t<meta property=\"og:image:height\" content=\"713\" \/>\n\t<meta property=\"og:image:type\" content=\"image\/jpeg\" \/>\n<meta name=\"author\" content=\"libna\" \/>\n<meta name=\"twitter:card\" content=\"summary_large_image\" \/>\n<meta name=\"twitter:label1\" content=\"Escrito por\" \/>\n\t<meta name=\"twitter:data1\" content=\"libna\" \/>\n\t<meta name=\"twitter:label2\" content=\"Tiempo de lectura\" \/>\n\t<meta name=\"twitter:data2\" content=\"6 minutos\" \/>\n<script type=\"application\/ld+json\" class=\"yoast-schema-graph\">{\"@context\":\"https:\\\/\\\/schema.org\",\"@graph\":[{\"@type\":\"Article\",\"@id\":\"https:\\\/\\\/interamerica.org\\\/es\\\/2023\\\/08\\\/cuadros-sobre-milagros-de-jesus-brindan-esperanza-en-surinam\\\/#article\",\"isPartOf\":{\"@id\":\"https:\\\/\\\/interamerica.org\\\/es\\\/2023\\\/08\\\/cuadros-sobre-milagros-de-jesus-brindan-esperanza-en-surinam\\\/\"},\"author\":{\"name\":\"libna\",\"@id\":\"https:\\\/\\\/interamerica.org\\\/es\\\/#\\\/schema\\\/person\\\/29998f2bc2d8bd0d38662909289b54f1\"},\"headline\":\"Cuadros sobre milagros de Jes\u00fas brindan esperanza en Surinam\",\"datePublished\":\"2023-08-30T03:06:58+00:00\",\"dateModified\":\"2023-08-30T14:46:30+00:00\",\"mainEntityOfPage\":{\"@id\":\"https:\\\/\\\/interamerica.org\\\/es\\\/2023\\\/08\\\/cuadros-sobre-milagros-de-jesus-brindan-esperanza-en-surinam\\\/\"},\"wordCount\":1161,\"image\":{\"@id\":\"https:\\\/\\\/interamerica.org\\\/es\\\/2023\\\/08\\\/cuadros-sobre-milagros-de-jesus-brindan-esperanza-en-surinam\\\/#primaryimage\"},\"thumbnailUrl\":\"https:\\\/\\\/interamerica.org\\\/wp-content\\\/uploads\\\/2023\\\/08\\\/suriname-art-exhibit-unveiling.jpg\",\"articleSection\":[\"Desde el campo\",\"RSS Espa\u00f1ol\"],\"inLanguage\":\"es\"},{\"@type\":\"WebPage\",\"@id\":\"https:\\\/\\\/interamerica.org\\\/es\\\/2023\\\/08\\\/cuadros-sobre-milagros-de-jesus-brindan-esperanza-en-surinam\\\/\",\"url\":\"https:\\\/\\\/interamerica.org\\\/es\\\/2023\\\/08\\\/cuadros-sobre-milagros-de-jesus-brindan-esperanza-en-surinam\\\/\",\"name\":\"Cuadros sobre milagros de Jes\u00fas brindan esperanza en Surinam - Iglesia Adventista del S\u00e9ptimo D\u00eda - Divisi\u00f3n Interamericana\",\"isPartOf\":{\"@id\":\"https:\\\/\\\/interamerica.org\\\/es\\\/#website\"},\"primaryImageOfPage\":{\"@id\":\"https:\\\/\\\/interamerica.org\\\/es\\\/2023\\\/08\\\/cuadros-sobre-milagros-de-jesus-brindan-esperanza-en-surinam\\\/#primaryimage\"},\"image\":{\"@id\":\"https:\\\/\\\/interamerica.org\\\/es\\\/2023\\\/08\\\/cuadros-sobre-milagros-de-jesus-brindan-esperanza-en-surinam\\\/#primaryimage\"},\"thumbnailUrl\":\"https:\\\/\\\/interamerica.org\\\/wp-content\\\/uploads\\\/2023\\\/08\\\/suriname-art-exhibit-unveiling.jpg\",\"datePublished\":\"2023-08-30T03:06:58+00:00\",\"dateModified\":\"2023-08-30T14:46:30+00:00\",\"author\":{\"@id\":\"https:\\\/\\\/interamerica.org\\\/es\\\/#\\\/schema\\\/person\\\/29998f2bc2d8bd0d38662909289b54f1\"},\"breadcrumb\":{\"@id\":\"https:\\\/\\\/interamerica.org\\\/es\\\/2023\\\/08\\\/cuadros-sobre-milagros-de-jesus-brindan-esperanza-en-surinam\\\/#breadcrumb\"},\"inLanguage\":\"es\",\"potentialAction\":[{\"@type\":\"ReadAction\",\"target\":[\"https:\\\/\\\/interamerica.org\\\/es\\\/2023\\\/08\\\/cuadros-sobre-milagros-de-jesus-brindan-esperanza-en-surinam\\\/\"]}]},{\"@type\":\"ImageObject\",\"inLanguage\":\"es\",\"@id\":\"https:\\\/\\\/interamerica.org\\\/es\\\/2023\\\/08\\\/cuadros-sobre-milagros-de-jesus-brindan-esperanza-en-surinam\\\/#primaryimage\",\"url\":\"https:\\\/\\\/interamerica.org\\\/wp-content\\\/uploads\\\/2023\\\/08\\\/suriname-art-exhibit-unveiling.jpg\",\"contentUrl\":\"https:\\\/\\\/interamerica.org\\\/wp-content\\\/uploads\\\/2023\\\/08\\\/suriname-art-exhibit-unveiling.jpg\",\"width\":950,\"height\":713,\"caption\":\"[Photo: Esmeralda Hok-Ahin]\"},{\"@type\":\"BreadcrumbList\",\"@id\":\"https:\\\/\\\/interamerica.org\\\/es\\\/2023\\\/08\\\/cuadros-sobre-milagros-de-jesus-brindan-esperanza-en-surinam\\\/#breadcrumb\",\"itemListElement\":[{\"@type\":\"ListItem\",\"position\":1,\"name\":\"Home\",\"item\":\"https:\\\/\\\/interamerica.org\\\/es\\\/\"},{\"@type\":\"ListItem\",\"position\":2,\"name\":\"Cuadros sobre milagros de Jes\u00fas brindan esperanza en Surinam\"}]},{\"@type\":\"WebSite\",\"@id\":\"https:\\\/\\\/interamerica.org\\\/es\\\/#website\",\"url\":\"https:\\\/\\\/interamerica.org\\\/es\\\/\",\"name\":\"Iglesia Adventista del S\u00e9ptimo D\u00eda - Divisi\u00f3n Interamericana\",\"description\":\"\",\"potentialAction\":[{\"@type\":\"SearchAction\",\"target\":{\"@type\":\"EntryPoint\",\"urlTemplate\":\"https:\\\/\\\/interamerica.org\\\/es\\\/?s={search_term_string}\"},\"query-input\":{\"@type\":\"PropertyValueSpecification\",\"valueRequired\":true,\"valueName\":\"search_term_string\"}}],\"inLanguage\":\"es\"},{\"@type\":\"Person\",\"@id\":\"https:\\\/\\\/interamerica.org\\\/es\\\/#\\\/schema\\\/person\\\/29998f2bc2d8bd0d38662909289b54f1\",\"name\":\"libna\",\"image\":{\"@type\":\"ImageObject\",\"inLanguage\":\"es\",\"@id\":\"https:\\\/\\\/secure.gravatar.com\\\/avatar\\\/7c5bd30ae4b47a9ba3c856590957fd1d96dc588bf3ac05719d247e126840331f?s=96&d=mm&r=g\",\"url\":\"https:\\\/\\\/secure.gravatar.com\\\/avatar\\\/7c5bd30ae4b47a9ba3c856590957fd1d96dc588bf3ac05719d247e126840331f?s=96&d=mm&r=g\",\"contentUrl\":\"https:\\\/\\\/secure.gravatar.com\\\/avatar\\\/7c5bd30ae4b47a9ba3c856590957fd1d96dc588bf3ac05719d247e126840331f?s=96&d=mm&r=g\",\"caption\":\"libna\"}}]}<\/script>\n<!-- \/ Yoast SEO plugin. -->","yoast_head_json":{"title":"Cuadros sobre milagros de Jes\u00fas brindan esperanza en Surinam - Iglesia Adventista del S\u00e9ptimo D\u00eda - Divisi\u00f3n Interamericana","robots":{"index":"index","follow":"follow","max-snippet":"max-snippet:-1","max-image-preview":"max-image-preview:large","max-video-preview":"max-video-preview:-1"},"canonical":"https:\/\/interamerica.org\/es\/2023\/08\/cuadros-sobre-milagros-de-jesus-brindan-esperanza-en-surinam\/","og_locale":"es_ES","og_type":"article","og_title":"Cuadros sobre milagros de Jes\u00fas brindan esperanza en Surinam - Iglesia Adventista del S\u00e9ptimo D\u00eda - Divisi\u00f3n Interamericana","og_description":"29 de agosto de 2023 | Paramaribo, Surinam | Vanessa Draaisma y personal de Noticias de la Divisi\u00f3n Interamericana La Iglesia Adventista del S\u00e9ptimo D\u00eda en Paramaribo, Surinam, patrocin\u00f3 una...","og_url":"https:\/\/interamerica.org\/es\/2023\/08\/cuadros-sobre-milagros-de-jesus-brindan-esperanza-en-surinam\/","og_site_name":"Iglesia Adventista del S\u00e9ptimo D\u00eda - Divisi\u00f3n Interamericana","article_published_time":"2023-08-30T03:06:58+00:00","article_modified_time":"2023-08-30T14:46:30+00:00","og_image":[{"width":950,"height":713,"url":"https:\/\/interamerica.org\/wp-content\/uploads\/2023\/08\/suriname-art-exhibit-unveiling.jpg","type":"image\/jpeg"}],"author":"libna","twitter_card":"summary_large_image","twitter_misc":{"Escrito por":"libna","Tiempo de lectura":"6 minutos"},"schema":{"@context":"https:\/\/schema.org","@graph":[{"@type":"Article","@id":"https:\/\/interamerica.org\/es\/2023\/08\/cuadros-sobre-milagros-de-jesus-brindan-esperanza-en-surinam\/#article","isPartOf":{"@id":"https:\/\/interamerica.org\/es\/2023\/08\/cuadros-sobre-milagros-de-jesus-brindan-esperanza-en-surinam\/"},"author":{"name":"libna","@id":"https:\/\/interamerica.org\/es\/#\/schema\/person\/29998f2bc2d8bd0d38662909289b54f1"},"headline":"Cuadros sobre milagros de Jes\u00fas brindan esperanza en Surinam","datePublished":"2023-08-30T03:06:58+00:00","dateModified":"2023-08-30T14:46:30+00:00","mainEntityOfPage":{"@id":"https:\/\/interamerica.org\/es\/2023\/08\/cuadros-sobre-milagros-de-jesus-brindan-esperanza-en-surinam\/"},"wordCount":1161,"image":{"@id":"https:\/\/interamerica.org\/es\/2023\/08\/cuadros-sobre-milagros-de-jesus-brindan-esperanza-en-surinam\/#primaryimage"},"thumbnailUrl":"https:\/\/interamerica.org\/wp-content\/uploads\/2023\/08\/suriname-art-exhibit-unveiling.jpg","articleSection":["Desde el campo","RSS Espa\u00f1ol"],"inLanguage":"es"},{"@type":"WebPage","@id":"https:\/\/interamerica.org\/es\/2023\/08\/cuadros-sobre-milagros-de-jesus-brindan-esperanza-en-surinam\/","url":"https:\/\/interamerica.org\/es\/2023\/08\/cuadros-sobre-milagros-de-jesus-brindan-esperanza-en-surinam\/","name":"Cuadros sobre milagros de Jes\u00fas brindan esperanza en Surinam - Iglesia Adventista del S\u00e9ptimo D\u00eda - Divisi\u00f3n Interamericana","isPartOf":{"@id":"https:\/\/interamerica.org\/es\/#website"},"primaryImageOfPage":{"@id":"https:\/\/interamerica.org\/es\/2023\/08\/cuadros-sobre-milagros-de-jesus-brindan-esperanza-en-surinam\/#primaryimage"},"image":{"@id":"https:\/\/interamerica.org\/es\/2023\/08\/cuadros-sobre-milagros-de-jesus-brindan-esperanza-en-surinam\/#primaryimage"},"thumbnailUrl":"https:\/\/interamerica.org\/wp-content\/uploads\/2023\/08\/suriname-art-exhibit-unveiling.jpg","datePublished":"2023-08-30T03:06:58+00:00","dateModified":"2023-08-30T14:46:30+00:00","author":{"@id":"https:\/\/interamerica.org\/es\/#\/schema\/person\/29998f2bc2d8bd0d38662909289b54f1"},"breadcrumb":{"@id":"https:\/\/interamerica.org\/es\/2023\/08\/cuadros-sobre-milagros-de-jesus-brindan-esperanza-en-surinam\/#breadcrumb"},"inLanguage":"es","potentialAction":[{"@type":"ReadAction","target":["https:\/\/interamerica.org\/es\/2023\/08\/cuadros-sobre-milagros-de-jesus-brindan-esperanza-en-surinam\/"]}]},{"@type":"ImageObject","inLanguage":"es","@id":"https:\/\/interamerica.org\/es\/2023\/08\/cuadros-sobre-milagros-de-jesus-brindan-esperanza-en-surinam\/#primaryimage","url":"https:\/\/interamerica.org\/wp-content\/uploads\/2023\/08\/suriname-art-exhibit-unveiling.jpg","contentUrl":"https:\/\/interamerica.org\/wp-content\/uploads\/2023\/08\/suriname-art-exhibit-unveiling.jpg","width":950,"height":713,"caption":"[Photo: Esmeralda Hok-Ahin]"},{"@type":"BreadcrumbList","@id":"https:\/\/interamerica.org\/es\/2023\/08\/cuadros-sobre-milagros-de-jesus-brindan-esperanza-en-surinam\/#breadcrumb","itemListElement":[{"@type":"ListItem","position":1,"name":"Home","item":"https:\/\/interamerica.org\/es\/"},{"@type":"ListItem","position":2,"name":"Cuadros sobre milagros de Jes\u00fas brindan esperanza en Surinam"}]},{"@type":"WebSite","@id":"https:\/\/interamerica.org\/es\/#website","url":"https:\/\/interamerica.org\/es\/","name":"Iglesia Adventista del S\u00e9ptimo D\u00eda - Divisi\u00f3n Interamericana","description":"","potentialAction":[{"@type":"SearchAction","target":{"@type":"EntryPoint","urlTemplate":"https:\/\/interamerica.org\/es\/?s={search_term_string}"},"query-input":{"@type":"PropertyValueSpecification","valueRequired":true,"valueName":"search_term_string"}}],"inLanguage":"es"},{"@type":"Person","@id":"https:\/\/interamerica.org\/es\/#\/schema\/person\/29998f2bc2d8bd0d38662909289b54f1","name":"libna","image":{"@type":"ImageObject","inLanguage":"es","@id":"https:\/\/secure.gravatar.com\/avatar\/7c5bd30ae4b47a9ba3c856590957fd1d96dc588bf3ac05719d247e126840331f?s=96&d=mm&r=g","url":"https:\/\/secure.gravatar.com\/avatar\/7c5bd30ae4b47a9ba3c856590957fd1d96dc588bf3ac05719d247e126840331f?s=96&d=mm&r=g","contentUrl":"https:\/\/secure.gravatar.com\/avatar\/7c5bd30ae4b47a9ba3c856590957fd1d96dc588bf3ac05719d247e126840331f?s=96&d=mm&r=g","caption":"libna"}}]}},"_links":{"self":[{"href":"https:\/\/interamerica.org\/es\/wp-json\/wp\/v2\/posts\/102711","targetHints":{"allow":["GET"]}}],"collection":[{"href":"https:\/\/interamerica.org\/es\/wp-json\/wp\/v2\/posts"}],"about":[{"href":"https:\/\/interamerica.org\/es\/wp-json\/wp\/v2\/types\/post"}],"author":[{"embeddable":true,"href":"https:\/\/interamerica.org\/es\/wp-json\/wp\/v2\/users\/3"}],"replies":[{"embeddable":true,"href":"https:\/\/interamerica.org\/es\/wp-json\/wp\/v2\/comments?post=102711"}],"version-history":[{"count":0,"href":"https:\/\/interamerica.org\/es\/wp-json\/wp\/v2\/posts\/102711\/revisions"}],"wp:featuredmedia":[{"embeddable":true,"href":"https:\/\/interamerica.org\/es\/wp-json\/wp\/v2\/media\/102677"}],"wp:attachment":[{"href":"https:\/\/interamerica.org\/es\/wp-json\/wp\/v2\/media?parent=102711"}],"wp:term":[{"taxonomy":"category","embeddable":true,"href":"https:\/\/interamerica.org\/es\/wp-json\/wp\/v2\/categories?post=102711"},{"taxonomy":"post_tag","embeddable":true,"href":"https:\/\/interamerica.org\/es\/wp-json\/wp\/v2\/tags?post=102711"}],"curies":[{"name":"wp","href":"https:\/\/api.w.org\/{rel}","templated":true}]}}