{"id":10272,"date":"2004-03-29T00:00:00","date_gmt":"2004-03-29T04:00:00","guid":{"rendered":"http:\/\/192.81.217.108\/interamerica\/2004\/03\/adra-conmemora-el-servicio-de-un-empleado-con-particular-antiguedad\/"},"modified":"2017-06-02T09:20:13","modified_gmt":"2017-06-02T13:20:13","slug":"adra-conmemora-el-servicio-de-un-empleado-con-particular-antiguedad","status":"publish","type":"post","link":"https:\/\/interamerica.org\/es\/2004\/03\/adra-conmemora-el-servicio-de-un-empleado-con-particular-antiguedad\/","title":{"rendered":"ADRA Conmemora\u00a0el Servicio de un Empleado\u00a0con Particular Antig\u00fcedad"},"content":{"rendered":"<p>Silver Spring, Maryland, Estados Unidos . . . [ADRA Internacional]<\/p>\n<p>La Agencia Adventista de Desarrollo y Recursos\u00a0Asistenciales\u00a0(ADRA) anuncia con pesar\u00a0la muerte\u00a0del Pastor Edwin Baumgartner en la ma\u00f1ana del\u00a0jueves 18 de marzo.\u00a0 <\/p>\n<p>Baumgartner falleci\u00f3 de c\u00e1ncer\u00a0en Harlingen, Tejas,\u00a0a la edad de 49 a\u00f1os, despu\u00e9s de una larga batalla de un a\u00f1o.\u00a0 Le sobreviven su esposa,\u00a0PAM, y cuatro ni\u00f1os. <\/p>\n<p>Valoramos altamente los servicios que Ed\u00a0rindi\u00f3 al\u00a0 Se\u00f1or\u00a0 en Interam\u00e9rica y por gran dedicaci\u00f3n y fidelidad a ADRA por tanto tiempo.\u00a0 Rogamos que\u00a0PAM tenga la fuerza y el respaldo\u00a0para continuar\u00a0en sus responsabilidades para con\u00a0su familia, as\u00ed como para su servicio a Dios y\u00a0a la comunidad, \u00abdeclar\u00f3 Wally\u00a0Amundson, vicepresidente regional de ADRA en Interam\u00e9rica.<\/p>\n<p>\u00abEd era una enorme influencia en cada lugar donde sirvi\u00f3.\u00a0\u00a0Cre\u00f3 armon\u00eda entre las entidades donde\u00a0trabaj\u00f3\u00a0y\u00a0estuvo\u00a0dispuesto a sacrificarse con tal de servir a\u00a0personas en necesidad.\u00a0\u00a0Era muy\u00a0agradable y capaz y ten\u00eda una manera\u00a0muy personal y genuina\u00a0para con su\u00a0trabajo y para con\u00a0los\u00a0que lo rodeaban, \u00abrecalc\u00f3 Amundson.\u00a0 \u00abSu influencia se siente a\u00fan hoy en las muchas vidas que\u00a0toc\u00f3\u00bb.<\/p>\n<p>La primera asignaci\u00f3n misionera de los Baumgartner\u00a0fue en 1981 como voluntario al Per\u00fa.\u00a0 M\u00e1s tarde aceptaron un llamado\u00a0como misioneros como docentes\u00a0en Per\u00fa, desde 1985 a 1993, donde\u00a0adoptaron\u00a0cuatro ni\u00f1os.\u00a0 Durante ese tiempo,\u00a0Ed fue designado director de ADRA en\u00a0Per\u00fa, donde\u00a0contribuy\u00f3 al crecimiento de la que lleg\u00f3 a ser la\u00a0oficina m\u00e1s grande\u00a0de ADRA de cualquier pa\u00eds en\u00a0el mundo.\u00a0\u00a0Sirvi\u00f3 como\u00a0director de ADRA Nicaragua\u00a0de 1993 a 1998 y\u00a0de ADRA Hait\u00ed de 1998 a diciembre de 1999.\u00a0 Durante\u00a0los \u00faltimos tres a\u00f1os y\u00a0medio fue pastor de varias iglesias en Tejas meridional.<\/p>\n<p>\u00abA nombre de toda la red\u00a0de ADRA, expresamos nuestras\u00a0 m\u00e1s profundas condolencias a la familia de Baumgartner,\u00bb manifest\u00f3 Charles Sandefur, Presidente de ADRA Internacional.\u00a0 \u00abEstamos\u00a0agradecidos por los muchos a\u00f1os de servicio\u00a0que Ed\u00a0contribuy\u00f3 a fomentar la misi\u00f3n y el trabajo de ADRA.\u00bb<\/p>\n<p>Los servicios funerarios se llevaron a cabo el domingo, 21 de marzo, en Harlingen, Tejas.\u00a0\u00a0Mensajes de condolencia\u00a0pueden ser enviados a PAM Baumgartner en <a  href=\"mailto:pcbaumgartner@yahoo.com\">pcbaumgartner@yahoo.com<\/a>.\u00a0 La familia solicita su\u00a0amabilidad en concederles tiempo suficiente para responder.\u00a0<\/p>\n","protected":false},"excerpt":{"rendered":"<p>Baumgartner muri\u00f3 en Harlingen, Texas,\u00a0a los 49 a\u00f1os de edad, despu\u00e9s de un a\u00f1o de batallar con un c\u00e1ncer. Le sobreviven su esposa Pam y cuatro hijos.<\/p>\n","protected":false},"author":1,"featured_media":0,"comment_status":"closed","ping_status":"closed","sticky":false,"template":"","format":"standard","meta":{"_acf_changed":false,"footnotes":""},"categories":[8],"tags":[],"class_list":["post-10272","post","type-post","status-publish","format-standard","hentry","category-archivo"],"acf":[],"yoast_head":"<!-- This site is optimized with the Yoast SEO plugin v27.3 - https:\/\/yoast.com\/product\/yoast-seo-wordpress\/ -->\n<title>ADRA Conmemora\u00a0el Servicio de un Empleado\u00a0con Particular Antig\u00fcedad - Iglesia Adventista del S\u00e9ptimo D\u00eda - Divisi\u00f3n Interamericana<\/title>\n<meta name=\"robots\" content=\"index, follow, max-snippet:-1, max-image-preview:large, max-video-preview:-1\" \/>\n<link rel=\"canonical\" href=\"https:\/\/interamerica.org\/es\/2004\/03\/adra-conmemora-el-servicio-de-un-empleado-con-particular-antiguedad\/\" \/>\n<meta property=\"og:locale\" content=\"es_ES\" \/>\n<meta property=\"og:type\" content=\"article\" \/>\n<meta property=\"og:title\" content=\"ADRA Conmemora\u00a0el Servicio de un Empleado\u00a0con Particular Antig\u00fcedad - Iglesia Adventista del S\u00e9ptimo D\u00eda - Divisi\u00f3n Interamericana\" \/>\n<meta property=\"og:description\" content=\"Baumgartner muri\u00f3 en Harlingen, Texas,\u00a0a los 49 a\u00f1os de edad, despu\u00e9s de un a\u00f1o de batallar con un c\u00e1ncer. Le sobreviven su esposa Pam y cuatro hijos.\" \/>\n<meta property=\"og:url\" content=\"https:\/\/interamerica.org\/es\/2004\/03\/adra-conmemora-el-servicio-de-un-empleado-con-particular-antiguedad\/\" \/>\n<meta property=\"og:site_name\" content=\"Iglesia Adventista del S\u00e9ptimo D\u00eda - Divisi\u00f3n Interamericana\" \/>\n<meta property=\"article:published_time\" content=\"2004-03-29T04:00:00+00:00\" \/>\n<meta property=\"article:modified_time\" content=\"2017-06-02T13:20:13+00:00\" \/>\n<meta name=\"author\" content=\"Lorenzo Verduzco\" \/>\n<meta name=\"twitter:card\" content=\"summary_large_image\" \/>\n<meta name=\"twitter:label1\" content=\"Escrito por\" \/>\n\t<meta name=\"twitter:data1\" content=\"Lorenzo Verduzco\" \/>\n\t<meta name=\"twitter:label2\" content=\"Tiempo de lectura\" \/>\n\t<meta name=\"twitter:data2\" content=\"2 minutos\" \/>\n<script type=\"application\/ld+json\" class=\"yoast-schema-graph\">{\"@context\":\"https:\\\/\\\/schema.org\",\"@graph\":[{\"@type\":\"Article\",\"@id\":\"https:\\\/\\\/interamerica.org\\\/es\\\/2004\\\/03\\\/adra-conmemora-el-servicio-de-un-empleado-con-particular-antiguedad\\\/#article\",\"isPartOf\":{\"@id\":\"https:\\\/\\\/interamerica.org\\\/es\\\/2004\\\/03\\\/adra-conmemora-el-servicio-de-un-empleado-con-particular-antiguedad\\\/\"},\"author\":{\"name\":\"Lorenzo Verduzco\",\"@id\":\"https:\\\/\\\/interamerica.org\\\/es\\\/#\\\/schema\\\/person\\\/68ede8bdc292885bb76c1e3810e73c39\"},\"headline\":\"ADRA Conmemora\u00a0el Servicio de un Empleado\u00a0con Particular Antig\u00fcedad\",\"datePublished\":\"2004-03-29T04:00:00+00:00\",\"dateModified\":\"2017-06-02T13:20:13+00:00\",\"mainEntityOfPage\":{\"@id\":\"https:\\\/\\\/interamerica.org\\\/es\\\/2004\\\/03\\\/adra-conmemora-el-servicio-de-un-empleado-con-particular-antiguedad\\\/\"},\"wordCount\":398,\"articleSection\":[\"Archivo\"],\"inLanguage\":\"es\"},{\"@type\":\"WebPage\",\"@id\":\"https:\\\/\\\/interamerica.org\\\/es\\\/2004\\\/03\\\/adra-conmemora-el-servicio-de-un-empleado-con-particular-antiguedad\\\/\",\"url\":\"https:\\\/\\\/interamerica.org\\\/es\\\/2004\\\/03\\\/adra-conmemora-el-servicio-de-un-empleado-con-particular-antiguedad\\\/\",\"name\":\"ADRA Conmemora\u00a0el Servicio de un Empleado\u00a0con Particular Antig\u00fcedad - Iglesia Adventista del S\u00e9ptimo D\u00eda - Divisi\u00f3n Interamericana\",\"isPartOf\":{\"@id\":\"https:\\\/\\\/interamerica.org\\\/es\\\/#website\"},\"datePublished\":\"2004-03-29T04:00:00+00:00\",\"dateModified\":\"2017-06-02T13:20:13+00:00\",\"author\":{\"@id\":\"https:\\\/\\\/interamerica.org\\\/es\\\/#\\\/schema\\\/person\\\/68ede8bdc292885bb76c1e3810e73c39\"},\"breadcrumb\":{\"@id\":\"https:\\\/\\\/interamerica.org\\\/es\\\/2004\\\/03\\\/adra-conmemora-el-servicio-de-un-empleado-con-particular-antiguedad\\\/#breadcrumb\"},\"inLanguage\":\"es\",\"potentialAction\":[{\"@type\":\"ReadAction\",\"target\":[\"https:\\\/\\\/interamerica.org\\\/es\\\/2004\\\/03\\\/adra-conmemora-el-servicio-de-un-empleado-con-particular-antiguedad\\\/\"]}]},{\"@type\":\"BreadcrumbList\",\"@id\":\"https:\\\/\\\/interamerica.org\\\/es\\\/2004\\\/03\\\/adra-conmemora-el-servicio-de-un-empleado-con-particular-antiguedad\\\/#breadcrumb\",\"itemListElement\":[{\"@type\":\"ListItem\",\"position\":1,\"name\":\"Home\",\"item\":\"https:\\\/\\\/interamerica.org\\\/es\\\/\"},{\"@type\":\"ListItem\",\"position\":2,\"name\":\"ADRA Conmemora\u00a0el Servicio de un Empleado\u00a0con Particular Antig\u00fcedad\"}]},{\"@type\":\"WebSite\",\"@id\":\"https:\\\/\\\/interamerica.org\\\/es\\\/#website\",\"url\":\"https:\\\/\\\/interamerica.org\\\/es\\\/\",\"name\":\"Iglesia Adventista del S\u00e9ptimo D\u00eda - Divisi\u00f3n Interamericana\",\"description\":\"\",\"potentialAction\":[{\"@type\":\"SearchAction\",\"target\":{\"@type\":\"EntryPoint\",\"urlTemplate\":\"https:\\\/\\\/interamerica.org\\\/es\\\/?s={search_term_string}\"},\"query-input\":{\"@type\":\"PropertyValueSpecification\",\"valueRequired\":true,\"valueName\":\"search_term_string\"}}],\"inLanguage\":\"es\"},{\"@type\":\"Person\",\"@id\":\"https:\\\/\\\/interamerica.org\\\/es\\\/#\\\/schema\\\/person\\\/68ede8bdc292885bb76c1e3810e73c39\",\"name\":\"Lorenzo Verduzco\",\"image\":{\"@type\":\"ImageObject\",\"inLanguage\":\"es\",\"@id\":\"https:\\\/\\\/secure.gravatar.com\\\/avatar\\\/fb81a55b6218459490a9c1dc841a34909185b81904c5337b4b27f7a6fd60c49e?s=96&d=mm&r=g\",\"url\":\"https:\\\/\\\/secure.gravatar.com\\\/avatar\\\/fb81a55b6218459490a9c1dc841a34909185b81904c5337b4b27f7a6fd60c49e?s=96&d=mm&r=g\",\"contentUrl\":\"https:\\\/\\\/secure.gravatar.com\\\/avatar\\\/fb81a55b6218459490a9c1dc841a34909185b81904c5337b4b27f7a6fd60c49e?s=96&d=mm&r=g\",\"caption\":\"Lorenzo Verduzco\"}}]}<\/script>\n<!-- \/ Yoast SEO plugin. -->","yoast_head_json":{"title":"ADRA Conmemora\u00a0el Servicio de un Empleado\u00a0con Particular Antig\u00fcedad - Iglesia Adventista del S\u00e9ptimo D\u00eda - Divisi\u00f3n Interamericana","robots":{"index":"index","follow":"follow","max-snippet":"max-snippet:-1","max-image-preview":"max-image-preview:large","max-video-preview":"max-video-preview:-1"},"canonical":"https:\/\/interamerica.org\/es\/2004\/03\/adra-conmemora-el-servicio-de-un-empleado-con-particular-antiguedad\/","og_locale":"es_ES","og_type":"article","og_title":"ADRA Conmemora\u00a0el Servicio de un Empleado\u00a0con Particular Antig\u00fcedad - Iglesia Adventista del S\u00e9ptimo D\u00eda - Divisi\u00f3n Interamericana","og_description":"Baumgartner muri\u00f3 en Harlingen, Texas,\u00a0a los 49 a\u00f1os de edad, despu\u00e9s de un a\u00f1o de batallar con un c\u00e1ncer. Le sobreviven su esposa Pam y cuatro hijos.","og_url":"https:\/\/interamerica.org\/es\/2004\/03\/adra-conmemora-el-servicio-de-un-empleado-con-particular-antiguedad\/","og_site_name":"Iglesia Adventista del S\u00e9ptimo D\u00eda - Divisi\u00f3n Interamericana","article_published_time":"2004-03-29T04:00:00+00:00","article_modified_time":"2017-06-02T13:20:13+00:00","author":"Lorenzo Verduzco","twitter_card":"summary_large_image","twitter_misc":{"Escrito por":"Lorenzo Verduzco","Tiempo de lectura":"2 minutos"},"schema":{"@context":"https:\/\/schema.org","@graph":[{"@type":"Article","@id":"https:\/\/interamerica.org\/es\/2004\/03\/adra-conmemora-el-servicio-de-un-empleado-con-particular-antiguedad\/#article","isPartOf":{"@id":"https:\/\/interamerica.org\/es\/2004\/03\/adra-conmemora-el-servicio-de-un-empleado-con-particular-antiguedad\/"},"author":{"name":"Lorenzo Verduzco","@id":"https:\/\/interamerica.org\/es\/#\/schema\/person\/68ede8bdc292885bb76c1e3810e73c39"},"headline":"ADRA Conmemora\u00a0el Servicio de un Empleado\u00a0con Particular Antig\u00fcedad","datePublished":"2004-03-29T04:00:00+00:00","dateModified":"2017-06-02T13:20:13+00:00","mainEntityOfPage":{"@id":"https:\/\/interamerica.org\/es\/2004\/03\/adra-conmemora-el-servicio-de-un-empleado-con-particular-antiguedad\/"},"wordCount":398,"articleSection":["Archivo"],"inLanguage":"es"},{"@type":"WebPage","@id":"https:\/\/interamerica.org\/es\/2004\/03\/adra-conmemora-el-servicio-de-un-empleado-con-particular-antiguedad\/","url":"https:\/\/interamerica.org\/es\/2004\/03\/adra-conmemora-el-servicio-de-un-empleado-con-particular-antiguedad\/","name":"ADRA Conmemora\u00a0el Servicio de un Empleado\u00a0con Particular Antig\u00fcedad - Iglesia Adventista del S\u00e9ptimo D\u00eda - Divisi\u00f3n Interamericana","isPartOf":{"@id":"https:\/\/interamerica.org\/es\/#website"},"datePublished":"2004-03-29T04:00:00+00:00","dateModified":"2017-06-02T13:20:13+00:00","author":{"@id":"https:\/\/interamerica.org\/es\/#\/schema\/person\/68ede8bdc292885bb76c1e3810e73c39"},"breadcrumb":{"@id":"https:\/\/interamerica.org\/es\/2004\/03\/adra-conmemora-el-servicio-de-un-empleado-con-particular-antiguedad\/#breadcrumb"},"inLanguage":"es","potentialAction":[{"@type":"ReadAction","target":["https:\/\/interamerica.org\/es\/2004\/03\/adra-conmemora-el-servicio-de-un-empleado-con-particular-antiguedad\/"]}]},{"@type":"BreadcrumbList","@id":"https:\/\/interamerica.org\/es\/2004\/03\/adra-conmemora-el-servicio-de-un-empleado-con-particular-antiguedad\/#breadcrumb","itemListElement":[{"@type":"ListItem","position":1,"name":"Home","item":"https:\/\/interamerica.org\/es\/"},{"@type":"ListItem","position":2,"name":"ADRA Conmemora\u00a0el Servicio de un Empleado\u00a0con Particular Antig\u00fcedad"}]},{"@type":"WebSite","@id":"https:\/\/interamerica.org\/es\/#website","url":"https:\/\/interamerica.org\/es\/","name":"Iglesia Adventista del S\u00e9ptimo D\u00eda - Divisi\u00f3n Interamericana","description":"","potentialAction":[{"@type":"SearchAction","target":{"@type":"EntryPoint","urlTemplate":"https:\/\/interamerica.org\/es\/?s={search_term_string}"},"query-input":{"@type":"PropertyValueSpecification","valueRequired":true,"valueName":"search_term_string"}}],"inLanguage":"es"},{"@type":"Person","@id":"https:\/\/interamerica.org\/es\/#\/schema\/person\/68ede8bdc292885bb76c1e3810e73c39","name":"Lorenzo Verduzco","image":{"@type":"ImageObject","inLanguage":"es","@id":"https:\/\/secure.gravatar.com\/avatar\/fb81a55b6218459490a9c1dc841a34909185b81904c5337b4b27f7a6fd60c49e?s=96&d=mm&r=g","url":"https:\/\/secure.gravatar.com\/avatar\/fb81a55b6218459490a9c1dc841a34909185b81904c5337b4b27f7a6fd60c49e?s=96&d=mm&r=g","contentUrl":"https:\/\/secure.gravatar.com\/avatar\/fb81a55b6218459490a9c1dc841a34909185b81904c5337b4b27f7a6fd60c49e?s=96&d=mm&r=g","caption":"Lorenzo Verduzco"}}]}},"_links":{"self":[{"href":"https:\/\/interamerica.org\/es\/wp-json\/wp\/v2\/posts\/10272","targetHints":{"allow":["GET"]}}],"collection":[{"href":"https:\/\/interamerica.org\/es\/wp-json\/wp\/v2\/posts"}],"about":[{"href":"https:\/\/interamerica.org\/es\/wp-json\/wp\/v2\/types\/post"}],"author":[{"embeddable":true,"href":"https:\/\/interamerica.org\/es\/wp-json\/wp\/v2\/users\/1"}],"replies":[{"embeddable":true,"href":"https:\/\/interamerica.org\/es\/wp-json\/wp\/v2\/comments?post=10272"}],"version-history":[{"count":0,"href":"https:\/\/interamerica.org\/es\/wp-json\/wp\/v2\/posts\/10272\/revisions"}],"wp:attachment":[{"href":"https:\/\/interamerica.org\/es\/wp-json\/wp\/v2\/media?parent=10272"}],"wp:term":[{"taxonomy":"category","embeddable":true,"href":"https:\/\/interamerica.org\/es\/wp-json\/wp\/v2\/categories?post=10272"},{"taxonomy":"post_tag","embeddable":true,"href":"https:\/\/interamerica.org\/es\/wp-json\/wp\/v2\/tags?post=10272"}],"curies":[{"name":"wp","href":"https:\/\/api.w.org\/{rel}","templated":true}]}}