{"id":10273,"date":"2004-03-26T00:00:00","date_gmt":"2004-03-26T04:00:00","guid":{"rendered":"http:\/\/192.81.217.108\/interamerica\/2004\/03\/mexico-universidad-abre-extension-en-honduras\/"},"modified":"2017-06-02T09:20:14","modified_gmt":"2017-06-02T13:20:14","slug":"mexico-universidad-abre-extension-en-honduras","status":"publish","type":"post","link":"https:\/\/interamerica.org\/es\/2004\/03\/mexico-universidad-abre-extension-en-honduras\/","title":{"rendered":"M\u00e9xico:\u00a0Universidad\u00a0abre extensi\u00f3n en Honduras"},"content":{"rendered":"<p>Montemorelos, M\u00e9xico . . . (Comunicando\/IAD)<\/p>\n<p>Cumpliendo con la solicitud especial en nombre de las tres Uniones Centroamericanas, o\u00a0regiones, la Universidad de Montemorelos\u00a0abri\u00f3\u00a0recientemente en Honduras una extensi\u00f3n,\u00a0la cual\u00a0ofrece un programa de maestr\u00eda en administraci\u00f3n de\u00a0empresas con \u00e9nfasis en liderazgo.<\/p>\n<p>Por el momento, apr\u00f3ximadamente 120 estudiantes mayormente pastores, administradores, profesores y principales de escuelas, de Guatemala\u00a0hasta Panam\u00e1 han tomado los primeros dos cursos.<\/p>\n<p>Los cursos para esta extensi\u00f3n universitaria ser\u00e1n impartidos dos veces al a\u00f1o durante Febrero y Julio por los pr\u00f3ximos tres a\u00f1os, continuando con la presentaci\u00f3n de las tesis.<\/p>\n<p>Para mayor informaci\u00f3n sobre \u00e9ste y otros programas visite <a  href=\"http:\/\/www.umontemorelos.edu.mx\">www.umontemorelos.edu.mx<\/a><\/p>\n","protected":false},"excerpt":{"rendered":"<p>La Universidad de Montemorelos\u00a0abri\u00f3 recientemente una extensi\u00f3n en Honduras,\u00a0la cual\u00a0ofrece un programa\u00a0de\u00a0maestr\u00eda en administraci\u00f3n de empresas con \u00e9nfasis en liderazgo.<\/p>\n","protected":false},"author":1,"featured_media":0,"comment_status":"closed","ping_status":"closed","sticky":false,"template":"","format":"standard","meta":{"_acf_changed":false,"footnotes":""},"categories":[8],"tags":[],"class_list":["post-10273","post","type-post","status-publish","format-standard","hentry","category-archivo"],"acf":[],"yoast_head":"<!-- This site is optimized with the Yoast SEO plugin v27.3 - https:\/\/yoast.com\/product\/yoast-seo-wordpress\/ -->\n<title>M\u00e9xico:\u00a0Universidad\u00a0abre extensi\u00f3n en Honduras - Iglesia Adventista del S\u00e9ptimo D\u00eda - Divisi\u00f3n Interamericana<\/title>\n<meta name=\"robots\" content=\"index, follow, max-snippet:-1, max-image-preview:large, max-video-preview:-1\" \/>\n<link rel=\"canonical\" href=\"https:\/\/interamerica.org\/es\/2004\/03\/mexico-universidad-abre-extension-en-honduras\/\" \/>\n<meta property=\"og:locale\" content=\"es_ES\" \/>\n<meta property=\"og:type\" content=\"article\" \/>\n<meta property=\"og:title\" content=\"M\u00e9xico:\u00a0Universidad\u00a0abre extensi\u00f3n en Honduras - Iglesia Adventista del S\u00e9ptimo D\u00eda - Divisi\u00f3n Interamericana\" \/>\n<meta property=\"og:description\" content=\"La Universidad de Montemorelos\u00a0abri\u00f3 recientemente una extensi\u00f3n en Honduras,\u00a0la cual\u00a0ofrece un programa\u00a0de\u00a0maestr\u00eda en administraci\u00f3n de empresas con \u00e9nfasis en liderazgo.\" \/>\n<meta property=\"og:url\" content=\"https:\/\/interamerica.org\/es\/2004\/03\/mexico-universidad-abre-extension-en-honduras\/\" \/>\n<meta property=\"og:site_name\" content=\"Iglesia Adventista del S\u00e9ptimo D\u00eda - Divisi\u00f3n Interamericana\" \/>\n<meta property=\"article:published_time\" content=\"2004-03-26T04:00:00+00:00\" \/>\n<meta property=\"article:modified_time\" content=\"2017-06-02T13:20:14+00:00\" \/>\n<meta name=\"author\" content=\"Lorenzo Verduzco\" \/>\n<meta name=\"twitter:card\" content=\"summary_large_image\" \/>\n<meta name=\"twitter:label1\" content=\"Escrito por\" \/>\n\t<meta name=\"twitter:data1\" content=\"Lorenzo Verduzco\" \/>\n\t<meta name=\"twitter:label2\" content=\"Tiempo de lectura\" \/>\n\t<meta name=\"twitter:data2\" content=\"1 minuto\" \/>\n<script type=\"application\/ld+json\" class=\"yoast-schema-graph\">{\"@context\":\"https:\\\/\\\/schema.org\",\"@graph\":[{\"@type\":\"Article\",\"@id\":\"https:\\\/\\\/interamerica.org\\\/es\\\/2004\\\/03\\\/mexico-universidad-abre-extension-en-honduras\\\/#article\",\"isPartOf\":{\"@id\":\"https:\\\/\\\/interamerica.org\\\/es\\\/2004\\\/03\\\/mexico-universidad-abre-extension-en-honduras\\\/\"},\"author\":{\"name\":\"Lorenzo Verduzco\",\"@id\":\"https:\\\/\\\/interamerica.org\\\/es\\\/#\\\/schema\\\/person\\\/68ede8bdc292885bb76c1e3810e73c39\"},\"headline\":\"M\u00e9xico:\u00a0Universidad\u00a0abre extensi\u00f3n en Honduras\",\"datePublished\":\"2004-03-26T04:00:00+00:00\",\"dateModified\":\"2017-06-02T13:20:14+00:00\",\"mainEntityOfPage\":{\"@id\":\"https:\\\/\\\/interamerica.org\\\/es\\\/2004\\\/03\\\/mexico-universidad-abre-extension-en-honduras\\\/\"},\"wordCount\":127,\"articleSection\":[\"Archivo\"],\"inLanguage\":\"es\"},{\"@type\":\"WebPage\",\"@id\":\"https:\\\/\\\/interamerica.org\\\/es\\\/2004\\\/03\\\/mexico-universidad-abre-extension-en-honduras\\\/\",\"url\":\"https:\\\/\\\/interamerica.org\\\/es\\\/2004\\\/03\\\/mexico-universidad-abre-extension-en-honduras\\\/\",\"name\":\"M\u00e9xico:\u00a0Universidad\u00a0abre extensi\u00f3n en Honduras - Iglesia Adventista del S\u00e9ptimo D\u00eda - Divisi\u00f3n Interamericana\",\"isPartOf\":{\"@id\":\"https:\\\/\\\/interamerica.org\\\/es\\\/#website\"},\"datePublished\":\"2004-03-26T04:00:00+00:00\",\"dateModified\":\"2017-06-02T13:20:14+00:00\",\"author\":{\"@id\":\"https:\\\/\\\/interamerica.org\\\/es\\\/#\\\/schema\\\/person\\\/68ede8bdc292885bb76c1e3810e73c39\"},\"breadcrumb\":{\"@id\":\"https:\\\/\\\/interamerica.org\\\/es\\\/2004\\\/03\\\/mexico-universidad-abre-extension-en-honduras\\\/#breadcrumb\"},\"inLanguage\":\"es\",\"potentialAction\":[{\"@type\":\"ReadAction\",\"target\":[\"https:\\\/\\\/interamerica.org\\\/es\\\/2004\\\/03\\\/mexico-universidad-abre-extension-en-honduras\\\/\"]}]},{\"@type\":\"BreadcrumbList\",\"@id\":\"https:\\\/\\\/interamerica.org\\\/es\\\/2004\\\/03\\\/mexico-universidad-abre-extension-en-honduras\\\/#breadcrumb\",\"itemListElement\":[{\"@type\":\"ListItem\",\"position\":1,\"name\":\"Home\",\"item\":\"https:\\\/\\\/interamerica.org\\\/es\\\/\"},{\"@type\":\"ListItem\",\"position\":2,\"name\":\"M\u00e9xico:\u00a0Universidad\u00a0abre extensi\u00f3n en Honduras\"}]},{\"@type\":\"WebSite\",\"@id\":\"https:\\\/\\\/interamerica.org\\\/es\\\/#website\",\"url\":\"https:\\\/\\\/interamerica.org\\\/es\\\/\",\"name\":\"Iglesia Adventista del S\u00e9ptimo D\u00eda - Divisi\u00f3n Interamericana\",\"description\":\"\",\"potentialAction\":[{\"@type\":\"SearchAction\",\"target\":{\"@type\":\"EntryPoint\",\"urlTemplate\":\"https:\\\/\\\/interamerica.org\\\/es\\\/?s={search_term_string}\"},\"query-input\":{\"@type\":\"PropertyValueSpecification\",\"valueRequired\":true,\"valueName\":\"search_term_string\"}}],\"inLanguage\":\"es\"},{\"@type\":\"Person\",\"@id\":\"https:\\\/\\\/interamerica.org\\\/es\\\/#\\\/schema\\\/person\\\/68ede8bdc292885bb76c1e3810e73c39\",\"name\":\"Lorenzo Verduzco\",\"image\":{\"@type\":\"ImageObject\",\"inLanguage\":\"es\",\"@id\":\"https:\\\/\\\/secure.gravatar.com\\\/avatar\\\/fb81a55b6218459490a9c1dc841a34909185b81904c5337b4b27f7a6fd60c49e?s=96&d=mm&r=g\",\"url\":\"https:\\\/\\\/secure.gravatar.com\\\/avatar\\\/fb81a55b6218459490a9c1dc841a34909185b81904c5337b4b27f7a6fd60c49e?s=96&d=mm&r=g\",\"contentUrl\":\"https:\\\/\\\/secure.gravatar.com\\\/avatar\\\/fb81a55b6218459490a9c1dc841a34909185b81904c5337b4b27f7a6fd60c49e?s=96&d=mm&r=g\",\"caption\":\"Lorenzo Verduzco\"}}]}<\/script>\n<!-- \/ Yoast SEO plugin. -->","yoast_head_json":{"title":"M\u00e9xico:\u00a0Universidad\u00a0abre extensi\u00f3n en Honduras - Iglesia Adventista del S\u00e9ptimo D\u00eda - Divisi\u00f3n Interamericana","robots":{"index":"index","follow":"follow","max-snippet":"max-snippet:-1","max-image-preview":"max-image-preview:large","max-video-preview":"max-video-preview:-1"},"canonical":"https:\/\/interamerica.org\/es\/2004\/03\/mexico-universidad-abre-extension-en-honduras\/","og_locale":"es_ES","og_type":"article","og_title":"M\u00e9xico:\u00a0Universidad\u00a0abre extensi\u00f3n en Honduras - Iglesia Adventista del S\u00e9ptimo D\u00eda - Divisi\u00f3n Interamericana","og_description":"La Universidad de Montemorelos\u00a0abri\u00f3 recientemente una extensi\u00f3n en Honduras,\u00a0la cual\u00a0ofrece un programa\u00a0de\u00a0maestr\u00eda en administraci\u00f3n de empresas con \u00e9nfasis en liderazgo.","og_url":"https:\/\/interamerica.org\/es\/2004\/03\/mexico-universidad-abre-extension-en-honduras\/","og_site_name":"Iglesia Adventista del S\u00e9ptimo D\u00eda - Divisi\u00f3n Interamericana","article_published_time":"2004-03-26T04:00:00+00:00","article_modified_time":"2017-06-02T13:20:14+00:00","author":"Lorenzo Verduzco","twitter_card":"summary_large_image","twitter_misc":{"Escrito por":"Lorenzo Verduzco","Tiempo de lectura":"1 minuto"},"schema":{"@context":"https:\/\/schema.org","@graph":[{"@type":"Article","@id":"https:\/\/interamerica.org\/es\/2004\/03\/mexico-universidad-abre-extension-en-honduras\/#article","isPartOf":{"@id":"https:\/\/interamerica.org\/es\/2004\/03\/mexico-universidad-abre-extension-en-honduras\/"},"author":{"name":"Lorenzo Verduzco","@id":"https:\/\/interamerica.org\/es\/#\/schema\/person\/68ede8bdc292885bb76c1e3810e73c39"},"headline":"M\u00e9xico:\u00a0Universidad\u00a0abre extensi\u00f3n en Honduras","datePublished":"2004-03-26T04:00:00+00:00","dateModified":"2017-06-02T13:20:14+00:00","mainEntityOfPage":{"@id":"https:\/\/interamerica.org\/es\/2004\/03\/mexico-universidad-abre-extension-en-honduras\/"},"wordCount":127,"articleSection":["Archivo"],"inLanguage":"es"},{"@type":"WebPage","@id":"https:\/\/interamerica.org\/es\/2004\/03\/mexico-universidad-abre-extension-en-honduras\/","url":"https:\/\/interamerica.org\/es\/2004\/03\/mexico-universidad-abre-extension-en-honduras\/","name":"M\u00e9xico:\u00a0Universidad\u00a0abre extensi\u00f3n en Honduras - Iglesia Adventista del S\u00e9ptimo D\u00eda - Divisi\u00f3n Interamericana","isPartOf":{"@id":"https:\/\/interamerica.org\/es\/#website"},"datePublished":"2004-03-26T04:00:00+00:00","dateModified":"2017-06-02T13:20:14+00:00","author":{"@id":"https:\/\/interamerica.org\/es\/#\/schema\/person\/68ede8bdc292885bb76c1e3810e73c39"},"breadcrumb":{"@id":"https:\/\/interamerica.org\/es\/2004\/03\/mexico-universidad-abre-extension-en-honduras\/#breadcrumb"},"inLanguage":"es","potentialAction":[{"@type":"ReadAction","target":["https:\/\/interamerica.org\/es\/2004\/03\/mexico-universidad-abre-extension-en-honduras\/"]}]},{"@type":"BreadcrumbList","@id":"https:\/\/interamerica.org\/es\/2004\/03\/mexico-universidad-abre-extension-en-honduras\/#breadcrumb","itemListElement":[{"@type":"ListItem","position":1,"name":"Home","item":"https:\/\/interamerica.org\/es\/"},{"@type":"ListItem","position":2,"name":"M\u00e9xico:\u00a0Universidad\u00a0abre extensi\u00f3n en Honduras"}]},{"@type":"WebSite","@id":"https:\/\/interamerica.org\/es\/#website","url":"https:\/\/interamerica.org\/es\/","name":"Iglesia Adventista del S\u00e9ptimo D\u00eda - Divisi\u00f3n Interamericana","description":"","potentialAction":[{"@type":"SearchAction","target":{"@type":"EntryPoint","urlTemplate":"https:\/\/interamerica.org\/es\/?s={search_term_string}"},"query-input":{"@type":"PropertyValueSpecification","valueRequired":true,"valueName":"search_term_string"}}],"inLanguage":"es"},{"@type":"Person","@id":"https:\/\/interamerica.org\/es\/#\/schema\/person\/68ede8bdc292885bb76c1e3810e73c39","name":"Lorenzo Verduzco","image":{"@type":"ImageObject","inLanguage":"es","@id":"https:\/\/secure.gravatar.com\/avatar\/fb81a55b6218459490a9c1dc841a34909185b81904c5337b4b27f7a6fd60c49e?s=96&d=mm&r=g","url":"https:\/\/secure.gravatar.com\/avatar\/fb81a55b6218459490a9c1dc841a34909185b81904c5337b4b27f7a6fd60c49e?s=96&d=mm&r=g","contentUrl":"https:\/\/secure.gravatar.com\/avatar\/fb81a55b6218459490a9c1dc841a34909185b81904c5337b4b27f7a6fd60c49e?s=96&d=mm&r=g","caption":"Lorenzo Verduzco"}}]}},"_links":{"self":[{"href":"https:\/\/interamerica.org\/es\/wp-json\/wp\/v2\/posts\/10273","targetHints":{"allow":["GET"]}}],"collection":[{"href":"https:\/\/interamerica.org\/es\/wp-json\/wp\/v2\/posts"}],"about":[{"href":"https:\/\/interamerica.org\/es\/wp-json\/wp\/v2\/types\/post"}],"author":[{"embeddable":true,"href":"https:\/\/interamerica.org\/es\/wp-json\/wp\/v2\/users\/1"}],"replies":[{"embeddable":true,"href":"https:\/\/interamerica.org\/es\/wp-json\/wp\/v2\/comments?post=10273"}],"version-history":[{"count":0,"href":"https:\/\/interamerica.org\/es\/wp-json\/wp\/v2\/posts\/10273\/revisions"}],"wp:attachment":[{"href":"https:\/\/interamerica.org\/es\/wp-json\/wp\/v2\/media?parent=10273"}],"wp:term":[{"taxonomy":"category","embeddable":true,"href":"https:\/\/interamerica.org\/es\/wp-json\/wp\/v2\/categories?post=10273"},{"taxonomy":"post_tag","embeddable":true,"href":"https:\/\/interamerica.org\/es\/wp-json\/wp\/v2\/tags?post=10273"}],"curies":[{"name":"wp","href":"https:\/\/api.w.org\/{rel}","templated":true}]}}