{"id":102746,"date":"2023-08-31T20:59:41","date_gmt":"2023-09-01T00:59:41","guid":{"rendered":"https:\/\/interamerica.org\/?p=102746"},"modified":"2023-08-31T22:19:22","modified_gmt":"2023-09-01T02:19:22","slug":"una-profecia-significativa-4a-parte","status":"publish","type":"post","link":"https:\/\/interamerica.org\/es\/2023\/08\/una-profecia-significativa-4a-parte\/","title":{"rendered":"Una Profec\u00eda Significativa (4a Parte)"},"content":{"rendered":"<p>31 de agosto del\u00a0 2023 | Silver Spring, Maryland, Estados Unidos | Ted N.C. Wilson, President de la Asociaci\u00f3n General de los Adventistas del S\u00e9ptimo D\u00eda<\/p>\n<p><span style=\"font-weight: 400;\">Saludos amigos. En nuestro video anterior, vimos la asombrosa profec\u00eda de los 2300 d\u00edas\/a\u00f1os dada en Daniel 8:14 y vimos c\u00f3mo a trav\u00e9s de un estudio b\u00edblico cuidadoso, Guillermo Miller encontr\u00f3 que gran parte de la profec\u00eda ya se hab\u00eda cumplido. Siguiendo la l\u00ednea de tiempo prof\u00e9tica, se dio cuenta de que los 2300 a\u00f1os terminar\u00edan en 1844.<\/span><\/p>\n<p><span style=\"font-weight: 400;\">\u00abHasta dos mil trescientas tardes y ma\u00f1anas; luego el santuario ser\u00e1 purificado,\u00bb<\/span><span style=\"font-weight: 400;\"> ley\u00f3 una y otra vez en Daniel 8:14. Creyendo, como muchos en ese momento, que el santuario aqu\u00ed descrito deb\u00eda ser la tierra, Guillermo Miller estaba seguro de que la profec\u00eda predec\u00eda la Segunda Venida de Cristo.<\/span><\/p>\n<p><span style=\"font-weight: 400;\">Hab\u00eda dedicado dos a\u00f1os al estudio de la Biblia cuando lleg\u00f3 a la conclusi\u00f3n de que la venida de Jes\u00fas era inminente. M\u00e1s tarde dijo: \u201c<\/span><span style=\"font-weight: 400;\">Solemnemente convencido de que las Santas Escrituras anunciaban el cumplimiento de tan importantes acontecimientos en tan corto espacio de tiempo, surgi\u00f3 con fuerza en mi alma la cuesti\u00f3n de saber cu\u00e1l era mi deber para con el mundo, en vista de la evidencia que hab\u00eda conmovido mi propio esp\u00edritu\u201d (CS 330.1).<\/span><\/p>\n<p><span style=\"font-weight: 400;\">Sin embargo, dud\u00f3 en compartir sus convicciones con el mundo, temiendo que si de alguna manera hab\u00eda cometido un error, desviar\u00eda a muchas personas. Nuevamente, estudi\u00f3 diligentemente los textos b\u00edblicos que lo hab\u00edan guiado a trav\u00e9s de las profec\u00edas de tiempo, y despu\u00e9s de cinco a\u00f1os de estudio continuo, estaba convencido de que la profec\u00eda se\u00f1alaba el a\u00f1o 1844 como el fin, y que Jes\u00fas vendr\u00eda.<\/span><\/p>\n<p><span style=\"font-weight: 400;\">\u00a0\u00a0\u00a0\u00a0\u00a0Volvi\u00f3 a tener la convicci\u00f3n, m\u00e1s fuerte que al principio, de que deb\u00eda compartir esta buena nueva con los dem\u00e1s. Las palabras de Ezequiel 33:8 parecieron resonar en su mente:<\/span><\/p>\n<p><span style=\"font-weight: 400;\">\u201c&#8230;si t\u00fa no hablares para que se guarde el imp\u00edo de su camino, el imp\u00edo morir\u00e1 por su pecado, pero su sangre yo la demandar\u00e9 de tu mano\u201d.<\/span><\/p>\n<p><span style=\"font-weight: 400;\">Por fin, se convenci\u00f3 de que deb\u00eda compartir p\u00fablicamente lo que hab\u00eda aprendido. Comenz\u00f3 de a poco y comparti\u00f3 con grupos peque\u00f1os, pero a petici\u00f3n de ellos, comenz\u00f3 a compartir m\u00e1s ampliamente. El mensaje se difundi\u00f3 r\u00e1pidamente y lo que empez\u00f3 siendo peque\u00f1o creci\u00f3 hasta convertirse en un segundo movimiento Adventista, basado en la profec\u00eda b\u00edblica.<\/span><\/p>\n<p><span style=\"font-weight: 400;\">Elena de White escribe que, <\/span><span style=\"font-weight: 400;\">\u201cEn 1833 Miller recibi\u00f3 de la iglesia bautista, de la cual era miembro, una licencia que le autorizaba para predicar. Adem\u00e1s, buen<\/span><\/p>\n<p><span style=\"font-weight: 400;\">n\u00famero de los ministros de su denominaci\u00f3n aprobaban su obra, y le dieron su<\/span><\/p>\n<p><span style=\"font-weight: 400;\">sanci\u00f3n formal mientras prosegu\u00eda sus trabajos (CS332.1).<\/span><span style=\"font-weight: 400;\"> Si bien ten\u00eda licencia de la Iglesia Bautista para predicar, Miller solvent\u00f3 personalmente sus numerosos viajes que lo llevaron a muchos lugares del este de los Estados Unidos.<\/span><\/p>\n<p><span style=\"font-weight: 400;\">Durante este tiempo, en 1833, mientras Miller presentaba p\u00fablicamente las evidencias de la pr\u00f3xima venida de Cristo, tuvo lugar la \u00faltima de las se\u00f1ales que Jes\u00fas mencion\u00f3 a sus disc\u00edpulos seg\u00fan lo registrado en Mateo 24:29. Jes\u00fas les dijo: <\/span><span style=\"font-weight: 400;\">\u201clas estrellas caer\u00e1n del cielo.\u201d<\/span><span style=\"font-weight: 400;\"> Y en Apocalipsis 6:13 leemos: <\/span><span style=\"font-weight: 400;\">\u201cy las estrellas del cielo cayeron sobre la tierra, como la higuera deja caer sus higos cuando es sacudida por un fuerte viento\u201d.<\/span><\/p>\n<p><span style=\"font-weight: 400;\">Esta profec\u00eda se cumpli\u00f3 de la manera m\u00e1s notable en la gran lluvia de meteoritos del 13 de noviembre de 1833: Fue la exhibici\u00f3n de estrellas fugaces m\u00e1s extensa e incre\u00edble jam\u00e1s registrada.<\/span><\/p>\n<p><span style=\"font-weight: 400;\">En el libro El Conflicto de los Siglos, leemos varias descripciones del evento por parte de testigos presenciales. \u00c9stos son s\u00f3lo algunos:<\/span><\/p>\n<p><span style=\"font-weight: 400;\">\u201cJam\u00e1s cay\u00f3 lluvia m\u00e1s tupida que \u00e9sa en que cayeron los meteoros hacia la tierra; al este, al oeste, al norte y al sur era lo mismo. En una palabra, todo el cielo parec\u00eda en conmoci\u00f3n\u2026\u201d<\/span><\/p>\n<p><span style=\"font-weight: 400;\">\u201cDesde las dos de la madrugada hasta la plena claridad del d\u00eda, en un firmamento perfectamente sereno y sin nubes, todo el cielo estuvo constantemente surcado por una lluvia incesante de cuerpos que brillaban de modo deslumbrador\u201d.<\/span><\/p>\n<p><span style=\"font-weight: 400;\">\u201cEn verdad, ninguna lengua podr\u00eda describir el esplendor de tan hermoso espect\u00e1culo; [&#8230;] nadie que no lo haya presenciado puede formarse exacta idea de su esplendor. Parec\u00eda que todas las estrellas del cielo se hubiesen reunido en un punto cerca del c\u00e9nit, y que fuesen lanzadas de all\u00ed, con la velocidad del rayo, en todas las direcciones del horizonte; y sin embargo no se agotaban: con toda rapidez segu\u00edanse por miles unas tras otras, como si hubiesen sido creadas para el caso\u2026\u201d \u201cEs imposible contemplar una imagen m\u00e1s exacta de la higuera que deja caer sus higos cuando es sacudida por un gran viento\u201d (CS 333.1).<\/span><\/p>\n<p><span style=\"font-weight: 400;\">Seguramente el Se\u00f1or estaba tratando de llamar la atenci\u00f3n de la gente, anim\u00e1ndolas a estudiar las profec\u00edas y escuchar el mensaje de Advenimiento que se estaba proclamando.<\/span><\/p>\n<p><span style=\"font-weight: 400;\">Muchos escucharon y aceptaron el mensaje de todo coraz\u00f3n. Otros, sin embargo, no s\u00f3lo rechazaron el mensaje, sino que ridiculizaron al mensajero. Como ocurri\u00f3 con los reformadores anteriores, las verdades que present\u00f3 Guillermo Miller no fueron recibidas con el favor de los maestros religiosos populares. Y como no pod\u00edan sustentar su posici\u00f3n en las Escrituras, se apoyaron, como en tiempos pasados, en las tradiciones de la Iglesia. Sin embargo, Guillermo Miller y sus seguidores se mantuvieron fieles a la Palabra de Dios.<\/span><\/p>\n<p><span style=\"font-weight: 400;\">En nuestro pr\u00f3ximo video, profundizaremos en lo que realmente sucedi\u00f3 en 1844 y c\u00f3mo eso afecta nuestras vidas hoy. Pero podemos estar agradecidos por Guillermo Miller y por c\u00f3mo su profundo estudio b\u00edblico sent\u00f3 las bases para comprender las profec\u00edas de Daniel y el Apocalipsis.<\/span><\/p>\n<p><span style=\"font-weight: 400;\">Los invito a orar conmigo ahora mismo.<\/span><\/p>\n<p><span style=\"font-weight: 400;\">Padre Celestial, muchas gracias por revelarnos tantos maravillosos entendimientos prof\u00e9ticos en las Escrituras. Gracias por inspirar y animar a Guillermo Miller a profundizar verdaderamente en las Escrituras, comparando l\u00ednea tras l\u00ednea, vers\u00edculo tras vers\u00edculo, precepto tras precepto, para que pudiera comprender el principio de d\u00eda-a\u00f1o con respecto a los 2300 a\u00f1os. Ahora, Se\u00f1or, bend\u00edcenos mientras continuamos enfoc\u00e1ndonos en estos eventos cruciales a medida que llegamos al fin de los tiempos y al pronto regreso de Jes\u00fas. Gracias por escucharnos y gracias por la Palabra de Dios y Sus profec\u00edas. En el nombre de Jes\u00fas, lo pedimos. Am\u00e9n.<\/span><\/p>\n<p>&nbsp;<\/p>\n","protected":false},"excerpt":{"rendered":"<p>31 de agosto del\u00a0 2023 | Silver Spring, Maryland, Estados Unidos | Ted N.C. Wilson, President de la Asociaci\u00f3n General de los Adventistas del S\u00e9ptimo D\u00eda Saludos amigos. En nuestro&#8230;<\/p>\n","protected":false},"author":3,"featured_media":102815,"comment_status":"closed","ping_status":"closed","sticky":false,"template":"","format":"standard","meta":{"_acf_changed":false,"footnotes":""},"categories":[14,15],"tags":[],"class_list":["post-102746","post","type-post","status-publish","format-standard","has-post-thumbnail","hentry","category-de-la-iglesia-mundial","category-rss-espanol"],"acf":[],"yoast_head":"<!-- This site is optimized with the Yoast SEO plugin v27.3 - https:\/\/yoast.com\/product\/yoast-seo-wordpress\/ -->\n<title>Una Profec\u00eda Significativa (4a Parte) - Iglesia Adventista del S\u00e9ptimo D\u00eda - Divisi\u00f3n Interamericana<\/title>\n<meta name=\"robots\" content=\"index, follow, max-snippet:-1, max-image-preview:large, max-video-preview:-1\" \/>\n<link rel=\"canonical\" href=\"https:\/\/interamerica.org\/es\/2023\/08\/una-profecia-significativa-4a-parte\/\" \/>\n<meta property=\"og:locale\" content=\"es_ES\" \/>\n<meta property=\"og:type\" content=\"article\" \/>\n<meta property=\"og:title\" content=\"Una Profec\u00eda Significativa (4a Parte) - Iglesia Adventista del S\u00e9ptimo D\u00eda - Divisi\u00f3n Interamericana\" \/>\n<meta property=\"og:description\" content=\"31 de agosto del\u00a0 2023 | Silver Spring, Maryland, Estados Unidos | Ted N.C. Wilson, President de la Asociaci\u00f3n General de los Adventistas del S\u00e9ptimo D\u00eda Saludos amigos. En nuestro...\" \/>\n<meta property=\"og:url\" content=\"https:\/\/interamerica.org\/es\/2023\/08\/una-profecia-significativa-4a-parte\/\" \/>\n<meta property=\"og:site_name\" content=\"Iglesia Adventista del S\u00e9ptimo D\u00eda - Divisi\u00f3n Interamericana\" \/>\n<meta property=\"article:published_time\" content=\"2023-09-01T00:59:41+00:00\" \/>\n<meta property=\"article:modified_time\" content=\"2023-09-01T02:19:22+00:00\" \/>\n<meta property=\"og:image\" content=\"https:\/\/interamerica.org\/wp-content\/uploads\/2023\/08\/an-american-reformer-part4-es.jpg\" \/>\n\t<meta property=\"og:image:width\" content=\"1921\" \/>\n\t<meta property=\"og:image:height\" content=\"1080\" \/>\n\t<meta property=\"og:image:type\" content=\"image\/jpeg\" \/>\n<meta name=\"author\" content=\"libna\" \/>\n<meta name=\"twitter:card\" content=\"summary_large_image\" \/>\n<meta name=\"twitter:label1\" content=\"Escrito por\" \/>\n\t<meta name=\"twitter:data1\" content=\"libna\" \/>\n\t<meta name=\"twitter:label2\" content=\"Tiempo de lectura\" \/>\n\t<meta name=\"twitter:data2\" content=\"5 minutos\" \/>\n<script type=\"application\/ld+json\" class=\"yoast-schema-graph\">{\"@context\":\"https:\\\/\\\/schema.org\",\"@graph\":[{\"@type\":\"Article\",\"@id\":\"https:\\\/\\\/interamerica.org\\\/es\\\/2023\\\/08\\\/una-profecia-significativa-4a-parte\\\/#article\",\"isPartOf\":{\"@id\":\"https:\\\/\\\/interamerica.org\\\/es\\\/2023\\\/08\\\/una-profecia-significativa-4a-parte\\\/\"},\"author\":{\"name\":\"libna\",\"@id\":\"https:\\\/\\\/interamerica.org\\\/es\\\/#\\\/schema\\\/person\\\/29998f2bc2d8bd0d38662909289b54f1\"},\"headline\":\"Una Profec\u00eda Significativa (4a Parte)\",\"datePublished\":\"2023-09-01T00:59:41+00:00\",\"dateModified\":\"2023-09-01T02:19:22+00:00\",\"mainEntityOfPage\":{\"@id\":\"https:\\\/\\\/interamerica.org\\\/es\\\/2023\\\/08\\\/una-profecia-significativa-4a-parte\\\/\"},\"wordCount\":1133,\"image\":{\"@id\":\"https:\\\/\\\/interamerica.org\\\/es\\\/2023\\\/08\\\/una-profecia-significativa-4a-parte\\\/#primaryimage\"},\"thumbnailUrl\":\"https:\\\/\\\/interamerica.org\\\/wp-content\\\/uploads\\\/2023\\\/08\\\/an-american-reformer-part4-es.jpg\",\"articleSection\":[\"Desde la iglesia mundial\",\"RSS Espa\u00f1ol\"],\"inLanguage\":\"es\"},{\"@type\":\"WebPage\",\"@id\":\"https:\\\/\\\/interamerica.org\\\/es\\\/2023\\\/08\\\/una-profecia-significativa-4a-parte\\\/\",\"url\":\"https:\\\/\\\/interamerica.org\\\/es\\\/2023\\\/08\\\/una-profecia-significativa-4a-parte\\\/\",\"name\":\"Una Profec\u00eda Significativa (4a Parte) - Iglesia Adventista del S\u00e9ptimo D\u00eda - Divisi\u00f3n Interamericana\",\"isPartOf\":{\"@id\":\"https:\\\/\\\/interamerica.org\\\/es\\\/#website\"},\"primaryImageOfPage\":{\"@id\":\"https:\\\/\\\/interamerica.org\\\/es\\\/2023\\\/08\\\/una-profecia-significativa-4a-parte\\\/#primaryimage\"},\"image\":{\"@id\":\"https:\\\/\\\/interamerica.org\\\/es\\\/2023\\\/08\\\/una-profecia-significativa-4a-parte\\\/#primaryimage\"},\"thumbnailUrl\":\"https:\\\/\\\/interamerica.org\\\/wp-content\\\/uploads\\\/2023\\\/08\\\/an-american-reformer-part4-es.jpg\",\"datePublished\":\"2023-09-01T00:59:41+00:00\",\"dateModified\":\"2023-09-01T02:19:22+00:00\",\"author\":{\"@id\":\"https:\\\/\\\/interamerica.org\\\/es\\\/#\\\/schema\\\/person\\\/29998f2bc2d8bd0d38662909289b54f1\"},\"breadcrumb\":{\"@id\":\"https:\\\/\\\/interamerica.org\\\/es\\\/2023\\\/08\\\/una-profecia-significativa-4a-parte\\\/#breadcrumb\"},\"inLanguage\":\"es\",\"potentialAction\":[{\"@type\":\"ReadAction\",\"target\":[\"https:\\\/\\\/interamerica.org\\\/es\\\/2023\\\/08\\\/una-profecia-significativa-4a-parte\\\/\"]}]},{\"@type\":\"ImageObject\",\"inLanguage\":\"es\",\"@id\":\"https:\\\/\\\/interamerica.org\\\/es\\\/2023\\\/08\\\/una-profecia-significativa-4a-parte\\\/#primaryimage\",\"url\":\"https:\\\/\\\/interamerica.org\\\/wp-content\\\/uploads\\\/2023\\\/08\\\/an-american-reformer-part4-es.jpg\",\"contentUrl\":\"https:\\\/\\\/interamerica.org\\\/wp-content\\\/uploads\\\/2023\\\/08\\\/an-american-reformer-part4-es.jpg\",\"width\":1921,\"height\":1080},{\"@type\":\"BreadcrumbList\",\"@id\":\"https:\\\/\\\/interamerica.org\\\/es\\\/2023\\\/08\\\/una-profecia-significativa-4a-parte\\\/#breadcrumb\",\"itemListElement\":[{\"@type\":\"ListItem\",\"position\":1,\"name\":\"Home\",\"item\":\"https:\\\/\\\/interamerica.org\\\/es\\\/\"},{\"@type\":\"ListItem\",\"position\":2,\"name\":\"Una Profec\u00eda Significativa (4a Parte)\"}]},{\"@type\":\"WebSite\",\"@id\":\"https:\\\/\\\/interamerica.org\\\/es\\\/#website\",\"url\":\"https:\\\/\\\/interamerica.org\\\/es\\\/\",\"name\":\"Iglesia Adventista del S\u00e9ptimo D\u00eda - Divisi\u00f3n Interamericana\",\"description\":\"\",\"potentialAction\":[{\"@type\":\"SearchAction\",\"target\":{\"@type\":\"EntryPoint\",\"urlTemplate\":\"https:\\\/\\\/interamerica.org\\\/es\\\/?s={search_term_string}\"},\"query-input\":{\"@type\":\"PropertyValueSpecification\",\"valueRequired\":true,\"valueName\":\"search_term_string\"}}],\"inLanguage\":\"es\"},{\"@type\":\"Person\",\"@id\":\"https:\\\/\\\/interamerica.org\\\/es\\\/#\\\/schema\\\/person\\\/29998f2bc2d8bd0d38662909289b54f1\",\"name\":\"libna\",\"image\":{\"@type\":\"ImageObject\",\"inLanguage\":\"es\",\"@id\":\"https:\\\/\\\/secure.gravatar.com\\\/avatar\\\/7c5bd30ae4b47a9ba3c856590957fd1d96dc588bf3ac05719d247e126840331f?s=96&d=mm&r=g\",\"url\":\"https:\\\/\\\/secure.gravatar.com\\\/avatar\\\/7c5bd30ae4b47a9ba3c856590957fd1d96dc588bf3ac05719d247e126840331f?s=96&d=mm&r=g\",\"contentUrl\":\"https:\\\/\\\/secure.gravatar.com\\\/avatar\\\/7c5bd30ae4b47a9ba3c856590957fd1d96dc588bf3ac05719d247e126840331f?s=96&d=mm&r=g\",\"caption\":\"libna\"}}]}<\/script>\n<!-- \/ Yoast SEO plugin. -->","yoast_head_json":{"title":"Una Profec\u00eda Significativa (4a Parte) - Iglesia Adventista del S\u00e9ptimo D\u00eda - Divisi\u00f3n Interamericana","robots":{"index":"index","follow":"follow","max-snippet":"max-snippet:-1","max-image-preview":"max-image-preview:large","max-video-preview":"max-video-preview:-1"},"canonical":"https:\/\/interamerica.org\/es\/2023\/08\/una-profecia-significativa-4a-parte\/","og_locale":"es_ES","og_type":"article","og_title":"Una Profec\u00eda Significativa (4a Parte) - Iglesia Adventista del S\u00e9ptimo D\u00eda - Divisi\u00f3n Interamericana","og_description":"31 de agosto del\u00a0 2023 | Silver Spring, Maryland, Estados Unidos | Ted N.C. Wilson, President de la Asociaci\u00f3n General de los Adventistas del S\u00e9ptimo D\u00eda Saludos amigos. En nuestro...","og_url":"https:\/\/interamerica.org\/es\/2023\/08\/una-profecia-significativa-4a-parte\/","og_site_name":"Iglesia Adventista del S\u00e9ptimo D\u00eda - Divisi\u00f3n Interamericana","article_published_time":"2023-09-01T00:59:41+00:00","article_modified_time":"2023-09-01T02:19:22+00:00","og_image":[{"width":1921,"height":1080,"url":"https:\/\/interamerica.org\/wp-content\/uploads\/2023\/08\/an-american-reformer-part4-es.jpg","type":"image\/jpeg"}],"author":"libna","twitter_card":"summary_large_image","twitter_misc":{"Escrito por":"libna","Tiempo de lectura":"5 minutos"},"schema":{"@context":"https:\/\/schema.org","@graph":[{"@type":"Article","@id":"https:\/\/interamerica.org\/es\/2023\/08\/una-profecia-significativa-4a-parte\/#article","isPartOf":{"@id":"https:\/\/interamerica.org\/es\/2023\/08\/una-profecia-significativa-4a-parte\/"},"author":{"name":"libna","@id":"https:\/\/interamerica.org\/es\/#\/schema\/person\/29998f2bc2d8bd0d38662909289b54f1"},"headline":"Una Profec\u00eda Significativa (4a Parte)","datePublished":"2023-09-01T00:59:41+00:00","dateModified":"2023-09-01T02:19:22+00:00","mainEntityOfPage":{"@id":"https:\/\/interamerica.org\/es\/2023\/08\/una-profecia-significativa-4a-parte\/"},"wordCount":1133,"image":{"@id":"https:\/\/interamerica.org\/es\/2023\/08\/una-profecia-significativa-4a-parte\/#primaryimage"},"thumbnailUrl":"https:\/\/interamerica.org\/wp-content\/uploads\/2023\/08\/an-american-reformer-part4-es.jpg","articleSection":["Desde la iglesia mundial","RSS Espa\u00f1ol"],"inLanguage":"es"},{"@type":"WebPage","@id":"https:\/\/interamerica.org\/es\/2023\/08\/una-profecia-significativa-4a-parte\/","url":"https:\/\/interamerica.org\/es\/2023\/08\/una-profecia-significativa-4a-parte\/","name":"Una Profec\u00eda Significativa (4a Parte) - Iglesia Adventista del S\u00e9ptimo D\u00eda - Divisi\u00f3n Interamericana","isPartOf":{"@id":"https:\/\/interamerica.org\/es\/#website"},"primaryImageOfPage":{"@id":"https:\/\/interamerica.org\/es\/2023\/08\/una-profecia-significativa-4a-parte\/#primaryimage"},"image":{"@id":"https:\/\/interamerica.org\/es\/2023\/08\/una-profecia-significativa-4a-parte\/#primaryimage"},"thumbnailUrl":"https:\/\/interamerica.org\/wp-content\/uploads\/2023\/08\/an-american-reformer-part4-es.jpg","datePublished":"2023-09-01T00:59:41+00:00","dateModified":"2023-09-01T02:19:22+00:00","author":{"@id":"https:\/\/interamerica.org\/es\/#\/schema\/person\/29998f2bc2d8bd0d38662909289b54f1"},"breadcrumb":{"@id":"https:\/\/interamerica.org\/es\/2023\/08\/una-profecia-significativa-4a-parte\/#breadcrumb"},"inLanguage":"es","potentialAction":[{"@type":"ReadAction","target":["https:\/\/interamerica.org\/es\/2023\/08\/una-profecia-significativa-4a-parte\/"]}]},{"@type":"ImageObject","inLanguage":"es","@id":"https:\/\/interamerica.org\/es\/2023\/08\/una-profecia-significativa-4a-parte\/#primaryimage","url":"https:\/\/interamerica.org\/wp-content\/uploads\/2023\/08\/an-american-reformer-part4-es.jpg","contentUrl":"https:\/\/interamerica.org\/wp-content\/uploads\/2023\/08\/an-american-reformer-part4-es.jpg","width":1921,"height":1080},{"@type":"BreadcrumbList","@id":"https:\/\/interamerica.org\/es\/2023\/08\/una-profecia-significativa-4a-parte\/#breadcrumb","itemListElement":[{"@type":"ListItem","position":1,"name":"Home","item":"https:\/\/interamerica.org\/es\/"},{"@type":"ListItem","position":2,"name":"Una Profec\u00eda Significativa (4a Parte)"}]},{"@type":"WebSite","@id":"https:\/\/interamerica.org\/es\/#website","url":"https:\/\/interamerica.org\/es\/","name":"Iglesia Adventista del S\u00e9ptimo D\u00eda - Divisi\u00f3n Interamericana","description":"","potentialAction":[{"@type":"SearchAction","target":{"@type":"EntryPoint","urlTemplate":"https:\/\/interamerica.org\/es\/?s={search_term_string}"},"query-input":{"@type":"PropertyValueSpecification","valueRequired":true,"valueName":"search_term_string"}}],"inLanguage":"es"},{"@type":"Person","@id":"https:\/\/interamerica.org\/es\/#\/schema\/person\/29998f2bc2d8bd0d38662909289b54f1","name":"libna","image":{"@type":"ImageObject","inLanguage":"es","@id":"https:\/\/secure.gravatar.com\/avatar\/7c5bd30ae4b47a9ba3c856590957fd1d96dc588bf3ac05719d247e126840331f?s=96&d=mm&r=g","url":"https:\/\/secure.gravatar.com\/avatar\/7c5bd30ae4b47a9ba3c856590957fd1d96dc588bf3ac05719d247e126840331f?s=96&d=mm&r=g","contentUrl":"https:\/\/secure.gravatar.com\/avatar\/7c5bd30ae4b47a9ba3c856590957fd1d96dc588bf3ac05719d247e126840331f?s=96&d=mm&r=g","caption":"libna"}}]}},"_links":{"self":[{"href":"https:\/\/interamerica.org\/es\/wp-json\/wp\/v2\/posts\/102746","targetHints":{"allow":["GET"]}}],"collection":[{"href":"https:\/\/interamerica.org\/es\/wp-json\/wp\/v2\/posts"}],"about":[{"href":"https:\/\/interamerica.org\/es\/wp-json\/wp\/v2\/types\/post"}],"author":[{"embeddable":true,"href":"https:\/\/interamerica.org\/es\/wp-json\/wp\/v2\/users\/3"}],"replies":[{"embeddable":true,"href":"https:\/\/interamerica.org\/es\/wp-json\/wp\/v2\/comments?post=102746"}],"version-history":[{"count":0,"href":"https:\/\/interamerica.org\/es\/wp-json\/wp\/v2\/posts\/102746\/revisions"}],"wp:featuredmedia":[{"embeddable":true,"href":"https:\/\/interamerica.org\/es\/wp-json\/wp\/v2\/media\/102815"}],"wp:attachment":[{"href":"https:\/\/interamerica.org\/es\/wp-json\/wp\/v2\/media?parent=102746"}],"wp:term":[{"taxonomy":"category","embeddable":true,"href":"https:\/\/interamerica.org\/es\/wp-json\/wp\/v2\/categories?post=102746"},{"taxonomy":"post_tag","embeddable":true,"href":"https:\/\/interamerica.org\/es\/wp-json\/wp\/v2\/tags?post=102746"}],"curies":[{"name":"wp","href":"https:\/\/api.w.org\/{rel}","templated":true}]}}