{"id":10276,"date":"2004-03-30T00:00:00","date_gmt":"2004-03-30T04:00:00","guid":{"rendered":"http:\/\/192.81.217.108\/interamerica\/2004\/03\/jamaica-presidente-de-universidad-adventista-recibe-reconocimiento\/"},"modified":"2017-06-02T09:20:12","modified_gmt":"2017-06-02T13:20:12","slug":"jamaica-presidente-de-universidad-adventista-recibe-reconocimiento","status":"publish","type":"post","link":"https:\/\/interamerica.org\/es\/2004\/03\/jamaica-presidente-de-universidad-adventista-recibe-reconocimiento\/","title":{"rendered":"Jamaica: Presidente de Universidad Adventista Recibe Reconocimiento"},"content":{"rendered":"<p>Mandeville, Jamaica&#8230;[Byron Buckley\/DIA]<\/p>\n<p>El presidente de la\u00a0universidad Adventista\u00a0del Caribe\u00a0del Norte\u00a0en Jamaica,\u00a0Dr. Herbert Thompson, recibi\u00f3 el premio \u00abThe Manchester Pasish Development Committee (MPDC) Excellence Awarddel\u00bb por su contribuci\u00f3n al campo de la educaci\u00f3n durante una ceremonia en el Hotel\u00a0Golf View en Mandeville el s\u00e1bado 27 de marzo del\u00a02004.\u00a0 La ceremonia hizo parte de un evento\u00a0para crear m\u00e1s conciencia p\u00fablica sobre\u00a0MPDC,\u00a0el cual\u00a0tiene gran prestigio\u00a0a nivel de la comunidad.<\/p>\n<p>Dr. Thompson\u00a0estuvo entre otros cinco\u00a0individuos que fueron\u00a0premiados por su contribuci\u00f3n a\u00a0varios sectores de la sociedad.\u00a0 Un n\u00famero de organizaciones\u00a0comunitarias tambi\u00e9n fueron reconocidas por el servicio a sus comunidades respectivas.\u00a0 <\/p>\n<p>Respondiendo a nombre de\u00a0los\u00a0conmemorados, el Dr. Thompson\u00a0express\u00f3 que\u00a0se sent\u00eda satisfecho que los organizadores dieran reconocimiento a los que sirvieron y que a\u00fan viven.\u00a0\u00a0Dijo que el gesto era particularmente gratificante\u00a0siendo que\u00a0vino de\u00a0parte de gente que vio y\u00a0probablemente\u00a0se benefici\u00f3 del trabajo.<\/p>\n<p>El orador principal,\u00a0el Dr. Earl Carr,\u00a0Embajador retirado del Jap\u00f3n,\u00a0aclam\u00f3 a aquellos\u00a0que fueron premiados por su\u00a0inestimable contribuci\u00f3n al desarrollo de Manchester.\u00a0\u00a0Dijo que\u00a0muchos art\u00edculos producidos en la comunidad est\u00e1n en gran demanda en varias partes del mundo, incluyendo Jap\u00f3n.\u00a0\u00a0Dr. Carr anim\u00f3 a los contribuyentes a\u00a0que acaparen esos productos y hagan\u00a0lo\u00a0 necesario para promoverlos y comercializarlos al m\u00e1ximo.\u00a0Observ\u00f3 que el di\u00e1logo a estos efectos comenz\u00f3 en la Universidad del Caribe\u00a0del Norte\u00a0hace dos a\u00f1os, cuando una delegaci\u00f3n\u00a0del Jap\u00f3n visit\u00f3 la isla.\u00a0<\/p>\n","protected":false},"excerpt":{"rendered":"<p>El presidente de la instituci\u00f3n Adventista Universidad del Caribe\u00a0del Norte\u00a0en Jamaica,\u00a0Dr. Herbert Thompson . . .\u00a0\u00a0<\/p>\n","protected":false},"author":1,"featured_media":0,"comment_status":"closed","ping_status":"closed","sticky":false,"template":"","format":"standard","meta":{"_acf_changed":false,"footnotes":""},"categories":[8],"tags":[],"class_list":["post-10276","post","type-post","status-publish","format-standard","hentry","category-archivo"],"acf":[],"yoast_head":"<!-- This site is optimized with the Yoast SEO plugin v27.3 - https:\/\/yoast.com\/product\/yoast-seo-wordpress\/ -->\n<title>Jamaica: Presidente de Universidad Adventista Recibe Reconocimiento - Iglesia Adventista del S\u00e9ptimo D\u00eda - Divisi\u00f3n Interamericana<\/title>\n<meta name=\"robots\" content=\"index, follow, max-snippet:-1, max-image-preview:large, max-video-preview:-1\" \/>\n<link rel=\"canonical\" href=\"https:\/\/interamerica.org\/es\/2004\/03\/jamaica-presidente-de-universidad-adventista-recibe-reconocimiento\/\" \/>\n<meta property=\"og:locale\" content=\"es_ES\" \/>\n<meta property=\"og:type\" content=\"article\" \/>\n<meta property=\"og:title\" content=\"Jamaica: Presidente de Universidad Adventista Recibe Reconocimiento - Iglesia Adventista del S\u00e9ptimo D\u00eda - Divisi\u00f3n Interamericana\" \/>\n<meta property=\"og:description\" content=\"El presidente de la instituci\u00f3n Adventista Universidad del Caribe\u00a0del Norte\u00a0en Jamaica,\u00a0Dr. Herbert Thompson . . .\u00a0\u00a0\" \/>\n<meta property=\"og:url\" content=\"https:\/\/interamerica.org\/es\/2004\/03\/jamaica-presidente-de-universidad-adventista-recibe-reconocimiento\/\" \/>\n<meta property=\"og:site_name\" content=\"Iglesia Adventista del S\u00e9ptimo D\u00eda - Divisi\u00f3n Interamericana\" \/>\n<meta property=\"article:published_time\" content=\"2004-03-30T04:00:00+00:00\" \/>\n<meta property=\"article:modified_time\" content=\"2017-06-02T13:20:12+00:00\" \/>\n<meta name=\"author\" content=\"Lorenzo Verduzco\" \/>\n<meta name=\"twitter:card\" content=\"summary_large_image\" \/>\n<meta name=\"twitter:label1\" content=\"Escrito por\" \/>\n\t<meta name=\"twitter:data1\" content=\"Lorenzo Verduzco\" \/>\n\t<meta name=\"twitter:label2\" content=\"Tiempo de lectura\" \/>\n\t<meta name=\"twitter:data2\" content=\"1 minuto\" \/>\n<script type=\"application\/ld+json\" class=\"yoast-schema-graph\">{\"@context\":\"https:\\\/\\\/schema.org\",\"@graph\":[{\"@type\":\"Article\",\"@id\":\"https:\\\/\\\/interamerica.org\\\/es\\\/2004\\\/03\\\/jamaica-presidente-de-universidad-adventista-recibe-reconocimiento\\\/#article\",\"isPartOf\":{\"@id\":\"https:\\\/\\\/interamerica.org\\\/es\\\/2004\\\/03\\\/jamaica-presidente-de-universidad-adventista-recibe-reconocimiento\\\/\"},\"author\":{\"name\":\"Lorenzo Verduzco\",\"@id\":\"https:\\\/\\\/interamerica.org\\\/es\\\/#\\\/schema\\\/person\\\/68ede8bdc292885bb76c1e3810e73c39\"},\"headline\":\"Jamaica: Presidente de Universidad Adventista Recibe Reconocimiento\",\"datePublished\":\"2004-03-30T04:00:00+00:00\",\"dateModified\":\"2017-06-02T13:20:12+00:00\",\"mainEntityOfPage\":{\"@id\":\"https:\\\/\\\/interamerica.org\\\/es\\\/2004\\\/03\\\/jamaica-presidente-de-universidad-adventista-recibe-reconocimiento\\\/\"},\"wordCount\":279,\"articleSection\":[\"Archivo\"],\"inLanguage\":\"es\"},{\"@type\":\"WebPage\",\"@id\":\"https:\\\/\\\/interamerica.org\\\/es\\\/2004\\\/03\\\/jamaica-presidente-de-universidad-adventista-recibe-reconocimiento\\\/\",\"url\":\"https:\\\/\\\/interamerica.org\\\/es\\\/2004\\\/03\\\/jamaica-presidente-de-universidad-adventista-recibe-reconocimiento\\\/\",\"name\":\"Jamaica: Presidente de Universidad Adventista Recibe Reconocimiento - Iglesia Adventista del S\u00e9ptimo D\u00eda - Divisi\u00f3n Interamericana\",\"isPartOf\":{\"@id\":\"https:\\\/\\\/interamerica.org\\\/es\\\/#website\"},\"datePublished\":\"2004-03-30T04:00:00+00:00\",\"dateModified\":\"2017-06-02T13:20:12+00:00\",\"author\":{\"@id\":\"https:\\\/\\\/interamerica.org\\\/es\\\/#\\\/schema\\\/person\\\/68ede8bdc292885bb76c1e3810e73c39\"},\"breadcrumb\":{\"@id\":\"https:\\\/\\\/interamerica.org\\\/es\\\/2004\\\/03\\\/jamaica-presidente-de-universidad-adventista-recibe-reconocimiento\\\/#breadcrumb\"},\"inLanguage\":\"es\",\"potentialAction\":[{\"@type\":\"ReadAction\",\"target\":[\"https:\\\/\\\/interamerica.org\\\/es\\\/2004\\\/03\\\/jamaica-presidente-de-universidad-adventista-recibe-reconocimiento\\\/\"]}]},{\"@type\":\"BreadcrumbList\",\"@id\":\"https:\\\/\\\/interamerica.org\\\/es\\\/2004\\\/03\\\/jamaica-presidente-de-universidad-adventista-recibe-reconocimiento\\\/#breadcrumb\",\"itemListElement\":[{\"@type\":\"ListItem\",\"position\":1,\"name\":\"Home\",\"item\":\"https:\\\/\\\/interamerica.org\\\/es\\\/\"},{\"@type\":\"ListItem\",\"position\":2,\"name\":\"Jamaica: Presidente de Universidad Adventista Recibe Reconocimiento\"}]},{\"@type\":\"WebSite\",\"@id\":\"https:\\\/\\\/interamerica.org\\\/es\\\/#website\",\"url\":\"https:\\\/\\\/interamerica.org\\\/es\\\/\",\"name\":\"Iglesia Adventista del S\u00e9ptimo D\u00eda - Divisi\u00f3n Interamericana\",\"description\":\"\",\"potentialAction\":[{\"@type\":\"SearchAction\",\"target\":{\"@type\":\"EntryPoint\",\"urlTemplate\":\"https:\\\/\\\/interamerica.org\\\/es\\\/?s={search_term_string}\"},\"query-input\":{\"@type\":\"PropertyValueSpecification\",\"valueRequired\":true,\"valueName\":\"search_term_string\"}}],\"inLanguage\":\"es\"},{\"@type\":\"Person\",\"@id\":\"https:\\\/\\\/interamerica.org\\\/es\\\/#\\\/schema\\\/person\\\/68ede8bdc292885bb76c1e3810e73c39\",\"name\":\"Lorenzo Verduzco\",\"image\":{\"@type\":\"ImageObject\",\"inLanguage\":\"es\",\"@id\":\"https:\\\/\\\/secure.gravatar.com\\\/avatar\\\/fb81a55b6218459490a9c1dc841a34909185b81904c5337b4b27f7a6fd60c49e?s=96&d=mm&r=g\",\"url\":\"https:\\\/\\\/secure.gravatar.com\\\/avatar\\\/fb81a55b6218459490a9c1dc841a34909185b81904c5337b4b27f7a6fd60c49e?s=96&d=mm&r=g\",\"contentUrl\":\"https:\\\/\\\/secure.gravatar.com\\\/avatar\\\/fb81a55b6218459490a9c1dc841a34909185b81904c5337b4b27f7a6fd60c49e?s=96&d=mm&r=g\",\"caption\":\"Lorenzo Verduzco\"}}]}<\/script>\n<!-- \/ Yoast SEO plugin. -->","yoast_head_json":{"title":"Jamaica: Presidente de Universidad Adventista Recibe Reconocimiento - Iglesia Adventista del S\u00e9ptimo D\u00eda - Divisi\u00f3n Interamericana","robots":{"index":"index","follow":"follow","max-snippet":"max-snippet:-1","max-image-preview":"max-image-preview:large","max-video-preview":"max-video-preview:-1"},"canonical":"https:\/\/interamerica.org\/es\/2004\/03\/jamaica-presidente-de-universidad-adventista-recibe-reconocimiento\/","og_locale":"es_ES","og_type":"article","og_title":"Jamaica: Presidente de Universidad Adventista Recibe Reconocimiento - Iglesia Adventista del S\u00e9ptimo D\u00eda - Divisi\u00f3n Interamericana","og_description":"El presidente de la instituci\u00f3n Adventista Universidad del Caribe\u00a0del Norte\u00a0en Jamaica,\u00a0Dr. Herbert Thompson . . .\u00a0\u00a0","og_url":"https:\/\/interamerica.org\/es\/2004\/03\/jamaica-presidente-de-universidad-adventista-recibe-reconocimiento\/","og_site_name":"Iglesia Adventista del S\u00e9ptimo D\u00eda - Divisi\u00f3n Interamericana","article_published_time":"2004-03-30T04:00:00+00:00","article_modified_time":"2017-06-02T13:20:12+00:00","author":"Lorenzo Verduzco","twitter_card":"summary_large_image","twitter_misc":{"Escrito por":"Lorenzo Verduzco","Tiempo de lectura":"1 minuto"},"schema":{"@context":"https:\/\/schema.org","@graph":[{"@type":"Article","@id":"https:\/\/interamerica.org\/es\/2004\/03\/jamaica-presidente-de-universidad-adventista-recibe-reconocimiento\/#article","isPartOf":{"@id":"https:\/\/interamerica.org\/es\/2004\/03\/jamaica-presidente-de-universidad-adventista-recibe-reconocimiento\/"},"author":{"name":"Lorenzo Verduzco","@id":"https:\/\/interamerica.org\/es\/#\/schema\/person\/68ede8bdc292885bb76c1e3810e73c39"},"headline":"Jamaica: Presidente de Universidad Adventista Recibe Reconocimiento","datePublished":"2004-03-30T04:00:00+00:00","dateModified":"2017-06-02T13:20:12+00:00","mainEntityOfPage":{"@id":"https:\/\/interamerica.org\/es\/2004\/03\/jamaica-presidente-de-universidad-adventista-recibe-reconocimiento\/"},"wordCount":279,"articleSection":["Archivo"],"inLanguage":"es"},{"@type":"WebPage","@id":"https:\/\/interamerica.org\/es\/2004\/03\/jamaica-presidente-de-universidad-adventista-recibe-reconocimiento\/","url":"https:\/\/interamerica.org\/es\/2004\/03\/jamaica-presidente-de-universidad-adventista-recibe-reconocimiento\/","name":"Jamaica: Presidente de Universidad Adventista Recibe Reconocimiento - Iglesia Adventista del S\u00e9ptimo D\u00eda - Divisi\u00f3n Interamericana","isPartOf":{"@id":"https:\/\/interamerica.org\/es\/#website"},"datePublished":"2004-03-30T04:00:00+00:00","dateModified":"2017-06-02T13:20:12+00:00","author":{"@id":"https:\/\/interamerica.org\/es\/#\/schema\/person\/68ede8bdc292885bb76c1e3810e73c39"},"breadcrumb":{"@id":"https:\/\/interamerica.org\/es\/2004\/03\/jamaica-presidente-de-universidad-adventista-recibe-reconocimiento\/#breadcrumb"},"inLanguage":"es","potentialAction":[{"@type":"ReadAction","target":["https:\/\/interamerica.org\/es\/2004\/03\/jamaica-presidente-de-universidad-adventista-recibe-reconocimiento\/"]}]},{"@type":"BreadcrumbList","@id":"https:\/\/interamerica.org\/es\/2004\/03\/jamaica-presidente-de-universidad-adventista-recibe-reconocimiento\/#breadcrumb","itemListElement":[{"@type":"ListItem","position":1,"name":"Home","item":"https:\/\/interamerica.org\/es\/"},{"@type":"ListItem","position":2,"name":"Jamaica: Presidente de Universidad Adventista Recibe Reconocimiento"}]},{"@type":"WebSite","@id":"https:\/\/interamerica.org\/es\/#website","url":"https:\/\/interamerica.org\/es\/","name":"Iglesia Adventista del S\u00e9ptimo D\u00eda - Divisi\u00f3n Interamericana","description":"","potentialAction":[{"@type":"SearchAction","target":{"@type":"EntryPoint","urlTemplate":"https:\/\/interamerica.org\/es\/?s={search_term_string}"},"query-input":{"@type":"PropertyValueSpecification","valueRequired":true,"valueName":"search_term_string"}}],"inLanguage":"es"},{"@type":"Person","@id":"https:\/\/interamerica.org\/es\/#\/schema\/person\/68ede8bdc292885bb76c1e3810e73c39","name":"Lorenzo Verduzco","image":{"@type":"ImageObject","inLanguage":"es","@id":"https:\/\/secure.gravatar.com\/avatar\/fb81a55b6218459490a9c1dc841a34909185b81904c5337b4b27f7a6fd60c49e?s=96&d=mm&r=g","url":"https:\/\/secure.gravatar.com\/avatar\/fb81a55b6218459490a9c1dc841a34909185b81904c5337b4b27f7a6fd60c49e?s=96&d=mm&r=g","contentUrl":"https:\/\/secure.gravatar.com\/avatar\/fb81a55b6218459490a9c1dc841a34909185b81904c5337b4b27f7a6fd60c49e?s=96&d=mm&r=g","caption":"Lorenzo Verduzco"}}]}},"_links":{"self":[{"href":"https:\/\/interamerica.org\/es\/wp-json\/wp\/v2\/posts\/10276","targetHints":{"allow":["GET"]}}],"collection":[{"href":"https:\/\/interamerica.org\/es\/wp-json\/wp\/v2\/posts"}],"about":[{"href":"https:\/\/interamerica.org\/es\/wp-json\/wp\/v2\/types\/post"}],"author":[{"embeddable":true,"href":"https:\/\/interamerica.org\/es\/wp-json\/wp\/v2\/users\/1"}],"replies":[{"embeddable":true,"href":"https:\/\/interamerica.org\/es\/wp-json\/wp\/v2\/comments?post=10276"}],"version-history":[{"count":0,"href":"https:\/\/interamerica.org\/es\/wp-json\/wp\/v2\/posts\/10276\/revisions"}],"wp:attachment":[{"href":"https:\/\/interamerica.org\/es\/wp-json\/wp\/v2\/media?parent=10276"}],"wp:term":[{"taxonomy":"category","embeddable":true,"href":"https:\/\/interamerica.org\/es\/wp-json\/wp\/v2\/categories?post=10276"},{"taxonomy":"post_tag","embeddable":true,"href":"https:\/\/interamerica.org\/es\/wp-json\/wp\/v2\/tags?post=10276"}],"curies":[{"name":"wp","href":"https:\/\/api.w.org\/{rel}","templated":true}]}}