{"id":102782,"date":"2023-08-30T15:23:04","date_gmt":"2023-08-30T19:23:04","guid":{"rendered":"https:\/\/interamerica.org\/?p=102782"},"modified":"2023-08-31T10:26:05","modified_gmt":"2023-08-31T14:26:05","slug":"adra-canada-e-iglesias-locales-ofrecen-apoyo-tras-incendios-forestales-canadienses","status":"publish","type":"post","link":"https:\/\/interamerica.org\/es\/2023\/08\/adra-canada-e-iglesias-locales-ofrecen-apoyo-tras-incendios-forestales-canadienses\/","title":{"rendered":"ADRA Canad\u00e1 e iglesias locales ofrecen apoyo tras incendios forestales canadienses"},"content":{"rendered":"<p><strong>2023 ha visto la estaci\u00f3n de incendios forestales m\u00e1s devastadora en la historia canadiense. <\/strong><\/p>\n<p>30 de agosto de 2023 | Canad\u00e1 | Christelle Agboka y ADRA Canad\u00e1<\/p>\n<p>Con aproximadamente el 40 por ciento de su territorio cubierto de bosques, en Canad\u00e1 no son nada extra\u00f1os los incendios forestales anuales, particularmente en su regi\u00f3n occidental. Sin embargo, 2023 ha sido testigo de la estaci\u00f3n de incendios forestales m\u00e1s devastadora en los registros hist\u00f3ricos de Canad\u00e1, extendi\u00e9ndose de oriente a occidente y provocando problemas significativos de calidad de aire y cielos brumosos a trav\u00e9s de Canad\u00e1 y los Estados Unidos.<\/p>\n<p>Desde que la estaci\u00f3n de los incendios forestales dio comienzo en abril, los incendios han devastado British Columbia, Alberta, Yuk\u00f3n y los Territorios Noroccidentales en el oeste, adem\u00e1s de Ontario, Quebec y Nueva Escocia, en la regi\u00f3n oriental. En mayo, la provincia de Alberta fue la m\u00e1s afectada, con 110 incendios activos. Para ponerlo en perspectiva, un promedio de 800 hect\u00e1reas de terreno se incendia t\u00edpicamente durante la estaci\u00f3n de incendios forestales en Alberta; pero m\u00e1s de 1.9 millones de hect\u00e1reas han sido ya consumidas este a\u00f1o hasta finales de agosto. Y mientras los bomberos de Ontario y Quebec parec\u00edan haber dominado el fuego en Alberta, se dispararon los incendios en Quebec, provocando una crisis en la regi\u00f3n del este.<\/p>\n<p><div id=\"attachment_102724\" style=\"width: 832px\" class=\"wp-caption aligncenter\"><img fetchpriority=\"high\" decoding=\"async\" aria-describedby=\"caption-attachment-102724\" class=\" wp-image-102722\" src=\"https:\/\/interamerica.org\/wp-content\/uploads\/2023\/08\/duncan-rawlinson-creativecommons.jpg\" alt=\"\" width=\"822\" height=\"548\" srcset=\"https:\/\/interamerica.org\/wp-content\/uploads\/2023\/08\/duncan-rawlinson-creativecommons.jpg 1000w, https:\/\/interamerica.org\/wp-content\/uploads\/2023\/08\/duncan-rawlinson-creativecommons-300x200.jpg 300w, https:\/\/interamerica.org\/wp-content\/uploads\/2023\/08\/duncan-rawlinson-creativecommons-768x512.jpg 768w\" sizes=\"(max-width: 822px) 100vw, 822px\" \/><p id=\"caption-attachment-102724\" class=\"wp-caption-text\">Este a\u00f1o ha visto la peor temporada de incendios forestales registrada en la historia de Canad\u00e1. [Imagen: Duncan Rawlinson \/ Creative Commons]<\/p><\/div>Los incendios forestales de este a\u00f1o han quemado m\u00e1s de 151,000 kil\u00f3metros cuadrados de \u00a0territorio y 200,000 canadienses han tenido que ser evacuados de sus hogares. A finales de agosto, m\u00e1s de 1,000 incendios siguen consumiendo en su avance el territorio canadiense.<\/p>\n<p>En medio de estos desastres naturales, ADRA Canad\u00e1 ha estado colaborando con las iglesias locales para proveer suministros y fondos financieros seg\u00fan las necesidades.<\/p>\n<p><strong>Llamado nacional a la oraci\u00f3n por la m\u00e1s reciente crisis de incendio forestal <\/strong><\/p>\n<p>La ola m\u00e1s reciente de incendios forestales se ha extendido a trav\u00e9s de British Columbia, Yuk\u00f3n y los Northwest Territories, con aproximadamente 230 incendios activos en Northwest Territories y casi 400 incendios en British Columbia. M\u00e1s a\u00fan, 30,000 personas en esa provincia se encuentran bajo \u00f3rdenes de evacuaci\u00f3n, con 35,000 bajo alerta de evacuaci\u00f3n y 20,000 a quienes se les orden\u00f3 evacuar en Northwest Territories.<\/p>\n<p>Paul Llewellyn, presidente de la Iglesia Adventista del S\u00e9ptimo D\u00eda en Canad\u00e1 y Steve Matthews, director ejecutivo de ADRA\u00a0Canad\u00e1, instaron a quienes apoyan ADRA y a las iglesias de todo el pa\u00eds, a orar por el territorio de la Asociaci\u00f3n de British Columbia el s\u00e1bado 19 de agosto. Enviaron el siguiente mensaje:<\/p>\n<p><div id=\"attachment_102730\" style=\"width: 859px\" class=\"wp-caption aligncenter\"><img decoding=\"async\" aria-describedby=\"caption-attachment-102730\" class=\" wp-image-102728\" src=\"https:\/\/interamerica.org\/wp-content\/uploads\/2023\/08\/map-canada-fires.png\" alt=\"\" width=\"849\" height=\"453\" srcset=\"https:\/\/interamerica.org\/wp-content\/uploads\/2023\/08\/map-canada-fires.png 768w, https:\/\/interamerica.org\/wp-content\/uploads\/2023\/08\/map-canada-fires-300x160.png 300w\" sizes=\"(max-width: 849px) 100vw, 849px\" \/><p id=\"caption-attachment-102730\" class=\"wp-caption-text\">Representaci\u00f3n visual de los incendios forestales que se han extendido a trav\u00e9s de British Columbia. [Imagen: ADRA Canad\u00e1]<\/p><\/div>\u201cAbramos nuestro coraz\u00f3n y oremos en favor de la intervenci\u00f3n divina, fortaleza, consuelo y resiliencia de aquellos que han recibido directamente el impacto de esos incendios; y por sabidur\u00eda para aquellos que combaten este desastre en el frente de batalla\u201d.<\/p>\n<p>A\u00f1adi\u00f3 el director Matthews: \u201c Se est\u00e1n llevando a cabo evacuaciones a un ritmo peligrosamente r\u00e1pido y se requieren nuestras oraciones en procura de protecci\u00f3n y seguridad\u201d. Prometi\u00f3 adem\u00e1s el apoyo constante de ADRA Canad\u00e1 \u201cpara ayudar a aliviar el sufrimiento de aquellos que escapan de los incendios forestales, provey\u00e9ndoles ayuda y apoyo a los afectados, mostrando que es en tiempos de crisis cuando la fortaleza humana resplandece m\u00e1s\u201d.<\/p>\n<p>Una declaraci\u00f3n del presidente Llewellyn y de Charles Aguilar, presidente de la Asociaci\u00f3n \u00a0Manitoba-Saskatchewan de la iglesia adventista, pide a cada miembro de la iglesia unirse en oraci\u00f3n ferviente. \u201cAl tratar de comprender mejor la situaci\u00f3n, es de vital importancia que recordemos que desastres naturales como este son un duro recordatorio acerca de nuestra responsabilidad compartida hacia nuestro planeta y hacia cada ser humano\u201d. La declaraci\u00f3n concluye afirmando: \u201cTus oraciones son importantes y pueden representar una gran diferencia\u201d.<\/p>\n<p><strong>Reuni\u00f3n de iglesias locales en tiempos de necesidad<\/strong><\/p>\n<p>En un mensaje electr\u00f3nico enviado a pastores locales, directores de escuela y directores de departamentos, el presidente de la Asociaci\u00f3n de British Columbia, Brad Thorp, los alent\u00f3 a ser \u00a0proactivos al determinar y suplir las necesidades de sus comunidades inmediatas; ya sea que tales necesidades sean de alimentos, refugio o de otra clase de apoyo. Sugiri\u00f3 adem\u00e1s que los refugios temporarios incluyen salas de confraternidad, aulas de clase y gimnasios.<\/p>\n<p><div id=\"attachment_102731\" style=\"width: 858px\" class=\"wp-caption aligncenter\"><img decoding=\"async\" aria-describedby=\"caption-attachment-102731\" class=\"wp-image-102731\" src=\"https:\/\/interamerica.org\/wp-content\/uploads\/2023\/08\/camphope-768x576-1.jpeg\" alt=\"\" width=\"848\" height=\"636\" srcset=\"https:\/\/interamerica.org\/wp-content\/uploads\/2023\/08\/camphope-768x576-1.jpeg 768w, https:\/\/interamerica.org\/wp-content\/uploads\/2023\/08\/camphope-768x576-1-300x225.jpeg 300w\" sizes=\"(max-width: 848px) 100vw, 848px\" \/><p id=\"caption-attachment-102731\" class=\"wp-caption-text\">Camp Hope, un ministerio adventista en Hope, British Columbia, Canad\u00e1, ha sido activado para recibir a personas desplazadas por causa de los incendios forestales. [Imagen: Asociaci\u00f3n de British Columbia]<\/p><\/div>Los dirigentes de iglesia local, incluyendo a Arturo Gonz\u00e1lez, de las iglesias adventistas del s\u00e9ptimo d\u00eda Rutland y Wildwood, en Kelowna, British Columbia, las cuales fueron recientemente azotadas por fuego \u201cfuera de control\u201d, han respondido positivamente al llamado. Varias iglesias en la zona de Kelowna han ofrecido su espacio para estacionar veh\u00edculos recreacionales (RV), incluyendo servicios b\u00e1sicos.<\/p>\n<p>Gerry Nessman, pastor principal de la Iglesia Adventista del S\u00e9ptimo D\u00eda Son Valley Fellowship, en Kelowna, llev\u00f3 personas a su hogar en tanto el fuego se extend\u00eda r\u00e1pidamente. \u201cEn t\u00e9rminos generales\u2026 esto ha sido surrealista,\u201d coment\u00f3 el pastor Nessman. \u201cNuestro coraz\u00f3n est\u00e1 con todas las personas afectadas por los incendios, pero ha sido dif\u00edcil ministrar en favor de ellas y de poner en acci\u00f3n un plan para responder a la crisis, cuando algunos de nosotros hemos sido evacuados tambi\u00e9n\u201d, A pesar de sus propios desaf\u00edos, el pastor Nessman y otros dirigentes de la comunidad est\u00e1n dando de su tiempo y recursos.<\/p>\n<p><strong>ADRA Canad\u00e1 en apoyo de los esfuerzos locales<\/strong><\/p>\n<p>ADRA Canad\u00e1 ofrecer\u00e1 su apoyo en tres etapas: inicial, media y a largo plazo. En una declaraci\u00f3n escrita, el director Matthews indic\u00f3 que Camp Hope, en Hope, British Columbia, hab\u00eda sido acondicionado para recibir a personas desplazadas. A la fecha,\u00a0Camp Hope ha recibido ya a m\u00e1s de 40 evacuados y se espera recibir m\u00e1s. Camp Hope puede acomodar a m\u00e1s de 200 personas.<\/p>\n<p>ADRA est\u00e1 apoyando financieramente Camp Hope y tambi\u00e9n a trav\u00e9s de la adquisici\u00f3n de suministros esenciales. Y en Alberta, ADRA Canad\u00e1 est\u00e1 trabajando en Grande Prairie asistiendo m\u00e9dicamente a las personas evacuadas de Northwest Territories. Hay planes para que el director de programas nacionales de ADRA visite los sitios incendiados y lleve a cabo una evaluaci\u00f3n completa de las necesidades a fin de orientar la asistencia subsiguiente.<\/p>\n<p>Finalmente, ADRA Canad\u00e1 ha iniciado una campa\u00f1a para obtener fondos para las v\u00edctimas de los incendios forestales. La p\u00e1gina relativa a la campa\u00f1a, declara: Tu donaci\u00f3n har\u00e1 una inmediata diferencia, al proveer vitales suministros de emergencia, incluyendo agua, alimentos, albergue y cobijas a familias cuya vida depende de ello, y apoyo inmediato en la evacuaci\u00f3n\u201d. Y termina diciendo: \u201cCon tu apoyo sincero e incondicional, ADRA puede hacer extensivos la compasi\u00f3n y el amor de Dios a canadienses necesitados\u201d.<\/p>\n<p>La <a href=\"https:\/\/www.nadadventist.org\/news\/adra-canada-and-local-churches-rally-support-canadian-wildfire-crisis\">versi\u00f3n original <\/a>\u00a0de esta noticia se public\u00f3 en el <a href=\"https:\/\/www.nadadventist.org\/news\">sitio de noticias<\/a> de la Divisi\u00f3n Norteamericana<\/p>\n<p>Traducci\u00f3n \u2013 Gloria A. Castrej\u00f3n<\/p>\n","protected":false},"excerpt":{"rendered":"<p>2023 ha visto la estaci\u00f3n de incendios forestales m\u00e1s devastadora en la historia canadiense. 30 de agosto de 2023 | Canad\u00e1 | Christelle Agboka y ADRA Canad\u00e1 Con aproximadamente el&#8230;<\/p>\n","protected":false},"author":3,"featured_media":102724,"comment_status":"closed","ping_status":"closed","sticky":false,"template":"","format":"standard","meta":{"_acf_changed":false,"footnotes":""},"categories":[14,15],"tags":[],"class_list":["post-102782","post","type-post","status-publish","format-standard","has-post-thumbnail","hentry","category-de-la-iglesia-mundial","category-rss-espanol"],"acf":[],"yoast_head":"<!-- This site is optimized with the Yoast SEO plugin v27.3 - https:\/\/yoast.com\/product\/yoast-seo-wordpress\/ -->\n<title>ADRA Canad\u00e1 e iglesias locales ofrecen apoyo tras incendios forestales canadienses - Iglesia Adventista del S\u00e9ptimo D\u00eda - Divisi\u00f3n Interamericana<\/title>\n<meta name=\"robots\" content=\"index, follow, max-snippet:-1, max-image-preview:large, max-video-preview:-1\" \/>\n<link rel=\"canonical\" href=\"https:\/\/interamerica.org\/es\/2023\/08\/adra-canada-e-iglesias-locales-ofrecen-apoyo-tras-incendios-forestales-canadienses\/\" \/>\n<meta property=\"og:locale\" content=\"es_ES\" \/>\n<meta property=\"og:type\" content=\"article\" \/>\n<meta property=\"og:title\" content=\"ADRA Canad\u00e1 e iglesias locales ofrecen apoyo tras incendios forestales canadienses - Iglesia Adventista del S\u00e9ptimo D\u00eda - Divisi\u00f3n Interamericana\" \/>\n<meta property=\"og:description\" content=\"2023 ha visto la estaci\u00f3n de incendios forestales m\u00e1s devastadora en la historia canadiense. 30 de agosto de 2023 | Canad\u00e1 | Christelle Agboka y ADRA Canad\u00e1 Con aproximadamente el...\" \/>\n<meta property=\"og:url\" content=\"https:\/\/interamerica.org\/es\/2023\/08\/adra-canada-e-iglesias-locales-ofrecen-apoyo-tras-incendios-forestales-canadienses\/\" \/>\n<meta property=\"og:site_name\" content=\"Iglesia Adventista del S\u00e9ptimo D\u00eda - Divisi\u00f3n Interamericana\" \/>\n<meta property=\"article:published_time\" content=\"2023-08-30T19:23:04+00:00\" \/>\n<meta property=\"article:modified_time\" content=\"2023-08-31T14:26:05+00:00\" \/>\n<meta property=\"og:image\" content=\"https:\/\/interamerica.org\/wp-content\/uploads\/2023\/08\/duncan-rawlinson-creativecommons.jpg\" \/>\n\t<meta property=\"og:image:width\" content=\"1000\" \/>\n\t<meta property=\"og:image:height\" content=\"667\" \/>\n\t<meta property=\"og:image:type\" content=\"image\/jpeg\" \/>\n<meta name=\"author\" content=\"libna\" \/>\n<meta name=\"twitter:card\" content=\"summary_large_image\" \/>\n<meta name=\"twitter:label1\" content=\"Escrito por\" \/>\n\t<meta name=\"twitter:data1\" content=\"libna\" \/>\n\t<meta name=\"twitter:label2\" content=\"Tiempo de lectura\" \/>\n\t<meta name=\"twitter:data2\" content=\"6 minutos\" \/>\n<script type=\"application\/ld+json\" class=\"yoast-schema-graph\">{\"@context\":\"https:\\\/\\\/schema.org\",\"@graph\":[{\"@type\":\"Article\",\"@id\":\"https:\\\/\\\/interamerica.org\\\/es\\\/2023\\\/08\\\/adra-canada-e-iglesias-locales-ofrecen-apoyo-tras-incendios-forestales-canadienses\\\/#article\",\"isPartOf\":{\"@id\":\"https:\\\/\\\/interamerica.org\\\/es\\\/2023\\\/08\\\/adra-canada-e-iglesias-locales-ofrecen-apoyo-tras-incendios-forestales-canadienses\\\/\"},\"author\":{\"name\":\"libna\",\"@id\":\"https:\\\/\\\/interamerica.org\\\/es\\\/#\\\/schema\\\/person\\\/29998f2bc2d8bd0d38662909289b54f1\"},\"headline\":\"ADRA Canad\u00e1 e iglesias locales ofrecen apoyo tras incendios forestales canadienses\",\"datePublished\":\"2023-08-30T19:23:04+00:00\",\"dateModified\":\"2023-08-31T14:26:05+00:00\",\"mainEntityOfPage\":{\"@id\":\"https:\\\/\\\/interamerica.org\\\/es\\\/2023\\\/08\\\/adra-canada-e-iglesias-locales-ofrecen-apoyo-tras-incendios-forestales-canadienses\\\/\"},\"wordCount\":1255,\"image\":{\"@id\":\"https:\\\/\\\/interamerica.org\\\/es\\\/2023\\\/08\\\/adra-canada-e-iglesias-locales-ofrecen-apoyo-tras-incendios-forestales-canadienses\\\/#primaryimage\"},\"thumbnailUrl\":\"https:\\\/\\\/interamerica.org\\\/wp-content\\\/uploads\\\/2023\\\/08\\\/duncan-rawlinson-creativecommons.jpg\",\"articleSection\":[\"Desde la iglesia mundial\",\"RSS Espa\u00f1ol\"],\"inLanguage\":\"es\"},{\"@type\":\"WebPage\",\"@id\":\"https:\\\/\\\/interamerica.org\\\/es\\\/2023\\\/08\\\/adra-canada-e-iglesias-locales-ofrecen-apoyo-tras-incendios-forestales-canadienses\\\/\",\"url\":\"https:\\\/\\\/interamerica.org\\\/es\\\/2023\\\/08\\\/adra-canada-e-iglesias-locales-ofrecen-apoyo-tras-incendios-forestales-canadienses\\\/\",\"name\":\"ADRA Canad\u00e1 e iglesias locales ofrecen apoyo tras incendios forestales canadienses - Iglesia Adventista del S\u00e9ptimo D\u00eda - Divisi\u00f3n Interamericana\",\"isPartOf\":{\"@id\":\"https:\\\/\\\/interamerica.org\\\/es\\\/#website\"},\"primaryImageOfPage\":{\"@id\":\"https:\\\/\\\/interamerica.org\\\/es\\\/2023\\\/08\\\/adra-canada-e-iglesias-locales-ofrecen-apoyo-tras-incendios-forestales-canadienses\\\/#primaryimage\"},\"image\":{\"@id\":\"https:\\\/\\\/interamerica.org\\\/es\\\/2023\\\/08\\\/adra-canada-e-iglesias-locales-ofrecen-apoyo-tras-incendios-forestales-canadienses\\\/#primaryimage\"},\"thumbnailUrl\":\"https:\\\/\\\/interamerica.org\\\/wp-content\\\/uploads\\\/2023\\\/08\\\/duncan-rawlinson-creativecommons.jpg\",\"datePublished\":\"2023-08-30T19:23:04+00:00\",\"dateModified\":\"2023-08-31T14:26:05+00:00\",\"author\":{\"@id\":\"https:\\\/\\\/interamerica.org\\\/es\\\/#\\\/schema\\\/person\\\/29998f2bc2d8bd0d38662909289b54f1\"},\"breadcrumb\":{\"@id\":\"https:\\\/\\\/interamerica.org\\\/es\\\/2023\\\/08\\\/adra-canada-e-iglesias-locales-ofrecen-apoyo-tras-incendios-forestales-canadienses\\\/#breadcrumb\"},\"inLanguage\":\"es\",\"potentialAction\":[{\"@type\":\"ReadAction\",\"target\":[\"https:\\\/\\\/interamerica.org\\\/es\\\/2023\\\/08\\\/adra-canada-e-iglesias-locales-ofrecen-apoyo-tras-incendios-forestales-canadienses\\\/\"]}]},{\"@type\":\"ImageObject\",\"inLanguage\":\"es\",\"@id\":\"https:\\\/\\\/interamerica.org\\\/es\\\/2023\\\/08\\\/adra-canada-e-iglesias-locales-ofrecen-apoyo-tras-incendios-forestales-canadienses\\\/#primaryimage\",\"url\":\"https:\\\/\\\/interamerica.org\\\/wp-content\\\/uploads\\\/2023\\\/08\\\/duncan-rawlinson-creativecommons.jpg\",\"contentUrl\":\"https:\\\/\\\/interamerica.org\\\/wp-content\\\/uploads\\\/2023\\\/08\\\/duncan-rawlinson-creativecommons.jpg\",\"width\":1000,\"height\":667,\"caption\":\"This year has marked the worst wildfire season in recorded Canadian history. [Photo: Duncan Rawlinson \\\/ Creative Commons]\"},{\"@type\":\"BreadcrumbList\",\"@id\":\"https:\\\/\\\/interamerica.org\\\/es\\\/2023\\\/08\\\/adra-canada-e-iglesias-locales-ofrecen-apoyo-tras-incendios-forestales-canadienses\\\/#breadcrumb\",\"itemListElement\":[{\"@type\":\"ListItem\",\"position\":1,\"name\":\"Home\",\"item\":\"https:\\\/\\\/interamerica.org\\\/es\\\/\"},{\"@type\":\"ListItem\",\"position\":2,\"name\":\"ADRA Canad\u00e1 e iglesias locales ofrecen apoyo tras incendios forestales canadienses\"}]},{\"@type\":\"WebSite\",\"@id\":\"https:\\\/\\\/interamerica.org\\\/es\\\/#website\",\"url\":\"https:\\\/\\\/interamerica.org\\\/es\\\/\",\"name\":\"Iglesia Adventista del S\u00e9ptimo D\u00eda - Divisi\u00f3n Interamericana\",\"description\":\"\",\"potentialAction\":[{\"@type\":\"SearchAction\",\"target\":{\"@type\":\"EntryPoint\",\"urlTemplate\":\"https:\\\/\\\/interamerica.org\\\/es\\\/?s={search_term_string}\"},\"query-input\":{\"@type\":\"PropertyValueSpecification\",\"valueRequired\":true,\"valueName\":\"search_term_string\"}}],\"inLanguage\":\"es\"},{\"@type\":\"Person\",\"@id\":\"https:\\\/\\\/interamerica.org\\\/es\\\/#\\\/schema\\\/person\\\/29998f2bc2d8bd0d38662909289b54f1\",\"name\":\"libna\",\"image\":{\"@type\":\"ImageObject\",\"inLanguage\":\"es\",\"@id\":\"https:\\\/\\\/secure.gravatar.com\\\/avatar\\\/7c5bd30ae4b47a9ba3c856590957fd1d96dc588bf3ac05719d247e126840331f?s=96&d=mm&r=g\",\"url\":\"https:\\\/\\\/secure.gravatar.com\\\/avatar\\\/7c5bd30ae4b47a9ba3c856590957fd1d96dc588bf3ac05719d247e126840331f?s=96&d=mm&r=g\",\"contentUrl\":\"https:\\\/\\\/secure.gravatar.com\\\/avatar\\\/7c5bd30ae4b47a9ba3c856590957fd1d96dc588bf3ac05719d247e126840331f?s=96&d=mm&r=g\",\"caption\":\"libna\"}}]}<\/script>\n<!-- \/ Yoast SEO plugin. -->","yoast_head_json":{"title":"ADRA Canad\u00e1 e iglesias locales ofrecen apoyo tras incendios forestales canadienses - Iglesia Adventista del S\u00e9ptimo D\u00eda - Divisi\u00f3n Interamericana","robots":{"index":"index","follow":"follow","max-snippet":"max-snippet:-1","max-image-preview":"max-image-preview:large","max-video-preview":"max-video-preview:-1"},"canonical":"https:\/\/interamerica.org\/es\/2023\/08\/adra-canada-e-iglesias-locales-ofrecen-apoyo-tras-incendios-forestales-canadienses\/","og_locale":"es_ES","og_type":"article","og_title":"ADRA Canad\u00e1 e iglesias locales ofrecen apoyo tras incendios forestales canadienses - Iglesia Adventista del S\u00e9ptimo D\u00eda - Divisi\u00f3n Interamericana","og_description":"2023 ha visto la estaci\u00f3n de incendios forestales m\u00e1s devastadora en la historia canadiense. 30 de agosto de 2023 | Canad\u00e1 | Christelle Agboka y ADRA Canad\u00e1 Con aproximadamente el...","og_url":"https:\/\/interamerica.org\/es\/2023\/08\/adra-canada-e-iglesias-locales-ofrecen-apoyo-tras-incendios-forestales-canadienses\/","og_site_name":"Iglesia Adventista del S\u00e9ptimo D\u00eda - Divisi\u00f3n Interamericana","article_published_time":"2023-08-30T19:23:04+00:00","article_modified_time":"2023-08-31T14:26:05+00:00","og_image":[{"width":1000,"height":667,"url":"https:\/\/interamerica.org\/wp-content\/uploads\/2023\/08\/duncan-rawlinson-creativecommons.jpg","type":"image\/jpeg"}],"author":"libna","twitter_card":"summary_large_image","twitter_misc":{"Escrito por":"libna","Tiempo de lectura":"6 minutos"},"schema":{"@context":"https:\/\/schema.org","@graph":[{"@type":"Article","@id":"https:\/\/interamerica.org\/es\/2023\/08\/adra-canada-e-iglesias-locales-ofrecen-apoyo-tras-incendios-forestales-canadienses\/#article","isPartOf":{"@id":"https:\/\/interamerica.org\/es\/2023\/08\/adra-canada-e-iglesias-locales-ofrecen-apoyo-tras-incendios-forestales-canadienses\/"},"author":{"name":"libna","@id":"https:\/\/interamerica.org\/es\/#\/schema\/person\/29998f2bc2d8bd0d38662909289b54f1"},"headline":"ADRA Canad\u00e1 e iglesias locales ofrecen apoyo tras incendios forestales canadienses","datePublished":"2023-08-30T19:23:04+00:00","dateModified":"2023-08-31T14:26:05+00:00","mainEntityOfPage":{"@id":"https:\/\/interamerica.org\/es\/2023\/08\/adra-canada-e-iglesias-locales-ofrecen-apoyo-tras-incendios-forestales-canadienses\/"},"wordCount":1255,"image":{"@id":"https:\/\/interamerica.org\/es\/2023\/08\/adra-canada-e-iglesias-locales-ofrecen-apoyo-tras-incendios-forestales-canadienses\/#primaryimage"},"thumbnailUrl":"https:\/\/interamerica.org\/wp-content\/uploads\/2023\/08\/duncan-rawlinson-creativecommons.jpg","articleSection":["Desde la iglesia mundial","RSS Espa\u00f1ol"],"inLanguage":"es"},{"@type":"WebPage","@id":"https:\/\/interamerica.org\/es\/2023\/08\/adra-canada-e-iglesias-locales-ofrecen-apoyo-tras-incendios-forestales-canadienses\/","url":"https:\/\/interamerica.org\/es\/2023\/08\/adra-canada-e-iglesias-locales-ofrecen-apoyo-tras-incendios-forestales-canadienses\/","name":"ADRA Canad\u00e1 e iglesias locales ofrecen apoyo tras incendios forestales canadienses - Iglesia Adventista del S\u00e9ptimo D\u00eda - Divisi\u00f3n Interamericana","isPartOf":{"@id":"https:\/\/interamerica.org\/es\/#website"},"primaryImageOfPage":{"@id":"https:\/\/interamerica.org\/es\/2023\/08\/adra-canada-e-iglesias-locales-ofrecen-apoyo-tras-incendios-forestales-canadienses\/#primaryimage"},"image":{"@id":"https:\/\/interamerica.org\/es\/2023\/08\/adra-canada-e-iglesias-locales-ofrecen-apoyo-tras-incendios-forestales-canadienses\/#primaryimage"},"thumbnailUrl":"https:\/\/interamerica.org\/wp-content\/uploads\/2023\/08\/duncan-rawlinson-creativecommons.jpg","datePublished":"2023-08-30T19:23:04+00:00","dateModified":"2023-08-31T14:26:05+00:00","author":{"@id":"https:\/\/interamerica.org\/es\/#\/schema\/person\/29998f2bc2d8bd0d38662909289b54f1"},"breadcrumb":{"@id":"https:\/\/interamerica.org\/es\/2023\/08\/adra-canada-e-iglesias-locales-ofrecen-apoyo-tras-incendios-forestales-canadienses\/#breadcrumb"},"inLanguage":"es","potentialAction":[{"@type":"ReadAction","target":["https:\/\/interamerica.org\/es\/2023\/08\/adra-canada-e-iglesias-locales-ofrecen-apoyo-tras-incendios-forestales-canadienses\/"]}]},{"@type":"ImageObject","inLanguage":"es","@id":"https:\/\/interamerica.org\/es\/2023\/08\/adra-canada-e-iglesias-locales-ofrecen-apoyo-tras-incendios-forestales-canadienses\/#primaryimage","url":"https:\/\/interamerica.org\/wp-content\/uploads\/2023\/08\/duncan-rawlinson-creativecommons.jpg","contentUrl":"https:\/\/interamerica.org\/wp-content\/uploads\/2023\/08\/duncan-rawlinson-creativecommons.jpg","width":1000,"height":667,"caption":"This year has marked the worst wildfire season in recorded Canadian history. [Photo: Duncan Rawlinson \/ Creative Commons]"},{"@type":"BreadcrumbList","@id":"https:\/\/interamerica.org\/es\/2023\/08\/adra-canada-e-iglesias-locales-ofrecen-apoyo-tras-incendios-forestales-canadienses\/#breadcrumb","itemListElement":[{"@type":"ListItem","position":1,"name":"Home","item":"https:\/\/interamerica.org\/es\/"},{"@type":"ListItem","position":2,"name":"ADRA Canad\u00e1 e iglesias locales ofrecen apoyo tras incendios forestales canadienses"}]},{"@type":"WebSite","@id":"https:\/\/interamerica.org\/es\/#website","url":"https:\/\/interamerica.org\/es\/","name":"Iglesia Adventista del S\u00e9ptimo D\u00eda - Divisi\u00f3n Interamericana","description":"","potentialAction":[{"@type":"SearchAction","target":{"@type":"EntryPoint","urlTemplate":"https:\/\/interamerica.org\/es\/?s={search_term_string}"},"query-input":{"@type":"PropertyValueSpecification","valueRequired":true,"valueName":"search_term_string"}}],"inLanguage":"es"},{"@type":"Person","@id":"https:\/\/interamerica.org\/es\/#\/schema\/person\/29998f2bc2d8bd0d38662909289b54f1","name":"libna","image":{"@type":"ImageObject","inLanguage":"es","@id":"https:\/\/secure.gravatar.com\/avatar\/7c5bd30ae4b47a9ba3c856590957fd1d96dc588bf3ac05719d247e126840331f?s=96&d=mm&r=g","url":"https:\/\/secure.gravatar.com\/avatar\/7c5bd30ae4b47a9ba3c856590957fd1d96dc588bf3ac05719d247e126840331f?s=96&d=mm&r=g","contentUrl":"https:\/\/secure.gravatar.com\/avatar\/7c5bd30ae4b47a9ba3c856590957fd1d96dc588bf3ac05719d247e126840331f?s=96&d=mm&r=g","caption":"libna"}}]}},"_links":{"self":[{"href":"https:\/\/interamerica.org\/es\/wp-json\/wp\/v2\/posts\/102782","targetHints":{"allow":["GET"]}}],"collection":[{"href":"https:\/\/interamerica.org\/es\/wp-json\/wp\/v2\/posts"}],"about":[{"href":"https:\/\/interamerica.org\/es\/wp-json\/wp\/v2\/types\/post"}],"author":[{"embeddable":true,"href":"https:\/\/interamerica.org\/es\/wp-json\/wp\/v2\/users\/3"}],"replies":[{"embeddable":true,"href":"https:\/\/interamerica.org\/es\/wp-json\/wp\/v2\/comments?post=102782"}],"version-history":[{"count":0,"href":"https:\/\/interamerica.org\/es\/wp-json\/wp\/v2\/posts\/102782\/revisions"}],"wp:featuredmedia":[{"embeddable":true,"href":"https:\/\/interamerica.org\/es\/wp-json\/wp\/v2\/media\/102724"}],"wp:attachment":[{"href":"https:\/\/interamerica.org\/es\/wp-json\/wp\/v2\/media?parent=102782"}],"wp:term":[{"taxonomy":"category","embeddable":true,"href":"https:\/\/interamerica.org\/es\/wp-json\/wp\/v2\/categories?post=102782"},{"taxonomy":"post_tag","embeddable":true,"href":"https:\/\/interamerica.org\/es\/wp-json\/wp\/v2\/tags?post=102782"}],"curies":[{"name":"wp","href":"https:\/\/api.w.org\/{rel}","templated":true}]}}