{"id":10285,"date":"2004-04-14T00:00:00","date_gmt":"2004-04-14T04:00:00","guid":{"rendered":"http:\/\/192.81.217.108\/interamerica\/2004\/04\/micronesia-escuela-adventista-de-la-isla-de-yap-entre-los-edificios-destruidos-por-tifon\/"},"modified":"2017-06-02T09:20:06","modified_gmt":"2017-06-02T13:20:06","slug":"micronesia-escuela-adventista-de-la-isla-de-yap-entre-los-edificios-destruidos-por-tifon","status":"publish","type":"post","link":"https:\/\/interamerica.org\/es\/2004\/04\/micronesia-escuela-adventista-de-la-isla-de-yap-entre-los-edificios-destruidos-por-tifon\/","title":{"rendered":"Micronesia: Escuela Adventista de la Isla de Yap\u00a0Entre Los Edificios Destruidos por Tif\u00f3n"},"content":{"rendered":"<p>Yap, Estados Federados de Micronesia &#8230;. [Ansel Oliver\/ANN]<\/p>\n<p>La escuela Adventista del S\u00e9ptimo\u00a0D\u00eda en la isla\u00a0micronesia de Yap aparece entre el 90 porciento de estructuras destruidas,\u00a0que incluye el hospital de la isla, luego del paso devastador del tif\u00f3n\u00a0Sudal el pasado 9 de\u00a0abril.\u00a0El tif\u00f3n golpe\u00f3 con vientos de 180 kil\u00f3metros por hora por m\u00e1s de 5 horas creando olas de m\u00e1s de 10 metros.<\/p>\n<p>El 10 de abril la Asociaci\u00f3n Federal Estadounidense de Control de Emergencias declar\u00f3\u00a0estado de emergencia en Yap, un grupo de islas de 20 kil\u00f3metros de largo, famoso por su dinero de piedra y localizado a una hora de vuelo al sur de Guam.<\/p>\n<p>\u00abEl edificio\u00a0de la escuela fue grandemente da\u00f1ado &#8230; todo se derrumb\u00f3, y las paredes que a\u00fan est\u00e1n en pie fueron muy afectadas. &#8230; No se pueden recontruir,\u00bb inform\u00f3 Eliki Ravia, pastor de la Iglesia Adventista en Yap.<\/p>\n<p>La mayor\u00eda de los 8,000 habitantes de la isla est\u00e1n ahora sin\u00a0donde vivir\u00a0pues el tif\u00f3n da\u00f1\u00f3 sus casas.\u00a0 Ning\u00fan muerto ha sido reportado.<\/p>\n<p>La escuela Adventista del S\u00e9ptimo D\u00eda de Yap, que va desde el jard\u00edn infantil hasta el 12avo grado, fue fundada en 1987.<\/p>\n<p><strong>Derechos Reservados 2004 por Red de Noticias Adventistas<\/strong><\/p>\n","protected":false},"excerpt":{"rendered":"<p>Micronesia: Escuela Adventista de la Isla de Yap\u00a0Entre Los Edificios Destruidos por Tif\u00f3n<\/p>\n","protected":false},"author":1,"featured_media":0,"comment_status":"closed","ping_status":"closed","sticky":false,"template":"","format":"standard","meta":{"_acf_changed":false,"footnotes":""},"categories":[8],"tags":[],"class_list":["post-10285","post","type-post","status-publish","format-standard","hentry","category-archivo"],"acf":[],"yoast_head":"<!-- This site is optimized with the Yoast SEO plugin v27.3 - https:\/\/yoast.com\/product\/yoast-seo-wordpress\/ -->\n<title>Micronesia: Escuela Adventista de la Isla de Yap\u00a0Entre Los Edificios Destruidos por Tif\u00f3n - Iglesia Adventista del S\u00e9ptimo D\u00eda - Divisi\u00f3n Interamericana<\/title>\n<meta name=\"robots\" content=\"index, follow, max-snippet:-1, max-image-preview:large, max-video-preview:-1\" \/>\n<link rel=\"canonical\" href=\"https:\/\/interamerica.org\/es\/2004\/04\/micronesia-escuela-adventista-de-la-isla-de-yap-entre-los-edificios-destruidos-por-tifon\/\" \/>\n<meta property=\"og:locale\" content=\"es_ES\" \/>\n<meta property=\"og:type\" content=\"article\" \/>\n<meta property=\"og:title\" content=\"Micronesia: Escuela Adventista de la Isla de Yap\u00a0Entre Los Edificios Destruidos por Tif\u00f3n - Iglesia Adventista del S\u00e9ptimo D\u00eda - Divisi\u00f3n Interamericana\" \/>\n<meta property=\"og:description\" content=\"Micronesia: Escuela Adventista de la Isla de Yap\u00a0Entre Los Edificios Destruidos por Tif\u00f3n\" \/>\n<meta property=\"og:url\" content=\"https:\/\/interamerica.org\/es\/2004\/04\/micronesia-escuela-adventista-de-la-isla-de-yap-entre-los-edificios-destruidos-por-tifon\/\" \/>\n<meta property=\"og:site_name\" content=\"Iglesia Adventista del S\u00e9ptimo D\u00eda - Divisi\u00f3n Interamericana\" \/>\n<meta property=\"article:published_time\" content=\"2004-04-14T04:00:00+00:00\" \/>\n<meta property=\"article:modified_time\" content=\"2017-06-02T13:20:06+00:00\" \/>\n<meta name=\"author\" content=\"Lorenzo Verduzco\" \/>\n<meta name=\"twitter:card\" content=\"summary_large_image\" \/>\n<meta name=\"twitter:label1\" content=\"Escrito por\" \/>\n\t<meta name=\"twitter:data1\" content=\"Lorenzo Verduzco\" \/>\n\t<meta name=\"twitter:label2\" content=\"Tiempo de lectura\" \/>\n\t<meta name=\"twitter:data2\" content=\"1 minuto\" \/>\n<script type=\"application\/ld+json\" class=\"yoast-schema-graph\">{\"@context\":\"https:\\\/\\\/schema.org\",\"@graph\":[{\"@type\":\"Article\",\"@id\":\"https:\\\/\\\/interamerica.org\\\/es\\\/2004\\\/04\\\/micronesia-escuela-adventista-de-la-isla-de-yap-entre-los-edificios-destruidos-por-tifon\\\/#article\",\"isPartOf\":{\"@id\":\"https:\\\/\\\/interamerica.org\\\/es\\\/2004\\\/04\\\/micronesia-escuela-adventista-de-la-isla-de-yap-entre-los-edificios-destruidos-por-tifon\\\/\"},\"author\":{\"name\":\"Lorenzo Verduzco\",\"@id\":\"https:\\\/\\\/interamerica.org\\\/es\\\/#\\\/schema\\\/person\\\/68ede8bdc292885bb76c1e3810e73c39\"},\"headline\":\"Micronesia: Escuela Adventista de la Isla de Yap\u00a0Entre Los Edificios Destruidos por Tif\u00f3n\",\"datePublished\":\"2004-04-14T04:00:00+00:00\",\"dateModified\":\"2017-06-02T13:20:06+00:00\",\"mainEntityOfPage\":{\"@id\":\"https:\\\/\\\/interamerica.org\\\/es\\\/2004\\\/04\\\/micronesia-escuela-adventista-de-la-isla-de-yap-entre-los-edificios-destruidos-por-tifon\\\/\"},\"wordCount\":228,\"articleSection\":[\"Archivo\"],\"inLanguage\":\"es\"},{\"@type\":\"WebPage\",\"@id\":\"https:\\\/\\\/interamerica.org\\\/es\\\/2004\\\/04\\\/micronesia-escuela-adventista-de-la-isla-de-yap-entre-los-edificios-destruidos-por-tifon\\\/\",\"url\":\"https:\\\/\\\/interamerica.org\\\/es\\\/2004\\\/04\\\/micronesia-escuela-adventista-de-la-isla-de-yap-entre-los-edificios-destruidos-por-tifon\\\/\",\"name\":\"Micronesia: Escuela Adventista de la Isla de Yap\u00a0Entre Los Edificios Destruidos por Tif\u00f3n - Iglesia Adventista del S\u00e9ptimo D\u00eda - Divisi\u00f3n Interamericana\",\"isPartOf\":{\"@id\":\"https:\\\/\\\/interamerica.org\\\/es\\\/#website\"},\"datePublished\":\"2004-04-14T04:00:00+00:00\",\"dateModified\":\"2017-06-02T13:20:06+00:00\",\"author\":{\"@id\":\"https:\\\/\\\/interamerica.org\\\/es\\\/#\\\/schema\\\/person\\\/68ede8bdc292885bb76c1e3810e73c39\"},\"breadcrumb\":{\"@id\":\"https:\\\/\\\/interamerica.org\\\/es\\\/2004\\\/04\\\/micronesia-escuela-adventista-de-la-isla-de-yap-entre-los-edificios-destruidos-por-tifon\\\/#breadcrumb\"},\"inLanguage\":\"es\",\"potentialAction\":[{\"@type\":\"ReadAction\",\"target\":[\"https:\\\/\\\/interamerica.org\\\/es\\\/2004\\\/04\\\/micronesia-escuela-adventista-de-la-isla-de-yap-entre-los-edificios-destruidos-por-tifon\\\/\"]}]},{\"@type\":\"BreadcrumbList\",\"@id\":\"https:\\\/\\\/interamerica.org\\\/es\\\/2004\\\/04\\\/micronesia-escuela-adventista-de-la-isla-de-yap-entre-los-edificios-destruidos-por-tifon\\\/#breadcrumb\",\"itemListElement\":[{\"@type\":\"ListItem\",\"position\":1,\"name\":\"Home\",\"item\":\"https:\\\/\\\/interamerica.org\\\/es\\\/\"},{\"@type\":\"ListItem\",\"position\":2,\"name\":\"Micronesia: Escuela Adventista de la Isla de Yap\u00a0Entre Los Edificios Destruidos por Tif\u00f3n\"}]},{\"@type\":\"WebSite\",\"@id\":\"https:\\\/\\\/interamerica.org\\\/es\\\/#website\",\"url\":\"https:\\\/\\\/interamerica.org\\\/es\\\/\",\"name\":\"Iglesia Adventista del S\u00e9ptimo D\u00eda - Divisi\u00f3n Interamericana\",\"description\":\"\",\"potentialAction\":[{\"@type\":\"SearchAction\",\"target\":{\"@type\":\"EntryPoint\",\"urlTemplate\":\"https:\\\/\\\/interamerica.org\\\/es\\\/?s={search_term_string}\"},\"query-input\":{\"@type\":\"PropertyValueSpecification\",\"valueRequired\":true,\"valueName\":\"search_term_string\"}}],\"inLanguage\":\"es\"},{\"@type\":\"Person\",\"@id\":\"https:\\\/\\\/interamerica.org\\\/es\\\/#\\\/schema\\\/person\\\/68ede8bdc292885bb76c1e3810e73c39\",\"name\":\"Lorenzo Verduzco\",\"image\":{\"@type\":\"ImageObject\",\"inLanguage\":\"es\",\"@id\":\"https:\\\/\\\/secure.gravatar.com\\\/avatar\\\/fb81a55b6218459490a9c1dc841a34909185b81904c5337b4b27f7a6fd60c49e?s=96&d=mm&r=g\",\"url\":\"https:\\\/\\\/secure.gravatar.com\\\/avatar\\\/fb81a55b6218459490a9c1dc841a34909185b81904c5337b4b27f7a6fd60c49e?s=96&d=mm&r=g\",\"contentUrl\":\"https:\\\/\\\/secure.gravatar.com\\\/avatar\\\/fb81a55b6218459490a9c1dc841a34909185b81904c5337b4b27f7a6fd60c49e?s=96&d=mm&r=g\",\"caption\":\"Lorenzo Verduzco\"}}]}<\/script>\n<!-- \/ Yoast SEO plugin. -->","yoast_head_json":{"title":"Micronesia: Escuela Adventista de la Isla de Yap\u00a0Entre Los Edificios Destruidos por Tif\u00f3n - Iglesia Adventista del S\u00e9ptimo D\u00eda - Divisi\u00f3n Interamericana","robots":{"index":"index","follow":"follow","max-snippet":"max-snippet:-1","max-image-preview":"max-image-preview:large","max-video-preview":"max-video-preview:-1"},"canonical":"https:\/\/interamerica.org\/es\/2004\/04\/micronesia-escuela-adventista-de-la-isla-de-yap-entre-los-edificios-destruidos-por-tifon\/","og_locale":"es_ES","og_type":"article","og_title":"Micronesia: Escuela Adventista de la Isla de Yap\u00a0Entre Los Edificios Destruidos por Tif\u00f3n - Iglesia Adventista del S\u00e9ptimo D\u00eda - Divisi\u00f3n Interamericana","og_description":"Micronesia: Escuela Adventista de la Isla de Yap\u00a0Entre Los Edificios Destruidos por Tif\u00f3n","og_url":"https:\/\/interamerica.org\/es\/2004\/04\/micronesia-escuela-adventista-de-la-isla-de-yap-entre-los-edificios-destruidos-por-tifon\/","og_site_name":"Iglesia Adventista del S\u00e9ptimo D\u00eda - Divisi\u00f3n Interamericana","article_published_time":"2004-04-14T04:00:00+00:00","article_modified_time":"2017-06-02T13:20:06+00:00","author":"Lorenzo Verduzco","twitter_card":"summary_large_image","twitter_misc":{"Escrito por":"Lorenzo Verduzco","Tiempo de lectura":"1 minuto"},"schema":{"@context":"https:\/\/schema.org","@graph":[{"@type":"Article","@id":"https:\/\/interamerica.org\/es\/2004\/04\/micronesia-escuela-adventista-de-la-isla-de-yap-entre-los-edificios-destruidos-por-tifon\/#article","isPartOf":{"@id":"https:\/\/interamerica.org\/es\/2004\/04\/micronesia-escuela-adventista-de-la-isla-de-yap-entre-los-edificios-destruidos-por-tifon\/"},"author":{"name":"Lorenzo Verduzco","@id":"https:\/\/interamerica.org\/es\/#\/schema\/person\/68ede8bdc292885bb76c1e3810e73c39"},"headline":"Micronesia: Escuela Adventista de la Isla de Yap\u00a0Entre Los Edificios Destruidos por Tif\u00f3n","datePublished":"2004-04-14T04:00:00+00:00","dateModified":"2017-06-02T13:20:06+00:00","mainEntityOfPage":{"@id":"https:\/\/interamerica.org\/es\/2004\/04\/micronesia-escuela-adventista-de-la-isla-de-yap-entre-los-edificios-destruidos-por-tifon\/"},"wordCount":228,"articleSection":["Archivo"],"inLanguage":"es"},{"@type":"WebPage","@id":"https:\/\/interamerica.org\/es\/2004\/04\/micronesia-escuela-adventista-de-la-isla-de-yap-entre-los-edificios-destruidos-por-tifon\/","url":"https:\/\/interamerica.org\/es\/2004\/04\/micronesia-escuela-adventista-de-la-isla-de-yap-entre-los-edificios-destruidos-por-tifon\/","name":"Micronesia: Escuela Adventista de la Isla de Yap\u00a0Entre Los Edificios Destruidos por Tif\u00f3n - Iglesia Adventista del S\u00e9ptimo D\u00eda - Divisi\u00f3n Interamericana","isPartOf":{"@id":"https:\/\/interamerica.org\/es\/#website"},"datePublished":"2004-04-14T04:00:00+00:00","dateModified":"2017-06-02T13:20:06+00:00","author":{"@id":"https:\/\/interamerica.org\/es\/#\/schema\/person\/68ede8bdc292885bb76c1e3810e73c39"},"breadcrumb":{"@id":"https:\/\/interamerica.org\/es\/2004\/04\/micronesia-escuela-adventista-de-la-isla-de-yap-entre-los-edificios-destruidos-por-tifon\/#breadcrumb"},"inLanguage":"es","potentialAction":[{"@type":"ReadAction","target":["https:\/\/interamerica.org\/es\/2004\/04\/micronesia-escuela-adventista-de-la-isla-de-yap-entre-los-edificios-destruidos-por-tifon\/"]}]},{"@type":"BreadcrumbList","@id":"https:\/\/interamerica.org\/es\/2004\/04\/micronesia-escuela-adventista-de-la-isla-de-yap-entre-los-edificios-destruidos-por-tifon\/#breadcrumb","itemListElement":[{"@type":"ListItem","position":1,"name":"Home","item":"https:\/\/interamerica.org\/es\/"},{"@type":"ListItem","position":2,"name":"Micronesia: Escuela Adventista de la Isla de Yap\u00a0Entre Los Edificios Destruidos por Tif\u00f3n"}]},{"@type":"WebSite","@id":"https:\/\/interamerica.org\/es\/#website","url":"https:\/\/interamerica.org\/es\/","name":"Iglesia Adventista del S\u00e9ptimo D\u00eda - Divisi\u00f3n Interamericana","description":"","potentialAction":[{"@type":"SearchAction","target":{"@type":"EntryPoint","urlTemplate":"https:\/\/interamerica.org\/es\/?s={search_term_string}"},"query-input":{"@type":"PropertyValueSpecification","valueRequired":true,"valueName":"search_term_string"}}],"inLanguage":"es"},{"@type":"Person","@id":"https:\/\/interamerica.org\/es\/#\/schema\/person\/68ede8bdc292885bb76c1e3810e73c39","name":"Lorenzo Verduzco","image":{"@type":"ImageObject","inLanguage":"es","@id":"https:\/\/secure.gravatar.com\/avatar\/fb81a55b6218459490a9c1dc841a34909185b81904c5337b4b27f7a6fd60c49e?s=96&d=mm&r=g","url":"https:\/\/secure.gravatar.com\/avatar\/fb81a55b6218459490a9c1dc841a34909185b81904c5337b4b27f7a6fd60c49e?s=96&d=mm&r=g","contentUrl":"https:\/\/secure.gravatar.com\/avatar\/fb81a55b6218459490a9c1dc841a34909185b81904c5337b4b27f7a6fd60c49e?s=96&d=mm&r=g","caption":"Lorenzo Verduzco"}}]}},"_links":{"self":[{"href":"https:\/\/interamerica.org\/es\/wp-json\/wp\/v2\/posts\/10285","targetHints":{"allow":["GET"]}}],"collection":[{"href":"https:\/\/interamerica.org\/es\/wp-json\/wp\/v2\/posts"}],"about":[{"href":"https:\/\/interamerica.org\/es\/wp-json\/wp\/v2\/types\/post"}],"author":[{"embeddable":true,"href":"https:\/\/interamerica.org\/es\/wp-json\/wp\/v2\/users\/1"}],"replies":[{"embeddable":true,"href":"https:\/\/interamerica.org\/es\/wp-json\/wp\/v2\/comments?post=10285"}],"version-history":[{"count":0,"href":"https:\/\/interamerica.org\/es\/wp-json\/wp\/v2\/posts\/10285\/revisions"}],"wp:attachment":[{"href":"https:\/\/interamerica.org\/es\/wp-json\/wp\/v2\/media?parent=10285"}],"wp:term":[{"taxonomy":"category","embeddable":true,"href":"https:\/\/interamerica.org\/es\/wp-json\/wp\/v2\/categories?post=10285"},{"taxonomy":"post_tag","embeddable":true,"href":"https:\/\/interamerica.org\/es\/wp-json\/wp\/v2\/tags?post=10285"}],"curies":[{"name":"wp","href":"https:\/\/api.w.org\/{rel}","templated":true}]}}