{"id":10287,"date":"2004-04-15T00:00:00","date_gmt":"2004-04-15T04:00:00","guid":{"rendered":"http:\/\/192.81.217.108\/interamerica\/2004\/04\/los-dirigentes-mundiales-planean-como-enfocar-la-mision-de-la-iglesia\/"},"modified":"2017-06-02T09:20:03","modified_gmt":"2017-06-02T13:20:03","slug":"los-dirigentes-mundiales-planean-como-enfocar-la-mision-de-la-iglesia","status":"publish","type":"post","link":"https:\/\/interamerica.org\/es\/2004\/04\/los-dirigentes-mundiales-planean-como-enfocar-la-mision-de-la-iglesia\/","title":{"rendered":"Los Dirigentes Mundiales Planean C\u00f3mo Enfocar la Misi\u00f3n de la Iglesia"},"content":{"rendered":"<p>Silver Spring, Maryland, Estados Unidos&#8230;(Wendi Rogers\/ANN)<\/p>\n<p>El sentido de misi\u00f3n y las ofrendas misioneras en particular, han \u00abca\u00eddo a la vera del camino de muchas maneras\u00bb, admitieron los l\u00edderes de la Iglesia Adventista del S\u00e9ptimo D\u00eda que representan cada una de las 13 regiones durante las reuniones de primavera en las oficinas principales de la iglesia mundial el 14 y 15 de abril.<\/p>\n<p>\u00abEn parte es culpa nuestra y\u00a0parte no es culpa de nadie\u00bb, dijo Ben Maxon, director de mayordom\u00eda de la iglesia a nivel mundial, a los asistentes. \u00abTodo el proceso de este comit\u00e9 ha sido bregar, no\u00a0c\u00f3mo incrementar la dadivosidad para las misones solamente, pero c\u00f3mo retomar la pasi\u00f3n por la misi\u00f3n de la iglesia\u00bb.<\/p>\n<p>Un informe en el oto\u00f1o de 2003 a miembros del Concilio Anual mostr\u00f3 una merma consistente en las ofrendas misioneras durante los \u00faltimos a\u00f1os. Calificando esto como, \u00abuna perturbante tendencia\u00bb, el comit\u00e9 administrativo de la iglesia vot\u00f3 revisar el programa de las ofrendas misioneras y analizar las causas del descenso.<\/p>\n<p>Maxon explic\u00f3 que\u00a0hace m\u00e1s de 100 a\u00f1os, las ofrendas misioneras comenzaron con \u00abuna visi\u00f3n increible. Se les llam\u00f3, &#8216;Pitcairn&#8217;, la construcci\u00f3n de un barco que llevar\u00eda el evangelio a las islas del Pac\u00edfico Sur. La misi\u00f3n encendi\u00f3 una pasi\u00f3n por la misi\u00f3n en nuestra iglesia\u00bb.<\/p>\n<p>Hay una \u00abtremenda dependencia de las ofrendas misioneras para alcanzar las \u00e1reas no penetradas del mundo\u00bb, dijo a los asistentes\u00a0Bob Lemon, tesorero de la iglesia a nivel mundial. \u00abDebemos encontrar una forma para comunicar a nuestros miembros que la obra no est\u00e1 terminada. Todav\u00eda tenemos extensas regiones sin penetrar. Hemos\u00a0realizado un trabajo mediocre en comunicar c\u00f3mo se usan las ofrendas, y pido disculpas por eso. Estamos tratando de establecer procedimientos que nos ayudar\u00e1n a identificar y a definir claramente eso\u00bb.<\/p>\n<p>Las razones por el descenso incluyen, comunicaci\u00f3n deficiente a los miembros de iglesia sobre c\u00f3mo se usan los fondos, promoci\u00f3n inefectiva de las ofrendas, descenso en la asistencia a la Escuela Sab\u00e1tica,\u00a0competencia en la solicitud de ofrendas\u00a0dentro y fuera de la organizaci\u00f3n de la iglesia, cambio del enfoque global a las necesidades locales y una percepci\u00f3n de que las ofrendas no apoyan la misi\u00f3n de avanzada.<\/p>\n<p>\u00abHay una\u00a0desconecci\u00f3n de grandes proporciones entre la actual misi\u00f3n de la iglesia y la persona en\u00a0las bancas en las iglesias\u00bb,\u00a0expres\u00f3 Patricia J. Gustin, directora del Instituto de Misi\u00f3n Mundial en la Universidad Andrews, Berrien Sporings, Michigan. \u00abNo\u00a0se percatan en realidad de lo que la iglesia est\u00e1 haciendo. El otro asunto es que la informaci\u00f3n que reciben, no est\u00e1 enfocada en la terminaci\u00f3n de la obra\u00bb. \u00a0Explic\u00f3 que existe un enfoque en los proyectos misioneros que se desarrollan bien en ciertas \u00e1reas del mundo, y esto crea una sensaci\u00f3n de que la iglesia est\u00e1 haciendo bien en sentido general. \u00abLos hace pensar que ser\u00eda mejor mantener su dinero aqu\u00ed (en la iglesia local), pues, todo va bien en otras partes del mundo\u00bb, dijo ella.<\/p>\n<p>Lemon explic\u00f3 que\u00a0misi\u00f3n envuelve m\u00e1s que el trabajo en las l\u00edneas de avanzada, m\u00e1s obra visible. \u00abDebemos comunicar que cada centavo del d\u00f3lar misi\u00f3n va a la misi\u00f3n, y en verdad, as\u00ed es\u00bb, dijo \u00e9l.<\/p>\n<p>Los asistentes votaron establecer una oficina para la promoci\u00f3n de la misi\u00f3n en la sede principal de la iglesia, aunque Lemon explic\u00f3, \u00abno estamos a\u00f1adiendo m\u00e1s\u00a0presupuestos salariales\u00bb. Dijo que los presupuestos han existido y han sido presupuestados de una forma diferente, hasta ahora.<\/p>\n<p>\u00abEsto es absolutamente vital para la terminci\u00f3n de la obra y espero que los procesos que estableceremos no sean simplemente un voto, pero un\u00a0cambio mayor en el giro de las comunicaciones\u00bb, dijo Lemon.<\/p>\n<p>\u00abEsto no es s\u00f3lo a\u00f1adir a la estructura, a\u00f1adir una nueva oficina. Se trata de\u00a0crear conciencia\u00bb,\u00a0agreg\u00f3 Maxon.<\/p>\n<p>El informe incluy\u00f3 sugerencias para comunicar mejor c\u00f3mo\u00a0se han usado las ofrendas, incluyendo aquellas ofendas solicitadas por correspondencia directa, un s\u00e1bado de \u00e9nfasis sobre la misi\u00f3n mundial cada a\u00f1o, establecimiento de un sitio Web, animar a los l\u00edderes de la iglesia a promover constantemente la misi\u00f3n, incluir a los pastores en la planeaci\u00f3n e implementaci\u00f3n de nuevas iniciativas, organizar grupos de j\u00f3venes que asistan a los pastores\u00a0en la promoci\u00f3n, y producir segmentos para el Canal Esperanza (Hope Channel).<\/p>\n<p>Canales correctos de comunicaci\u00f3n, tales como peri\u00f3dicos de la iglesia y canales laicos, se continuar\u00e1n usando igualmente.<\/p>\n<p>\u00abDebe reconocerse que el apoyo\u00a0a la misi\u00f3n de la iglesia debe ser de todos los miembros de la iglesia\u00bb, dec\u00eda el informe.<\/p>\n<p>Copyright \u00a9 2004 by Adventist News Network.<\/p>\n","protected":false},"excerpt":{"rendered":"<p>\u00abEl sentido de misi\u00f2n y las ofrendas misioneras en particular, han ca\u00eddo a la vera del camino en muchas formas\u00bb,<\/p>\n","protected":false},"author":1,"featured_media":0,"comment_status":"closed","ping_status":"closed","sticky":false,"template":"","format":"standard","meta":{"_acf_changed":false,"footnotes":""},"categories":[8],"tags":[],"class_list":["post-10287","post","type-post","status-publish","format-standard","hentry","category-archivo"],"acf":[],"yoast_head":"<!-- This site is optimized with the Yoast SEO plugin v27.3 - https:\/\/yoast.com\/product\/yoast-seo-wordpress\/ -->\n<title>Los Dirigentes Mundiales Planean C\u00f3mo Enfocar la Misi\u00f3n de la Iglesia - Iglesia Adventista del S\u00e9ptimo D\u00eda - Divisi\u00f3n Interamericana<\/title>\n<meta name=\"robots\" content=\"index, follow, max-snippet:-1, max-image-preview:large, max-video-preview:-1\" \/>\n<link rel=\"canonical\" href=\"https:\/\/interamerica.org\/es\/2004\/04\/los-dirigentes-mundiales-planean-como-enfocar-la-mision-de-la-iglesia\/\" \/>\n<meta property=\"og:locale\" content=\"es_ES\" \/>\n<meta property=\"og:type\" content=\"article\" \/>\n<meta property=\"og:title\" content=\"Los Dirigentes Mundiales Planean C\u00f3mo Enfocar la Misi\u00f3n de la Iglesia - Iglesia Adventista del S\u00e9ptimo D\u00eda - Divisi\u00f3n Interamericana\" \/>\n<meta property=\"og:description\" content=\"&quot;El sentido de misi\u00f2n y las ofrendas misioneras en particular, han ca\u00eddo a la vera del camino en muchas formas&quot;,\" \/>\n<meta property=\"og:url\" content=\"https:\/\/interamerica.org\/es\/2004\/04\/los-dirigentes-mundiales-planean-como-enfocar-la-mision-de-la-iglesia\/\" \/>\n<meta property=\"og:site_name\" content=\"Iglesia Adventista del S\u00e9ptimo D\u00eda - Divisi\u00f3n Interamericana\" \/>\n<meta property=\"article:published_time\" content=\"2004-04-15T04:00:00+00:00\" \/>\n<meta property=\"article:modified_time\" content=\"2017-06-02T13:20:03+00:00\" \/>\n<meta name=\"author\" content=\"Lorenzo Verduzco\" \/>\n<meta name=\"twitter:card\" content=\"summary_large_image\" \/>\n<meta name=\"twitter:label1\" content=\"Escrito por\" \/>\n\t<meta name=\"twitter:data1\" content=\"Lorenzo Verduzco\" \/>\n\t<meta name=\"twitter:label2\" content=\"Tiempo de lectura\" \/>\n\t<meta name=\"twitter:data2\" content=\"4 minutos\" \/>\n<script type=\"application\/ld+json\" class=\"yoast-schema-graph\">{\"@context\":\"https:\\\/\\\/schema.org\",\"@graph\":[{\"@type\":\"Article\",\"@id\":\"https:\\\/\\\/interamerica.org\\\/es\\\/2004\\\/04\\\/los-dirigentes-mundiales-planean-como-enfocar-la-mision-de-la-iglesia\\\/#article\",\"isPartOf\":{\"@id\":\"https:\\\/\\\/interamerica.org\\\/es\\\/2004\\\/04\\\/los-dirigentes-mundiales-planean-como-enfocar-la-mision-de-la-iglesia\\\/\"},\"author\":{\"name\":\"Lorenzo Verduzco\",\"@id\":\"https:\\\/\\\/interamerica.org\\\/es\\\/#\\\/schema\\\/person\\\/68ede8bdc292885bb76c1e3810e73c39\"},\"headline\":\"Los Dirigentes Mundiales Planean C\u00f3mo Enfocar la Misi\u00f3n de la Iglesia\",\"datePublished\":\"2004-04-15T04:00:00+00:00\",\"dateModified\":\"2017-06-02T13:20:03+00:00\",\"mainEntityOfPage\":{\"@id\":\"https:\\\/\\\/interamerica.org\\\/es\\\/2004\\\/04\\\/los-dirigentes-mundiales-planean-como-enfocar-la-mision-de-la-iglesia\\\/\"},\"wordCount\":828,\"articleSection\":[\"Archivo\"],\"inLanguage\":\"es\"},{\"@type\":\"WebPage\",\"@id\":\"https:\\\/\\\/interamerica.org\\\/es\\\/2004\\\/04\\\/los-dirigentes-mundiales-planean-como-enfocar-la-mision-de-la-iglesia\\\/\",\"url\":\"https:\\\/\\\/interamerica.org\\\/es\\\/2004\\\/04\\\/los-dirigentes-mundiales-planean-como-enfocar-la-mision-de-la-iglesia\\\/\",\"name\":\"Los Dirigentes Mundiales Planean C\u00f3mo Enfocar la Misi\u00f3n de la Iglesia - Iglesia Adventista del S\u00e9ptimo D\u00eda - Divisi\u00f3n Interamericana\",\"isPartOf\":{\"@id\":\"https:\\\/\\\/interamerica.org\\\/es\\\/#website\"},\"datePublished\":\"2004-04-15T04:00:00+00:00\",\"dateModified\":\"2017-06-02T13:20:03+00:00\",\"author\":{\"@id\":\"https:\\\/\\\/interamerica.org\\\/es\\\/#\\\/schema\\\/person\\\/68ede8bdc292885bb76c1e3810e73c39\"},\"breadcrumb\":{\"@id\":\"https:\\\/\\\/interamerica.org\\\/es\\\/2004\\\/04\\\/los-dirigentes-mundiales-planean-como-enfocar-la-mision-de-la-iglesia\\\/#breadcrumb\"},\"inLanguage\":\"es\",\"potentialAction\":[{\"@type\":\"ReadAction\",\"target\":[\"https:\\\/\\\/interamerica.org\\\/es\\\/2004\\\/04\\\/los-dirigentes-mundiales-planean-como-enfocar-la-mision-de-la-iglesia\\\/\"]}]},{\"@type\":\"BreadcrumbList\",\"@id\":\"https:\\\/\\\/interamerica.org\\\/es\\\/2004\\\/04\\\/los-dirigentes-mundiales-planean-como-enfocar-la-mision-de-la-iglesia\\\/#breadcrumb\",\"itemListElement\":[{\"@type\":\"ListItem\",\"position\":1,\"name\":\"Home\",\"item\":\"https:\\\/\\\/interamerica.org\\\/es\\\/\"},{\"@type\":\"ListItem\",\"position\":2,\"name\":\"Los Dirigentes Mundiales Planean C\u00f3mo Enfocar la Misi\u00f3n de la Iglesia\"}]},{\"@type\":\"WebSite\",\"@id\":\"https:\\\/\\\/interamerica.org\\\/es\\\/#website\",\"url\":\"https:\\\/\\\/interamerica.org\\\/es\\\/\",\"name\":\"Iglesia Adventista del S\u00e9ptimo D\u00eda - Divisi\u00f3n Interamericana\",\"description\":\"\",\"potentialAction\":[{\"@type\":\"SearchAction\",\"target\":{\"@type\":\"EntryPoint\",\"urlTemplate\":\"https:\\\/\\\/interamerica.org\\\/es\\\/?s={search_term_string}\"},\"query-input\":{\"@type\":\"PropertyValueSpecification\",\"valueRequired\":true,\"valueName\":\"search_term_string\"}}],\"inLanguage\":\"es\"},{\"@type\":\"Person\",\"@id\":\"https:\\\/\\\/interamerica.org\\\/es\\\/#\\\/schema\\\/person\\\/68ede8bdc292885bb76c1e3810e73c39\",\"name\":\"Lorenzo Verduzco\",\"image\":{\"@type\":\"ImageObject\",\"inLanguage\":\"es\",\"@id\":\"https:\\\/\\\/secure.gravatar.com\\\/avatar\\\/fb81a55b6218459490a9c1dc841a34909185b81904c5337b4b27f7a6fd60c49e?s=96&d=mm&r=g\",\"url\":\"https:\\\/\\\/secure.gravatar.com\\\/avatar\\\/fb81a55b6218459490a9c1dc841a34909185b81904c5337b4b27f7a6fd60c49e?s=96&d=mm&r=g\",\"contentUrl\":\"https:\\\/\\\/secure.gravatar.com\\\/avatar\\\/fb81a55b6218459490a9c1dc841a34909185b81904c5337b4b27f7a6fd60c49e?s=96&d=mm&r=g\",\"caption\":\"Lorenzo Verduzco\"}}]}<\/script>\n<!-- \/ Yoast SEO plugin. -->","yoast_head_json":{"title":"Los Dirigentes Mundiales Planean C\u00f3mo Enfocar la Misi\u00f3n de la Iglesia - Iglesia Adventista del S\u00e9ptimo D\u00eda - Divisi\u00f3n Interamericana","robots":{"index":"index","follow":"follow","max-snippet":"max-snippet:-1","max-image-preview":"max-image-preview:large","max-video-preview":"max-video-preview:-1"},"canonical":"https:\/\/interamerica.org\/es\/2004\/04\/los-dirigentes-mundiales-planean-como-enfocar-la-mision-de-la-iglesia\/","og_locale":"es_ES","og_type":"article","og_title":"Los Dirigentes Mundiales Planean C\u00f3mo Enfocar la Misi\u00f3n de la Iglesia - Iglesia Adventista del S\u00e9ptimo D\u00eda - Divisi\u00f3n Interamericana","og_description":"\"El sentido de misi\u00f2n y las ofrendas misioneras en particular, han ca\u00eddo a la vera del camino en muchas formas\",","og_url":"https:\/\/interamerica.org\/es\/2004\/04\/los-dirigentes-mundiales-planean-como-enfocar-la-mision-de-la-iglesia\/","og_site_name":"Iglesia Adventista del S\u00e9ptimo D\u00eda - Divisi\u00f3n Interamericana","article_published_time":"2004-04-15T04:00:00+00:00","article_modified_time":"2017-06-02T13:20:03+00:00","author":"Lorenzo Verduzco","twitter_card":"summary_large_image","twitter_misc":{"Escrito por":"Lorenzo Verduzco","Tiempo de lectura":"4 minutos"},"schema":{"@context":"https:\/\/schema.org","@graph":[{"@type":"Article","@id":"https:\/\/interamerica.org\/es\/2004\/04\/los-dirigentes-mundiales-planean-como-enfocar-la-mision-de-la-iglesia\/#article","isPartOf":{"@id":"https:\/\/interamerica.org\/es\/2004\/04\/los-dirigentes-mundiales-planean-como-enfocar-la-mision-de-la-iglesia\/"},"author":{"name":"Lorenzo Verduzco","@id":"https:\/\/interamerica.org\/es\/#\/schema\/person\/68ede8bdc292885bb76c1e3810e73c39"},"headline":"Los Dirigentes Mundiales Planean C\u00f3mo Enfocar la Misi\u00f3n de la Iglesia","datePublished":"2004-04-15T04:00:00+00:00","dateModified":"2017-06-02T13:20:03+00:00","mainEntityOfPage":{"@id":"https:\/\/interamerica.org\/es\/2004\/04\/los-dirigentes-mundiales-planean-como-enfocar-la-mision-de-la-iglesia\/"},"wordCount":828,"articleSection":["Archivo"],"inLanguage":"es"},{"@type":"WebPage","@id":"https:\/\/interamerica.org\/es\/2004\/04\/los-dirigentes-mundiales-planean-como-enfocar-la-mision-de-la-iglesia\/","url":"https:\/\/interamerica.org\/es\/2004\/04\/los-dirigentes-mundiales-planean-como-enfocar-la-mision-de-la-iglesia\/","name":"Los Dirigentes Mundiales Planean C\u00f3mo Enfocar la Misi\u00f3n de la Iglesia - Iglesia Adventista del S\u00e9ptimo D\u00eda - Divisi\u00f3n Interamericana","isPartOf":{"@id":"https:\/\/interamerica.org\/es\/#website"},"datePublished":"2004-04-15T04:00:00+00:00","dateModified":"2017-06-02T13:20:03+00:00","author":{"@id":"https:\/\/interamerica.org\/es\/#\/schema\/person\/68ede8bdc292885bb76c1e3810e73c39"},"breadcrumb":{"@id":"https:\/\/interamerica.org\/es\/2004\/04\/los-dirigentes-mundiales-planean-como-enfocar-la-mision-de-la-iglesia\/#breadcrumb"},"inLanguage":"es","potentialAction":[{"@type":"ReadAction","target":["https:\/\/interamerica.org\/es\/2004\/04\/los-dirigentes-mundiales-planean-como-enfocar-la-mision-de-la-iglesia\/"]}]},{"@type":"BreadcrumbList","@id":"https:\/\/interamerica.org\/es\/2004\/04\/los-dirigentes-mundiales-planean-como-enfocar-la-mision-de-la-iglesia\/#breadcrumb","itemListElement":[{"@type":"ListItem","position":1,"name":"Home","item":"https:\/\/interamerica.org\/es\/"},{"@type":"ListItem","position":2,"name":"Los Dirigentes Mundiales Planean C\u00f3mo Enfocar la Misi\u00f3n de la Iglesia"}]},{"@type":"WebSite","@id":"https:\/\/interamerica.org\/es\/#website","url":"https:\/\/interamerica.org\/es\/","name":"Iglesia Adventista del S\u00e9ptimo D\u00eda - Divisi\u00f3n Interamericana","description":"","potentialAction":[{"@type":"SearchAction","target":{"@type":"EntryPoint","urlTemplate":"https:\/\/interamerica.org\/es\/?s={search_term_string}"},"query-input":{"@type":"PropertyValueSpecification","valueRequired":true,"valueName":"search_term_string"}}],"inLanguage":"es"},{"@type":"Person","@id":"https:\/\/interamerica.org\/es\/#\/schema\/person\/68ede8bdc292885bb76c1e3810e73c39","name":"Lorenzo Verduzco","image":{"@type":"ImageObject","inLanguage":"es","@id":"https:\/\/secure.gravatar.com\/avatar\/fb81a55b6218459490a9c1dc841a34909185b81904c5337b4b27f7a6fd60c49e?s=96&d=mm&r=g","url":"https:\/\/secure.gravatar.com\/avatar\/fb81a55b6218459490a9c1dc841a34909185b81904c5337b4b27f7a6fd60c49e?s=96&d=mm&r=g","contentUrl":"https:\/\/secure.gravatar.com\/avatar\/fb81a55b6218459490a9c1dc841a34909185b81904c5337b4b27f7a6fd60c49e?s=96&d=mm&r=g","caption":"Lorenzo Verduzco"}}]}},"_links":{"self":[{"href":"https:\/\/interamerica.org\/es\/wp-json\/wp\/v2\/posts\/10287","targetHints":{"allow":["GET"]}}],"collection":[{"href":"https:\/\/interamerica.org\/es\/wp-json\/wp\/v2\/posts"}],"about":[{"href":"https:\/\/interamerica.org\/es\/wp-json\/wp\/v2\/types\/post"}],"author":[{"embeddable":true,"href":"https:\/\/interamerica.org\/es\/wp-json\/wp\/v2\/users\/1"}],"replies":[{"embeddable":true,"href":"https:\/\/interamerica.org\/es\/wp-json\/wp\/v2\/comments?post=10287"}],"version-history":[{"count":0,"href":"https:\/\/interamerica.org\/es\/wp-json\/wp\/v2\/posts\/10287\/revisions"}],"wp:attachment":[{"href":"https:\/\/interamerica.org\/es\/wp-json\/wp\/v2\/media?parent=10287"}],"wp:term":[{"taxonomy":"category","embeddable":true,"href":"https:\/\/interamerica.org\/es\/wp-json\/wp\/v2\/categories?post=10287"},{"taxonomy":"post_tag","embeddable":true,"href":"https:\/\/interamerica.org\/es\/wp-json\/wp\/v2\/tags?post=10287"}],"curies":[{"name":"wp","href":"https:\/\/api.w.org\/{rel}","templated":true}]}}