{"id":10289,"date":"2004-04-22T00:00:00","date_gmt":"2004-04-22T04:00:00","guid":{"rendered":"http:\/\/192.81.217.108\/interamerica\/2004\/04\/haiti-la-iglesia-enfrenta-desafios\/"},"modified":"2017-06-02T09:20:01","modified_gmt":"2017-06-02T13:20:01","slug":"haiti-la-iglesia-enfrenta-desafios","status":"publish","type":"post","link":"https:\/\/interamerica.org\/es\/2004\/04\/haiti-la-iglesia-enfrenta-desafios\/","title":{"rendered":"Hait\u00ed:\u00a0 La Iglesia Enfrenta Desaf\u00edos"},"content":{"rendered":"<p>Puerto Pr\u00edncipe, Haiti&#8230;.[Personal de la DIA]<\/p>\n<p>Mientras que la agitaci\u00f3n pol\u00edtica ha estado escalando \u00faltimamente\u00a0en Hait\u00ed, los dirigentes\u00a0de la Iglesia\u00a0Adventista del S\u00e9ptimo D\u00eda en\u00a0\u00cdnter Am\u00e9rica\u00a0visitaron el pa\u00eds y reportaron que no ha habido p\u00e9rdida de vida entre los miembros de la iglesia y\u00a0tuvieron una reuni\u00f3n con los l\u00edderes locales\u00a0para ver c\u00f3mo se resuelven los problemas que se presentan all\u00ed.<\/p>\n<p>La iglesia [ en Hait\u00ed ] est\u00e1 fuerte, tiene muchas\u00a0necesidades\u00bb, dice el Pastor Israel Leito, Presidente\u00a0de la Iglesia en\u00a0\u00cdnter Am\u00e9rica,\u00a0que visit\u00f3 el pa\u00eds acompa\u00f1ado por otros administradores de la iglesia, el 12 de\u00a0abril.\u00a0\u00abNo se ha da\u00f1ado ninguna propriedad de la\u00a0iglesia y ning\u00fan\u00a0miembro ha sufrido perdida material\u00bb,\u00a0a\u00f1adi\u00f3 \u00e9l.\u00a0 El Pastor Leito dijo\u00a0que la iglesia ya\u00a0est\u00e1 ofreciendo\u00a0servicios de adoracion\u00a0durante sus\u00a0horas\u00a0regulares.<\/p>\n<p>Entre los retos que enfrentan los l\u00edderes de la iglesia en Hait\u00ed est\u00e1 el resolver algunas necesidades financieras urgentes, seg\u00fan Leito.\u00a0 \u00c9l contin\u00faa explicando que la universidad\u00a0Adventista en Puerto Pr\u00edncipe no\u00a0ha\u00a0podido hacerle frente a\u00a0sus obligaciones de\u00a0n\u00f3mina de pago a sus trabajadores.\u00a0 Algunas oficinas del campo local, tambi\u00e9n\u00a0est\u00e1n en necesidad financiera.<\/p>\n<p>\u00abLa Divisi\u00f3n se comprometido firmemente en lo financiero para ayudar a la Uni\u00f3n de Hait\u00ed esta vez,\u00bb dice Leito.\u00a0 Algunas uniones vecinas donaron fondos para ayudar a la iglesia en Hait\u00ed para hacerle frente a esta situaci\u00f3n.<\/p>\n<p>\u00abLa Uni\u00f3n\u00a0Haitiana est\u00e1 muy agradecida por la ayuda recibida y contin\u00faa\u00a0siendo fuerte,\u00bb agrega Leito.<\/p>\n<p>Hait\u00ed tiene el mayor\u00a0n\u00famero de miembros de iglesia que cualquier uni\u00f3n o regi\u00f3n en el territorio de \u00cdnter America, con 273.000 miembros que\u00a0adoran en 365 iglesias y congregaciones.<\/p>\n","protected":false},"excerpt":{"rendered":"<p>Mientras que la agitaci\u00f3n pol\u00edtica ha estado escalando \u00faltimamente\u00a0en Hait\u00ed, los dirigentes\u00a0de la Iglesia\u00a0Adventista del S\u00e9ptimo D\u00eda en\u00a0\u00cdnter Am\u00e9rica\u00a0visitaron el pa\u00eds&#8230;<\/p>\n","protected":false},"author":1,"featured_media":0,"comment_status":"closed","ping_status":"closed","sticky":false,"template":"","format":"standard","meta":{"_acf_changed":false,"footnotes":""},"categories":[8],"tags":[],"class_list":["post-10289","post","type-post","status-publish","format-standard","hentry","category-archivo"],"acf":[],"yoast_head":"<!-- This site is optimized with the Yoast SEO plugin v27.3 - https:\/\/yoast.com\/product\/yoast-seo-wordpress\/ -->\n<title>Hait\u00ed:\u00a0 La Iglesia Enfrenta Desaf\u00edos - Iglesia Adventista del S\u00e9ptimo D\u00eda - Divisi\u00f3n Interamericana<\/title>\n<meta name=\"robots\" content=\"index, follow, max-snippet:-1, max-image-preview:large, max-video-preview:-1\" \/>\n<link rel=\"canonical\" href=\"https:\/\/interamerica.org\/es\/2004\/04\/haiti-la-iglesia-enfrenta-desafios\/\" \/>\n<meta property=\"og:locale\" content=\"es_ES\" \/>\n<meta property=\"og:type\" content=\"article\" \/>\n<meta property=\"og:title\" content=\"Hait\u00ed:\u00a0 La Iglesia Enfrenta Desaf\u00edos - Iglesia Adventista del S\u00e9ptimo D\u00eda - Divisi\u00f3n Interamericana\" \/>\n<meta property=\"og:description\" content=\"Mientras que la agitaci\u00f3n pol\u00edtica ha estado escalando \u00faltimamente\u00a0en Hait\u00ed, los dirigentes\u00a0de la Iglesia\u00a0Adventista del S\u00e9ptimo D\u00eda en\u00a0\u00cdnter Am\u00e9rica\u00a0visitaron el pa\u00eds...\" \/>\n<meta property=\"og:url\" content=\"https:\/\/interamerica.org\/es\/2004\/04\/haiti-la-iglesia-enfrenta-desafios\/\" \/>\n<meta property=\"og:site_name\" content=\"Iglesia Adventista del S\u00e9ptimo D\u00eda - Divisi\u00f3n Interamericana\" \/>\n<meta property=\"article:published_time\" content=\"2004-04-22T04:00:00+00:00\" \/>\n<meta property=\"article:modified_time\" content=\"2017-06-02T13:20:01+00:00\" \/>\n<meta name=\"author\" content=\"Lorenzo Verduzco\" \/>\n<meta name=\"twitter:card\" content=\"summary_large_image\" \/>\n<meta name=\"twitter:label1\" content=\"Escrito por\" \/>\n\t<meta name=\"twitter:data1\" content=\"Lorenzo Verduzco\" \/>\n\t<meta name=\"twitter:label2\" content=\"Tiempo de lectura\" \/>\n\t<meta name=\"twitter:data2\" content=\"2 minutos\" \/>\n<script type=\"application\/ld+json\" class=\"yoast-schema-graph\">{\"@context\":\"https:\\\/\\\/schema.org\",\"@graph\":[{\"@type\":\"Article\",\"@id\":\"https:\\\/\\\/interamerica.org\\\/es\\\/2004\\\/04\\\/haiti-la-iglesia-enfrenta-desafios\\\/#article\",\"isPartOf\":{\"@id\":\"https:\\\/\\\/interamerica.org\\\/es\\\/2004\\\/04\\\/haiti-la-iglesia-enfrenta-desafios\\\/\"},\"author\":{\"name\":\"Lorenzo Verduzco\",\"@id\":\"https:\\\/\\\/interamerica.org\\\/es\\\/#\\\/schema\\\/person\\\/68ede8bdc292885bb76c1e3810e73c39\"},\"headline\":\"Hait\u00ed:\u00a0 La Iglesia Enfrenta Desaf\u00edos\",\"datePublished\":\"2004-04-22T04:00:00+00:00\",\"dateModified\":\"2017-06-02T13:20:01+00:00\",\"mainEntityOfPage\":{\"@id\":\"https:\\\/\\\/interamerica.org\\\/es\\\/2004\\\/04\\\/haiti-la-iglesia-enfrenta-desafios\\\/\"},\"wordCount\":312,\"articleSection\":[\"Archivo\"],\"inLanguage\":\"es\"},{\"@type\":\"WebPage\",\"@id\":\"https:\\\/\\\/interamerica.org\\\/es\\\/2004\\\/04\\\/haiti-la-iglesia-enfrenta-desafios\\\/\",\"url\":\"https:\\\/\\\/interamerica.org\\\/es\\\/2004\\\/04\\\/haiti-la-iglesia-enfrenta-desafios\\\/\",\"name\":\"Hait\u00ed:\u00a0 La Iglesia Enfrenta Desaf\u00edos - Iglesia Adventista del S\u00e9ptimo D\u00eda - Divisi\u00f3n Interamericana\",\"isPartOf\":{\"@id\":\"https:\\\/\\\/interamerica.org\\\/es\\\/#website\"},\"datePublished\":\"2004-04-22T04:00:00+00:00\",\"dateModified\":\"2017-06-02T13:20:01+00:00\",\"author\":{\"@id\":\"https:\\\/\\\/interamerica.org\\\/es\\\/#\\\/schema\\\/person\\\/68ede8bdc292885bb76c1e3810e73c39\"},\"breadcrumb\":{\"@id\":\"https:\\\/\\\/interamerica.org\\\/es\\\/2004\\\/04\\\/haiti-la-iglesia-enfrenta-desafios\\\/#breadcrumb\"},\"inLanguage\":\"es\",\"potentialAction\":[{\"@type\":\"ReadAction\",\"target\":[\"https:\\\/\\\/interamerica.org\\\/es\\\/2004\\\/04\\\/haiti-la-iglesia-enfrenta-desafios\\\/\"]}]},{\"@type\":\"BreadcrumbList\",\"@id\":\"https:\\\/\\\/interamerica.org\\\/es\\\/2004\\\/04\\\/haiti-la-iglesia-enfrenta-desafios\\\/#breadcrumb\",\"itemListElement\":[{\"@type\":\"ListItem\",\"position\":1,\"name\":\"Home\",\"item\":\"https:\\\/\\\/interamerica.org\\\/es\\\/\"},{\"@type\":\"ListItem\",\"position\":2,\"name\":\"Hait\u00ed:\u00a0 La Iglesia Enfrenta Desaf\u00edos\"}]},{\"@type\":\"WebSite\",\"@id\":\"https:\\\/\\\/interamerica.org\\\/es\\\/#website\",\"url\":\"https:\\\/\\\/interamerica.org\\\/es\\\/\",\"name\":\"Iglesia Adventista del S\u00e9ptimo D\u00eda - Divisi\u00f3n Interamericana\",\"description\":\"\",\"potentialAction\":[{\"@type\":\"SearchAction\",\"target\":{\"@type\":\"EntryPoint\",\"urlTemplate\":\"https:\\\/\\\/interamerica.org\\\/es\\\/?s={search_term_string}\"},\"query-input\":{\"@type\":\"PropertyValueSpecification\",\"valueRequired\":true,\"valueName\":\"search_term_string\"}}],\"inLanguage\":\"es\"},{\"@type\":\"Person\",\"@id\":\"https:\\\/\\\/interamerica.org\\\/es\\\/#\\\/schema\\\/person\\\/68ede8bdc292885bb76c1e3810e73c39\",\"name\":\"Lorenzo Verduzco\",\"image\":{\"@type\":\"ImageObject\",\"inLanguage\":\"es\",\"@id\":\"https:\\\/\\\/secure.gravatar.com\\\/avatar\\\/fb81a55b6218459490a9c1dc841a34909185b81904c5337b4b27f7a6fd60c49e?s=96&d=mm&r=g\",\"url\":\"https:\\\/\\\/secure.gravatar.com\\\/avatar\\\/fb81a55b6218459490a9c1dc841a34909185b81904c5337b4b27f7a6fd60c49e?s=96&d=mm&r=g\",\"contentUrl\":\"https:\\\/\\\/secure.gravatar.com\\\/avatar\\\/fb81a55b6218459490a9c1dc841a34909185b81904c5337b4b27f7a6fd60c49e?s=96&d=mm&r=g\",\"caption\":\"Lorenzo Verduzco\"}}]}<\/script>\n<!-- \/ Yoast SEO plugin. -->","yoast_head_json":{"title":"Hait\u00ed:\u00a0 La Iglesia Enfrenta Desaf\u00edos - Iglesia Adventista del S\u00e9ptimo D\u00eda - Divisi\u00f3n Interamericana","robots":{"index":"index","follow":"follow","max-snippet":"max-snippet:-1","max-image-preview":"max-image-preview:large","max-video-preview":"max-video-preview:-1"},"canonical":"https:\/\/interamerica.org\/es\/2004\/04\/haiti-la-iglesia-enfrenta-desafios\/","og_locale":"es_ES","og_type":"article","og_title":"Hait\u00ed:\u00a0 La Iglesia Enfrenta Desaf\u00edos - Iglesia Adventista del S\u00e9ptimo D\u00eda - Divisi\u00f3n Interamericana","og_description":"Mientras que la agitaci\u00f3n pol\u00edtica ha estado escalando \u00faltimamente\u00a0en Hait\u00ed, los dirigentes\u00a0de la Iglesia\u00a0Adventista del S\u00e9ptimo D\u00eda en\u00a0\u00cdnter Am\u00e9rica\u00a0visitaron el pa\u00eds...","og_url":"https:\/\/interamerica.org\/es\/2004\/04\/haiti-la-iglesia-enfrenta-desafios\/","og_site_name":"Iglesia Adventista del S\u00e9ptimo D\u00eda - Divisi\u00f3n Interamericana","article_published_time":"2004-04-22T04:00:00+00:00","article_modified_time":"2017-06-02T13:20:01+00:00","author":"Lorenzo Verduzco","twitter_card":"summary_large_image","twitter_misc":{"Escrito por":"Lorenzo Verduzco","Tiempo de lectura":"2 minutos"},"schema":{"@context":"https:\/\/schema.org","@graph":[{"@type":"Article","@id":"https:\/\/interamerica.org\/es\/2004\/04\/haiti-la-iglesia-enfrenta-desafios\/#article","isPartOf":{"@id":"https:\/\/interamerica.org\/es\/2004\/04\/haiti-la-iglesia-enfrenta-desafios\/"},"author":{"name":"Lorenzo Verduzco","@id":"https:\/\/interamerica.org\/es\/#\/schema\/person\/68ede8bdc292885bb76c1e3810e73c39"},"headline":"Hait\u00ed:\u00a0 La Iglesia Enfrenta Desaf\u00edos","datePublished":"2004-04-22T04:00:00+00:00","dateModified":"2017-06-02T13:20:01+00:00","mainEntityOfPage":{"@id":"https:\/\/interamerica.org\/es\/2004\/04\/haiti-la-iglesia-enfrenta-desafios\/"},"wordCount":312,"articleSection":["Archivo"],"inLanguage":"es"},{"@type":"WebPage","@id":"https:\/\/interamerica.org\/es\/2004\/04\/haiti-la-iglesia-enfrenta-desafios\/","url":"https:\/\/interamerica.org\/es\/2004\/04\/haiti-la-iglesia-enfrenta-desafios\/","name":"Hait\u00ed:\u00a0 La Iglesia Enfrenta Desaf\u00edos - Iglesia Adventista del S\u00e9ptimo D\u00eda - Divisi\u00f3n Interamericana","isPartOf":{"@id":"https:\/\/interamerica.org\/es\/#website"},"datePublished":"2004-04-22T04:00:00+00:00","dateModified":"2017-06-02T13:20:01+00:00","author":{"@id":"https:\/\/interamerica.org\/es\/#\/schema\/person\/68ede8bdc292885bb76c1e3810e73c39"},"breadcrumb":{"@id":"https:\/\/interamerica.org\/es\/2004\/04\/haiti-la-iglesia-enfrenta-desafios\/#breadcrumb"},"inLanguage":"es","potentialAction":[{"@type":"ReadAction","target":["https:\/\/interamerica.org\/es\/2004\/04\/haiti-la-iglesia-enfrenta-desafios\/"]}]},{"@type":"BreadcrumbList","@id":"https:\/\/interamerica.org\/es\/2004\/04\/haiti-la-iglesia-enfrenta-desafios\/#breadcrumb","itemListElement":[{"@type":"ListItem","position":1,"name":"Home","item":"https:\/\/interamerica.org\/es\/"},{"@type":"ListItem","position":2,"name":"Hait\u00ed:\u00a0 La Iglesia Enfrenta Desaf\u00edos"}]},{"@type":"WebSite","@id":"https:\/\/interamerica.org\/es\/#website","url":"https:\/\/interamerica.org\/es\/","name":"Iglesia Adventista del S\u00e9ptimo D\u00eda - Divisi\u00f3n Interamericana","description":"","potentialAction":[{"@type":"SearchAction","target":{"@type":"EntryPoint","urlTemplate":"https:\/\/interamerica.org\/es\/?s={search_term_string}"},"query-input":{"@type":"PropertyValueSpecification","valueRequired":true,"valueName":"search_term_string"}}],"inLanguage":"es"},{"@type":"Person","@id":"https:\/\/interamerica.org\/es\/#\/schema\/person\/68ede8bdc292885bb76c1e3810e73c39","name":"Lorenzo Verduzco","image":{"@type":"ImageObject","inLanguage":"es","@id":"https:\/\/secure.gravatar.com\/avatar\/fb81a55b6218459490a9c1dc841a34909185b81904c5337b4b27f7a6fd60c49e?s=96&d=mm&r=g","url":"https:\/\/secure.gravatar.com\/avatar\/fb81a55b6218459490a9c1dc841a34909185b81904c5337b4b27f7a6fd60c49e?s=96&d=mm&r=g","contentUrl":"https:\/\/secure.gravatar.com\/avatar\/fb81a55b6218459490a9c1dc841a34909185b81904c5337b4b27f7a6fd60c49e?s=96&d=mm&r=g","caption":"Lorenzo Verduzco"}}]}},"_links":{"self":[{"href":"https:\/\/interamerica.org\/es\/wp-json\/wp\/v2\/posts\/10289","targetHints":{"allow":["GET"]}}],"collection":[{"href":"https:\/\/interamerica.org\/es\/wp-json\/wp\/v2\/posts"}],"about":[{"href":"https:\/\/interamerica.org\/es\/wp-json\/wp\/v2\/types\/post"}],"author":[{"embeddable":true,"href":"https:\/\/interamerica.org\/es\/wp-json\/wp\/v2\/users\/1"}],"replies":[{"embeddable":true,"href":"https:\/\/interamerica.org\/es\/wp-json\/wp\/v2\/comments?post=10289"}],"version-history":[{"count":0,"href":"https:\/\/interamerica.org\/es\/wp-json\/wp\/v2\/posts\/10289\/revisions"}],"wp:attachment":[{"href":"https:\/\/interamerica.org\/es\/wp-json\/wp\/v2\/media?parent=10289"}],"wp:term":[{"taxonomy":"category","embeddable":true,"href":"https:\/\/interamerica.org\/es\/wp-json\/wp\/v2\/categories?post=10289"},{"taxonomy":"post_tag","embeddable":true,"href":"https:\/\/interamerica.org\/es\/wp-json\/wp\/v2\/tags?post=10289"}],"curies":[{"name":"wp","href":"https:\/\/api.w.org\/{rel}","templated":true}]}}