{"id":10290,"date":"2004-04-20T00:00:00","date_gmt":"2004-04-20T04:00:00","guid":{"rendered":"http:\/\/192.81.217.108\/interamerica\/2004\/04\/guatemala-la-juventud-se-reunen-para-un-congreso-especial\/"},"modified":"2017-06-02T09:20:01","modified_gmt":"2017-06-02T13:20:01","slug":"guatemala-la-juventud-se-reunen-para-un-congreso-especial","status":"publish","type":"post","link":"https:\/\/interamerica.org\/es\/2004\/04\/guatemala-la-juventud-se-reunen-para-un-congreso-especial\/","title":{"rendered":"Guatemala: La Juventud se re\u00fanen para un Congreso Especial"},"content":{"rendered":"<p>Ciudad de Guatemala, Guatemala&#8230;.[Melvin Batz\/DIA]<\/p>\n<p>Con casi 2,000 j\u00f3venes\u00a0Adventistas representando la regi\u00f3n del norte de Guatemala, se llev\u00f3\u00a0a cabo al primer Congreso de J\u00f3venes en el Parque de la Industria en la Ciudad de Guatemala del\u00a027 al 28 marzo.\u00a0 J\u00f3venes Adventistas y\u00a0no\u00a0Adventistas\u00a0llegaron igualmente de la regi\u00f3n del norte de\u00a0Guatemala, as\u00ed como del pa\u00eds vecino de Belice a participar en el\u00a0evento, que llev\u00f3 el tema de\u00a0\u00abMuchas Manos, Una Misi\u00f3n\u00bb.<\/p>\n<p>Los j\u00f3venes asistieron a\u00a0muchos seminarios para obtener inspiraci\u00f3n\u00a0y para ense\u00f1arles a c\u00f3mo dirigir\u00a0ministerio juvenil\u00a0de\u00a0sus iglesias respectivas.\u00a0 Hubo\u00a0tambi\u00e9n un programa sab\u00e1tico especial\u00a0donde Pastor Baraka Muganda, Director de J\u00f3venes\u00a0de\u00a0la Iglesia Mundial, invit\u00f3 a la juventud a que mantuvieran sus\u00a0principios bien definidos\u00a0bajo las normas cristianas\u00a0establecidas\u00a0por\u00a0la Iglesia\u00a0Adventista y La Biblia, tomando en cuanta\u00a0que los valores de hoy para los j\u00f3venes\u00a0se est\u00e1n perdiendo\u00a0por\u00a0la influencia de nuestra sociedad.<\/p>\n<p>El Pastor Bernardo Rodr\u00edguez, Director de J\u00f3venes\u00a0para la Iglesia en\u00a0\u00cdnter Am\u00e9rica, tambi\u00e9n se hizo\u00a0presente en el congreso\u00a0y motiv\u00f3\u00a0a los j\u00f3venes a que trabajen\u00a0en los diferentes\u00a0ministerios que promueve la Iglesia\u00a0Adventista.\u00a0Les invit\u00f3 a que atestiguaran del amor de Dios, poniendo a un lado el miedo a los obst\u00e1culos y a\u00a0las influencias del mundo\u00a0que la juventud\u00a0enfrenta\u00a0cada d\u00eda.<\/p>\n<p>El S\u00e1bado en la\u00a0tarde, muchos de los asistentes salieron a\u00a0las calles a testificar\u00a0y a distribuir la revista\u00a0\u00abEl Centinela\u00bb a los diferentes\u00a0sectores de la\u00a0capital de la ciudad.\u00a0 En\u00a0la tarde del Domingo, el congreso vue convocado con un mensaje\u00a0estimulante por parte de\u00a0Irvin Calder\u00f3n, Director de J\u00f3venes\u00a0para la Iglesia de la Uni\u00f3n\u00a0Centro Americana\u00a0del Norte.<\/p>\n","protected":false},"excerpt":{"rendered":"<p>Con casi 2,000 j\u00f3venes\u00a0Adventistas representando la regi\u00f3n del norte de Guatemala, se llev\u00f3\u00a0a cabo al primer Congreso de J\u00f3venes en el Parque de la Industria en la Ciudad de Guatemala del\u00a027-28 de marzo.<\/p>\n","protected":false},"author":1,"featured_media":0,"comment_status":"closed","ping_status":"closed","sticky":false,"template":"","format":"standard","meta":{"_acf_changed":false,"footnotes":""},"categories":[8],"tags":[],"class_list":["post-10290","post","type-post","status-publish","format-standard","hentry","category-archivo"],"acf":[],"yoast_head":"<!-- This site is optimized with the Yoast SEO plugin v27.3 - https:\/\/yoast.com\/product\/yoast-seo-wordpress\/ -->\n<title>Guatemala: La Juventud se re\u00fanen para un Congreso Especial - Iglesia Adventista del S\u00e9ptimo D\u00eda - Divisi\u00f3n Interamericana<\/title>\n<meta name=\"robots\" content=\"index, follow, max-snippet:-1, max-image-preview:large, max-video-preview:-1\" \/>\n<link rel=\"canonical\" href=\"https:\/\/interamerica.org\/es\/2004\/04\/guatemala-la-juventud-se-reunen-para-un-congreso-especial\/\" \/>\n<meta property=\"og:locale\" content=\"es_ES\" \/>\n<meta property=\"og:type\" content=\"article\" \/>\n<meta property=\"og:title\" content=\"Guatemala: La Juventud se re\u00fanen para un Congreso Especial - Iglesia Adventista del S\u00e9ptimo D\u00eda - Divisi\u00f3n Interamericana\" \/>\n<meta property=\"og:description\" content=\"Con casi 2,000 j\u00f3venes\u00a0Adventistas representando la regi\u00f3n del norte de Guatemala, se llev\u00f3\u00a0a cabo al primer Congreso de J\u00f3venes en el Parque de la Industria en la Ciudad de Guatemala del\u00a027-28 de marzo.\" \/>\n<meta property=\"og:url\" content=\"https:\/\/interamerica.org\/es\/2004\/04\/guatemala-la-juventud-se-reunen-para-un-congreso-especial\/\" \/>\n<meta property=\"og:site_name\" content=\"Iglesia Adventista del S\u00e9ptimo D\u00eda - Divisi\u00f3n Interamericana\" \/>\n<meta property=\"article:published_time\" content=\"2004-04-20T04:00:00+00:00\" \/>\n<meta property=\"article:modified_time\" content=\"2017-06-02T13:20:01+00:00\" \/>\n<meta name=\"author\" content=\"Lorenzo Verduzco\" \/>\n<meta name=\"twitter:card\" content=\"summary_large_image\" \/>\n<meta name=\"twitter:label1\" content=\"Escrito por\" \/>\n\t<meta name=\"twitter:data1\" content=\"Lorenzo Verduzco\" \/>\n\t<meta name=\"twitter:label2\" content=\"Tiempo de lectura\" \/>\n\t<meta name=\"twitter:data2\" content=\"2 minutos\" \/>\n<script type=\"application\/ld+json\" class=\"yoast-schema-graph\">{\"@context\":\"https:\\\/\\\/schema.org\",\"@graph\":[{\"@type\":\"Article\",\"@id\":\"https:\\\/\\\/interamerica.org\\\/es\\\/2004\\\/04\\\/guatemala-la-juventud-se-reunen-para-un-congreso-especial\\\/#article\",\"isPartOf\":{\"@id\":\"https:\\\/\\\/interamerica.org\\\/es\\\/2004\\\/04\\\/guatemala-la-juventud-se-reunen-para-un-congreso-especial\\\/\"},\"author\":{\"name\":\"Lorenzo Verduzco\",\"@id\":\"https:\\\/\\\/interamerica.org\\\/es\\\/#\\\/schema\\\/person\\\/68ede8bdc292885bb76c1e3810e73c39\"},\"headline\":\"Guatemala: La Juventud se re\u00fanen para un Congreso Especial\",\"datePublished\":\"2004-04-20T04:00:00+00:00\",\"dateModified\":\"2017-06-02T13:20:01+00:00\",\"mainEntityOfPage\":{\"@id\":\"https:\\\/\\\/interamerica.org\\\/es\\\/2004\\\/04\\\/guatemala-la-juventud-se-reunen-para-un-congreso-especial\\\/\"},\"wordCount\":324,\"articleSection\":[\"Archivo\"],\"inLanguage\":\"es\"},{\"@type\":\"WebPage\",\"@id\":\"https:\\\/\\\/interamerica.org\\\/es\\\/2004\\\/04\\\/guatemala-la-juventud-se-reunen-para-un-congreso-especial\\\/\",\"url\":\"https:\\\/\\\/interamerica.org\\\/es\\\/2004\\\/04\\\/guatemala-la-juventud-se-reunen-para-un-congreso-especial\\\/\",\"name\":\"Guatemala: La Juventud se re\u00fanen para un Congreso Especial - Iglesia Adventista del S\u00e9ptimo D\u00eda - Divisi\u00f3n Interamericana\",\"isPartOf\":{\"@id\":\"https:\\\/\\\/interamerica.org\\\/es\\\/#website\"},\"datePublished\":\"2004-04-20T04:00:00+00:00\",\"dateModified\":\"2017-06-02T13:20:01+00:00\",\"author\":{\"@id\":\"https:\\\/\\\/interamerica.org\\\/es\\\/#\\\/schema\\\/person\\\/68ede8bdc292885bb76c1e3810e73c39\"},\"breadcrumb\":{\"@id\":\"https:\\\/\\\/interamerica.org\\\/es\\\/2004\\\/04\\\/guatemala-la-juventud-se-reunen-para-un-congreso-especial\\\/#breadcrumb\"},\"inLanguage\":\"es\",\"potentialAction\":[{\"@type\":\"ReadAction\",\"target\":[\"https:\\\/\\\/interamerica.org\\\/es\\\/2004\\\/04\\\/guatemala-la-juventud-se-reunen-para-un-congreso-especial\\\/\"]}]},{\"@type\":\"BreadcrumbList\",\"@id\":\"https:\\\/\\\/interamerica.org\\\/es\\\/2004\\\/04\\\/guatemala-la-juventud-se-reunen-para-un-congreso-especial\\\/#breadcrumb\",\"itemListElement\":[{\"@type\":\"ListItem\",\"position\":1,\"name\":\"Home\",\"item\":\"https:\\\/\\\/interamerica.org\\\/es\\\/\"},{\"@type\":\"ListItem\",\"position\":2,\"name\":\"Guatemala: La Juventud se re\u00fanen para un Congreso Especial\"}]},{\"@type\":\"WebSite\",\"@id\":\"https:\\\/\\\/interamerica.org\\\/es\\\/#website\",\"url\":\"https:\\\/\\\/interamerica.org\\\/es\\\/\",\"name\":\"Iglesia Adventista del S\u00e9ptimo D\u00eda - Divisi\u00f3n Interamericana\",\"description\":\"\",\"potentialAction\":[{\"@type\":\"SearchAction\",\"target\":{\"@type\":\"EntryPoint\",\"urlTemplate\":\"https:\\\/\\\/interamerica.org\\\/es\\\/?s={search_term_string}\"},\"query-input\":{\"@type\":\"PropertyValueSpecification\",\"valueRequired\":true,\"valueName\":\"search_term_string\"}}],\"inLanguage\":\"es\"},{\"@type\":\"Person\",\"@id\":\"https:\\\/\\\/interamerica.org\\\/es\\\/#\\\/schema\\\/person\\\/68ede8bdc292885bb76c1e3810e73c39\",\"name\":\"Lorenzo Verduzco\",\"image\":{\"@type\":\"ImageObject\",\"inLanguage\":\"es\",\"@id\":\"https:\\\/\\\/secure.gravatar.com\\\/avatar\\\/fb81a55b6218459490a9c1dc841a34909185b81904c5337b4b27f7a6fd60c49e?s=96&d=mm&r=g\",\"url\":\"https:\\\/\\\/secure.gravatar.com\\\/avatar\\\/fb81a55b6218459490a9c1dc841a34909185b81904c5337b4b27f7a6fd60c49e?s=96&d=mm&r=g\",\"contentUrl\":\"https:\\\/\\\/secure.gravatar.com\\\/avatar\\\/fb81a55b6218459490a9c1dc841a34909185b81904c5337b4b27f7a6fd60c49e?s=96&d=mm&r=g\",\"caption\":\"Lorenzo Verduzco\"}}]}<\/script>\n<!-- \/ Yoast SEO plugin. -->","yoast_head_json":{"title":"Guatemala: La Juventud se re\u00fanen para un Congreso Especial - Iglesia Adventista del S\u00e9ptimo D\u00eda - Divisi\u00f3n Interamericana","robots":{"index":"index","follow":"follow","max-snippet":"max-snippet:-1","max-image-preview":"max-image-preview:large","max-video-preview":"max-video-preview:-1"},"canonical":"https:\/\/interamerica.org\/es\/2004\/04\/guatemala-la-juventud-se-reunen-para-un-congreso-especial\/","og_locale":"es_ES","og_type":"article","og_title":"Guatemala: La Juventud se re\u00fanen para un Congreso Especial - Iglesia Adventista del S\u00e9ptimo D\u00eda - Divisi\u00f3n Interamericana","og_description":"Con casi 2,000 j\u00f3venes\u00a0Adventistas representando la regi\u00f3n del norte de Guatemala, se llev\u00f3\u00a0a cabo al primer Congreso de J\u00f3venes en el Parque de la Industria en la Ciudad de Guatemala del\u00a027-28 de marzo.","og_url":"https:\/\/interamerica.org\/es\/2004\/04\/guatemala-la-juventud-se-reunen-para-un-congreso-especial\/","og_site_name":"Iglesia Adventista del S\u00e9ptimo D\u00eda - Divisi\u00f3n Interamericana","article_published_time":"2004-04-20T04:00:00+00:00","article_modified_time":"2017-06-02T13:20:01+00:00","author":"Lorenzo Verduzco","twitter_card":"summary_large_image","twitter_misc":{"Escrito por":"Lorenzo Verduzco","Tiempo de lectura":"2 minutos"},"schema":{"@context":"https:\/\/schema.org","@graph":[{"@type":"Article","@id":"https:\/\/interamerica.org\/es\/2004\/04\/guatemala-la-juventud-se-reunen-para-un-congreso-especial\/#article","isPartOf":{"@id":"https:\/\/interamerica.org\/es\/2004\/04\/guatemala-la-juventud-se-reunen-para-un-congreso-especial\/"},"author":{"name":"Lorenzo Verduzco","@id":"https:\/\/interamerica.org\/es\/#\/schema\/person\/68ede8bdc292885bb76c1e3810e73c39"},"headline":"Guatemala: La Juventud se re\u00fanen para un Congreso Especial","datePublished":"2004-04-20T04:00:00+00:00","dateModified":"2017-06-02T13:20:01+00:00","mainEntityOfPage":{"@id":"https:\/\/interamerica.org\/es\/2004\/04\/guatemala-la-juventud-se-reunen-para-un-congreso-especial\/"},"wordCount":324,"articleSection":["Archivo"],"inLanguage":"es"},{"@type":"WebPage","@id":"https:\/\/interamerica.org\/es\/2004\/04\/guatemala-la-juventud-se-reunen-para-un-congreso-especial\/","url":"https:\/\/interamerica.org\/es\/2004\/04\/guatemala-la-juventud-se-reunen-para-un-congreso-especial\/","name":"Guatemala: La Juventud se re\u00fanen para un Congreso Especial - Iglesia Adventista del S\u00e9ptimo D\u00eda - Divisi\u00f3n Interamericana","isPartOf":{"@id":"https:\/\/interamerica.org\/es\/#website"},"datePublished":"2004-04-20T04:00:00+00:00","dateModified":"2017-06-02T13:20:01+00:00","author":{"@id":"https:\/\/interamerica.org\/es\/#\/schema\/person\/68ede8bdc292885bb76c1e3810e73c39"},"breadcrumb":{"@id":"https:\/\/interamerica.org\/es\/2004\/04\/guatemala-la-juventud-se-reunen-para-un-congreso-especial\/#breadcrumb"},"inLanguage":"es","potentialAction":[{"@type":"ReadAction","target":["https:\/\/interamerica.org\/es\/2004\/04\/guatemala-la-juventud-se-reunen-para-un-congreso-especial\/"]}]},{"@type":"BreadcrumbList","@id":"https:\/\/interamerica.org\/es\/2004\/04\/guatemala-la-juventud-se-reunen-para-un-congreso-especial\/#breadcrumb","itemListElement":[{"@type":"ListItem","position":1,"name":"Home","item":"https:\/\/interamerica.org\/es\/"},{"@type":"ListItem","position":2,"name":"Guatemala: La Juventud se re\u00fanen para un Congreso Especial"}]},{"@type":"WebSite","@id":"https:\/\/interamerica.org\/es\/#website","url":"https:\/\/interamerica.org\/es\/","name":"Iglesia Adventista del S\u00e9ptimo D\u00eda - Divisi\u00f3n Interamericana","description":"","potentialAction":[{"@type":"SearchAction","target":{"@type":"EntryPoint","urlTemplate":"https:\/\/interamerica.org\/es\/?s={search_term_string}"},"query-input":{"@type":"PropertyValueSpecification","valueRequired":true,"valueName":"search_term_string"}}],"inLanguage":"es"},{"@type":"Person","@id":"https:\/\/interamerica.org\/es\/#\/schema\/person\/68ede8bdc292885bb76c1e3810e73c39","name":"Lorenzo Verduzco","image":{"@type":"ImageObject","inLanguage":"es","@id":"https:\/\/secure.gravatar.com\/avatar\/fb81a55b6218459490a9c1dc841a34909185b81904c5337b4b27f7a6fd60c49e?s=96&d=mm&r=g","url":"https:\/\/secure.gravatar.com\/avatar\/fb81a55b6218459490a9c1dc841a34909185b81904c5337b4b27f7a6fd60c49e?s=96&d=mm&r=g","contentUrl":"https:\/\/secure.gravatar.com\/avatar\/fb81a55b6218459490a9c1dc841a34909185b81904c5337b4b27f7a6fd60c49e?s=96&d=mm&r=g","caption":"Lorenzo Verduzco"}}]}},"_links":{"self":[{"href":"https:\/\/interamerica.org\/es\/wp-json\/wp\/v2\/posts\/10290","targetHints":{"allow":["GET"]}}],"collection":[{"href":"https:\/\/interamerica.org\/es\/wp-json\/wp\/v2\/posts"}],"about":[{"href":"https:\/\/interamerica.org\/es\/wp-json\/wp\/v2\/types\/post"}],"author":[{"embeddable":true,"href":"https:\/\/interamerica.org\/es\/wp-json\/wp\/v2\/users\/1"}],"replies":[{"embeddable":true,"href":"https:\/\/interamerica.org\/es\/wp-json\/wp\/v2\/comments?post=10290"}],"version-history":[{"count":0,"href":"https:\/\/interamerica.org\/es\/wp-json\/wp\/v2\/posts\/10290\/revisions"}],"wp:attachment":[{"href":"https:\/\/interamerica.org\/es\/wp-json\/wp\/v2\/media?parent=10290"}],"wp:term":[{"taxonomy":"category","embeddable":true,"href":"https:\/\/interamerica.org\/es\/wp-json\/wp\/v2\/categories?post=10290"},{"taxonomy":"post_tag","embeddable":true,"href":"https:\/\/interamerica.org\/es\/wp-json\/wp\/v2\/tags?post=10290"}],"curies":[{"name":"wp","href":"https:\/\/api.w.org\/{rel}","templated":true}]}}