{"id":10293,"date":"2004-04-27T00:00:00","date_gmt":"2004-04-27T04:00:00","guid":{"rendered":"http:\/\/192.81.217.108\/interamerica\/2004\/04\/iglesia-mundial-aprueban-cerca-de-1-millon-de-dolares-para-proyectos-de-mision-global\/"},"modified":"2017-06-02T09:19:28","modified_gmt":"2017-06-02T13:19:28","slug":"iglesia-mundial-aprueban-cerca-de-1-millon-de-dolares-para-proyectos-de-mision-global","status":"publish","type":"post","link":"https:\/\/interamerica.org\/es\/2004\/04\/iglesia-mundial-aprueban-cerca-de-1-millon-de-dolares-para-proyectos-de-mision-global\/","title":{"rendered":"Iglesia Mundial: Aprueban Cerca de 1 Mill\u00f3n\u00a0de D\u00f3lares para Proyectos de Misi\u00f3n Global"},"content":{"rendered":"<p>Silver Spring, Maryland, Estados Unidos &#8230; [Mark A. Kellner\/ANN] <\/p>\n<p>Ellos estar\u00e1n trabajando en aldeas remotas con acceso \u00fanicamente por un peque\u00f1o r\u00edo.\u00a0 Estar\u00e1n en medio de una de las cuidades m\u00e1s grandes del mundo.\u00a0 En algunas localidades, tendr\u00e1n que operar en absoluto secreto,\u00a0investigando a los reci\u00e9n llegados antes de permitirles la entrada.<\/p>\n<p>\u00abEllos\u00bb son\u00a0pioneros de Misi\u00f3n Global, levantando congregaciones y construyendo iglesias y centros de comuni\u00f3n tanto en lugares donde\u00a0pueden ser conocidos como donde\u00a0deben mantenerse en secreto.\u00a0 El Comit\u00e9 de la Iglesia Adventista del S\u00e9ptimo D\u00eda de Operaciones de Misiones Globales vot\u00f3 el 22 de abril\u00a0aprobar cerca de\u00a01 mill\u00f3n de d\u00f3lares para fondos de \u00e9stos proyectos.<\/p>\n<p>\u00abSin cesar permanecemos fieles al mandato evang\u00e9lico\u00bb, dijo Michael L. Ryan, uno de los vice presidentes generales de la iglesia y\u00a0l\u00edder del esfuerzo de Misi\u00f3n Global.\u00a0 \u00abEl noventa y nueve porciento de proyectos brindar\u00e1 esperanza en Cristo a la &#8216;ventana 10\/40,&#8217; y el voto del comit\u00e9, al\u00a0aprobar esta gran cantidad de proyectos, se extiende m\u00e1s all\u00e1 del ministerio de la\u00a0iglesia y Misi\u00f3n Global.\u00bb\u00a0<\/p>\n<p>No se pueden dar a conocer publicamente muchos de los pa\u00edses donde Misi\u00f3n Global est\u00e1 trabajando, por temor al antagonismo tanto por las autoridades como por las comunidades de fe dominantes que podr\u00edan ver a los cristianos como una amenaza.\u00a0\u00a0 Sin embargo, en una de estas naciones, se les dijo a los\u00a0miembros del comit\u00e9 de operaciones que la situaci\u00f3n \u00abestaba dada con la oportunidad para ahora mismo\u00bb\u00a0dar el mensaje del Evangelio.<\/p>\n<p>\u00abLas acciones que se tomaron al votar por dichos fondos son quiz\u00e1 la parte m\u00e1s f\u00e1cil en todo el proceso,\u00bb dijo Lowell C. Cooper, uno de los\u00a0vice presidentes generales de la iglesia mundial.\u00a0 \u00abReconocemos que habr\u00e1n incontables individuos en estos paises quienes se enfrentar\u00e1n al reto de vivir, demostrar y aplicar el Evangelio en sus relaciones con otras personas.\u00a0 Sabemos que\u00a0el financiamiento habilita la acci\u00f3n, pero los fondos no llevan a cabo la ganancia o la testificaci\u00f3n.\u00bb<\/p>\n<p>Misi\u00f3n Global es una iniciativa especial de la Iglesia Adventista del S\u00e9ptimo D\u00eda, votada en 1990, para el establecimiento de nuevas iglesias adventistas donde no hay ninguna con el fin de\u00a0llegar a los que no han sido\u00a0alcanzados con la esperanza\u00a0que se encuentra\u00a0en el Evangelio.\u00a0 Miles de pioneros de Misi\u00f3n Global han establecido m\u00e1s de 11,000 nuevas congregaciones adventistas desde\u00a0entonces.\u00a0 M\u00e1s informaci\u00f3n acerca de este programa la encuentra en linea en <a  href=\"http:\/\/www.global-mission.org\">www.global-mission.org<\/a>.<\/p>\n<p>Derechos Reservados 2004 por Red de Noticias Adventistas.\u00a0<\/p>\n","protected":false},"excerpt":{"rendered":"<p>Estar\u00e1n trabajando en aldeas remotas con acceso unicamente por un peque\u00f1o r\u00edo.\u00a0 Estar\u00e1n en medio de una de las cuidades m\u00e1s grandes del mundo.<\/p>\n","protected":false},"author":1,"featured_media":0,"comment_status":"closed","ping_status":"closed","sticky":false,"template":"","format":"standard","meta":{"_acf_changed":false,"footnotes":""},"categories":[8],"tags":[],"class_list":["post-10293","post","type-post","status-publish","format-standard","hentry","category-archivo"],"acf":[],"yoast_head":"<!-- This site is optimized with the Yoast SEO plugin v27.3 - https:\/\/yoast.com\/product\/yoast-seo-wordpress\/ -->\n<title>Iglesia Mundial: Aprueban Cerca de 1 Mill\u00f3n\u00a0de D\u00f3lares para Proyectos de Misi\u00f3n Global - Iglesia Adventista del S\u00e9ptimo D\u00eda - Divisi\u00f3n Interamericana<\/title>\n<meta name=\"robots\" content=\"index, follow, max-snippet:-1, max-image-preview:large, max-video-preview:-1\" \/>\n<link rel=\"canonical\" href=\"https:\/\/interamerica.org\/es\/2004\/04\/iglesia-mundial-aprueban-cerca-de-1-millon-de-dolares-para-proyectos-de-mision-global\/\" \/>\n<meta property=\"og:locale\" content=\"es_ES\" \/>\n<meta property=\"og:type\" content=\"article\" \/>\n<meta property=\"og:title\" content=\"Iglesia Mundial: Aprueban Cerca de 1 Mill\u00f3n\u00a0de D\u00f3lares para Proyectos de Misi\u00f3n Global - Iglesia Adventista del S\u00e9ptimo D\u00eda - Divisi\u00f3n Interamericana\" \/>\n<meta property=\"og:description\" content=\"Estar\u00e1n trabajando en aldeas remotas con acceso unicamente por un peque\u00f1o r\u00edo.\u00a0 Estar\u00e1n en medio de una de las cuidades m\u00e1s grandes del mundo.\" \/>\n<meta property=\"og:url\" content=\"https:\/\/interamerica.org\/es\/2004\/04\/iglesia-mundial-aprueban-cerca-de-1-millon-de-dolares-para-proyectos-de-mision-global\/\" \/>\n<meta property=\"og:site_name\" content=\"Iglesia Adventista del S\u00e9ptimo D\u00eda - Divisi\u00f3n Interamericana\" \/>\n<meta property=\"article:published_time\" content=\"2004-04-27T04:00:00+00:00\" \/>\n<meta property=\"article:modified_time\" content=\"2017-06-02T13:19:28+00:00\" \/>\n<meta name=\"author\" content=\"Lorenzo Verduzco\" \/>\n<meta name=\"twitter:card\" content=\"summary_large_image\" \/>\n<meta name=\"twitter:label1\" content=\"Escrito por\" \/>\n\t<meta name=\"twitter:data1\" content=\"Lorenzo Verduzco\" \/>\n\t<meta name=\"twitter:label2\" content=\"Tiempo de lectura\" \/>\n\t<meta name=\"twitter:data2\" content=\"2 minutos\" \/>\n<script type=\"application\/ld+json\" class=\"yoast-schema-graph\">{\"@context\":\"https:\\\/\\\/schema.org\",\"@graph\":[{\"@type\":\"Article\",\"@id\":\"https:\\\/\\\/interamerica.org\\\/es\\\/2004\\\/04\\\/iglesia-mundial-aprueban-cerca-de-1-millon-de-dolares-para-proyectos-de-mision-global\\\/#article\",\"isPartOf\":{\"@id\":\"https:\\\/\\\/interamerica.org\\\/es\\\/2004\\\/04\\\/iglesia-mundial-aprueban-cerca-de-1-millon-de-dolares-para-proyectos-de-mision-global\\\/\"},\"author\":{\"name\":\"Lorenzo Verduzco\",\"@id\":\"https:\\\/\\\/interamerica.org\\\/es\\\/#\\\/schema\\\/person\\\/68ede8bdc292885bb76c1e3810e73c39\"},\"headline\":\"Iglesia Mundial: Aprueban Cerca de 1 Mill\u00f3n\u00a0de D\u00f3lares para Proyectos de Misi\u00f3n Global\",\"datePublished\":\"2004-04-27T04:00:00+00:00\",\"dateModified\":\"2017-06-02T13:19:28+00:00\",\"mainEntityOfPage\":{\"@id\":\"https:\\\/\\\/interamerica.org\\\/es\\\/2004\\\/04\\\/iglesia-mundial-aprueban-cerca-de-1-millon-de-dolares-para-proyectos-de-mision-global\\\/\"},\"wordCount\":461,\"articleSection\":[\"Archivo\"],\"inLanguage\":\"es\"},{\"@type\":\"WebPage\",\"@id\":\"https:\\\/\\\/interamerica.org\\\/es\\\/2004\\\/04\\\/iglesia-mundial-aprueban-cerca-de-1-millon-de-dolares-para-proyectos-de-mision-global\\\/\",\"url\":\"https:\\\/\\\/interamerica.org\\\/es\\\/2004\\\/04\\\/iglesia-mundial-aprueban-cerca-de-1-millon-de-dolares-para-proyectos-de-mision-global\\\/\",\"name\":\"Iglesia Mundial: Aprueban Cerca de 1 Mill\u00f3n\u00a0de D\u00f3lares para Proyectos de Misi\u00f3n Global - Iglesia Adventista del S\u00e9ptimo D\u00eda - Divisi\u00f3n Interamericana\",\"isPartOf\":{\"@id\":\"https:\\\/\\\/interamerica.org\\\/es\\\/#website\"},\"datePublished\":\"2004-04-27T04:00:00+00:00\",\"dateModified\":\"2017-06-02T13:19:28+00:00\",\"author\":{\"@id\":\"https:\\\/\\\/interamerica.org\\\/es\\\/#\\\/schema\\\/person\\\/68ede8bdc292885bb76c1e3810e73c39\"},\"breadcrumb\":{\"@id\":\"https:\\\/\\\/interamerica.org\\\/es\\\/2004\\\/04\\\/iglesia-mundial-aprueban-cerca-de-1-millon-de-dolares-para-proyectos-de-mision-global\\\/#breadcrumb\"},\"inLanguage\":\"es\",\"potentialAction\":[{\"@type\":\"ReadAction\",\"target\":[\"https:\\\/\\\/interamerica.org\\\/es\\\/2004\\\/04\\\/iglesia-mundial-aprueban-cerca-de-1-millon-de-dolares-para-proyectos-de-mision-global\\\/\"]}]},{\"@type\":\"BreadcrumbList\",\"@id\":\"https:\\\/\\\/interamerica.org\\\/es\\\/2004\\\/04\\\/iglesia-mundial-aprueban-cerca-de-1-millon-de-dolares-para-proyectos-de-mision-global\\\/#breadcrumb\",\"itemListElement\":[{\"@type\":\"ListItem\",\"position\":1,\"name\":\"Home\",\"item\":\"https:\\\/\\\/interamerica.org\\\/es\\\/\"},{\"@type\":\"ListItem\",\"position\":2,\"name\":\"Iglesia Mundial: Aprueban Cerca de 1 Mill\u00f3n\u00a0de D\u00f3lares para Proyectos de Misi\u00f3n Global\"}]},{\"@type\":\"WebSite\",\"@id\":\"https:\\\/\\\/interamerica.org\\\/es\\\/#website\",\"url\":\"https:\\\/\\\/interamerica.org\\\/es\\\/\",\"name\":\"Iglesia Adventista del S\u00e9ptimo D\u00eda - Divisi\u00f3n Interamericana\",\"description\":\"\",\"potentialAction\":[{\"@type\":\"SearchAction\",\"target\":{\"@type\":\"EntryPoint\",\"urlTemplate\":\"https:\\\/\\\/interamerica.org\\\/es\\\/?s={search_term_string}\"},\"query-input\":{\"@type\":\"PropertyValueSpecification\",\"valueRequired\":true,\"valueName\":\"search_term_string\"}}],\"inLanguage\":\"es\"},{\"@type\":\"Person\",\"@id\":\"https:\\\/\\\/interamerica.org\\\/es\\\/#\\\/schema\\\/person\\\/68ede8bdc292885bb76c1e3810e73c39\",\"name\":\"Lorenzo Verduzco\",\"image\":{\"@type\":\"ImageObject\",\"inLanguage\":\"es\",\"@id\":\"https:\\\/\\\/secure.gravatar.com\\\/avatar\\\/fb81a55b6218459490a9c1dc841a34909185b81904c5337b4b27f7a6fd60c49e?s=96&d=mm&r=g\",\"url\":\"https:\\\/\\\/secure.gravatar.com\\\/avatar\\\/fb81a55b6218459490a9c1dc841a34909185b81904c5337b4b27f7a6fd60c49e?s=96&d=mm&r=g\",\"contentUrl\":\"https:\\\/\\\/secure.gravatar.com\\\/avatar\\\/fb81a55b6218459490a9c1dc841a34909185b81904c5337b4b27f7a6fd60c49e?s=96&d=mm&r=g\",\"caption\":\"Lorenzo Verduzco\"}}]}<\/script>\n<!-- \/ Yoast SEO plugin. -->","yoast_head_json":{"title":"Iglesia Mundial: Aprueban Cerca de 1 Mill\u00f3n\u00a0de D\u00f3lares para Proyectos de Misi\u00f3n Global - Iglesia Adventista del S\u00e9ptimo D\u00eda - Divisi\u00f3n Interamericana","robots":{"index":"index","follow":"follow","max-snippet":"max-snippet:-1","max-image-preview":"max-image-preview:large","max-video-preview":"max-video-preview:-1"},"canonical":"https:\/\/interamerica.org\/es\/2004\/04\/iglesia-mundial-aprueban-cerca-de-1-millon-de-dolares-para-proyectos-de-mision-global\/","og_locale":"es_ES","og_type":"article","og_title":"Iglesia Mundial: Aprueban Cerca de 1 Mill\u00f3n\u00a0de D\u00f3lares para Proyectos de Misi\u00f3n Global - Iglesia Adventista del S\u00e9ptimo D\u00eda - Divisi\u00f3n Interamericana","og_description":"Estar\u00e1n trabajando en aldeas remotas con acceso unicamente por un peque\u00f1o r\u00edo.\u00a0 Estar\u00e1n en medio de una de las cuidades m\u00e1s grandes del mundo.","og_url":"https:\/\/interamerica.org\/es\/2004\/04\/iglesia-mundial-aprueban-cerca-de-1-millon-de-dolares-para-proyectos-de-mision-global\/","og_site_name":"Iglesia Adventista del S\u00e9ptimo D\u00eda - Divisi\u00f3n Interamericana","article_published_time":"2004-04-27T04:00:00+00:00","article_modified_time":"2017-06-02T13:19:28+00:00","author":"Lorenzo Verduzco","twitter_card":"summary_large_image","twitter_misc":{"Escrito por":"Lorenzo Verduzco","Tiempo de lectura":"2 minutos"},"schema":{"@context":"https:\/\/schema.org","@graph":[{"@type":"Article","@id":"https:\/\/interamerica.org\/es\/2004\/04\/iglesia-mundial-aprueban-cerca-de-1-millon-de-dolares-para-proyectos-de-mision-global\/#article","isPartOf":{"@id":"https:\/\/interamerica.org\/es\/2004\/04\/iglesia-mundial-aprueban-cerca-de-1-millon-de-dolares-para-proyectos-de-mision-global\/"},"author":{"name":"Lorenzo Verduzco","@id":"https:\/\/interamerica.org\/es\/#\/schema\/person\/68ede8bdc292885bb76c1e3810e73c39"},"headline":"Iglesia Mundial: Aprueban Cerca de 1 Mill\u00f3n\u00a0de D\u00f3lares para Proyectos de Misi\u00f3n Global","datePublished":"2004-04-27T04:00:00+00:00","dateModified":"2017-06-02T13:19:28+00:00","mainEntityOfPage":{"@id":"https:\/\/interamerica.org\/es\/2004\/04\/iglesia-mundial-aprueban-cerca-de-1-millon-de-dolares-para-proyectos-de-mision-global\/"},"wordCount":461,"articleSection":["Archivo"],"inLanguage":"es"},{"@type":"WebPage","@id":"https:\/\/interamerica.org\/es\/2004\/04\/iglesia-mundial-aprueban-cerca-de-1-millon-de-dolares-para-proyectos-de-mision-global\/","url":"https:\/\/interamerica.org\/es\/2004\/04\/iglesia-mundial-aprueban-cerca-de-1-millon-de-dolares-para-proyectos-de-mision-global\/","name":"Iglesia Mundial: Aprueban Cerca de 1 Mill\u00f3n\u00a0de D\u00f3lares para Proyectos de Misi\u00f3n Global - Iglesia Adventista del S\u00e9ptimo D\u00eda - Divisi\u00f3n Interamericana","isPartOf":{"@id":"https:\/\/interamerica.org\/es\/#website"},"datePublished":"2004-04-27T04:00:00+00:00","dateModified":"2017-06-02T13:19:28+00:00","author":{"@id":"https:\/\/interamerica.org\/es\/#\/schema\/person\/68ede8bdc292885bb76c1e3810e73c39"},"breadcrumb":{"@id":"https:\/\/interamerica.org\/es\/2004\/04\/iglesia-mundial-aprueban-cerca-de-1-millon-de-dolares-para-proyectos-de-mision-global\/#breadcrumb"},"inLanguage":"es","potentialAction":[{"@type":"ReadAction","target":["https:\/\/interamerica.org\/es\/2004\/04\/iglesia-mundial-aprueban-cerca-de-1-millon-de-dolares-para-proyectos-de-mision-global\/"]}]},{"@type":"BreadcrumbList","@id":"https:\/\/interamerica.org\/es\/2004\/04\/iglesia-mundial-aprueban-cerca-de-1-millon-de-dolares-para-proyectos-de-mision-global\/#breadcrumb","itemListElement":[{"@type":"ListItem","position":1,"name":"Home","item":"https:\/\/interamerica.org\/es\/"},{"@type":"ListItem","position":2,"name":"Iglesia Mundial: Aprueban Cerca de 1 Mill\u00f3n\u00a0de D\u00f3lares para Proyectos de Misi\u00f3n Global"}]},{"@type":"WebSite","@id":"https:\/\/interamerica.org\/es\/#website","url":"https:\/\/interamerica.org\/es\/","name":"Iglesia Adventista del S\u00e9ptimo D\u00eda - Divisi\u00f3n Interamericana","description":"","potentialAction":[{"@type":"SearchAction","target":{"@type":"EntryPoint","urlTemplate":"https:\/\/interamerica.org\/es\/?s={search_term_string}"},"query-input":{"@type":"PropertyValueSpecification","valueRequired":true,"valueName":"search_term_string"}}],"inLanguage":"es"},{"@type":"Person","@id":"https:\/\/interamerica.org\/es\/#\/schema\/person\/68ede8bdc292885bb76c1e3810e73c39","name":"Lorenzo Verduzco","image":{"@type":"ImageObject","inLanguage":"es","@id":"https:\/\/secure.gravatar.com\/avatar\/fb81a55b6218459490a9c1dc841a34909185b81904c5337b4b27f7a6fd60c49e?s=96&d=mm&r=g","url":"https:\/\/secure.gravatar.com\/avatar\/fb81a55b6218459490a9c1dc841a34909185b81904c5337b4b27f7a6fd60c49e?s=96&d=mm&r=g","contentUrl":"https:\/\/secure.gravatar.com\/avatar\/fb81a55b6218459490a9c1dc841a34909185b81904c5337b4b27f7a6fd60c49e?s=96&d=mm&r=g","caption":"Lorenzo Verduzco"}}]}},"_links":{"self":[{"href":"https:\/\/interamerica.org\/es\/wp-json\/wp\/v2\/posts\/10293","targetHints":{"allow":["GET"]}}],"collection":[{"href":"https:\/\/interamerica.org\/es\/wp-json\/wp\/v2\/posts"}],"about":[{"href":"https:\/\/interamerica.org\/es\/wp-json\/wp\/v2\/types\/post"}],"author":[{"embeddable":true,"href":"https:\/\/interamerica.org\/es\/wp-json\/wp\/v2\/users\/1"}],"replies":[{"embeddable":true,"href":"https:\/\/interamerica.org\/es\/wp-json\/wp\/v2\/comments?post=10293"}],"version-history":[{"count":0,"href":"https:\/\/interamerica.org\/es\/wp-json\/wp\/v2\/posts\/10293\/revisions"}],"wp:attachment":[{"href":"https:\/\/interamerica.org\/es\/wp-json\/wp\/v2\/media?parent=10293"}],"wp:term":[{"taxonomy":"category","embeddable":true,"href":"https:\/\/interamerica.org\/es\/wp-json\/wp\/v2\/categories?post=10293"},{"taxonomy":"post_tag","embeddable":true,"href":"https:\/\/interamerica.org\/es\/wp-json\/wp\/v2\/tags?post=10293"}],"curies":[{"name":"wp","href":"https:\/\/api.w.org\/{rel}","templated":true}]}}