{"id":102932,"date":"2023-09-01T11:27:42","date_gmt":"2023-09-01T15:27:42","guid":{"rendered":"https:\/\/interamerica.org\/?p=102932"},"modified":"2023-09-01T16:39:47","modified_gmt":"2023-09-01T20:39:47","slug":"adventistas-abogan-por-el-fin-de-la-violencia-en-iglesias-y-comunidades-de-interamerica","status":"publish","type":"post","link":"https:\/\/interamerica.org\/es\/2023\/09\/adventistas-abogan-por-el-fin-de-la-violencia-en-iglesias-y-comunidades-de-interamerica\/","title":{"rendered":"Adventistas abogan por el fin de la violencia en iglesias y comunidades de Interam\u00e9rica"},"content":{"rendered":"<p><div id=\"attachment_102893\" style=\"width: 939px\" class=\"wp-caption aligncenter\"><img fetchpriority=\"high\" decoding=\"async\" aria-describedby=\"caption-attachment-102893\" class=\" wp-image-102891\" src=\"https:\/\/interamerica.org\/wp-content\/uploads\/2023\/09\/evau-enditnow-2023.jpg\" alt=\"\" width=\"929\" height=\"573\" srcset=\"https:\/\/interamerica.org\/wp-content\/uploads\/2023\/09\/evau-enditnow-2023.jpg 1012w, https:\/\/interamerica.org\/wp-content\/uploads\/2023\/09\/evau-enditnow-2023-300x185.jpg 300w, https:\/\/interamerica.org\/wp-content\/uploads\/2023\/09\/evau-enditnow-2023-768x474.jpg 768w\" sizes=\"(max-width: 929px) 100vw, 929px\" \/><p id=\"caption-attachment-102893\" class=\"wp-caption-text\">Los adventistas de la regi\u00f3n oriental de Venezuela marchan en sinton\u00eda de la campa\u00f1a Enditnow de este a\u00f1o bajo el lema \u201cLobos vestidos de ovejas: cuando los que afirman ser seguidores de Cristo da\u00f1an a otros\u201d, al caminar por las calles promoviendo el fin a la violencia contra las mujeres y los ni\u00f1os.[Fotograf\u00eda: Uni\u00f3n Venezolana Oriental]<\/p><\/div>1 de septiembre de 2023 | Miami, Florida, Estados Unidos | Libna Stevens, Noticias de la Divisi\u00f3n Interamericana<\/p>\n<p>Miles de adventistas del s\u00e9ptimo d\u00eda abogaron por el fin de la violencia desde los p\u00falpitos de las iglesias, las calles de la ciudad y las comunidades, durante la campa\u00f1a Enditnow llevada a cabo el fin de semana pasado en diversas partes de la Divisi\u00f3n Interamericana. <a href=\"https:\/\/www.enditnow.org\/\">Enditnow<\/a> es una iniciativa global anual que busca movilizar a los adventistas y a otros grupos de la comunidad para abogar por la no violencia en todo el mundo.<\/p>\n<p>Los marchistas llevaron pancartas y p\u00f3steres con mensajes contra la violencia prevaleciente que se produce en hogares, escuelas, iglesias y muchos lugares p\u00fablicos, en particular contra las mujeres y los ni\u00f1os. La marcha tuvo lugar en todo M\u00e9xico, Am\u00e9rica Central, el Caribe, Colombia y Venezuela el 26 y el 27 de agosto de 2023.<\/p>\n<p><div id=\"attachment_102908\" style=\"width: 882px\" class=\"wp-caption aligncenter\"><img decoding=\"async\" aria-describedby=\"caption-attachment-102908\" class=\" wp-image-102906\" src=\"https:\/\/interamerica.org\/wp-content\/uploads\/2023\/09\/guau-enditnow-march-2023.jpg\" alt=\"\" width=\"872\" height=\"619\" srcset=\"https:\/\/interamerica.org\/wp-content\/uploads\/2023\/09\/guau-enditnow-march-2023.jpg 1000w, https:\/\/interamerica.org\/wp-content\/uploads\/2023\/09\/guau-enditnow-march-2023-300x213.jpg 300w, https:\/\/interamerica.org\/wp-content\/uploads\/2023\/09\/guau-enditnow-march-2023-768x545.jpg 768w\" sizes=\"(max-width: 872px) 100vw, 872px\" \/><p id=\"caption-attachment-102908\" class=\"wp-caption-text\">Un grupo marcha por la ciudad de Quetzaltenango en Guatemala, con un p\u00f3ster que describe las diferentes formas de violencia tales como insultos, el rechazo, la indiferencia, la violaci\u00f3n, los golpes, las cachetadas, las amenazas y el homicidio, entre otros. [Fotograf\u00eda: Uni\u00f3n Guatemalteca]<\/p><\/div>\u201cA veces pensamos que un abusador puede ser un extranjero que salta por una ventana o se aproxima a una persona desde un pasillo oscuro, pero no suele suceder eso\u201d, dijo Edith Ruiz, directora de ministerios de la mujer de la Divisi\u00f3n Interamericana. \u201cEl abuso se produce cuando una persona usa el poder de su influencia para aprovecharse de una persona vulnerable\u201d. El impacto del abuso siempre es grande, dijo, pero el impacto se ve multiplicado cuando es perpetrado por una persona que afirma ser seguidora de Cristo.<\/p>\n<p>Durante el \u00e9nfasis de este a\u00f1o, los l\u00edderes del ministerio de la mujer predicaron sermones y emplearon recursos centrados en el lema: \u201cLobos vestidos de ovejas: cuando los que afirman ser seguidores de Cristo da\u00f1an a los dem\u00e1s\u201d.<\/p>\n<p><div id=\"attachment_102902\" style=\"width: 858px\" class=\"wp-caption aligncenter\"><img decoding=\"async\" aria-describedby=\"caption-attachment-102902\" class=\" wp-image-102900\" src=\"https:\/\/interamerica.org\/wp-content\/uploads\/2023\/09\/evau-enditnow2023.jpg\" alt=\"\" width=\"848\" height=\"502\" srcset=\"https:\/\/interamerica.org\/wp-content\/uploads\/2023\/09\/evau-enditnow2023.jpg 1005w, https:\/\/interamerica.org\/wp-content\/uploads\/2023\/09\/evau-enditnow2023-300x178.jpg 300w, https:\/\/interamerica.org\/wp-content\/uploads\/2023\/09\/evau-enditnow2023-768x455.jpg 768w\" sizes=\"(max-width: 848px) 100vw, 848px\" \/><p id=\"caption-attachment-102902\" class=\"wp-caption-text\">Mujeres de la regi\u00f3n oriental de Venezuela se pronuncian en contra de la violencia en las comunidades el pasado 26 de agosto de 2023. [Fotograf\u00eda: Uni\u00f3n Venezolana Oriental]<\/p><\/div>Ante la violencia presente en los hogares y en todas partes, es importante saber que la manera en que respondemos al abusados como abusados marca una gran diferencia a nivel de la sanaci\u00f3n que toda persona puede experimentar, dijo Ruiz. \u201cTenemos que escuchar con nuestros corazones y estar atentos para detectar posibles v\u00edctimas de abuso. Jes\u00fas, nuestro buen Pastor, puede sanar las necesidades f\u00edsicas y emocionales, brindar alimento espiritual y dar paz, pero tenemos que hacer nuestra parte en las iglesias y escuelas y en todas partes\u201d, dijo Ruiz.<\/p>\n<p>En Venezuela, los miembros de iglesia salieron a las calles para permitir que los transe\u00fantes sepan que la violencia contra las mujeres y los ni\u00f1os tiene que terminar. \u201cNo al abuso. No al abuso infantil. No al abuso contra las mujeres. S\u00ed a Cristo. S\u00ed a la vida\u201d, fueron algunos de las exclamaciones escuchadas en las calles. Las iglesias abrieron sus puertas a las comunidades para hablar contra la violencia en todas sus formas, y animaron a los oyentes para que se muestren activos para hablar contra la violencia en cada extremo del pa\u00eds.<\/p>\n<p><div id=\"attachment_102896\" style=\"width: 865px\" class=\"wp-caption aligncenter\"><img loading=\"lazy\" decoding=\"async\" aria-describedby=\"caption-attachment-102896\" class=\" wp-image-102894\" src=\"https:\/\/interamerica.org\/wp-content\/uploads\/2023\/09\/wevu-enditnow-2023.jpg\" alt=\"\" width=\"855\" height=\"481\" srcset=\"https:\/\/interamerica.org\/wp-content\/uploads\/2023\/09\/wevu-enditnow-2023.jpg 1024w, https:\/\/interamerica.org\/wp-content\/uploads\/2023\/09\/wevu-enditnow-2023-300x169.jpg 300w, https:\/\/interamerica.org\/wp-content\/uploads\/2023\/09\/wevu-enditnow-2023-768x432.jpg 768w\" sizes=\"(max-width: 855px) 100vw, 855px\" \/><p id=\"caption-attachment-102896\" class=\"wp-caption-text\">Las mujeres y los ni\u00f1os de todo Barquisimeto, en el territorio de la Uni\u00f3n Venezolana Occidental, marchan durante las actividades para crear conciencia sobre Enditnow. [Fotograf\u00eda: Uni\u00f3n Venezolana Occidental]<\/p><\/div>\u201cQueremos movilizar a nuestros miembros de iglesia y a otros grupos, para que puedan sumarse a nosotros para resolver este problema que d\u00eda a d\u00eda est\u00e1 afectando cada rinc\u00f3n de Venezuela y del mundo\u201d, dijo el pastor Bengajin Suniaga, presidente de la Asociaci\u00f3n Venezolana Oriental al marchar junto con otros cientos por Matur\u00edn, en el este de Venezuela. Despu\u00e9s de la marcha, los participantes se reunieron en la Plaza R\u00f3mulo Gallegos, donde hubo m\u00fasica y un mensaje especial contra la violencia a cargo de la doctora Luisa Otahola, l\u00edder de asuntos religiosos en Matur\u00edn. Otahola comparti\u00f3 las diversas maneras en las que las v\u00edctimas de la violencia pueden obtener ayuda y asesoramiento legal.<\/p>\n<p>La iniciativa recibi\u00f3 la cobertura de los medios impresos y radiales en Venezuela.<\/p>\n<p><div id=\"attachment_102917\" style=\"width: 841px\" class=\"wp-caption aligncenter\"><img loading=\"lazy\" decoding=\"async\" aria-describedby=\"caption-attachment-102917\" class=\" wp-image-102915\" src=\"https:\/\/interamerica.org\/wp-content\/uploads\/2023\/09\/panu-endiitnow-2023.jpg\" alt=\"\" width=\"831\" height=\"424\" srcset=\"https:\/\/interamerica.org\/wp-content\/uploads\/2023\/09\/panu-endiitnow-2023.jpg 1021w, https:\/\/interamerica.org\/wp-content\/uploads\/2023\/09\/panu-endiitnow-2023-300x153.jpg 300w, https:\/\/interamerica.org\/wp-content\/uploads\/2023\/09\/panu-endiitnow-2023-768x392.jpg 768w\" sizes=\"(max-width: 831px) 100vw, 831px\" \/><p id=\"caption-attachment-102917\" class=\"wp-caption-text\">Los estudiantes de varias escuelas adventistas en Chiriqui, Panam\u00e1, marchan con pancartas que promueven el fin de la violencia, el pasado 27 de agosto de 2023. [Fotograf\u00eda: Uni\u00f3n Paname\u00f1a]<\/p><\/div>Panam\u00e1 cont\u00f3 con cientos de miembros de iglesia j\u00f3venes y viejos que marcharon con grandes pancartas en los que animaron a las personas a no permitir que la violencia se cobre otra vida. Los j\u00f3venes marcharon juntos en representaci\u00f3n de su escuela adventistas para promover la conciencia contra la violencia en las escuelas, los parques y los centros infantiles.<\/p>\n<p>\u201cPong\u00e1mosle fin\u201d, fue el \u00e9nfasis principal en las iglesias de la regi\u00f3n Mexicana del Sureste. \u201cNuestras iglesias organizaron seminarios, testimonios y charlas sobre c\u00f3mo responder al abuso y c\u00f3mo mostrarnos vigilantes contra el abuso y continuar promoviendo la conciencia para que nuestras iglesias sean un lugar seguro para todos\u201d, dijo Silvia Arjona, directora de ministerios de la mujer de la Uni\u00f3n Mexicana del Sureste. Cientos marcharon por las calles el s\u00e1bado por la tarde para promover una mayor conciencia sobre Enditnow.<\/p>\n<p><div id=\"attachment_102911\" style=\"width: 546px\" class=\"wp-caption aligncenter\"><img loading=\"lazy\" decoding=\"async\" aria-describedby=\"caption-attachment-102911\" class=\" wp-image-102909\" src=\"https:\/\/interamerica.org\/wp-content\/uploads\/2023\/09\/cima-enditnw-2023-food.jpg\" alt=\"\" width=\"536\" height=\"715\" srcset=\"https:\/\/interamerica.org\/wp-content\/uploads\/2023\/09\/cima-enditnw-2023-food.jpg 600w, https:\/\/interamerica.org\/wp-content\/uploads\/2023\/09\/cima-enditnw-2023-food-225x300.jpg 225w\" sizes=\"(max-width: 536px) 100vw, 536px\" \/><p id=\"caption-attachment-102911\" class=\"wp-caption-text\">Las madres de bajos ingresos reciben alimentos y prendas de vestir como parte de la iniciativa Enditnow en Chiapas, M\u00e9xico. [Fotograf\u00eda: Uni\u00f3n de Chiapas]<\/p><\/div>En Chiapas, M\u00e9xico, miles de mujeres estuvieron al frente de programas de Enditnow en las congregaciones y marcharon por partes espec\u00edficas del estado para distribuir impresos, visitar c\u00e1rceles y llevar a cabo programas de concientizaci\u00f3n sobre la violencia en plazas y espacios p\u00fablicos. Las v\u00edctimas del abuso recibieron atenci\u00f3n espiritual y psicolog\u00edca durante un programa especial en Palenque, en el norte de Chiapas, en coordinaci\u00f3n la Secretar\u00eda del Desarrollo Integral de la Familia en el lugar.<\/p>\n<p>Los miembros de iglesia distribuyeron alimentos y prendas de vestir a mujeres de bajos ingresos con ni\u00f1os peque\u00f1os, en las comunidades y plazas comunitarias.<\/p>\n<p><div id=\"attachment_102914\" style=\"width: 893px\" class=\"wp-caption aligncenter\"><img loading=\"lazy\" decoding=\"async\" aria-describedby=\"caption-attachment-102914\" class=\" wp-image-102912\" src=\"https:\/\/interamerica.org\/wp-content\/uploads\/2023\/09\/nocu-guajira-enditnow2023.jpg\" alt=\"\" width=\"883\" height=\"662\" srcset=\"https:\/\/interamerica.org\/wp-content\/uploads\/2023\/09\/nocu-guajira-enditnow2023.jpg 1000w, https:\/\/interamerica.org\/wp-content\/uploads\/2023\/09\/nocu-guajira-enditnow2023-300x225.jpg 300w, https:\/\/interamerica.org\/wp-content\/uploads\/2023\/09\/nocu-guajira-enditnow2023-768x576.jpg 768w\" sizes=\"(max-width: 883px) 100vw, 883px\" \/><p id=\"caption-attachment-102914\" class=\"wp-caption-text\">Un grupo de ni\u00f1os del vecindario en Guajira, en la regi\u00f3n Colombiana del Norte, sostienen sus manos despu\u00e9s de participar en la actividad interactiva denominada \u201cD\u00edgale no al abuso\u201d.<br \/>En Colombia, cientos de congregaciones locales llevaron a cabo programas de Enditnow para recordar a los miembros de iglesia que tienen que estar atentos a conductas particulares de los ni\u00f1os afectados por la violencia, a las se\u00f1ales que pueden mostrar las mujeres, y a las familias y conciencia de la violencia contra los ancianos.<br \/>Adem\u00e1s de ello, se visit\u00f3 a comunidades en que los ni\u00f1os recibieron charlas y actividades interactivas para poder identificar cualquier tipo de abuso y c\u00f3mo hablar sobre \u00e9l.<br \/>[caption id=\"attachment_102903\" align=\"aligncenter\" width=\"844\"]<img loading=\"lazy\" decoding=\"async\" class=\" wp-image-102903\" src=\"https:\/\/interamerica.org\/wp-content\/uploads\/2023\/09\/haiti-enditnow-2023.jpg\" alt=\"\" width=\"844\" height=\"633\" srcset=\"https:\/\/interamerica.org\/wp-content\/uploads\/2023\/09\/haiti-enditnow-2023.jpg 900w, https:\/\/interamerica.org\/wp-content\/uploads\/2023\/09\/haiti-enditnow-2023-300x225.jpg 300w, https:\/\/interamerica.org\/wp-content\/uploads\/2023\/09\/haiti-enditnow-2023-768x576.jpg 768w\" sizes=\"(max-width: 844px) 100vw, 844px\" \/> Dos estudiantes de la Universidad Adventista de Hait\u00ed en Carrefour, Puerto Pr\u00edncipe, muestran ejemplares de la revista Prioridades con un \u00e9nfasis en Enditnow, antes de distribuirlas en las comunidades cercanas, el pasado 27 de agosto de 2023. [Fotograf\u00eda: Uni\u00f3n Haitiana]<\/p><\/div>Ante la violencia continua que hay en Hait\u00ed, las iglesias se pronunciaron contra la violencia, durante los programas del s\u00e1bado por la ma\u00f1ana y por la tarde.<\/p>\n<p>La psic\u00f3loga Laurcelie Alcim\u00e9 se dirigi\u00f3 a los miembros de iglesia de la Universidad Adventista de Hait\u00ed en Carrefour, Puerto Pr\u00edncipe. \u201cTan pronto como se identifica cualquier tipo de violencia, ya sea financiera, sexual o psicol\u00f3gica, sepan que est\u00e1n en la presencia de abuso, y que tienen que actuar, buscar ayuda y apoyarse en su fe\u201d, dijo Alcim\u00e9. \u201cSi un c\u00f3nyuge les priva de sus fondos para dominarlas o procura enga\u00f1arlas para apropiarse de ellos, eso puede constituir una forma de abuso. Los miembros de iglesia distribuyeron impresos sobre el tema de poner fin a la violencia, por todos sus vecindarios el domingo pasado.<\/p>\n<p><div id=\"attachment_102920\" style=\"width: 857px\" class=\"wp-caption aligncenter\"><img loading=\"lazy\" decoding=\"async\" aria-describedby=\"caption-attachment-102920\" class=\" wp-image-102918\" src=\"https:\/\/interamerica.org\/wp-content\/uploads\/2023\/09\/atcu-enditnow-rally-prayer-sbc-new-providence.jpg\" alt=\"\" width=\"847\" height=\"477\" srcset=\"https:\/\/interamerica.org\/wp-content\/uploads\/2023\/09\/atcu-enditnow-rally-prayer-sbc-new-providence.jpg 1000w, https:\/\/interamerica.org\/wp-content\/uploads\/2023\/09\/atcu-enditnow-rally-prayer-sbc-new-providence-300x169.jpg 300w, https:\/\/interamerica.org\/wp-content\/uploads\/2023\/09\/atcu-enditnow-rally-prayer-sbc-new-providence-768x432.jpg 768w\" sizes=\"(max-width: 847px) 100vw, 847px\" \/><p id=\"caption-attachment-102920\" class=\"wp-caption-text\">Anne Marie Davis (derecha), esposa del Primer Ministro de Bahamas, sostiene la mano de las l\u00edderes del ministerio de la mujer mientras estas oran en la marcha de Enditnow en la Isla de Nueva Providencia, en Nassau, el 26 de agosto de 2023. [Fotograf\u00eda: Asociaci\u00f3n Sur de Bahamas]<\/p><\/div>En la Uni\u00f3n del Caribe Atl\u00e1ntico, que abarca a Bahamas, las Islas Caim\u00e1n y Turcos y Caicos, cientos de miembros de iglesia participaron de marchas, caravanas y manifestaciones para poner fin a la violencia o el abuso de cualquier tipo. En la isla de Nueva Providencia, en Nassau, Bahamas, la Asociaci\u00f3n Sur de Bahamas organiz\u00f3 una caravana que termin\u00f3 en la isla de Arawak Cay, donde se llev\u00f3 a cabo una manifestaci\u00f3n especial de Enditnow. Los l\u00edderes de la iglesia y c\u00edvicos hablaron sobre poner fin a la violencia contra las mujeres y los ni\u00f1os en Bahamas. Anne Marie Davis, esposa del Primer Ministro de Bahamas, fue la oradora destacada en el evento, y or\u00f3 con los miembros de iglesia durante la iniciativa.<\/p>\n<p><div id=\"attachment_102887\" style=\"width: 855px\" class=\"wp-caption aligncenter\"><img loading=\"lazy\" decoding=\"async\" aria-describedby=\"caption-attachment-102887\" class=\"wp-image-102885\" src=\"https:\/\/interamerica.org\/wp-content\/uploads\/2023\/09\/esau-enditnow-2023.jpg\" alt=\"\" width=\"845\" height=\"634\" srcset=\"https:\/\/interamerica.org\/wp-content\/uploads\/2023\/09\/esau-enditnow-2023.jpg 941w, https:\/\/interamerica.org\/wp-content\/uploads\/2023\/09\/esau-enditnow-2023-300x225.jpg 300w, https:\/\/interamerica.org\/wp-content\/uploads\/2023\/09\/esau-enditnow-2023-768x576.jpg 768w\" sizes=\"(max-width: 845px) 100vw, 845px\" \/><p id=\"caption-attachment-102887\" class=\"wp-caption-text\">Un grupo de l\u00edderes del ministerio de la mujer posa al final del programa especial del s\u00e1bado por la ma\u00f1ana ma\u00f1ana sobre la campa\u00f1a Enditnow de este a\u00f1o en El Salvador. [Fotograf\u00eda: Uni\u00f3n Salvadore\u00f1a]<\/p><\/div>En otras partes de Am\u00e9rica Central y el Caribe y en otros pa\u00edses de la Divisi\u00f3n Interamericana, las iglesias organizaron discusiones de paneles, videos, representaciones, actividades comunitarias y programas especiales sobre la erradicaci\u00f3n de la violencia en sus comunidades y la garant\u00eda de promover una mayor conciencia en las iglesias y escuelas adventistas de la regi\u00f3n.<\/p>\n<p><div id=\"attachment_102899\" style=\"width: 888px\" class=\"wp-caption aligncenter\"><img loading=\"lazy\" decoding=\"async\" aria-describedby=\"caption-attachment-102899\" class=\"wp-image-102897\" src=\"https:\/\/interamerica.org\/wp-content\/uploads\/2023\/09\/somu-enditnow-2023.jpg\" alt=\"\" width=\"878\" height=\"669\" srcset=\"https:\/\/interamerica.org\/wp-content\/uploads\/2023\/09\/somu-enditnow-2023.jpg 1023w, https:\/\/interamerica.org\/wp-content\/uploads\/2023\/09\/somu-enditnow-2023-300x229.jpg 300w, https:\/\/interamerica.org\/wp-content\/uploads\/2023\/09\/somu-enditnow-2023-768x586.jpg 768w\" sizes=\"(max-width: 878px) 100vw, 878px\" \/><p id=\"caption-attachment-102899\" class=\"wp-caption-text\">Mujeres y j\u00f3venes marchan por las calles de la marcha realizada en la Uni\u00f3n Mexicana del Sureste a trav\u00e9s de diversas comunidades, como parte de la campa\u00f1a Enditnow, el pasado 26 de agosto de 2023. [Fotograf\u00eda: Uni\u00f3n Mexicana del Sureste]<\/p><\/div><em>Stevens\u2019 Rosado, Yannina Garc\u00eda, Jean Carmy Felixon, Victor Mart\u00ednez y John Garc\u00eda colaboraron con este informe.<\/em><\/p>\n<p>Traducci\u00f3n de Marcos Paseggi<\/p>\n","protected":false},"excerpt":{"rendered":"<p>1 de septiembre de 2023 | Miami, Florida, Estados Unidos | Libna Stevens, Noticias de la Divisi\u00f3n Interamericana Miles de adventistas del s\u00e9ptimo d\u00eda abogaron por el fin de la&#8230;<\/p>\n","protected":false},"author":3,"featured_media":102893,"comment_status":"closed","ping_status":"closed","sticky":false,"template":"","format":"standard","meta":{"_acf_changed":false,"footnotes":""},"categories":[16,15],"tags":[],"class_list":["post-102932","post","type-post","status-publish","format-standard","has-post-thumbnail","hentry","category-desde-la-sede","category-rss-espanol"],"acf":[],"yoast_head":"<!-- This site is optimized with the Yoast SEO plugin v27.3 - https:\/\/yoast.com\/product\/yoast-seo-wordpress\/ -->\n<title>Adventistas abogan por el fin de la violencia en iglesias y comunidades de Interam\u00e9rica - Iglesia Adventista del S\u00e9ptimo D\u00eda - Divisi\u00f3n Interamericana<\/title>\n<meta name=\"robots\" content=\"index, follow, max-snippet:-1, max-image-preview:large, max-video-preview:-1\" \/>\n<link rel=\"canonical\" href=\"https:\/\/interamerica.org\/es\/2023\/09\/adventistas-abogan-por-el-fin-de-la-violencia-en-iglesias-y-comunidades-de-interamerica\/\" \/>\n<meta property=\"og:locale\" content=\"es_ES\" \/>\n<meta property=\"og:type\" content=\"article\" \/>\n<meta property=\"og:title\" content=\"Adventistas abogan por el fin de la violencia en iglesias y comunidades de Interam\u00e9rica - Iglesia Adventista del S\u00e9ptimo D\u00eda - Divisi\u00f3n Interamericana\" \/>\n<meta property=\"og:description\" content=\"1 de septiembre de 2023 | Miami, Florida, Estados Unidos | Libna Stevens, Noticias de la Divisi\u00f3n Interamericana Miles de adventistas del s\u00e9ptimo d\u00eda abogaron por el fin de la...\" \/>\n<meta property=\"og:url\" content=\"https:\/\/interamerica.org\/es\/2023\/09\/adventistas-abogan-por-el-fin-de-la-violencia-en-iglesias-y-comunidades-de-interamerica\/\" \/>\n<meta property=\"og:site_name\" content=\"Iglesia Adventista del S\u00e9ptimo D\u00eda - Divisi\u00f3n Interamericana\" \/>\n<meta property=\"article:published_time\" content=\"2023-09-01T15:27:42+00:00\" \/>\n<meta property=\"article:modified_time\" content=\"2023-09-01T20:39:47+00:00\" \/>\n<meta property=\"og:image\" content=\"https:\/\/interamerica.org\/wp-content\/uploads\/2023\/09\/evau-enditnow-2023.jpg\" \/>\n\t<meta property=\"og:image:width\" content=\"1012\" \/>\n\t<meta property=\"og:image:height\" content=\"624\" \/>\n\t<meta property=\"og:image:type\" content=\"image\/jpeg\" \/>\n<meta name=\"author\" content=\"libna\" \/>\n<meta name=\"twitter:card\" content=\"summary_large_image\" \/>\n<meta name=\"twitter:label1\" content=\"Escrito por\" \/>\n\t<meta name=\"twitter:data1\" content=\"libna\" \/>\n\t<meta name=\"twitter:label2\" content=\"Tiempo de lectura\" \/>\n\t<meta name=\"twitter:data2\" content=\"10 minutos\" \/>\n<script type=\"application\/ld+json\" class=\"yoast-schema-graph\">{\"@context\":\"https:\\\/\\\/schema.org\",\"@graph\":[{\"@type\":\"Article\",\"@id\":\"https:\\\/\\\/interamerica.org\\\/es\\\/2023\\\/09\\\/adventistas-abogan-por-el-fin-de-la-violencia-en-iglesias-y-comunidades-de-interamerica\\\/#article\",\"isPartOf\":{\"@id\":\"https:\\\/\\\/interamerica.org\\\/es\\\/2023\\\/09\\\/adventistas-abogan-por-el-fin-de-la-violencia-en-iglesias-y-comunidades-de-interamerica\\\/\"},\"author\":{\"name\":\"libna\",\"@id\":\"https:\\\/\\\/interamerica.org\\\/es\\\/#\\\/schema\\\/person\\\/29998f2bc2d8bd0d38662909289b54f1\"},\"headline\":\"Adventistas abogan por el fin de la violencia en iglesias y comunidades de Interam\u00e9rica\",\"datePublished\":\"2023-09-01T15:27:42+00:00\",\"dateModified\":\"2023-09-01T20:39:47+00:00\",\"mainEntityOfPage\":{\"@id\":\"https:\\\/\\\/interamerica.org\\\/es\\\/2023\\\/09\\\/adventistas-abogan-por-el-fin-de-la-violencia-en-iglesias-y-comunidades-de-interamerica\\\/\"},\"wordCount\":1845,\"image\":{\"@id\":\"https:\\\/\\\/interamerica.org\\\/es\\\/2023\\\/09\\\/adventistas-abogan-por-el-fin-de-la-violencia-en-iglesias-y-comunidades-de-interamerica\\\/#primaryimage\"},\"thumbnailUrl\":\"https:\\\/\\\/interamerica.org\\\/wp-content\\\/uploads\\\/2023\\\/09\\\/evau-enditnow-2023.jpg\",\"articleSection\":[\"Desde la sede\",\"RSS Espa\u00f1ol\"],\"inLanguage\":\"es\"},{\"@type\":\"WebPage\",\"@id\":\"https:\\\/\\\/interamerica.org\\\/es\\\/2023\\\/09\\\/adventistas-abogan-por-el-fin-de-la-violencia-en-iglesias-y-comunidades-de-interamerica\\\/\",\"url\":\"https:\\\/\\\/interamerica.org\\\/es\\\/2023\\\/09\\\/adventistas-abogan-por-el-fin-de-la-violencia-en-iglesias-y-comunidades-de-interamerica\\\/\",\"name\":\"Adventistas abogan por el fin de la violencia en iglesias y comunidades de Interam\u00e9rica - Iglesia Adventista del S\u00e9ptimo D\u00eda - Divisi\u00f3n Interamericana\",\"isPartOf\":{\"@id\":\"https:\\\/\\\/interamerica.org\\\/es\\\/#website\"},\"primaryImageOfPage\":{\"@id\":\"https:\\\/\\\/interamerica.org\\\/es\\\/2023\\\/09\\\/adventistas-abogan-por-el-fin-de-la-violencia-en-iglesias-y-comunidades-de-interamerica\\\/#primaryimage\"},\"image\":{\"@id\":\"https:\\\/\\\/interamerica.org\\\/es\\\/2023\\\/09\\\/adventistas-abogan-por-el-fin-de-la-violencia-en-iglesias-y-comunidades-de-interamerica\\\/#primaryimage\"},\"thumbnailUrl\":\"https:\\\/\\\/interamerica.org\\\/wp-content\\\/uploads\\\/2023\\\/09\\\/evau-enditnow-2023.jpg\",\"datePublished\":\"2023-09-01T15:27:42+00:00\",\"dateModified\":\"2023-09-01T20:39:47+00:00\",\"author\":{\"@id\":\"https:\\\/\\\/interamerica.org\\\/es\\\/#\\\/schema\\\/person\\\/29998f2bc2d8bd0d38662909289b54f1\"},\"breadcrumb\":{\"@id\":\"https:\\\/\\\/interamerica.org\\\/es\\\/2023\\\/09\\\/adventistas-abogan-por-el-fin-de-la-violencia-en-iglesias-y-comunidades-de-interamerica\\\/#breadcrumb\"},\"inLanguage\":\"es\",\"potentialAction\":[{\"@type\":\"ReadAction\",\"target\":[\"https:\\\/\\\/interamerica.org\\\/es\\\/2023\\\/09\\\/adventistas-abogan-por-el-fin-de-la-violencia-en-iglesias-y-comunidades-de-interamerica\\\/\"]}]},{\"@type\":\"ImageObject\",\"inLanguage\":\"es\",\"@id\":\"https:\\\/\\\/interamerica.org\\\/es\\\/2023\\\/09\\\/adventistas-abogan-por-el-fin-de-la-violencia-en-iglesias-y-comunidades-de-interamerica\\\/#primaryimage\",\"url\":\"https:\\\/\\\/interamerica.org\\\/wp-content\\\/uploads\\\/2023\\\/09\\\/evau-enditnow-2023.jpg\",\"contentUrl\":\"https:\\\/\\\/interamerica.org\\\/wp-content\\\/uploads\\\/2023\\\/09\\\/evau-enditnow-2023.jpg\",\"width\":1012,\"height\":624,\"caption\":\"[Photo: East Venezuela Union]\"},{\"@type\":\"BreadcrumbList\",\"@id\":\"https:\\\/\\\/interamerica.org\\\/es\\\/2023\\\/09\\\/adventistas-abogan-por-el-fin-de-la-violencia-en-iglesias-y-comunidades-de-interamerica\\\/#breadcrumb\",\"itemListElement\":[{\"@type\":\"ListItem\",\"position\":1,\"name\":\"Home\",\"item\":\"https:\\\/\\\/interamerica.org\\\/es\\\/\"},{\"@type\":\"ListItem\",\"position\":2,\"name\":\"Adventistas abogan por el fin de la violencia en iglesias y comunidades de Interam\u00e9rica\"}]},{\"@type\":\"WebSite\",\"@id\":\"https:\\\/\\\/interamerica.org\\\/es\\\/#website\",\"url\":\"https:\\\/\\\/interamerica.org\\\/es\\\/\",\"name\":\"Iglesia Adventista del S\u00e9ptimo D\u00eda - Divisi\u00f3n Interamericana\",\"description\":\"\",\"potentialAction\":[{\"@type\":\"SearchAction\",\"target\":{\"@type\":\"EntryPoint\",\"urlTemplate\":\"https:\\\/\\\/interamerica.org\\\/es\\\/?s={search_term_string}\"},\"query-input\":{\"@type\":\"PropertyValueSpecification\",\"valueRequired\":true,\"valueName\":\"search_term_string\"}}],\"inLanguage\":\"es\"},{\"@type\":\"Person\",\"@id\":\"https:\\\/\\\/interamerica.org\\\/es\\\/#\\\/schema\\\/person\\\/29998f2bc2d8bd0d38662909289b54f1\",\"name\":\"libna\",\"image\":{\"@type\":\"ImageObject\",\"inLanguage\":\"es\",\"@id\":\"https:\\\/\\\/secure.gravatar.com\\\/avatar\\\/7c5bd30ae4b47a9ba3c856590957fd1d96dc588bf3ac05719d247e126840331f?s=96&d=mm&r=g\",\"url\":\"https:\\\/\\\/secure.gravatar.com\\\/avatar\\\/7c5bd30ae4b47a9ba3c856590957fd1d96dc588bf3ac05719d247e126840331f?s=96&d=mm&r=g\",\"contentUrl\":\"https:\\\/\\\/secure.gravatar.com\\\/avatar\\\/7c5bd30ae4b47a9ba3c856590957fd1d96dc588bf3ac05719d247e126840331f?s=96&d=mm&r=g\",\"caption\":\"libna\"}}]}<\/script>\n<!-- \/ Yoast SEO plugin. -->","yoast_head_json":{"title":"Adventistas abogan por el fin de la violencia en iglesias y comunidades de Interam\u00e9rica - Iglesia Adventista del S\u00e9ptimo D\u00eda - Divisi\u00f3n Interamericana","robots":{"index":"index","follow":"follow","max-snippet":"max-snippet:-1","max-image-preview":"max-image-preview:large","max-video-preview":"max-video-preview:-1"},"canonical":"https:\/\/interamerica.org\/es\/2023\/09\/adventistas-abogan-por-el-fin-de-la-violencia-en-iglesias-y-comunidades-de-interamerica\/","og_locale":"es_ES","og_type":"article","og_title":"Adventistas abogan por el fin de la violencia en iglesias y comunidades de Interam\u00e9rica - Iglesia Adventista del S\u00e9ptimo D\u00eda - Divisi\u00f3n Interamericana","og_description":"1 de septiembre de 2023 | Miami, Florida, Estados Unidos | Libna Stevens, Noticias de la Divisi\u00f3n Interamericana Miles de adventistas del s\u00e9ptimo d\u00eda abogaron por el fin de la...","og_url":"https:\/\/interamerica.org\/es\/2023\/09\/adventistas-abogan-por-el-fin-de-la-violencia-en-iglesias-y-comunidades-de-interamerica\/","og_site_name":"Iglesia Adventista del S\u00e9ptimo D\u00eda - Divisi\u00f3n Interamericana","article_published_time":"2023-09-01T15:27:42+00:00","article_modified_time":"2023-09-01T20:39:47+00:00","og_image":[{"width":1012,"height":624,"url":"https:\/\/interamerica.org\/wp-content\/uploads\/2023\/09\/evau-enditnow-2023.jpg","type":"image\/jpeg"}],"author":"libna","twitter_card":"summary_large_image","twitter_misc":{"Escrito por":"libna","Tiempo de lectura":"10 minutos"},"schema":{"@context":"https:\/\/schema.org","@graph":[{"@type":"Article","@id":"https:\/\/interamerica.org\/es\/2023\/09\/adventistas-abogan-por-el-fin-de-la-violencia-en-iglesias-y-comunidades-de-interamerica\/#article","isPartOf":{"@id":"https:\/\/interamerica.org\/es\/2023\/09\/adventistas-abogan-por-el-fin-de-la-violencia-en-iglesias-y-comunidades-de-interamerica\/"},"author":{"name":"libna","@id":"https:\/\/interamerica.org\/es\/#\/schema\/person\/29998f2bc2d8bd0d38662909289b54f1"},"headline":"Adventistas abogan por el fin de la violencia en iglesias y comunidades de Interam\u00e9rica","datePublished":"2023-09-01T15:27:42+00:00","dateModified":"2023-09-01T20:39:47+00:00","mainEntityOfPage":{"@id":"https:\/\/interamerica.org\/es\/2023\/09\/adventistas-abogan-por-el-fin-de-la-violencia-en-iglesias-y-comunidades-de-interamerica\/"},"wordCount":1845,"image":{"@id":"https:\/\/interamerica.org\/es\/2023\/09\/adventistas-abogan-por-el-fin-de-la-violencia-en-iglesias-y-comunidades-de-interamerica\/#primaryimage"},"thumbnailUrl":"https:\/\/interamerica.org\/wp-content\/uploads\/2023\/09\/evau-enditnow-2023.jpg","articleSection":["Desde la sede","RSS Espa\u00f1ol"],"inLanguage":"es"},{"@type":"WebPage","@id":"https:\/\/interamerica.org\/es\/2023\/09\/adventistas-abogan-por-el-fin-de-la-violencia-en-iglesias-y-comunidades-de-interamerica\/","url":"https:\/\/interamerica.org\/es\/2023\/09\/adventistas-abogan-por-el-fin-de-la-violencia-en-iglesias-y-comunidades-de-interamerica\/","name":"Adventistas abogan por el fin de la violencia en iglesias y comunidades de Interam\u00e9rica - Iglesia Adventista del S\u00e9ptimo D\u00eda - Divisi\u00f3n Interamericana","isPartOf":{"@id":"https:\/\/interamerica.org\/es\/#website"},"primaryImageOfPage":{"@id":"https:\/\/interamerica.org\/es\/2023\/09\/adventistas-abogan-por-el-fin-de-la-violencia-en-iglesias-y-comunidades-de-interamerica\/#primaryimage"},"image":{"@id":"https:\/\/interamerica.org\/es\/2023\/09\/adventistas-abogan-por-el-fin-de-la-violencia-en-iglesias-y-comunidades-de-interamerica\/#primaryimage"},"thumbnailUrl":"https:\/\/interamerica.org\/wp-content\/uploads\/2023\/09\/evau-enditnow-2023.jpg","datePublished":"2023-09-01T15:27:42+00:00","dateModified":"2023-09-01T20:39:47+00:00","author":{"@id":"https:\/\/interamerica.org\/es\/#\/schema\/person\/29998f2bc2d8bd0d38662909289b54f1"},"breadcrumb":{"@id":"https:\/\/interamerica.org\/es\/2023\/09\/adventistas-abogan-por-el-fin-de-la-violencia-en-iglesias-y-comunidades-de-interamerica\/#breadcrumb"},"inLanguage":"es","potentialAction":[{"@type":"ReadAction","target":["https:\/\/interamerica.org\/es\/2023\/09\/adventistas-abogan-por-el-fin-de-la-violencia-en-iglesias-y-comunidades-de-interamerica\/"]}]},{"@type":"ImageObject","inLanguage":"es","@id":"https:\/\/interamerica.org\/es\/2023\/09\/adventistas-abogan-por-el-fin-de-la-violencia-en-iglesias-y-comunidades-de-interamerica\/#primaryimage","url":"https:\/\/interamerica.org\/wp-content\/uploads\/2023\/09\/evau-enditnow-2023.jpg","contentUrl":"https:\/\/interamerica.org\/wp-content\/uploads\/2023\/09\/evau-enditnow-2023.jpg","width":1012,"height":624,"caption":"[Photo: East Venezuela Union]"},{"@type":"BreadcrumbList","@id":"https:\/\/interamerica.org\/es\/2023\/09\/adventistas-abogan-por-el-fin-de-la-violencia-en-iglesias-y-comunidades-de-interamerica\/#breadcrumb","itemListElement":[{"@type":"ListItem","position":1,"name":"Home","item":"https:\/\/interamerica.org\/es\/"},{"@type":"ListItem","position":2,"name":"Adventistas abogan por el fin de la violencia en iglesias y comunidades de Interam\u00e9rica"}]},{"@type":"WebSite","@id":"https:\/\/interamerica.org\/es\/#website","url":"https:\/\/interamerica.org\/es\/","name":"Iglesia Adventista del S\u00e9ptimo D\u00eda - Divisi\u00f3n Interamericana","description":"","potentialAction":[{"@type":"SearchAction","target":{"@type":"EntryPoint","urlTemplate":"https:\/\/interamerica.org\/es\/?s={search_term_string}"},"query-input":{"@type":"PropertyValueSpecification","valueRequired":true,"valueName":"search_term_string"}}],"inLanguage":"es"},{"@type":"Person","@id":"https:\/\/interamerica.org\/es\/#\/schema\/person\/29998f2bc2d8bd0d38662909289b54f1","name":"libna","image":{"@type":"ImageObject","inLanguage":"es","@id":"https:\/\/secure.gravatar.com\/avatar\/7c5bd30ae4b47a9ba3c856590957fd1d96dc588bf3ac05719d247e126840331f?s=96&d=mm&r=g","url":"https:\/\/secure.gravatar.com\/avatar\/7c5bd30ae4b47a9ba3c856590957fd1d96dc588bf3ac05719d247e126840331f?s=96&d=mm&r=g","contentUrl":"https:\/\/secure.gravatar.com\/avatar\/7c5bd30ae4b47a9ba3c856590957fd1d96dc588bf3ac05719d247e126840331f?s=96&d=mm&r=g","caption":"libna"}}]}},"_links":{"self":[{"href":"https:\/\/interamerica.org\/es\/wp-json\/wp\/v2\/posts\/102932","targetHints":{"allow":["GET"]}}],"collection":[{"href":"https:\/\/interamerica.org\/es\/wp-json\/wp\/v2\/posts"}],"about":[{"href":"https:\/\/interamerica.org\/es\/wp-json\/wp\/v2\/types\/post"}],"author":[{"embeddable":true,"href":"https:\/\/interamerica.org\/es\/wp-json\/wp\/v2\/users\/3"}],"replies":[{"embeddable":true,"href":"https:\/\/interamerica.org\/es\/wp-json\/wp\/v2\/comments?post=102932"}],"version-history":[{"count":0,"href":"https:\/\/interamerica.org\/es\/wp-json\/wp\/v2\/posts\/102932\/revisions"}],"wp:featuredmedia":[{"embeddable":true,"href":"https:\/\/interamerica.org\/es\/wp-json\/wp\/v2\/media\/102893"}],"wp:attachment":[{"href":"https:\/\/interamerica.org\/es\/wp-json\/wp\/v2\/media?parent=102932"}],"wp:term":[{"taxonomy":"category","embeddable":true,"href":"https:\/\/interamerica.org\/es\/wp-json\/wp\/v2\/categories?post=102932"},{"taxonomy":"post_tag","embeddable":true,"href":"https:\/\/interamerica.org\/es\/wp-json\/wp\/v2\/tags?post=102932"}],"curies":[{"name":"wp","href":"https:\/\/api.w.org\/{rel}","templated":true}]}}