{"id":103000,"date":"2023-09-05T12:18:00","date_gmt":"2023-09-05T16:18:00","guid":{"rendered":"https:\/\/interamerica.org\/?p=103000"},"modified":"2023-09-06T12:12:33","modified_gmt":"2023-09-06T16:12:33","slug":"los-lideres-llaman-a-los-defensores-de-la-libertad-religiosa-para-que-sean-embajadores-de-la-libertad","status":"publish","type":"post","link":"https:\/\/interamerica.org\/es\/2023\/09\/los-lideres-llaman-a-los-defensores-de-la-libertad-religiosa-para-que-sean-embajadores-de-la-libertad\/","title":{"rendered":"Los l\u00edderes llaman a los defensores de la libertad religiosa para que sean embajadores de la libertad"},"content":{"rendered":"<p><div id=\"attachment_102949\" style=\"width: 1010px\" class=\"wp-caption aligncenter\"><img fetchpriority=\"high\" decoding=\"async\" aria-describedby=\"caption-attachment-102949\" class=\"size-full wp-image-102947\" src=\"https:\/\/interamerica.org\/wp-content\/uploads\/2023\/09\/irla-2023.jpeg\" alt=\"\" width=\"1000\" height=\"444\" srcset=\"https:\/\/interamerica.org\/wp-content\/uploads\/2023\/09\/irla-2023.jpeg 1000w, https:\/\/interamerica.org\/wp-content\/uploads\/2023\/09\/irla-2023-300x133.jpeg 300w, https:\/\/interamerica.org\/wp-content\/uploads\/2023\/09\/irla-2023-768x341.jpeg 768w\" sizes=\"(max-width: 1000px) 100vw, 1000px\" \/><p id=\"caption-attachment-102949\" class=\"wp-caption-text\">Fotograf\u00eda grupal de algunos de los participantes del IX Congreso Mundial de la Asociaci\u00f3n Internacional de Libertad Religiosa en Silver Spring, Maryland, Estados Unidos, del 21-23 de agosto. [Fotograf\u00eda: Marcos Paseggi, Adventist Review]<\/p><\/div>Ceremonia de reconocimientos del IX Congreso Mundial de la IRLA destaca tres piezas claves en ese campo.<\/p>\n<p>M\u00e1s de 120 l\u00edderes y defensores de la libertad religiosa se reunieron el 23 de agosto para el banquete de cierre y ceremonia de reconocimientos del IX Congreso Mundial de la Asociaci\u00f3n Internacional de Libertad Religiosa (IRLA) en Washington D.C. Los asistentes reflexionaron sobre lo que aprendieron o repasaron durante el evento, mientras que los l\u00edderes de la IRLA los llamaron a comprometerse nuevamente con la obra continua en beneficio de la libertad religiosa y la libertad de conciencia.<\/p>\n<p>El d\u00eda comenz\u00f3 con una serie de presentaciones en el lugar donde se desarroll\u00f3 el evento en Silver Spring, Maryland, sobre temas tales como el nacionalismo religioso y la libertad religiosa, las amenazas actuales a la libertad religiosa, y la importancia de participar de esfuerzos multilaterales. Despu\u00e9s del almuerzo, los participantes fueron trasladados en autobuses al centro de Washington D.C. para visitar lugares hist\u00f3ricos claves para la libertad religiosa en los Estados Unidos y el mundo.<\/p>\n<p>El recorrido del 23 de agosto incluy\u00f3 una visita al Museo de los Archivos Nacionales, donde los participantes del Congreso de la IRLA vieron exhibida la Constituci\u00f3n de los Estados Unidos, entre otros documentos claves para la libertad religiosa. Tambi\u00e9n incluy\u00f3 una parada en el monumento en conmemoraci\u00f3n de Martin Luther King Jr. y el monumento de conmemoraci\u00f3n a Franklin Delano Roosevelt. Al final del recorrido, los participantes fueron invitados a participar del banquete de clausura en una ubicaci\u00f3n central, a solo unas cuadras de la Casa Blanca.<\/p>\n<p><div id=\"attachment_102952\" style=\"width: 855px\" class=\"wp-caption aligncenter\"><img decoding=\"async\" aria-describedby=\"caption-attachment-102952\" class=\" wp-image-102950\" src=\"https:\/\/interamerica.org\/wp-content\/uploads\/2023\/09\/irla-2-2023.jpeg\" alt=\"\" width=\"845\" height=\"563\" srcset=\"https:\/\/interamerica.org\/wp-content\/uploads\/2023\/09\/irla-2-2023.jpeg 768w, https:\/\/interamerica.org\/wp-content\/uploads\/2023\/09\/irla-2-2023-300x200.jpeg 300w\" sizes=\"(max-width: 845px) 100vw, 845px\" \/><p id=\"caption-attachment-102952\" class=\"wp-caption-text\">Ted N. C. Wilson, presidente de la Asociaci\u00f3n General (al centro) y su esposa Nancy participaron de la visita a sitios claves para la libertad religiosa en los Estados Unidos en el centro de de Washington, D.C., el 23 de agosto. [Fotograf\u00eda: Marcos Paseggi, Adventist Review]<\/p><\/div><strong>Trabajar con las bases<\/strong><\/p>\n<p>La IRLA present\u00f3 tres reconocimientos a defensores de la libertad religiosa durante su IX Congreso Mundial. Entre ellos estuvieron el embajador Sam Brownback, copresidente de la Cumbre Internacional de Libertad Religiosa y exembajador general de los Estados Unidos de Libertad Religiosa Internacional. Tambi\u00e9n es exsenador y diputado de los Estados Unidos, y exgobernador de Kansas. Brownback, que no pudo asistir al banquete, fue reconocido un d\u00eda antes despu\u00e9s de una presentaci\u00f3n que tuvo a su cargo en el evento.<\/p>\n<p>Seg\u00fan la IRLA, a lo largo de su distinguida carrera como estadista y diplom\u00e1tico, el embajador Brownback ha demostrado un profundo compromiso con la defensa del derecho fundamental de todo individuo de practicar su fe sin temor de persecuci\u00f3n o discriminaci\u00f3n. \u201cSu pericia, su compasi\u00f3n y su inter\u00e9s en aprender m\u00e1s son razones por las que este a\u00f1o se le otorga el Premio de la Asociaci\u00f3n Internacional de Libertad Religiosa\u201d, dijo Bill Knott, subsecretario general de la IRLA al presentar el reconocimiento.<\/p>\n<p><div id=\"attachment_102955\" style=\"width: 778px\" class=\"wp-caption aligncenter\"><img decoding=\"async\" aria-describedby=\"caption-attachment-102955\" class=\"size-full wp-image-102953\" src=\"https:\/\/interamerica.org\/wp-content\/uploads\/2023\/09\/irla-3.jpeg\" alt=\"\" width=\"768\" height=\"512\" srcset=\"https:\/\/interamerica.org\/wp-content\/uploads\/2023\/09\/irla-3.jpeg 768w, https:\/\/interamerica.org\/wp-content\/uploads\/2023\/09\/irla-3-300x200.jpeg 300w\" sizes=\"(max-width: 768px) 100vw, 768px\" \/><p id=\"caption-attachment-102955\" class=\"wp-caption-text\">El embajador John Nay, actual presidente de la IRLA, da la bienvenida a los participantes al banquete de libertad religiosa en el centro de Washington, D.C. el 23 de agosto mientras que la conductora, la directora de educaci\u00f3n de la Asociaci\u00f3n General Lisa Beardsley-Hardy, observa. [Fotograf\u00eda: Marcos Paseggi, Adventist Review]<\/p><\/div>Como parte de la presentaci\u00f3n de reconocimientos durante el banquete, los participantes miraron un video pregrabado de la aceptaci\u00f3n que tuvo Brownback del reconocimiento de la IRLA, en el que llam\u00f3 a los defensores de la libertad religiosa para que sigan trabajando con las bases para efectuar cambios. \u201cSi no se trabaja con las bases, no va a propagarse\u201d, dijo. \u201cLo que tiene lugar en los niveles m\u00e1s altos del gobierno tiene que ser realmente implementado a nivel local\u201d.<\/p>\n<p><strong>El poder del amor<\/strong><\/p>\n<p>La IRLA tambi\u00e9n reconoci\u00f3 el trabajo Bettina Krause, capacitada como abogada, diplom\u00e1tica y editora actual de la revista Liberty y exdirectora de asuntos gubernamentales de la Asociaci\u00f3n General de los Adventistas del S\u00e9ptimo D\u00eda. Seg\u00fan los l\u00edderes de la IRLA, Krause fue fundamental a la hora de cultivar relaciones s\u00f3lidas y de colaboraci\u00f3n entre la sede central de la iglesia y las agencias de gobierno, las organizaciones no gubernamentales y los grupos que defienden la libertad religiosa.<\/p>\n<p>\u201cBettina Krause encarna una dimensi\u00f3n personal de la libertad religiosa, que es el desprendimiento\u201d, dijo Diop. \u201cElla crea cosas para otras personas. Y jam\u00e1s habla de sus calificaciones. Hasta escribi\u00f3 muchas cosas en forma an\u00f3nima. Pero su pasi\u00f3n por la libertad religiosa ha sido absolutamente asombrosa\u201d.<\/p>\n<p><div id=\"attachment_102958\" style=\"width: 778px\" class=\"wp-caption aligncenter\"><img loading=\"lazy\" decoding=\"async\" aria-describedby=\"caption-attachment-102958\" class=\"size-full wp-image-102956\" src=\"https:\/\/interamerica.org\/wp-content\/uploads\/2023\/09\/irla-4-2023.jpeg\" alt=\"\" width=\"768\" height=\"512\" srcset=\"https:\/\/interamerica.org\/wp-content\/uploads\/2023\/09\/irla-4-2023.jpeg 768w, https:\/\/interamerica.org\/wp-content\/uploads\/2023\/09\/irla-4-2023-300x200.jpeg 300w\" sizes=\"(max-width: 768px) 100vw, 768px\" \/><p id=\"caption-attachment-102958\" class=\"wp-caption-text\">En los Archivos Nacionales, los participantes del Congreso de la IRLA vieron la exhibici\u00f3n de la Constituci\u00f3n de los Estados Unidos, entre otros documentos claves para la libertad religiosa. [Fotograf\u00eda: Marcos Paseggi, Adventist Review]<\/p><\/div>Al aceptar el reconocimiento, Krause dijo que atesor\u00f3 el tiempo que ha pasado trabajando con Diop y con otros en favor de la libertad religiosa. Cit\u00f3 del primer n\u00famero de Liberty, que se public\u00f3 en Abril 1906. All\u00ed, su editor detall\u00f3 la filosof\u00eda que guiar\u00eda la publicaci\u00f3n. \u201cCreemos que no hay poder como el poder del amor que pueda apropiadamente compeler la conciencia humana\u201d, ley\u00f3 Krause, y a\u00f1adi\u00f3: \u201cEs una declaraci\u00f3n simple, pero explica por qu\u00e9 nos hemos reunido aqu\u00ed durante los \u00faltimos d\u00edas [\u2026]. Todos nos vemos regidos por un par de ideas muy simples: la santidad de la libertad humana, la santidad de la dignidad humana, y la idea de que no hay poder como el poder del amor que puede apropiadamente compeler la conciencia humana [\u2026]. Me siento honrado en considerarme una socia y colega defensora en esta tarea\u201d.<\/p>\n<p><strong>Aliviar tensiones y promover la cooperaci\u00f3n<\/strong><\/p>\n<p>Por \u00faltimo, la IRLA reconoci\u00f3 el trabajo de la exsecretaria general de Religiones para la Paz Azza Karam, una mujer de fe musulmana que es miembro de la Junta Asesora de Alto Nivel del secretario general de las Naciones Unidas sobre Multilateralismo Efectivo. Seg\u00fan la IRLA, Karam ha efectuado contribuciones significativas con diversas iniciativas interreligiosas.<\/p>\n<p><div id=\"attachment_102961\" style=\"width: 778px\" class=\"wp-caption aligncenter\"><img loading=\"lazy\" decoding=\"async\" aria-describedby=\"caption-attachment-102961\" class=\"size-full wp-image-102959\" src=\"https:\/\/interamerica.org\/wp-content\/uploads\/2023\/09\/irla-2023-5dsc-0382-768x512-1.jpeg\" alt=\"\" width=\"768\" height=\"512\" srcset=\"https:\/\/interamerica.org\/wp-content\/uploads\/2023\/09\/irla-2023-5dsc-0382-768x512-1.jpeg 768w, https:\/\/interamerica.org\/wp-content\/uploads\/2023\/09\/irla-2023-5dsc-0382-768x512-1-300x200.jpeg 300w\" sizes=\"(max-width: 768px) 100vw, 768px\" \/><p id=\"caption-attachment-102961\" class=\"wp-caption-text\">M\u00e1s de 120 l\u00edderes de la iglesia y defensores de la libertad religiosa asistieron al banquete de clausura y entrega de reconocimientos del Congreso de la IRLA el pasado 23 de agosto. [Fotograf\u00eda: Marcos Paseggi, Adventist Review]<\/p><\/div>\u201cComo la fuerza impulsora detr\u00e1s de numerosos di\u00e1logos y foros, ella ha reunido a l\u00edderes religiosos, investigadores y profesionales de todo el mundo para involucrarlos en di\u00e1logos constructivos, trascendiendo los l\u00edmites que una vez m\u00e1s parec\u00edan insuperables [\u2026]. Su participaci\u00f3n en iniciativas pr\u00e1cticas de paz ha tenido un impacto significativo a la hora de aliviar las tensiones y promover la cooperaci\u00f3n en regiones afectadas por las luchas interreligiosas\u201d.<\/p>\n<p>Diop, que llam\u00f3 a Karam \u201cun don para toda la humanidad\u201d, reconoci\u00f3 su trabajo de \u201cunir a las personas y las naciones\u201d. Gracias a su tarea dedicada, a\u00f1adi\u00f3 Diop, \u201cahora los l\u00edderes de todas las religiones pueden al menos escuchar sobre la libertad religiosa [\u2026]. Me siento profundamente agradecido por sus esfuerzos\u201d.<\/p>\n<p><div id=\"attachment_102964\" style=\"width: 778px\" class=\"wp-caption aligncenter\"><img loading=\"lazy\" decoding=\"async\" aria-describedby=\"caption-attachment-102964\" class=\"size-full wp-image-102962\" src=\"https:\/\/interamerica.org\/wp-content\/uploads\/2023\/09\/irla-2023-6dsc-0391-768x512-1.jpeg\" alt=\"\" width=\"768\" height=\"512\" srcset=\"https:\/\/interamerica.org\/wp-content\/uploads\/2023\/09\/irla-2023-6dsc-0391-768x512-1.jpeg 768w, https:\/\/interamerica.org\/wp-content\/uploads\/2023\/09\/irla-2023-6dsc-0391-768x512-1-300x200.jpeg 300w\" sizes=\"(max-width: 768px) 100vw, 768px\" \/><p id=\"caption-attachment-102964\" class=\"wp-caption-text\">Ganoune Diop, secretario general de la IRLA, se dirige a los l\u00edderes y defensores de la libertad religiosa en el banquete de clausura y ceremonia de entrega de reconocimientos del Congreso de la IRLA en el centro de Washington, D.C. [Fotograf\u00eda: Marcos Paseggi, Adventist Review]<\/p><\/div>Karam agradeci\u00f3 a los l\u00edderes de la IRLA por lo que ella denomin\u00f3 \u201ceste incre\u00edble honor y privilegio\u201d. Karam tambi\u00e9n llam\u00f3 la atenci\u00f3n de los asistentes al banquete a la dif\u00edcil situaci\u00f3n de muchos millones de musulmanes \u201cque se ven extraordinariamente atacados desde miembros de sus propia comunidad y de los que profesan su propia fe, de otros que no pueden entender las atrocidades que parecen estar produci\u00e9ndose en nombre de su fe, y de los que los rodean y que siempre resintieron esa otra religi\u00f3n que parece estar creciendo\u201d.<\/p>\n<p>Visiblemente emocionada, Karam implor\u00f3 a cada defensor de la libertad religiosa presente \u201cque vea a los musulmanes y al islamismo m\u00e1s all\u00e1 de las horrendos titulares; que vea a cada musulm\u00e1n como un creyente, y [\u2026] que sea al menos un poco m\u00e1s amable con muchos que jam\u00e1s lastimar\u00edan a nadie pero cuya religi\u00f3n se ve atacada de manera tan grave\u201d.<\/p>\n<p><strong>Una parte de lo que somos<\/strong><\/p>\n<p>Despu\u00e9s de la ceremonia de reconocimientos, Audrey Andersson, vicepresidenta de la Asociaci\u00f3n General, hizo un llamado a los asistentes para que tomen todo lo que han aprendido durante el evento y lo incorporen en su vida diaria y pr\u00e1ctica profesional. \u201cReci\u00e9n lo est\u00e1bamos discutiendo en nuestra mesa\u201d, reconoci\u00f3, \u201cc\u00f3mo vamos a hacer para que todo esto sea parte de qui\u00e9nes somos y una realidad en todas nuestras interacciones\u201d. La clave, dijo, es comprometerse a \u201cdar a cada uno la libertad de tomar su decisi\u00f3n con libertad de conciencia\u201d.<\/p>\n<p><div id=\"attachment_102995\" style=\"width: 811px\" class=\"wp-caption aligncenter\"><img loading=\"lazy\" decoding=\"async\" aria-describedby=\"caption-attachment-102995\" class=\" wp-image-102993\" src=\"https:\/\/interamerica.org\/wp-content\/uploads\/2023\/09\/irla20203-7dsc-0441.jpeg\" alt=\"\" width=\"801\" height=\"534\" srcset=\"https:\/\/interamerica.org\/wp-content\/uploads\/2023\/09\/irla20203-7dsc-0441.jpeg 1000w, https:\/\/interamerica.org\/wp-content\/uploads\/2023\/09\/irla20203-7dsc-0441-300x200.jpeg 300w, https:\/\/interamerica.org\/wp-content\/uploads\/2023\/09\/irla20203-7dsc-0441-768x512.jpeg 768w\" sizes=\"(max-width: 801px) 100vw, 801px\" \/><p id=\"caption-attachment-102995\" class=\"wp-caption-text\">La condecorada Azza Karam hizo un llamado a los l\u00edderes religiosos para que \u201cvean a los musulmanes y al islamismo m\u00e1s all\u00e1 de los horribles titulares\u201d y para \u201cque vean en cada musulm\u00e1n un creyente\u201d. [Fotograf\u00eda: Marcos Paseggi, Adventist Review]<\/p><\/div>Diop concord\u00f3 con ella. Antes de sus declaraciones de clausura, reiter\u00f3 el papel clave que juega la libertad religiosa y la libertad de conciencia. \u201cLos seres humanos han sido creados a imagen de Dios\u201d, record\u00f3 a los asistentes, \u201cy esto incluye la libertad de conciencia. Es por ello que, si alguien se ve privado de la libertad religiosa y la libertad de conciencia, eso significa que la persona se ve privada de su humanidad\u201d, dijo Diop.<\/p>\n<p>Antes de la oraci\u00f3n de cierre, Erton K\u00f6hler, secretario ejecutivo de la Asociaci\u00f3n General, hizo un llamado a los l\u00edderes y partidarios para que sigan trabajando en favor de la libertad religiosa. \u201cEspero que puedan salir de este lugar con un compromiso renovado de ser un embajador de la libertad religiosa\u201d, dijo K\u00f6hler. \u201cComo lo expres\u00f3 el embajador Brownback, \u2018para todos, en todas partes, todo el tiempo\u2019\u201d, enfatiz\u00f3. \u201cDefendamos la libertad religiosa con todo nuestro coraz\u00f3n\u201d.<\/p>\n<p>Traducci\u00f3n de Marcos Paseggi<\/p>\n","protected":false},"excerpt":{"rendered":"<p>Ceremonia de reconocimientos del IX Congreso Mundial de la IRLA destaca tres piezas claves en ese campo. M\u00e1s de 120 l\u00edderes y defensores de la libertad religiosa se reunieron el&#8230;<\/p>\n","protected":false},"author":3,"featured_media":102949,"comment_status":"closed","ping_status":"closed","sticky":false,"template":"","format":"standard","meta":{"_acf_changed":false,"footnotes":""},"categories":[14,15],"tags":[],"class_list":["post-103000","post","type-post","status-publish","format-standard","has-post-thumbnail","hentry","category-de-la-iglesia-mundial","category-rss-espanol"],"acf":[],"yoast_head":"<!-- This site is optimized with the Yoast SEO plugin v27.3 - https:\/\/yoast.com\/product\/yoast-seo-wordpress\/ -->\n<title>Los l\u00edderes llaman a los defensores de la libertad religiosa para que sean embajadores de la libertad - Iglesia Adventista del S\u00e9ptimo D\u00eda - Divisi\u00f3n Interamericana<\/title>\n<meta name=\"robots\" content=\"index, follow, max-snippet:-1, max-image-preview:large, max-video-preview:-1\" \/>\n<link rel=\"canonical\" href=\"https:\/\/interamerica.org\/es\/2023\/09\/los-lideres-llaman-a-los-defensores-de-la-libertad-religiosa-para-que-sean-embajadores-de-la-libertad\/\" \/>\n<meta property=\"og:locale\" content=\"es_ES\" \/>\n<meta property=\"og:type\" content=\"article\" \/>\n<meta property=\"og:title\" content=\"Los l\u00edderes llaman a los defensores de la libertad religiosa para que sean embajadores de la libertad - Iglesia Adventista del S\u00e9ptimo D\u00eda - Divisi\u00f3n Interamericana\" \/>\n<meta property=\"og:description\" content=\"Ceremonia de reconocimientos del IX Congreso Mundial de la IRLA destaca tres piezas claves en ese campo. M\u00e1s de 120 l\u00edderes y defensores de la libertad religiosa se reunieron el...\" \/>\n<meta property=\"og:url\" content=\"https:\/\/interamerica.org\/es\/2023\/09\/los-lideres-llaman-a-los-defensores-de-la-libertad-religiosa-para-que-sean-embajadores-de-la-libertad\/\" \/>\n<meta property=\"og:site_name\" content=\"Iglesia Adventista del S\u00e9ptimo D\u00eda - Divisi\u00f3n Interamericana\" \/>\n<meta property=\"article:published_time\" content=\"2023-09-05T16:18:00+00:00\" \/>\n<meta property=\"article:modified_time\" content=\"2023-09-06T16:12:33+00:00\" \/>\n<meta property=\"og:image\" content=\"https:\/\/interamerica.org\/wp-content\/uploads\/2023\/09\/irla-2023.jpeg\" \/>\n\t<meta property=\"og:image:width\" content=\"1000\" \/>\n\t<meta property=\"og:image:height\" content=\"444\" \/>\n\t<meta property=\"og:image:type\" content=\"image\/jpeg\" \/>\n<meta name=\"author\" content=\"libna\" \/>\n<meta name=\"twitter:card\" content=\"summary_large_image\" \/>\n<meta name=\"twitter:label1\" content=\"Escrito por\" \/>\n\t<meta name=\"twitter:data1\" content=\"libna\" \/>\n\t<meta name=\"twitter:label2\" content=\"Tiempo de lectura\" \/>\n\t<meta name=\"twitter:data2\" content=\"9 minutos\" \/>\n<script type=\"application\/ld+json\" class=\"yoast-schema-graph\">{\"@context\":\"https:\\\/\\\/schema.org\",\"@graph\":[{\"@type\":\"Article\",\"@id\":\"https:\\\/\\\/interamerica.org\\\/es\\\/2023\\\/09\\\/los-lideres-llaman-a-los-defensores-de-la-libertad-religiosa-para-que-sean-embajadores-de-la-libertad\\\/#article\",\"isPartOf\":{\"@id\":\"https:\\\/\\\/interamerica.org\\\/es\\\/2023\\\/09\\\/los-lideres-llaman-a-los-defensores-de-la-libertad-religiosa-para-que-sean-embajadores-de-la-libertad\\\/\"},\"author\":{\"name\":\"libna\",\"@id\":\"https:\\\/\\\/interamerica.org\\\/es\\\/#\\\/schema\\\/person\\\/29998f2bc2d8bd0d38662909289b54f1\"},\"headline\":\"Los l\u00edderes llaman a los defensores de la libertad religiosa para que sean embajadores de la libertad\",\"datePublished\":\"2023-09-05T16:18:00+00:00\",\"dateModified\":\"2023-09-06T16:12:33+00:00\",\"mainEntityOfPage\":{\"@id\":\"https:\\\/\\\/interamerica.org\\\/es\\\/2023\\\/09\\\/los-lideres-llaman-a-los-defensores-de-la-libertad-religiosa-para-que-sean-embajadores-de-la-libertad\\\/\"},\"wordCount\":1810,\"image\":{\"@id\":\"https:\\\/\\\/interamerica.org\\\/es\\\/2023\\\/09\\\/los-lideres-llaman-a-los-defensores-de-la-libertad-religiosa-para-que-sean-embajadores-de-la-libertad\\\/#primaryimage\"},\"thumbnailUrl\":\"https:\\\/\\\/interamerica.org\\\/wp-content\\\/uploads\\\/2023\\\/09\\\/irla-2023.jpeg\",\"articleSection\":[\"Desde la iglesia mundial\",\"RSS Espa\u00f1ol\"],\"inLanguage\":\"es\"},{\"@type\":\"WebPage\",\"@id\":\"https:\\\/\\\/interamerica.org\\\/es\\\/2023\\\/09\\\/los-lideres-llaman-a-los-defensores-de-la-libertad-religiosa-para-que-sean-embajadores-de-la-libertad\\\/\",\"url\":\"https:\\\/\\\/interamerica.org\\\/es\\\/2023\\\/09\\\/los-lideres-llaman-a-los-defensores-de-la-libertad-religiosa-para-que-sean-embajadores-de-la-libertad\\\/\",\"name\":\"Los l\u00edderes llaman a los defensores de la libertad religiosa para que sean embajadores de la libertad - Iglesia Adventista del S\u00e9ptimo D\u00eda - Divisi\u00f3n Interamericana\",\"isPartOf\":{\"@id\":\"https:\\\/\\\/interamerica.org\\\/es\\\/#website\"},\"primaryImageOfPage\":{\"@id\":\"https:\\\/\\\/interamerica.org\\\/es\\\/2023\\\/09\\\/los-lideres-llaman-a-los-defensores-de-la-libertad-religiosa-para-que-sean-embajadores-de-la-libertad\\\/#primaryimage\"},\"image\":{\"@id\":\"https:\\\/\\\/interamerica.org\\\/es\\\/2023\\\/09\\\/los-lideres-llaman-a-los-defensores-de-la-libertad-religiosa-para-que-sean-embajadores-de-la-libertad\\\/#primaryimage\"},\"thumbnailUrl\":\"https:\\\/\\\/interamerica.org\\\/wp-content\\\/uploads\\\/2023\\\/09\\\/irla-2023.jpeg\",\"datePublished\":\"2023-09-05T16:18:00+00:00\",\"dateModified\":\"2023-09-06T16:12:33+00:00\",\"author\":{\"@id\":\"https:\\\/\\\/interamerica.org\\\/es\\\/#\\\/schema\\\/person\\\/29998f2bc2d8bd0d38662909289b54f1\"},\"breadcrumb\":{\"@id\":\"https:\\\/\\\/interamerica.org\\\/es\\\/2023\\\/09\\\/los-lideres-llaman-a-los-defensores-de-la-libertad-religiosa-para-que-sean-embajadores-de-la-libertad\\\/#breadcrumb\"},\"inLanguage\":\"es\",\"potentialAction\":[{\"@type\":\"ReadAction\",\"target\":[\"https:\\\/\\\/interamerica.org\\\/es\\\/2023\\\/09\\\/los-lideres-llaman-a-los-defensores-de-la-libertad-religiosa-para-que-sean-embajadores-de-la-libertad\\\/\"]}]},{\"@type\":\"ImageObject\",\"inLanguage\":\"es\",\"@id\":\"https:\\\/\\\/interamerica.org\\\/es\\\/2023\\\/09\\\/los-lideres-llaman-a-los-defensores-de-la-libertad-religiosa-para-que-sean-embajadores-de-la-libertad\\\/#primaryimage\",\"url\":\"https:\\\/\\\/interamerica.org\\\/wp-content\\\/uploads\\\/2023\\\/09\\\/irla-2023.jpeg\",\"contentUrl\":\"https:\\\/\\\/interamerica.org\\\/wp-content\\\/uploads\\\/2023\\\/09\\\/irla-2023.jpeg\",\"width\":1000,\"height\":444,\"caption\":\"Group photo of some of the participants to the International Religious Liberty Association\u2019s 9th World Congress in Silver Spring, Maryland, United States, August 21-23. [Photo: Marcos Paseggi, Adventist Review]\"},{\"@type\":\"BreadcrumbList\",\"@id\":\"https:\\\/\\\/interamerica.org\\\/es\\\/2023\\\/09\\\/los-lideres-llaman-a-los-defensores-de-la-libertad-religiosa-para-que-sean-embajadores-de-la-libertad\\\/#breadcrumb\",\"itemListElement\":[{\"@type\":\"ListItem\",\"position\":1,\"name\":\"Home\",\"item\":\"https:\\\/\\\/interamerica.org\\\/es\\\/\"},{\"@type\":\"ListItem\",\"position\":2,\"name\":\"Los l\u00edderes llaman a los defensores de la libertad religiosa para que sean embajadores de la libertad\"}]},{\"@type\":\"WebSite\",\"@id\":\"https:\\\/\\\/interamerica.org\\\/es\\\/#website\",\"url\":\"https:\\\/\\\/interamerica.org\\\/es\\\/\",\"name\":\"Iglesia Adventista del S\u00e9ptimo D\u00eda - Divisi\u00f3n Interamericana\",\"description\":\"\",\"potentialAction\":[{\"@type\":\"SearchAction\",\"target\":{\"@type\":\"EntryPoint\",\"urlTemplate\":\"https:\\\/\\\/interamerica.org\\\/es\\\/?s={search_term_string}\"},\"query-input\":{\"@type\":\"PropertyValueSpecification\",\"valueRequired\":true,\"valueName\":\"search_term_string\"}}],\"inLanguage\":\"es\"},{\"@type\":\"Person\",\"@id\":\"https:\\\/\\\/interamerica.org\\\/es\\\/#\\\/schema\\\/person\\\/29998f2bc2d8bd0d38662909289b54f1\",\"name\":\"libna\",\"image\":{\"@type\":\"ImageObject\",\"inLanguage\":\"es\",\"@id\":\"https:\\\/\\\/secure.gravatar.com\\\/avatar\\\/7c5bd30ae4b47a9ba3c856590957fd1d96dc588bf3ac05719d247e126840331f?s=96&d=mm&r=g\",\"url\":\"https:\\\/\\\/secure.gravatar.com\\\/avatar\\\/7c5bd30ae4b47a9ba3c856590957fd1d96dc588bf3ac05719d247e126840331f?s=96&d=mm&r=g\",\"contentUrl\":\"https:\\\/\\\/secure.gravatar.com\\\/avatar\\\/7c5bd30ae4b47a9ba3c856590957fd1d96dc588bf3ac05719d247e126840331f?s=96&d=mm&r=g\",\"caption\":\"libna\"}}]}<\/script>\n<!-- \/ Yoast SEO plugin. -->","yoast_head_json":{"title":"Los l\u00edderes llaman a los defensores de la libertad religiosa para que sean embajadores de la libertad - Iglesia Adventista del S\u00e9ptimo D\u00eda - Divisi\u00f3n Interamericana","robots":{"index":"index","follow":"follow","max-snippet":"max-snippet:-1","max-image-preview":"max-image-preview:large","max-video-preview":"max-video-preview:-1"},"canonical":"https:\/\/interamerica.org\/es\/2023\/09\/los-lideres-llaman-a-los-defensores-de-la-libertad-religiosa-para-que-sean-embajadores-de-la-libertad\/","og_locale":"es_ES","og_type":"article","og_title":"Los l\u00edderes llaman a los defensores de la libertad religiosa para que sean embajadores de la libertad - Iglesia Adventista del S\u00e9ptimo D\u00eda - Divisi\u00f3n Interamericana","og_description":"Ceremonia de reconocimientos del IX Congreso Mundial de la IRLA destaca tres piezas claves en ese campo. M\u00e1s de 120 l\u00edderes y defensores de la libertad religiosa se reunieron el...","og_url":"https:\/\/interamerica.org\/es\/2023\/09\/los-lideres-llaman-a-los-defensores-de-la-libertad-religiosa-para-que-sean-embajadores-de-la-libertad\/","og_site_name":"Iglesia Adventista del S\u00e9ptimo D\u00eda - Divisi\u00f3n Interamericana","article_published_time":"2023-09-05T16:18:00+00:00","article_modified_time":"2023-09-06T16:12:33+00:00","og_image":[{"width":1000,"height":444,"url":"https:\/\/interamerica.org\/wp-content\/uploads\/2023\/09\/irla-2023.jpeg","type":"image\/jpeg"}],"author":"libna","twitter_card":"summary_large_image","twitter_misc":{"Escrito por":"libna","Tiempo de lectura":"9 minutos"},"schema":{"@context":"https:\/\/schema.org","@graph":[{"@type":"Article","@id":"https:\/\/interamerica.org\/es\/2023\/09\/los-lideres-llaman-a-los-defensores-de-la-libertad-religiosa-para-que-sean-embajadores-de-la-libertad\/#article","isPartOf":{"@id":"https:\/\/interamerica.org\/es\/2023\/09\/los-lideres-llaman-a-los-defensores-de-la-libertad-religiosa-para-que-sean-embajadores-de-la-libertad\/"},"author":{"name":"libna","@id":"https:\/\/interamerica.org\/es\/#\/schema\/person\/29998f2bc2d8bd0d38662909289b54f1"},"headline":"Los l\u00edderes llaman a los defensores de la libertad religiosa para que sean embajadores de la libertad","datePublished":"2023-09-05T16:18:00+00:00","dateModified":"2023-09-06T16:12:33+00:00","mainEntityOfPage":{"@id":"https:\/\/interamerica.org\/es\/2023\/09\/los-lideres-llaman-a-los-defensores-de-la-libertad-religiosa-para-que-sean-embajadores-de-la-libertad\/"},"wordCount":1810,"image":{"@id":"https:\/\/interamerica.org\/es\/2023\/09\/los-lideres-llaman-a-los-defensores-de-la-libertad-religiosa-para-que-sean-embajadores-de-la-libertad\/#primaryimage"},"thumbnailUrl":"https:\/\/interamerica.org\/wp-content\/uploads\/2023\/09\/irla-2023.jpeg","articleSection":["Desde la iglesia mundial","RSS Espa\u00f1ol"],"inLanguage":"es"},{"@type":"WebPage","@id":"https:\/\/interamerica.org\/es\/2023\/09\/los-lideres-llaman-a-los-defensores-de-la-libertad-religiosa-para-que-sean-embajadores-de-la-libertad\/","url":"https:\/\/interamerica.org\/es\/2023\/09\/los-lideres-llaman-a-los-defensores-de-la-libertad-religiosa-para-que-sean-embajadores-de-la-libertad\/","name":"Los l\u00edderes llaman a los defensores de la libertad religiosa para que sean embajadores de la libertad - Iglesia Adventista del S\u00e9ptimo D\u00eda - Divisi\u00f3n Interamericana","isPartOf":{"@id":"https:\/\/interamerica.org\/es\/#website"},"primaryImageOfPage":{"@id":"https:\/\/interamerica.org\/es\/2023\/09\/los-lideres-llaman-a-los-defensores-de-la-libertad-religiosa-para-que-sean-embajadores-de-la-libertad\/#primaryimage"},"image":{"@id":"https:\/\/interamerica.org\/es\/2023\/09\/los-lideres-llaman-a-los-defensores-de-la-libertad-religiosa-para-que-sean-embajadores-de-la-libertad\/#primaryimage"},"thumbnailUrl":"https:\/\/interamerica.org\/wp-content\/uploads\/2023\/09\/irla-2023.jpeg","datePublished":"2023-09-05T16:18:00+00:00","dateModified":"2023-09-06T16:12:33+00:00","author":{"@id":"https:\/\/interamerica.org\/es\/#\/schema\/person\/29998f2bc2d8bd0d38662909289b54f1"},"breadcrumb":{"@id":"https:\/\/interamerica.org\/es\/2023\/09\/los-lideres-llaman-a-los-defensores-de-la-libertad-religiosa-para-que-sean-embajadores-de-la-libertad\/#breadcrumb"},"inLanguage":"es","potentialAction":[{"@type":"ReadAction","target":["https:\/\/interamerica.org\/es\/2023\/09\/los-lideres-llaman-a-los-defensores-de-la-libertad-religiosa-para-que-sean-embajadores-de-la-libertad\/"]}]},{"@type":"ImageObject","inLanguage":"es","@id":"https:\/\/interamerica.org\/es\/2023\/09\/los-lideres-llaman-a-los-defensores-de-la-libertad-religiosa-para-que-sean-embajadores-de-la-libertad\/#primaryimage","url":"https:\/\/interamerica.org\/wp-content\/uploads\/2023\/09\/irla-2023.jpeg","contentUrl":"https:\/\/interamerica.org\/wp-content\/uploads\/2023\/09\/irla-2023.jpeg","width":1000,"height":444,"caption":"Group photo of some of the participants to the International Religious Liberty Association\u2019s 9th World Congress in Silver Spring, Maryland, United States, August 21-23. [Photo: Marcos Paseggi, Adventist Review]"},{"@type":"BreadcrumbList","@id":"https:\/\/interamerica.org\/es\/2023\/09\/los-lideres-llaman-a-los-defensores-de-la-libertad-religiosa-para-que-sean-embajadores-de-la-libertad\/#breadcrumb","itemListElement":[{"@type":"ListItem","position":1,"name":"Home","item":"https:\/\/interamerica.org\/es\/"},{"@type":"ListItem","position":2,"name":"Los l\u00edderes llaman a los defensores de la libertad religiosa para que sean embajadores de la libertad"}]},{"@type":"WebSite","@id":"https:\/\/interamerica.org\/es\/#website","url":"https:\/\/interamerica.org\/es\/","name":"Iglesia Adventista del S\u00e9ptimo D\u00eda - Divisi\u00f3n Interamericana","description":"","potentialAction":[{"@type":"SearchAction","target":{"@type":"EntryPoint","urlTemplate":"https:\/\/interamerica.org\/es\/?s={search_term_string}"},"query-input":{"@type":"PropertyValueSpecification","valueRequired":true,"valueName":"search_term_string"}}],"inLanguage":"es"},{"@type":"Person","@id":"https:\/\/interamerica.org\/es\/#\/schema\/person\/29998f2bc2d8bd0d38662909289b54f1","name":"libna","image":{"@type":"ImageObject","inLanguage":"es","@id":"https:\/\/secure.gravatar.com\/avatar\/7c5bd30ae4b47a9ba3c856590957fd1d96dc588bf3ac05719d247e126840331f?s=96&d=mm&r=g","url":"https:\/\/secure.gravatar.com\/avatar\/7c5bd30ae4b47a9ba3c856590957fd1d96dc588bf3ac05719d247e126840331f?s=96&d=mm&r=g","contentUrl":"https:\/\/secure.gravatar.com\/avatar\/7c5bd30ae4b47a9ba3c856590957fd1d96dc588bf3ac05719d247e126840331f?s=96&d=mm&r=g","caption":"libna"}}]}},"_links":{"self":[{"href":"https:\/\/interamerica.org\/es\/wp-json\/wp\/v2\/posts\/103000","targetHints":{"allow":["GET"]}}],"collection":[{"href":"https:\/\/interamerica.org\/es\/wp-json\/wp\/v2\/posts"}],"about":[{"href":"https:\/\/interamerica.org\/es\/wp-json\/wp\/v2\/types\/post"}],"author":[{"embeddable":true,"href":"https:\/\/interamerica.org\/es\/wp-json\/wp\/v2\/users\/3"}],"replies":[{"embeddable":true,"href":"https:\/\/interamerica.org\/es\/wp-json\/wp\/v2\/comments?post=103000"}],"version-history":[{"count":0,"href":"https:\/\/interamerica.org\/es\/wp-json\/wp\/v2\/posts\/103000\/revisions"}],"wp:featuredmedia":[{"embeddable":true,"href":"https:\/\/interamerica.org\/es\/wp-json\/wp\/v2\/media\/102949"}],"wp:attachment":[{"href":"https:\/\/interamerica.org\/es\/wp-json\/wp\/v2\/media?parent=103000"}],"wp:term":[{"taxonomy":"category","embeddable":true,"href":"https:\/\/interamerica.org\/es\/wp-json\/wp\/v2\/categories?post=103000"},{"taxonomy":"post_tag","embeddable":true,"href":"https:\/\/interamerica.org\/es\/wp-json\/wp\/v2\/tags?post=103000"}],"curies":[{"name":"wp","href":"https:\/\/api.w.org\/{rel}","templated":true}]}}