{"id":10307,"date":"2004-05-25T00:00:00","date_gmt":"2004-05-25T04:00:00","guid":{"rendered":"http:\/\/192.81.217.108\/interamerica\/2004\/05\/la-onu-dirige-su-atencion-a-la-ong\/"},"modified":"2017-06-02T09:19:21","modified_gmt":"2017-06-02T13:19:21","slug":"la-onu-dirige-su-atencion-a-la-ong","status":"publish","type":"post","link":"https:\/\/interamerica.org\/es\/2004\/05\/la-onu-dirige-su-atencion-a-la-ong\/","title":{"rendered":"La ONU dirige su atenci\u00f3n a la ONG"},"content":{"rendered":"<p>Nueva York, Nueva York, Estados Unidos\u2026 [Personal de la AILR\/ANN]<\/p>\n<p>\u00a0<\/p>\n<p>La Asociaci\u00f3n Internacional de Libertad Religiosa (AILR) estuvo representada en una discusi\u00f3n acerca de la Declaraci\u00f3n de Berl\u00edn, un acuerdo entre 55 naciones para luchar contra el antisemitismo. El evento fue patrocinado por la Organizaci\u00f3n para la Seguridad y la Cooperaci\u00f3n en Europa (OSCE).<\/p>\n<p>La discusi\u00f3n, desarrollada en Nueva York, fue planeada para informar a las organizaciones interesadas en la libertad religiosa acerca de la Declaraci\u00f3n de Berl\u00edn, la cual fue confeccionada durante la reciente conferencia de la OSCE acerca del antisemitismo. La Declaraci\u00f3n hace un llamado a todas las naciones de la OSCE para que, entre otras cosas, re\u00fanan y mantengan informaci\u00f3n y estad\u00edsticas fiables acerca de cr\u00edmenes antisem\u00edticos, aseguren que sus sistemas legales promuevan un ambiente libre de acoso, violencia y discriminaci\u00f3n antisem\u00edticos en todas las \u00e1reas de la vida, y promuevan programas educativos para combatir el antisemitismo.<\/p>\n<p>Stephan Minikes, embajador de los Estados Unidos para la OSCE, present\u00f3 la Declaraci\u00f3n y explic\u00f3 c\u00f3mo vino a la existencia.<\/p>\n<p>\u201cLa OSCE es una ONU regional\u201d, dijo. \u201cAs\u00ed que cada problema acerca del cual usted pueda pensar en la ONU, es un asunto que la OSCE maneja en sus 55 naciones, incluyendo el antisemitismo\u201d.<\/p>\n<p>Minikes tambi\u00e9n explic\u00f3 a las diferentes organizaciones representadas, detalles acerca de la Declaraci\u00f3n, y les anim\u00f3 a hablar a otros acerca de ella. \u201cAyuden a hacer de \u00e9ste un documento de continua importancia, l\u00e9anlo, distrib\u00fayanlo\u201d, dijo. \u201cAyuden a hacer de \u00e9l un documento vivo mientras avanzamos\u201d.<\/p>\n<p>En apoyo a los esfuerzos de la OSCE, el Dr. John Graz, secretario general de la AILR, dijo que \u201clos representantes de la AILR no s\u00f3lo han asistido a muchas conferencias de la OSCE, sino que la AILR trabaja de cerca con los representantes de la OSCE en Euro Asia y Suram\u00e9rica\u201d.<\/p>\n<p>Graz explic\u00f3 que tal participaci\u00f3n permite compartir informaci\u00f3n y trabajar en red. Tambi\u00e9n dijo que la AILR ha ayudado a organizar reuniones y ha hecho arreglos log\u00edsticos para algunos expertos de la OSCE en sus visitas a ciertos pa\u00edses.<\/p>\n<p>Graz coment\u00f3 adem\u00e1s que era natural para la AILR trabajar en compa\u00f1\u00eda con la OSCE porque el principio de la AILR de defender la libertad religiosa es paralelo al de la OSCE.<\/p>\n<p>\u201cEl antisemitismo es una de las m\u00e1s consistentes violaciones a los derechos humanos a trav\u00e9s de toda la historia\u201d, agreg\u00f3 Graz. \u201cCuando los jud\u00edos y las minor\u00edas son perseguidos, la libertad religiosa es negada. Promover la libertad religiosa es promover el derecho a ser diferente, el derecho a tener otra religi\u00f3n. El antisemitismo niega un derecho as\u00ed de fundamental, y no debe ser tolerado\u201d.<\/p>\n<p>La OSCE es un cuerpo de seguridad paneuropeo, cuyos 55 estados participantes abarcan la zona geogr\u00e1fica que va desde Vancouver hasta Vladivostock. Reconocida como un arreglo regional bajo el Cap\u00edtulo VII de la Constituci\u00f3n de las Naciones Unidas, la OSCE es un instrumento primario de alerta temprana, prevenci\u00f3n de conflictos, manejo de crisis y rehabilitaci\u00f3n posterior al conflicto en esa \u00e1rea.<\/p>\n<p>La AILR, organizada por miembros de la Iglesia Adventista del S\u00e9ptimo D\u00eda y constituida en 1893, es una organizaci\u00f3n no denominacional, establecida para promover y defender la libertad religiosa de todos los grupos y personas alrededor del mundo. Para mayor informaci\u00f3n acerca de la AILR, visite <a  href=\"http:\/\/www.irla.org\/\">www.irla.org<\/a>.<\/p>\n<p><strong>Derechos Reservados \u00ae 2004 por Adventist News Network.<\/strong><\/p>\n","protected":false},"excerpt":{"rendered":"<p>La Asociaci\u00f3n Internacional de Libertad Religiosa (AILR) estuvo representada en una discusi\u00f3n acerca de la Declaraci\u00f3n de Berl\u00edn, un acuerdo entre 55 naciones para luchar contra el antisemitismo.<\/p>\n","protected":false},"author":1,"featured_media":0,"comment_status":"closed","ping_status":"closed","sticky":false,"template":"","format":"standard","meta":{"_acf_changed":false,"footnotes":""},"categories":[8],"tags":[],"class_list":["post-10307","post","type-post","status-publish","format-standard","hentry","category-archivo"],"acf":[],"yoast_head":"<!-- This site is optimized with the Yoast SEO plugin v27.3 - https:\/\/yoast.com\/product\/yoast-seo-wordpress\/ -->\n<title>La ONU dirige su atenci\u00f3n a la ONG - Iglesia Adventista del S\u00e9ptimo D\u00eda - Divisi\u00f3n Interamericana<\/title>\n<meta name=\"robots\" content=\"index, follow, max-snippet:-1, max-image-preview:large, max-video-preview:-1\" \/>\n<link rel=\"canonical\" href=\"https:\/\/interamerica.org\/es\/2004\/05\/la-onu-dirige-su-atencion-a-la-ong\/\" \/>\n<meta property=\"og:locale\" content=\"es_ES\" \/>\n<meta property=\"og:type\" content=\"article\" \/>\n<meta property=\"og:title\" content=\"La ONU dirige su atenci\u00f3n a la ONG - Iglesia Adventista del S\u00e9ptimo D\u00eda - Divisi\u00f3n Interamericana\" \/>\n<meta property=\"og:description\" content=\"La Asociaci\u00f3n Internacional de Libertad Religiosa (AILR) estuvo representada en una discusi\u00f3n acerca de la Declaraci\u00f3n de Berl\u00edn, un acuerdo entre 55 naciones para luchar contra el antisemitismo.\" \/>\n<meta property=\"og:url\" content=\"https:\/\/interamerica.org\/es\/2004\/05\/la-onu-dirige-su-atencion-a-la-ong\/\" \/>\n<meta property=\"og:site_name\" content=\"Iglesia Adventista del S\u00e9ptimo D\u00eda - Divisi\u00f3n Interamericana\" \/>\n<meta property=\"article:published_time\" content=\"2004-05-25T04:00:00+00:00\" \/>\n<meta property=\"article:modified_time\" content=\"2017-06-02T13:19:21+00:00\" \/>\n<meta name=\"author\" content=\"Lorenzo Verduzco\" \/>\n<meta name=\"twitter:card\" content=\"summary_large_image\" \/>\n<meta name=\"twitter:label1\" content=\"Escrito por\" \/>\n\t<meta name=\"twitter:data1\" content=\"Lorenzo Verduzco\" \/>\n\t<meta name=\"twitter:label2\" content=\"Tiempo de lectura\" \/>\n\t<meta name=\"twitter:data2\" content=\"3 minutos\" \/>\n<script type=\"application\/ld+json\" class=\"yoast-schema-graph\">{\"@context\":\"https:\\\/\\\/schema.org\",\"@graph\":[{\"@type\":\"Article\",\"@id\":\"https:\\\/\\\/interamerica.org\\\/es\\\/2004\\\/05\\\/la-onu-dirige-su-atencion-a-la-ong\\\/#article\",\"isPartOf\":{\"@id\":\"https:\\\/\\\/interamerica.org\\\/es\\\/2004\\\/05\\\/la-onu-dirige-su-atencion-a-la-ong\\\/\"},\"author\":{\"name\":\"Lorenzo Verduzco\",\"@id\":\"https:\\\/\\\/interamerica.org\\\/es\\\/#\\\/schema\\\/person\\\/68ede8bdc292885bb76c1e3810e73c39\"},\"headline\":\"La ONU dirige su atenci\u00f3n a la ONG\",\"datePublished\":\"2004-05-25T04:00:00+00:00\",\"dateModified\":\"2017-06-02T13:19:21+00:00\",\"mainEntityOfPage\":{\"@id\":\"https:\\\/\\\/interamerica.org\\\/es\\\/2004\\\/05\\\/la-onu-dirige-su-atencion-a-la-ong\\\/\"},\"wordCount\":605,\"articleSection\":[\"Archivo\"],\"inLanguage\":\"es\"},{\"@type\":\"WebPage\",\"@id\":\"https:\\\/\\\/interamerica.org\\\/es\\\/2004\\\/05\\\/la-onu-dirige-su-atencion-a-la-ong\\\/\",\"url\":\"https:\\\/\\\/interamerica.org\\\/es\\\/2004\\\/05\\\/la-onu-dirige-su-atencion-a-la-ong\\\/\",\"name\":\"La ONU dirige su atenci\u00f3n a la ONG - Iglesia Adventista del S\u00e9ptimo D\u00eda - Divisi\u00f3n Interamericana\",\"isPartOf\":{\"@id\":\"https:\\\/\\\/interamerica.org\\\/es\\\/#website\"},\"datePublished\":\"2004-05-25T04:00:00+00:00\",\"dateModified\":\"2017-06-02T13:19:21+00:00\",\"author\":{\"@id\":\"https:\\\/\\\/interamerica.org\\\/es\\\/#\\\/schema\\\/person\\\/68ede8bdc292885bb76c1e3810e73c39\"},\"breadcrumb\":{\"@id\":\"https:\\\/\\\/interamerica.org\\\/es\\\/2004\\\/05\\\/la-onu-dirige-su-atencion-a-la-ong\\\/#breadcrumb\"},\"inLanguage\":\"es\",\"potentialAction\":[{\"@type\":\"ReadAction\",\"target\":[\"https:\\\/\\\/interamerica.org\\\/es\\\/2004\\\/05\\\/la-onu-dirige-su-atencion-a-la-ong\\\/\"]}]},{\"@type\":\"BreadcrumbList\",\"@id\":\"https:\\\/\\\/interamerica.org\\\/es\\\/2004\\\/05\\\/la-onu-dirige-su-atencion-a-la-ong\\\/#breadcrumb\",\"itemListElement\":[{\"@type\":\"ListItem\",\"position\":1,\"name\":\"Home\",\"item\":\"https:\\\/\\\/interamerica.org\\\/es\\\/\"},{\"@type\":\"ListItem\",\"position\":2,\"name\":\"La ONU dirige su atenci\u00f3n a la ONG\"}]},{\"@type\":\"WebSite\",\"@id\":\"https:\\\/\\\/interamerica.org\\\/es\\\/#website\",\"url\":\"https:\\\/\\\/interamerica.org\\\/es\\\/\",\"name\":\"Iglesia Adventista del S\u00e9ptimo D\u00eda - Divisi\u00f3n Interamericana\",\"description\":\"\",\"potentialAction\":[{\"@type\":\"SearchAction\",\"target\":{\"@type\":\"EntryPoint\",\"urlTemplate\":\"https:\\\/\\\/interamerica.org\\\/es\\\/?s={search_term_string}\"},\"query-input\":{\"@type\":\"PropertyValueSpecification\",\"valueRequired\":true,\"valueName\":\"search_term_string\"}}],\"inLanguage\":\"es\"},{\"@type\":\"Person\",\"@id\":\"https:\\\/\\\/interamerica.org\\\/es\\\/#\\\/schema\\\/person\\\/68ede8bdc292885bb76c1e3810e73c39\",\"name\":\"Lorenzo Verduzco\",\"image\":{\"@type\":\"ImageObject\",\"inLanguage\":\"es\",\"@id\":\"https:\\\/\\\/secure.gravatar.com\\\/avatar\\\/fb81a55b6218459490a9c1dc841a34909185b81904c5337b4b27f7a6fd60c49e?s=96&d=mm&r=g\",\"url\":\"https:\\\/\\\/secure.gravatar.com\\\/avatar\\\/fb81a55b6218459490a9c1dc841a34909185b81904c5337b4b27f7a6fd60c49e?s=96&d=mm&r=g\",\"contentUrl\":\"https:\\\/\\\/secure.gravatar.com\\\/avatar\\\/fb81a55b6218459490a9c1dc841a34909185b81904c5337b4b27f7a6fd60c49e?s=96&d=mm&r=g\",\"caption\":\"Lorenzo Verduzco\"}}]}<\/script>\n<!-- \/ Yoast SEO plugin. -->","yoast_head_json":{"title":"La ONU dirige su atenci\u00f3n a la ONG - Iglesia Adventista del S\u00e9ptimo D\u00eda - Divisi\u00f3n Interamericana","robots":{"index":"index","follow":"follow","max-snippet":"max-snippet:-1","max-image-preview":"max-image-preview:large","max-video-preview":"max-video-preview:-1"},"canonical":"https:\/\/interamerica.org\/es\/2004\/05\/la-onu-dirige-su-atencion-a-la-ong\/","og_locale":"es_ES","og_type":"article","og_title":"La ONU dirige su atenci\u00f3n a la ONG - Iglesia Adventista del S\u00e9ptimo D\u00eda - Divisi\u00f3n Interamericana","og_description":"La Asociaci\u00f3n Internacional de Libertad Religiosa (AILR) estuvo representada en una discusi\u00f3n acerca de la Declaraci\u00f3n de Berl\u00edn, un acuerdo entre 55 naciones para luchar contra el antisemitismo.","og_url":"https:\/\/interamerica.org\/es\/2004\/05\/la-onu-dirige-su-atencion-a-la-ong\/","og_site_name":"Iglesia Adventista del S\u00e9ptimo D\u00eda - Divisi\u00f3n Interamericana","article_published_time":"2004-05-25T04:00:00+00:00","article_modified_time":"2017-06-02T13:19:21+00:00","author":"Lorenzo Verduzco","twitter_card":"summary_large_image","twitter_misc":{"Escrito por":"Lorenzo Verduzco","Tiempo de lectura":"3 minutos"},"schema":{"@context":"https:\/\/schema.org","@graph":[{"@type":"Article","@id":"https:\/\/interamerica.org\/es\/2004\/05\/la-onu-dirige-su-atencion-a-la-ong\/#article","isPartOf":{"@id":"https:\/\/interamerica.org\/es\/2004\/05\/la-onu-dirige-su-atencion-a-la-ong\/"},"author":{"name":"Lorenzo Verduzco","@id":"https:\/\/interamerica.org\/es\/#\/schema\/person\/68ede8bdc292885bb76c1e3810e73c39"},"headline":"La ONU dirige su atenci\u00f3n a la ONG","datePublished":"2004-05-25T04:00:00+00:00","dateModified":"2017-06-02T13:19:21+00:00","mainEntityOfPage":{"@id":"https:\/\/interamerica.org\/es\/2004\/05\/la-onu-dirige-su-atencion-a-la-ong\/"},"wordCount":605,"articleSection":["Archivo"],"inLanguage":"es"},{"@type":"WebPage","@id":"https:\/\/interamerica.org\/es\/2004\/05\/la-onu-dirige-su-atencion-a-la-ong\/","url":"https:\/\/interamerica.org\/es\/2004\/05\/la-onu-dirige-su-atencion-a-la-ong\/","name":"La ONU dirige su atenci\u00f3n a la ONG - Iglesia Adventista del S\u00e9ptimo D\u00eda - Divisi\u00f3n Interamericana","isPartOf":{"@id":"https:\/\/interamerica.org\/es\/#website"},"datePublished":"2004-05-25T04:00:00+00:00","dateModified":"2017-06-02T13:19:21+00:00","author":{"@id":"https:\/\/interamerica.org\/es\/#\/schema\/person\/68ede8bdc292885bb76c1e3810e73c39"},"breadcrumb":{"@id":"https:\/\/interamerica.org\/es\/2004\/05\/la-onu-dirige-su-atencion-a-la-ong\/#breadcrumb"},"inLanguage":"es","potentialAction":[{"@type":"ReadAction","target":["https:\/\/interamerica.org\/es\/2004\/05\/la-onu-dirige-su-atencion-a-la-ong\/"]}]},{"@type":"BreadcrumbList","@id":"https:\/\/interamerica.org\/es\/2004\/05\/la-onu-dirige-su-atencion-a-la-ong\/#breadcrumb","itemListElement":[{"@type":"ListItem","position":1,"name":"Home","item":"https:\/\/interamerica.org\/es\/"},{"@type":"ListItem","position":2,"name":"La ONU dirige su atenci\u00f3n a la ONG"}]},{"@type":"WebSite","@id":"https:\/\/interamerica.org\/es\/#website","url":"https:\/\/interamerica.org\/es\/","name":"Iglesia Adventista del S\u00e9ptimo D\u00eda - Divisi\u00f3n Interamericana","description":"","potentialAction":[{"@type":"SearchAction","target":{"@type":"EntryPoint","urlTemplate":"https:\/\/interamerica.org\/es\/?s={search_term_string}"},"query-input":{"@type":"PropertyValueSpecification","valueRequired":true,"valueName":"search_term_string"}}],"inLanguage":"es"},{"@type":"Person","@id":"https:\/\/interamerica.org\/es\/#\/schema\/person\/68ede8bdc292885bb76c1e3810e73c39","name":"Lorenzo Verduzco","image":{"@type":"ImageObject","inLanguage":"es","@id":"https:\/\/secure.gravatar.com\/avatar\/fb81a55b6218459490a9c1dc841a34909185b81904c5337b4b27f7a6fd60c49e?s=96&d=mm&r=g","url":"https:\/\/secure.gravatar.com\/avatar\/fb81a55b6218459490a9c1dc841a34909185b81904c5337b4b27f7a6fd60c49e?s=96&d=mm&r=g","contentUrl":"https:\/\/secure.gravatar.com\/avatar\/fb81a55b6218459490a9c1dc841a34909185b81904c5337b4b27f7a6fd60c49e?s=96&d=mm&r=g","caption":"Lorenzo Verduzco"}}]}},"_links":{"self":[{"href":"https:\/\/interamerica.org\/es\/wp-json\/wp\/v2\/posts\/10307","targetHints":{"allow":["GET"]}}],"collection":[{"href":"https:\/\/interamerica.org\/es\/wp-json\/wp\/v2\/posts"}],"about":[{"href":"https:\/\/interamerica.org\/es\/wp-json\/wp\/v2\/types\/post"}],"author":[{"embeddable":true,"href":"https:\/\/interamerica.org\/es\/wp-json\/wp\/v2\/users\/1"}],"replies":[{"embeddable":true,"href":"https:\/\/interamerica.org\/es\/wp-json\/wp\/v2\/comments?post=10307"}],"version-history":[{"count":0,"href":"https:\/\/interamerica.org\/es\/wp-json\/wp\/v2\/posts\/10307\/revisions"}],"wp:attachment":[{"href":"https:\/\/interamerica.org\/es\/wp-json\/wp\/v2\/media?parent=10307"}],"wp:term":[{"taxonomy":"category","embeddable":true,"href":"https:\/\/interamerica.org\/es\/wp-json\/wp\/v2\/categories?post=10307"},{"taxonomy":"post_tag","embeddable":true,"href":"https:\/\/interamerica.org\/es\/wp-json\/wp\/v2\/tags?post=10307"}],"curies":[{"name":"wp","href":"https:\/\/api.w.org\/{rel}","templated":true}]}}