{"id":103162,"date":"2023-09-07T22:42:02","date_gmt":"2023-09-08T02:42:02","guid":{"rendered":"https:\/\/interamerica.org\/?p=103162"},"modified":"2023-09-08T21:30:03","modified_gmt":"2023-09-09T01:30:03","slug":"luz-a-traves-de-las-tinieblas","status":"publish","type":"post","link":"https:\/\/interamerica.org\/es\/2023\/09\/luz-a-traves-de-las-tinieblas\/","title":{"rendered":"Luz a trav\u00e9s de las Tinieblas"},"content":{"rendered":"<p>8 de septiembre del\u00a0 2023 | Silver Spring, Maryland, Estados Unidos | Ted N.C. Wilson, President de la Asociaci\u00f3n General de los Adventistas del S\u00e9ptimo D\u00eda<\/p>\n<p><span style=\"font-weight: 400;\">Saludos, amigos. A medida que hemos avanzado en el libro, El Conflicto de los Siglos, hemos visto c\u00f3mo, a trav\u00e9s del tiempo, Dios ha trabajado a por medio de diversas personas para llevar Su verdad a un mundo en necesidad.<\/span><\/p>\n<p><span style=\"font-weight: 400;\">Recientemente, hemos observado la vida de Guillermo Miller y c\u00f3mo Dios lo gui\u00f3, a trav\u00e9s de un cuidadoso estudio de la profec\u00eda b\u00edblica, a la conclusi\u00f3n de que Jes\u00fas vendr\u00eda muy pronto, de hecho, que vendr\u00eda en el a\u00f1o 1844.<\/span><\/p>\n<p><span style=\"font-weight: 400;\">Esta conclusi\u00f3n se bas\u00f3 en las profec\u00edas temporales encontradas en el libro de Daniel, espec\u00edficamente <\/span><span style=\"font-weight: 400;\">Daniel 8:14<\/span><span style=\"font-weight: 400;\">, <\/span><span style=\"font-weight: 400;\">\u201cHasta dos mil trescientas tardes y ma\u00f1anas; luego el santuario ser\u00e1 purificado\u201d.<\/span><span style=\"font-weight: 400;\">\u00a0 Como vimos anteriormente, seg\u00fan la Biblia, un d\u00eda prof\u00e9tico equivale a un a\u00f1o literal. Esta asombrosa profec\u00eda de 2,300 d\u00edas es la profec\u00eda temporal m\u00e1s larga de la Biblia, que se extiende desde el 457 a.C. hasta el a\u00f1o 1844 d.C.<\/span><\/p>\n<p><b>Nancy Wilson (NW):<\/b><\/p>\n<p><span style=\"font-weight: 400;\">Dentro de este largo per\u00edodo de tiempo se encuentra la m\u00e1s corta profec\u00eda de las 70 semanas que se\u00f1ala con precisi\u00f3n el bautismo, muerte y resurrecci\u00f3n de Jesucristo. Dado el cumplimiento preciso de esta profec\u00eda, podemos estar seguros de que la parte restante de la profec\u00eda de 2,300 d\u00edas tambi\u00e9n es precisa.<\/span><\/p>\n<p><span style=\"font-weight: 400;\">Sin embargo, est\u00e1 claro que Jes\u00fas no vino en 1844. Entonces, \u00bfhubo alg\u00fan malentendido que Guillermo Miller tuvo cuando \u00e9l, y otros, proclamaron que Jes\u00fas regresar\u00eda en 1844?<\/span><\/p>\n<p><span style=\"font-weight: 400;\">TW: En el cap\u00edtulo de esta semana de El Conflicto de los Siglos, titulado \u00abLuz a trav\u00e9s de las Tinieblas\u00bb, leemos: <\/span><span style=\"font-weight: 400;\">\u201cLa obra de Dios en la tierra presenta, siglo tras siglo, sorprendente analog\u00eda en cada gran movimiento de reforma o religioso. Los principios que rigen el trato de Dios con los hombres son siempre los mismos. Los movimientos importantes de hoga\u00f1o concuerdan con los de anta\u00f1o, y la experiencia de la iglesia en tiempos que fueron encierra lecciones de gran valor para los nuestros.\u201d (CS 343.1).<\/span><span style=\"font-weight: 400;\">\u00a0<\/span><\/p>\n<p><span style=\"font-weight: 400;\">Ted Wilson (TW): Saludos amigos. A medida que hemos le\u00eddo el libro El Conflicto de los Siglos, hemos visto c\u00f3mo, a trav\u00e9s de los a\u00f1os, Dios ha trabajado por medio de varias personas para llevar Su verdad a un mundo necesitado.<\/span><\/p>\n<p><span style=\"font-weight: 400;\">Recientemente, hemos analizado la vida de Guillermo Miller y c\u00f3mo Dios lo llev\u00f3 a trav\u00e9s de un estudio cuidadoso de la profec\u00eda b\u00edblica, a la conclusi\u00f3n de que Jes\u00fas vendr\u00eda muy pronto; de hecho, que vendr\u00eda en el a\u00f1o 1844.<\/span><\/p>\n<p><span style=\"font-weight: 400;\">Esta conclusi\u00f3n se bas\u00f3 en las profec\u00edas de tiempo que se encuentran en el libro de Daniel, espec\u00edficamente, en\u00a0 <\/span><span style=\"font-weight: 400;\">Daniel 8:14<\/span><span style=\"font-weight: 400;\">, <\/span><span style=\"font-weight: 400;\">\u201cHasta dos mil trescientas tardes y ma\u00f1anas; luego el santuario ser\u00e1 purificado\u201d.<\/span><span style=\"font-weight: 400;\"> Como vimos anteriormente, seg\u00fan la Biblia, un d\u00eda prof\u00e9tico equivale a un a\u00f1o literal. Esta asombrosa profec\u00eda de 2300 d\u00edas es la profec\u00eda de tiempo m\u00e1s largo de la Biblia y se extiende desde el 457 a.C. hasta el a\u00f1o 1844 d.C.<\/span><\/p>\n<p><b>Nancy Wilson (NW):<\/b><\/p>\n<p><span style=\"font-weight: 400;\">Dentro de este largo per\u00edodo de tiempo est\u00e1 la profec\u00eda m\u00e1s corta de 70 semanas que se\u00f1ala con precisi\u00f3n el bautismo, la muerte y la resurrecci\u00f3n de Jesucristo. Dado el cumplimiento preciso de esta profec\u00eda, podemos estar seguros de que la parte restante de la profec\u00eda de los 2300 d\u00edas tambi\u00e9n es exacta.<\/span><\/p>\n<p><span style=\"font-weight: 400;\">Sin embargo, es evidente que Jes\u00fas no vino en 1844. Entonces, \u00bfTuvo Guillermo Miller alg\u00fan malentendido cuando \u00e9l y otros proclamaron que Jes\u00fas regresar\u00eda en 1844?<\/span><\/p>\n<p><span style=\"font-weight: 400;\">TW: En el cap\u00edtulo de esta semana de El Conflicto de los Siglos, titulado \u201cLuz a trav\u00e9s de las tinieblas\u201d, leemos: <\/span><span style=\"font-weight: 400;\">\u201cLa obra de Dios en la tierra presenta, siglo tras siglo, sorprendente analog\u00eda en cada gran movimiento de reforma o religioso. Los principios que rigen el trato de Dios con los hombres son siempre los mismos. Los movimientos importantes de hoga\u00f1o concuerdan con los de anta\u00f1o, y la experiencia de la iglesia en tiempos que fueron encierra lecciones de gran valor para los nuestros.\u201d (CS 343.1).<\/span><\/p>\n<p><span style=\"font-weight: 400;\">NW: En tiempos pasados, ni siquiera los profetas de Dios comprend\u00edan plenamente el significado de los mensajes que se les ped\u00eda que compartieran. El propio Daniel no entendi\u00f3 completamente las profec\u00edas que le fueron dadas. Al final de Daniel 8, leemos: <\/span><span style=\"font-weight: 400;\">\u201cY yo Daniel qued\u00e9 quebrantado, y estuve enfermo algunos d\u00edas, y cuando convalec\u00ed, atend\u00ed los negocios del rey; pero estaba espantado a causa de la visi\u00f3n, y no la entend\u00eda.\u201d (v. 27).<\/span><span style=\"font-weight: 400;\"> Por otra parte, al final del libro, en el cap\u00edtulo 12, Daniel ve dos seres celestiales, uno a cada lado de un r\u00edo. Uno pregunta: <\/span><span style=\"font-weight: 400;\">\u201c\u00bfCu\u00e1ndo ser\u00e1 el fin de estas maravillas?\u201d (v. 6)<\/span><span style=\"font-weight: 400;\">, y el otro responde: \u201cser\u00e1 por tiempo, tiempos, y la mitad de un tiempo\u201d (v.7).<\/span><\/p>\n<p><span style=\"font-weight: 400;\">Daniel dice, en el <\/span><span style=\"font-weight: 400;\">vers\u00edculo 8: \u201cY yo o\u00ed, mas no entend\u00ed. Y dije: Se\u00f1or m\u00edo, \u00bfcu\u00e1l ser\u00e1 el fin de estas cosas? \u00c9l respondi\u00f3: Anda, Daniel, pues estas palabras est\u00e1n cerradas y selladas hasta el tiempo del\u201d (v. 9).<\/span><\/p>\n<p><b>TW:<\/b><\/p>\n<p><span style=\"font-weight: 400;\">En el Nuevo Testamento, vemos a los disc\u00edpulos siendo enviados por Jes\u00fas mismo con el mensaje: <\/span><span style=\"font-weight: 400;\">\u201cEl tiempo se ha cumplido, y el reino de Dios se ha acercado&#8230;\u201d. (Marcos 1:15).<\/span><span style=\"font-weight: 400;\"> El mensaje era cierto y, sin embargo, malinterpretaron su significado. Desde su m\u00e1s tierna infancia, se les ense\u00f1\u00f3 que cuando viniera el Mes\u00edas, restaurar\u00eda el reino a Israel: los romanos ser\u00edan derrocados y, una vez m\u00e1s, un rey se sentar\u00eda en el trono de David. Debido a este concepto arraigado, los disc\u00edpulos no pudieron entender el significado de las palabras de Cristo cuando les advirti\u00f3 sobre sus sufrimientos y muerte venideros.<\/span><\/p>\n<p><b>NW:<\/b><\/p>\n<p><span style=\"font-weight: 400;\">En El Conflicto de los Siglos, leemos: <\/span><span style=\"font-weight: 400;\">\u201cA menudo la mente del pueblo\u2014y hasta de los siervos de Dios\u2014es ofuscada por las opiniones humanas, las tradiciones y las falsas ense\u00f1anzas de los hombres, de suerte que no alcanzan a comprender m\u00e1s que parcialmente las grandes cosas que Dios revel\u00f3 en su Palabra.\u201d (p. 345).<\/span><\/p>\n<p><span style=\"font-weight: 400;\">Fue s\u00f3lo despu\u00e9s de la destrucci\u00f3n de sus ideas preconcebidas mientras ve\u00edan a Cristo morir en la cruz y las agonizantes horas posteriores, cuando sus mentes estaban envueltas en incertidumbre y duda, que estuvieron listos para aceptar la verdad.<\/span><\/p>\n<p><b>TW:<\/b><\/p>\n<p><span style=\"font-weight: 400;\">Mientras Cristo caminaba con los disc\u00edpulos hacia Ema\u00fas en ese d\u00eda de la resurrecci\u00f3n, al principio no se revel\u00f3 a ellos. En cambio, los gui\u00f3 cuidadosamente a trav\u00e9s de las Escrituras, mostrando en las profec\u00edas cu\u00e1l era la verdadera misi\u00f3n del Mes\u00edas y c\u00f3mo se cumpli\u00f3 esa misi\u00f3n. Los llev\u00f3 a basar su fe y creencia en la palabra prof\u00e9tica, en lugar de basarse \u00fanicamente en la experiencia personal.<\/span><\/p>\n<p><b>NW:<\/b><\/p>\n<p><span style=\"font-weight: 400;\">Los del primer movimiento adventista en 1844 pasaron por una experiencia similar. Al repasar las profec\u00edas de Daniel, vieron el cumplimiento de la profec\u00eda de las 70 semanas a trav\u00e9s del Mes\u00edas. Comprobaron correctamente que la profec\u00eda de los 2300 d\u00edas comenz\u00f3 en el a\u00f1o 457 a.C. y finalizar\u00eda en el a\u00f1o 1844 d.C.<\/span><\/p>\n<p><span style=\"font-weight: 400;\">Su error fue asumir lo que significaba la \u00ablimpieza del santuario\u00bb. As\u00ed como los primeros disc\u00edpulos aceptaron la ense\u00f1anza popular de que el Mes\u00edas establecer\u00eda un reino terrenal, los creyentes adventistas aceptaron la ense\u00f1anza popular de la \u00e9poca de que \u00abel santuario\u00bb se refer\u00eda a la tierra. Seguramente entonces, la referencia a la \u00ablimpieza del santuario\u00bb debe significar que Cristo vendr\u00eda y limpiar\u00eda la tierra con fuego.<\/span><\/p>\n<p><b>TW:<\/b><\/p>\n<p><span style=\"font-weight: 400;\">Y as\u00ed como los disc\u00edpulos sufrieron una amarga desilusi\u00f3n, seguida de un gran gozo, tambi\u00e9n lo sufrieron los primeros creyentes adventistas. Al profundizar una vez m\u00e1s en la profec\u00eda despu\u00e9s del Gran Chasco del 22 de octubre de 1844, su estudio fue recompensado con creces cuando el cielo se abri\u00f3 a sus ojos y vieron el verdadero significado de lo que era el santuario.<\/span><\/p>\n<p><span style=\"font-weight: 400;\">A medida que continuamos nuestro viaje a trav\u00e9s de El Conflicto de los Siglos, nosotros tambi\u00e9n entenderemos lo que Jes\u00fas est\u00e1 haciendo hoy por nosotros a trav\u00e9s de Su obra en el Santuario celestial. Oremos para que nuestros ojos est\u00e9n abiertos para descubrir el significado de estas profec\u00edas para nosotros en este nuestro tiempo.<\/span><\/p>\n<p><span style=\"font-weight: 400;\">Los invito a orar con nosotros ahora mismo.<\/span><\/p>\n<p><span style=\"font-weight: 400;\">Padre Celestial, te agradecemos mucho por la manera en que revelas a los creyentes los aspectos maravillosos de tu pr\u00f3xima venida. Gracias por las profec\u00edas que nos ayudan a comprender plenamente lo que significa vivir en el fin de los tiempos justo antes de la Segunda Venida del Se\u00f1or. Ahora, Se\u00f1or, danos percepciones claras mientras continuamos estudiando tu Palabra y entendiendo nuestra misi\u00f3n de ayudar a otros a estar preparados para la pr\u00f3xima venida de Cristo. Te damos gracias por la gracia del Se\u00f1or, por su amor, y te damos gracias porque has prometido que volver\u00e1s para llevarnos a casa. Ahora, danos \u00e1nimo en todo lo que hacemos mientras miramos hacia el futuro, reconociendo que las profec\u00edas de la Biblia son precisas y seguras, en el nombre de Jes\u00fas te lo pedimos. Am\u00e9n.<\/span><\/p>\n<p><iframe title=\"Luz a trav\u00e9s de las Tinieblas | Pastor Ted Wilson\" width=\"500\" height=\"281\" src=\"https:\/\/www.youtube.com\/embed\/0pU8SISSP7A?feature=oembed\" frameborder=\"0\" allow=\"accelerometer; autoplay; clipboard-write; encrypted-media; gyroscope; picture-in-picture; web-share\" referrerpolicy=\"strict-origin-when-cross-origin\" allowfullscreen><\/iframe><\/p>\n","protected":false},"excerpt":{"rendered":"<p>8 de septiembre del\u00a0 2023 | Silver Spring, Maryland, Estados Unidos | Ted N.C. Wilson, President de la Asociaci\u00f3n General de los Adventistas del S\u00e9ptimo D\u00eda Saludos, amigos. A medida&#8230;<\/p>\n","protected":false},"author":3,"featured_media":103163,"comment_status":"closed","ping_status":"closed","sticky":false,"template":"","format":"standard","meta":{"_acf_changed":false,"footnotes":""},"categories":[14,15],"tags":[],"class_list":["post-103162","post","type-post","status-publish","format-standard","has-post-thumbnail","hentry","category-de-la-iglesia-mundial","category-rss-espanol"],"acf":[],"yoast_head":"<!-- This site is optimized with the Yoast SEO plugin v27.3 - https:\/\/yoast.com\/product\/yoast-seo-wordpress\/ -->\n<title>Luz a trav\u00e9s de las Tinieblas - Iglesia Adventista del S\u00e9ptimo D\u00eda - Divisi\u00f3n Interamericana<\/title>\n<meta name=\"robots\" content=\"index, follow, max-snippet:-1, max-image-preview:large, max-video-preview:-1\" \/>\n<link rel=\"canonical\" href=\"https:\/\/interamerica.org\/es\/2023\/09\/luz-a-traves-de-las-tinieblas\/\" \/>\n<meta property=\"og:locale\" content=\"es_ES\" \/>\n<meta property=\"og:type\" content=\"article\" \/>\n<meta property=\"og:title\" content=\"Luz a trav\u00e9s de las Tinieblas - Iglesia Adventista del S\u00e9ptimo D\u00eda - Divisi\u00f3n Interamericana\" \/>\n<meta property=\"og:description\" content=\"8 de septiembre del\u00a0 2023 | Silver Spring, Maryland, Estados Unidos | Ted N.C. Wilson, President de la Asociaci\u00f3n General de los Adventistas del S\u00e9ptimo D\u00eda Saludos, amigos. A medida...\" \/>\n<meta property=\"og:url\" content=\"https:\/\/interamerica.org\/es\/2023\/09\/luz-a-traves-de-las-tinieblas\/\" \/>\n<meta property=\"og:site_name\" content=\"Iglesia Adventista del S\u00e9ptimo D\u00eda - Divisi\u00f3n Interamericana\" \/>\n<meta property=\"article:published_time\" content=\"2023-09-08T02:42:02+00:00\" \/>\n<meta property=\"article:modified_time\" content=\"2023-09-09T01:30:03+00:00\" \/>\n<meta property=\"og:image\" content=\"https:\/\/interamerica.org\/wp-content\/uploads\/2023\/09\/light-through-darkness-es.jpg\" \/>\n\t<meta property=\"og:image:width\" content=\"1334\" \/>\n\t<meta property=\"og:image:height\" content=\"750\" \/>\n\t<meta property=\"og:image:type\" content=\"image\/jpeg\" \/>\n<meta name=\"author\" content=\"libna\" \/>\n<meta name=\"twitter:card\" content=\"summary_large_image\" \/>\n<meta name=\"twitter:label1\" content=\"Escrito por\" \/>\n\t<meta name=\"twitter:data1\" content=\"libna\" \/>\n\t<meta name=\"twitter:label2\" content=\"Tiempo de lectura\" \/>\n\t<meta name=\"twitter:data2\" content=\"7 minutos\" \/>\n<script type=\"application\/ld+json\" class=\"yoast-schema-graph\">{\"@context\":\"https:\\\/\\\/schema.org\",\"@graph\":[{\"@type\":\"Article\",\"@id\":\"https:\\\/\\\/interamerica.org\\\/es\\\/2023\\\/09\\\/luz-a-traves-de-las-tinieblas\\\/#article\",\"isPartOf\":{\"@id\":\"https:\\\/\\\/interamerica.org\\\/es\\\/2023\\\/09\\\/luz-a-traves-de-las-tinieblas\\\/\"},\"author\":{\"name\":\"libna\",\"@id\":\"https:\\\/\\\/interamerica.org\\\/es\\\/#\\\/schema\\\/person\\\/29998f2bc2d8bd0d38662909289b54f1\"},\"headline\":\"Luz a trav\u00e9s de las Tinieblas\",\"datePublished\":\"2023-09-08T02:42:02+00:00\",\"dateModified\":\"2023-09-09T01:30:03+00:00\",\"mainEntityOfPage\":{\"@id\":\"https:\\\/\\\/interamerica.org\\\/es\\\/2023\\\/09\\\/luz-a-traves-de-las-tinieblas\\\/\"},\"wordCount\":1640,\"image\":{\"@id\":\"https:\\\/\\\/interamerica.org\\\/es\\\/2023\\\/09\\\/luz-a-traves-de-las-tinieblas\\\/#primaryimage\"},\"thumbnailUrl\":\"https:\\\/\\\/interamerica.org\\\/wp-content\\\/uploads\\\/2023\\\/09\\\/light-through-darkness-es.jpg\",\"articleSection\":[\"Desde la iglesia mundial\",\"RSS Espa\u00f1ol\"],\"inLanguage\":\"es\"},{\"@type\":\"WebPage\",\"@id\":\"https:\\\/\\\/interamerica.org\\\/es\\\/2023\\\/09\\\/luz-a-traves-de-las-tinieblas\\\/\",\"url\":\"https:\\\/\\\/interamerica.org\\\/es\\\/2023\\\/09\\\/luz-a-traves-de-las-tinieblas\\\/\",\"name\":\"Luz a trav\u00e9s de las Tinieblas - Iglesia Adventista del S\u00e9ptimo D\u00eda - Divisi\u00f3n Interamericana\",\"isPartOf\":{\"@id\":\"https:\\\/\\\/interamerica.org\\\/es\\\/#website\"},\"primaryImageOfPage\":{\"@id\":\"https:\\\/\\\/interamerica.org\\\/es\\\/2023\\\/09\\\/luz-a-traves-de-las-tinieblas\\\/#primaryimage\"},\"image\":{\"@id\":\"https:\\\/\\\/interamerica.org\\\/es\\\/2023\\\/09\\\/luz-a-traves-de-las-tinieblas\\\/#primaryimage\"},\"thumbnailUrl\":\"https:\\\/\\\/interamerica.org\\\/wp-content\\\/uploads\\\/2023\\\/09\\\/light-through-darkness-es.jpg\",\"datePublished\":\"2023-09-08T02:42:02+00:00\",\"dateModified\":\"2023-09-09T01:30:03+00:00\",\"author\":{\"@id\":\"https:\\\/\\\/interamerica.org\\\/es\\\/#\\\/schema\\\/person\\\/29998f2bc2d8bd0d38662909289b54f1\"},\"breadcrumb\":{\"@id\":\"https:\\\/\\\/interamerica.org\\\/es\\\/2023\\\/09\\\/luz-a-traves-de-las-tinieblas\\\/#breadcrumb\"},\"inLanguage\":\"es\",\"potentialAction\":[{\"@type\":\"ReadAction\",\"target\":[\"https:\\\/\\\/interamerica.org\\\/es\\\/2023\\\/09\\\/luz-a-traves-de-las-tinieblas\\\/\"]}]},{\"@type\":\"ImageObject\",\"inLanguage\":\"es\",\"@id\":\"https:\\\/\\\/interamerica.org\\\/es\\\/2023\\\/09\\\/luz-a-traves-de-las-tinieblas\\\/#primaryimage\",\"url\":\"https:\\\/\\\/interamerica.org\\\/wp-content\\\/uploads\\\/2023\\\/09\\\/light-through-darkness-es.jpg\",\"contentUrl\":\"https:\\\/\\\/interamerica.org\\\/wp-content\\\/uploads\\\/2023\\\/09\\\/light-through-darkness-es.jpg\",\"width\":1334,\"height\":750},{\"@type\":\"BreadcrumbList\",\"@id\":\"https:\\\/\\\/interamerica.org\\\/es\\\/2023\\\/09\\\/luz-a-traves-de-las-tinieblas\\\/#breadcrumb\",\"itemListElement\":[{\"@type\":\"ListItem\",\"position\":1,\"name\":\"Home\",\"item\":\"https:\\\/\\\/interamerica.org\\\/es\\\/\"},{\"@type\":\"ListItem\",\"position\":2,\"name\":\"Luz a trav\u00e9s de las Tinieblas\"}]},{\"@type\":\"WebSite\",\"@id\":\"https:\\\/\\\/interamerica.org\\\/es\\\/#website\",\"url\":\"https:\\\/\\\/interamerica.org\\\/es\\\/\",\"name\":\"Iglesia Adventista del S\u00e9ptimo D\u00eda - Divisi\u00f3n Interamericana\",\"description\":\"\",\"potentialAction\":[{\"@type\":\"SearchAction\",\"target\":{\"@type\":\"EntryPoint\",\"urlTemplate\":\"https:\\\/\\\/interamerica.org\\\/es\\\/?s={search_term_string}\"},\"query-input\":{\"@type\":\"PropertyValueSpecification\",\"valueRequired\":true,\"valueName\":\"search_term_string\"}}],\"inLanguage\":\"es\"},{\"@type\":\"Person\",\"@id\":\"https:\\\/\\\/interamerica.org\\\/es\\\/#\\\/schema\\\/person\\\/29998f2bc2d8bd0d38662909289b54f1\",\"name\":\"libna\",\"image\":{\"@type\":\"ImageObject\",\"inLanguage\":\"es\",\"@id\":\"https:\\\/\\\/secure.gravatar.com\\\/avatar\\\/7c5bd30ae4b47a9ba3c856590957fd1d96dc588bf3ac05719d247e126840331f?s=96&d=mm&r=g\",\"url\":\"https:\\\/\\\/secure.gravatar.com\\\/avatar\\\/7c5bd30ae4b47a9ba3c856590957fd1d96dc588bf3ac05719d247e126840331f?s=96&d=mm&r=g\",\"contentUrl\":\"https:\\\/\\\/secure.gravatar.com\\\/avatar\\\/7c5bd30ae4b47a9ba3c856590957fd1d96dc588bf3ac05719d247e126840331f?s=96&d=mm&r=g\",\"caption\":\"libna\"}}]}<\/script>\n<!-- \/ Yoast SEO plugin. -->","yoast_head_json":{"title":"Luz a trav\u00e9s de las Tinieblas - Iglesia Adventista del S\u00e9ptimo D\u00eda - Divisi\u00f3n Interamericana","robots":{"index":"index","follow":"follow","max-snippet":"max-snippet:-1","max-image-preview":"max-image-preview:large","max-video-preview":"max-video-preview:-1"},"canonical":"https:\/\/interamerica.org\/es\/2023\/09\/luz-a-traves-de-las-tinieblas\/","og_locale":"es_ES","og_type":"article","og_title":"Luz a trav\u00e9s de las Tinieblas - Iglesia Adventista del S\u00e9ptimo D\u00eda - Divisi\u00f3n Interamericana","og_description":"8 de septiembre del\u00a0 2023 | Silver Spring, Maryland, Estados Unidos | Ted N.C. Wilson, President de la Asociaci\u00f3n General de los Adventistas del S\u00e9ptimo D\u00eda Saludos, amigos. A medida...","og_url":"https:\/\/interamerica.org\/es\/2023\/09\/luz-a-traves-de-las-tinieblas\/","og_site_name":"Iglesia Adventista del S\u00e9ptimo D\u00eda - Divisi\u00f3n Interamericana","article_published_time":"2023-09-08T02:42:02+00:00","article_modified_time":"2023-09-09T01:30:03+00:00","og_image":[{"width":1334,"height":750,"url":"https:\/\/interamerica.org\/wp-content\/uploads\/2023\/09\/light-through-darkness-es.jpg","type":"image\/jpeg"}],"author":"libna","twitter_card":"summary_large_image","twitter_misc":{"Escrito por":"libna","Tiempo de lectura":"7 minutos"},"schema":{"@context":"https:\/\/schema.org","@graph":[{"@type":"Article","@id":"https:\/\/interamerica.org\/es\/2023\/09\/luz-a-traves-de-las-tinieblas\/#article","isPartOf":{"@id":"https:\/\/interamerica.org\/es\/2023\/09\/luz-a-traves-de-las-tinieblas\/"},"author":{"name":"libna","@id":"https:\/\/interamerica.org\/es\/#\/schema\/person\/29998f2bc2d8bd0d38662909289b54f1"},"headline":"Luz a trav\u00e9s de las Tinieblas","datePublished":"2023-09-08T02:42:02+00:00","dateModified":"2023-09-09T01:30:03+00:00","mainEntityOfPage":{"@id":"https:\/\/interamerica.org\/es\/2023\/09\/luz-a-traves-de-las-tinieblas\/"},"wordCount":1640,"image":{"@id":"https:\/\/interamerica.org\/es\/2023\/09\/luz-a-traves-de-las-tinieblas\/#primaryimage"},"thumbnailUrl":"https:\/\/interamerica.org\/wp-content\/uploads\/2023\/09\/light-through-darkness-es.jpg","articleSection":["Desde la iglesia mundial","RSS Espa\u00f1ol"],"inLanguage":"es"},{"@type":"WebPage","@id":"https:\/\/interamerica.org\/es\/2023\/09\/luz-a-traves-de-las-tinieblas\/","url":"https:\/\/interamerica.org\/es\/2023\/09\/luz-a-traves-de-las-tinieblas\/","name":"Luz a trav\u00e9s de las Tinieblas - Iglesia Adventista del S\u00e9ptimo D\u00eda - Divisi\u00f3n Interamericana","isPartOf":{"@id":"https:\/\/interamerica.org\/es\/#website"},"primaryImageOfPage":{"@id":"https:\/\/interamerica.org\/es\/2023\/09\/luz-a-traves-de-las-tinieblas\/#primaryimage"},"image":{"@id":"https:\/\/interamerica.org\/es\/2023\/09\/luz-a-traves-de-las-tinieblas\/#primaryimage"},"thumbnailUrl":"https:\/\/interamerica.org\/wp-content\/uploads\/2023\/09\/light-through-darkness-es.jpg","datePublished":"2023-09-08T02:42:02+00:00","dateModified":"2023-09-09T01:30:03+00:00","author":{"@id":"https:\/\/interamerica.org\/es\/#\/schema\/person\/29998f2bc2d8bd0d38662909289b54f1"},"breadcrumb":{"@id":"https:\/\/interamerica.org\/es\/2023\/09\/luz-a-traves-de-las-tinieblas\/#breadcrumb"},"inLanguage":"es","potentialAction":[{"@type":"ReadAction","target":["https:\/\/interamerica.org\/es\/2023\/09\/luz-a-traves-de-las-tinieblas\/"]}]},{"@type":"ImageObject","inLanguage":"es","@id":"https:\/\/interamerica.org\/es\/2023\/09\/luz-a-traves-de-las-tinieblas\/#primaryimage","url":"https:\/\/interamerica.org\/wp-content\/uploads\/2023\/09\/light-through-darkness-es.jpg","contentUrl":"https:\/\/interamerica.org\/wp-content\/uploads\/2023\/09\/light-through-darkness-es.jpg","width":1334,"height":750},{"@type":"BreadcrumbList","@id":"https:\/\/interamerica.org\/es\/2023\/09\/luz-a-traves-de-las-tinieblas\/#breadcrumb","itemListElement":[{"@type":"ListItem","position":1,"name":"Home","item":"https:\/\/interamerica.org\/es\/"},{"@type":"ListItem","position":2,"name":"Luz a trav\u00e9s de las Tinieblas"}]},{"@type":"WebSite","@id":"https:\/\/interamerica.org\/es\/#website","url":"https:\/\/interamerica.org\/es\/","name":"Iglesia Adventista del S\u00e9ptimo D\u00eda - Divisi\u00f3n Interamericana","description":"","potentialAction":[{"@type":"SearchAction","target":{"@type":"EntryPoint","urlTemplate":"https:\/\/interamerica.org\/es\/?s={search_term_string}"},"query-input":{"@type":"PropertyValueSpecification","valueRequired":true,"valueName":"search_term_string"}}],"inLanguage":"es"},{"@type":"Person","@id":"https:\/\/interamerica.org\/es\/#\/schema\/person\/29998f2bc2d8bd0d38662909289b54f1","name":"libna","image":{"@type":"ImageObject","inLanguage":"es","@id":"https:\/\/secure.gravatar.com\/avatar\/7c5bd30ae4b47a9ba3c856590957fd1d96dc588bf3ac05719d247e126840331f?s=96&d=mm&r=g","url":"https:\/\/secure.gravatar.com\/avatar\/7c5bd30ae4b47a9ba3c856590957fd1d96dc588bf3ac05719d247e126840331f?s=96&d=mm&r=g","contentUrl":"https:\/\/secure.gravatar.com\/avatar\/7c5bd30ae4b47a9ba3c856590957fd1d96dc588bf3ac05719d247e126840331f?s=96&d=mm&r=g","caption":"libna"}}]}},"_links":{"self":[{"href":"https:\/\/interamerica.org\/es\/wp-json\/wp\/v2\/posts\/103162","targetHints":{"allow":["GET"]}}],"collection":[{"href":"https:\/\/interamerica.org\/es\/wp-json\/wp\/v2\/posts"}],"about":[{"href":"https:\/\/interamerica.org\/es\/wp-json\/wp\/v2\/types\/post"}],"author":[{"embeddable":true,"href":"https:\/\/interamerica.org\/es\/wp-json\/wp\/v2\/users\/3"}],"replies":[{"embeddable":true,"href":"https:\/\/interamerica.org\/es\/wp-json\/wp\/v2\/comments?post=103162"}],"version-history":[{"count":0,"href":"https:\/\/interamerica.org\/es\/wp-json\/wp\/v2\/posts\/103162\/revisions"}],"wp:featuredmedia":[{"embeddable":true,"href":"https:\/\/interamerica.org\/es\/wp-json\/wp\/v2\/media\/103163"}],"wp:attachment":[{"href":"https:\/\/interamerica.org\/es\/wp-json\/wp\/v2\/media?parent=103162"}],"wp:term":[{"taxonomy":"category","embeddable":true,"href":"https:\/\/interamerica.org\/es\/wp-json\/wp\/v2\/categories?post=103162"},{"taxonomy":"post_tag","embeddable":true,"href":"https:\/\/interamerica.org\/es\/wp-json\/wp\/v2\/tags?post=103162"}],"curies":[{"name":"wp","href":"https:\/\/api.w.org\/{rel}","templated":true}]}}