{"id":103203,"date":"2023-09-11T09:24:47","date_gmt":"2023-09-11T13:24:47","guid":{"rendered":"https:\/\/interamerica.org\/?p=103203"},"modified":"2023-09-12T10:40:09","modified_gmt":"2023-09-12T14:40:09","slug":"cnn-presenta-a-familia-adventista-de-senderistas","status":"publish","type":"post","link":"https:\/\/interamerica.org\/es\/2023\/09\/cnn-presenta-a-familia-adventista-de-senderistas\/","title":{"rendered":"CNN presenta a familia adventista de senderistas"},"content":{"rendered":"<h4>Los m\u00e9dicos Olen y Danae Netteburg y sus hijos han completado importantes recorridos en los Estados Unidos.<\/h4>\n<p>11 de septiembre de 2023 | Silver Spring, Maryland, Estados Unidos | Marcos Paseggi, Adventist Review<\/p>\n<p>La compa\u00f1\u00eda Cable News Network (CNN) public\u00f3 hace poco una noticia en su secci\u00f3n de Viajes para destacar los logros de una familia adventista de siete integrantes que ha recorrido a pie los senderos m\u00e1s famosos de los Estados Unidos.<\/p>\n<p>Olen y Danae Netterburg y sus cinco hijos est\u00e1n actualmente caminando el Sendero de la Cresta del Pac\u00edfico, que se extiende desde la frontera de M\u00e9xico y pasa por California, Oreg\u00f3n y Washington hasta Canad\u00e1, report\u00f3 CNN en una noticia publicada el pasado 28 de agosto. La familia es conocida en la comunidad de senderistas y aun m\u00e1s all\u00e1 despu\u00e9s de haber completado el Sendero de los Apalaches (entre Georgia y Maine) y el Sendero de la Divisoria Continental (que se extiende desde Nuevo M\u00e9xico hasta la frontera con Canad\u00e1).<\/p>\n<p><div id=\"attachment_103190\" style=\"width: 900px\" class=\"wp-caption aligncenter\"><img fetchpriority=\"high\" decoding=\"async\" aria-describedby=\"caption-attachment-103190\" class=\" wp-image-103188\" src=\"https:\/\/interamerica.org\/wp-content\/uploads\/2023\/09\/hikers-family-1024x512.png\" alt=\"\" width=\"890\" height=\"445\" srcset=\"https:\/\/interamerica.org\/wp-content\/uploads\/2023\/09\/hikers-family-1024x512.png 1024w, https:\/\/interamerica.org\/wp-content\/uploads\/2023\/09\/hikers-family-300x150.png 300w, https:\/\/interamerica.org\/wp-content\/uploads\/2023\/09\/hikers-family-768x384.png 768w, https:\/\/interamerica.org\/wp-content\/uploads\/2023\/09\/hikers-family.png 1500w\" sizes=\"(max-width: 890px) 100vw, 890px\" \/><p id=\"caption-attachment-103190\" class=\"wp-caption-text\">Los m\u00e9dicos adventistas Olen y Danae Netterburg y sus cinco hijos han caminado por la totalidad de varios de los principales senderos de los Estados Unidos. [Fotograf\u00eda: Danae Netteburg]<\/p><\/div>En su informe, CNN destac\u00f3 el comienzo de las aventuras de la familia en el senderismo, y de qu\u00e9 manera trabajaron para incrementar gradualmente la longitud y la complejidad de sus recorrdidos una vez que vieron que sus hijos disfrutaban de ello. \u201c[A los ni\u00f1os le] gustaba acampar, atrapar salamandras, las fogatas, y todo lo dem\u00e1s\u201d, le dijeron a CNN. Y mientras segu\u00edan incrementando las distancias y los desaf\u00edos, vieron cu\u00e1n bien respond\u00edan. \u201cLos ni\u00f1os disfrutaban de ello, y por eso seguimos haci\u00e9ndolo\u201d, dijeron.<\/p>\n<p>A comienzos de 2020, los Netteburgs y sus por entonces cuatro hijos decidieron recorrer el Sendero de los Apalaches, que cruza la costa este de los Estados Unidos de norte a sur. Seg\u00fan la organizaci\u00f3n Preservaci\u00f3n del Sendero de los Apalaches, que administra el sendero, es el sendero solo apto para caminar m\u00e1s largo del mundo. Seg\u00fan algunas estimaciones, cada a\u00f1o, unos dos millones de personas recorren al menos una parte del sendero. La mayor\u00eda del sendero pasa por bosques o tierras v\u00edrgenes, pero parte de \u00e9l atraviesa pueblos, rutas y granjas. Pasa por catorce estados del este de los Estados Unidos.<\/p>\n<p>A pesar de las restricciones y precauciones de seguridad que los Netteburg tuvieron que tomar cuando los funcionarios de salud declararon que el COVID-19 era una pandemia global, la familia, que incluye a Juniper, por entonces de solo 4 a\u00f1os, complet\u00f3 el ic\u00f3nico recorrido de 3.529 kil\u00f3metros en siete meses.<\/p>\n<p>En esa instancia, la familia report\u00f3 que la m\u00e1s peque\u00f1a complet\u00f3 a los 4 a\u00f1os todo el recorrido caminando por su cuenta. \u201cEn el sendero, Juniper a menudo esperaba que el resto de la familia la alcanzara, sent\u00e1ndose pacientemente en una roca o sobre un \u00e1rbol ca\u00eddo\u201d, contaron.<\/p>\n<p>Los m\u00e9dicos Olen y Danae Netteburg se graduaron de la Escuela de Medicina de la Universidad de Loma Linda (Olen 2007, Danae 2006) y contrajeron matrimonio unos a\u00f1os despu\u00e9s. Pasaron a prestar servicios durante doce a\u00f1os dentro del programa Designados Misioneros Diferidos \u2014 misioneros m\u00e9dicos \u2014 en el Hospital Adventista de Bere, en Chad. A comienzos de 2023, los Netteburg regresaron a los Estados Unidos, y se espera que una nueva familia pronto asuma sus cargos en el hospital de Chad.<\/p>\n<p>Respecto de sus logros como senderistas, Danae le dijo a CNN Travel que son conscientes de qu\u00e9 privilegio es para ellos hacerlo juntos como familia. \u201cSabemos que muchas personas no pueden hacerlo\u201d, dijo Danae, \u201cporque no tienen el tiempo o el dinero, o no quieren hacerlo. Por eso, nos sentimos sumamente bendecidos\u201d.<\/p>\n<p>Traducci\u00f3n de Marcos Paseggi<\/p>\n","protected":false},"excerpt":{"rendered":"<p>Los m\u00e9dicos Olen y Danae Netteburg y sus hijos han completado importantes recorridos en los Estados Unidos. 11 de septiembre de 2023 | Silver Spring, Maryland, Estados Unidos | Marcos&#8230;<\/p>\n","protected":false},"author":3,"featured_media":103190,"comment_status":"closed","ping_status":"closed","sticky":false,"template":"","format":"standard","meta":{"_acf_changed":false,"footnotes":""},"categories":[14,15],"tags":[],"class_list":["post-103203","post","type-post","status-publish","format-standard","has-post-thumbnail","hentry","category-de-la-iglesia-mundial","category-rss-espanol"],"acf":[],"yoast_head":"<!-- This site is optimized with the Yoast SEO plugin v27.3 - https:\/\/yoast.com\/product\/yoast-seo-wordpress\/ -->\n<title>CNN presenta a familia adventista de senderistas - Iglesia Adventista del S\u00e9ptimo D\u00eda - Divisi\u00f3n Interamericana<\/title>\n<meta name=\"robots\" content=\"index, follow, max-snippet:-1, max-image-preview:large, max-video-preview:-1\" \/>\n<link rel=\"canonical\" href=\"https:\/\/interamerica.org\/es\/2023\/09\/cnn-presenta-a-familia-adventista-de-senderistas\/\" \/>\n<meta property=\"og:locale\" content=\"es_ES\" \/>\n<meta property=\"og:type\" content=\"article\" \/>\n<meta property=\"og:title\" content=\"CNN presenta a familia adventista de senderistas - Iglesia Adventista del S\u00e9ptimo D\u00eda - Divisi\u00f3n Interamericana\" \/>\n<meta property=\"og:description\" content=\"Los m\u00e9dicos Olen y Danae Netteburg y sus hijos han completado importantes recorridos en los Estados Unidos. 11 de septiembre de 2023 | Silver Spring, Maryland, Estados Unidos | Marcos...\" \/>\n<meta property=\"og:url\" content=\"https:\/\/interamerica.org\/es\/2023\/09\/cnn-presenta-a-familia-adventista-de-senderistas\/\" \/>\n<meta property=\"og:site_name\" content=\"Iglesia Adventista del S\u00e9ptimo D\u00eda - Divisi\u00f3n Interamericana\" \/>\n<meta property=\"article:published_time\" content=\"2023-09-11T13:24:47+00:00\" \/>\n<meta property=\"article:modified_time\" content=\"2023-09-12T14:40:09+00:00\" \/>\n<meta property=\"og:image\" content=\"https:\/\/interamerica.org\/wp-content\/uploads\/2023\/09\/hikers-family.png\" \/>\n\t<meta property=\"og:image:width\" content=\"1500\" \/>\n\t<meta property=\"og:image:height\" content=\"750\" \/>\n\t<meta property=\"og:image:type\" content=\"image\/png\" \/>\n<meta name=\"author\" content=\"libna\" \/>\n<meta name=\"twitter:card\" content=\"summary_large_image\" \/>\n<meta name=\"twitter:label1\" content=\"Escrito por\" \/>\n\t<meta name=\"twitter:data1\" content=\"libna\" \/>\n\t<meta name=\"twitter:label2\" content=\"Tiempo de lectura\" \/>\n\t<meta name=\"twitter:data2\" content=\"3 minutos\" \/>\n<script type=\"application\/ld+json\" class=\"yoast-schema-graph\">{\"@context\":\"https:\\\/\\\/schema.org\",\"@graph\":[{\"@type\":\"Article\",\"@id\":\"https:\\\/\\\/interamerica.org\\\/es\\\/2023\\\/09\\\/cnn-presenta-a-familia-adventista-de-senderistas\\\/#article\",\"isPartOf\":{\"@id\":\"https:\\\/\\\/interamerica.org\\\/es\\\/2023\\\/09\\\/cnn-presenta-a-familia-adventista-de-senderistas\\\/\"},\"author\":{\"name\":\"libna\",\"@id\":\"https:\\\/\\\/interamerica.org\\\/es\\\/#\\\/schema\\\/person\\\/29998f2bc2d8bd0d38662909289b54f1\"},\"headline\":\"CNN presenta a familia adventista de senderistas\",\"datePublished\":\"2023-09-11T13:24:47+00:00\",\"dateModified\":\"2023-09-12T14:40:09+00:00\",\"mainEntityOfPage\":{\"@id\":\"https:\\\/\\\/interamerica.org\\\/es\\\/2023\\\/09\\\/cnn-presenta-a-familia-adventista-de-senderistas\\\/\"},\"wordCount\":656,\"image\":{\"@id\":\"https:\\\/\\\/interamerica.org\\\/es\\\/2023\\\/09\\\/cnn-presenta-a-familia-adventista-de-senderistas\\\/#primaryimage\"},\"thumbnailUrl\":\"https:\\\/\\\/interamerica.org\\\/wp-content\\\/uploads\\\/2023\\\/09\\\/hikers-family.png\",\"articleSection\":[\"Desde la iglesia mundial\",\"RSS Espa\u00f1ol\"],\"inLanguage\":\"es\"},{\"@type\":\"WebPage\",\"@id\":\"https:\\\/\\\/interamerica.org\\\/es\\\/2023\\\/09\\\/cnn-presenta-a-familia-adventista-de-senderistas\\\/\",\"url\":\"https:\\\/\\\/interamerica.org\\\/es\\\/2023\\\/09\\\/cnn-presenta-a-familia-adventista-de-senderistas\\\/\",\"name\":\"CNN presenta a familia adventista de senderistas - Iglesia Adventista del S\u00e9ptimo D\u00eda - Divisi\u00f3n Interamericana\",\"isPartOf\":{\"@id\":\"https:\\\/\\\/interamerica.org\\\/es\\\/#website\"},\"primaryImageOfPage\":{\"@id\":\"https:\\\/\\\/interamerica.org\\\/es\\\/2023\\\/09\\\/cnn-presenta-a-familia-adventista-de-senderistas\\\/#primaryimage\"},\"image\":{\"@id\":\"https:\\\/\\\/interamerica.org\\\/es\\\/2023\\\/09\\\/cnn-presenta-a-familia-adventista-de-senderistas\\\/#primaryimage\"},\"thumbnailUrl\":\"https:\\\/\\\/interamerica.org\\\/wp-content\\\/uploads\\\/2023\\\/09\\\/hikers-family.png\",\"datePublished\":\"2023-09-11T13:24:47+00:00\",\"dateModified\":\"2023-09-12T14:40:09+00:00\",\"author\":{\"@id\":\"https:\\\/\\\/interamerica.org\\\/es\\\/#\\\/schema\\\/person\\\/29998f2bc2d8bd0d38662909289b54f1\"},\"breadcrumb\":{\"@id\":\"https:\\\/\\\/interamerica.org\\\/es\\\/2023\\\/09\\\/cnn-presenta-a-familia-adventista-de-senderistas\\\/#breadcrumb\"},\"inLanguage\":\"es\",\"potentialAction\":[{\"@type\":\"ReadAction\",\"target\":[\"https:\\\/\\\/interamerica.org\\\/es\\\/2023\\\/09\\\/cnn-presenta-a-familia-adventista-de-senderistas\\\/\"]}]},{\"@type\":\"ImageObject\",\"inLanguage\":\"es\",\"@id\":\"https:\\\/\\\/interamerica.org\\\/es\\\/2023\\\/09\\\/cnn-presenta-a-familia-adventista-de-senderistas\\\/#primaryimage\",\"url\":\"https:\\\/\\\/interamerica.org\\\/wp-content\\\/uploads\\\/2023\\\/09\\\/hikers-family.png\",\"contentUrl\":\"https:\\\/\\\/interamerica.org\\\/wp-content\\\/uploads\\\/2023\\\/09\\\/hikers-family.png\",\"width\":1500,\"height\":750,\"caption\":\"Seventh-day Adventist physicians Olen and Danae Netterburg and their five kids have hiked the entirety of several of the major trails in the United States. [Photo: Danae Netteburg]\"},{\"@type\":\"BreadcrumbList\",\"@id\":\"https:\\\/\\\/interamerica.org\\\/es\\\/2023\\\/09\\\/cnn-presenta-a-familia-adventista-de-senderistas\\\/#breadcrumb\",\"itemListElement\":[{\"@type\":\"ListItem\",\"position\":1,\"name\":\"Home\",\"item\":\"https:\\\/\\\/interamerica.org\\\/es\\\/\"},{\"@type\":\"ListItem\",\"position\":2,\"name\":\"CNN presenta a familia adventista de senderistas\"}]},{\"@type\":\"WebSite\",\"@id\":\"https:\\\/\\\/interamerica.org\\\/es\\\/#website\",\"url\":\"https:\\\/\\\/interamerica.org\\\/es\\\/\",\"name\":\"Iglesia Adventista del S\u00e9ptimo D\u00eda - Divisi\u00f3n Interamericana\",\"description\":\"\",\"potentialAction\":[{\"@type\":\"SearchAction\",\"target\":{\"@type\":\"EntryPoint\",\"urlTemplate\":\"https:\\\/\\\/interamerica.org\\\/es\\\/?s={search_term_string}\"},\"query-input\":{\"@type\":\"PropertyValueSpecification\",\"valueRequired\":true,\"valueName\":\"search_term_string\"}}],\"inLanguage\":\"es\"},{\"@type\":\"Person\",\"@id\":\"https:\\\/\\\/interamerica.org\\\/es\\\/#\\\/schema\\\/person\\\/29998f2bc2d8bd0d38662909289b54f1\",\"name\":\"libna\",\"image\":{\"@type\":\"ImageObject\",\"inLanguage\":\"es\",\"@id\":\"https:\\\/\\\/secure.gravatar.com\\\/avatar\\\/7c5bd30ae4b47a9ba3c856590957fd1d96dc588bf3ac05719d247e126840331f?s=96&d=mm&r=g\",\"url\":\"https:\\\/\\\/secure.gravatar.com\\\/avatar\\\/7c5bd30ae4b47a9ba3c856590957fd1d96dc588bf3ac05719d247e126840331f?s=96&d=mm&r=g\",\"contentUrl\":\"https:\\\/\\\/secure.gravatar.com\\\/avatar\\\/7c5bd30ae4b47a9ba3c856590957fd1d96dc588bf3ac05719d247e126840331f?s=96&d=mm&r=g\",\"caption\":\"libna\"}}]}<\/script>\n<!-- \/ Yoast SEO plugin. -->","yoast_head_json":{"title":"CNN presenta a familia adventista de senderistas - Iglesia Adventista del S\u00e9ptimo D\u00eda - Divisi\u00f3n Interamericana","robots":{"index":"index","follow":"follow","max-snippet":"max-snippet:-1","max-image-preview":"max-image-preview:large","max-video-preview":"max-video-preview:-1"},"canonical":"https:\/\/interamerica.org\/es\/2023\/09\/cnn-presenta-a-familia-adventista-de-senderistas\/","og_locale":"es_ES","og_type":"article","og_title":"CNN presenta a familia adventista de senderistas - Iglesia Adventista del S\u00e9ptimo D\u00eda - Divisi\u00f3n Interamericana","og_description":"Los m\u00e9dicos Olen y Danae Netteburg y sus hijos han completado importantes recorridos en los Estados Unidos. 11 de septiembre de 2023 | Silver Spring, Maryland, Estados Unidos | Marcos...","og_url":"https:\/\/interamerica.org\/es\/2023\/09\/cnn-presenta-a-familia-adventista-de-senderistas\/","og_site_name":"Iglesia Adventista del S\u00e9ptimo D\u00eda - Divisi\u00f3n Interamericana","article_published_time":"2023-09-11T13:24:47+00:00","article_modified_time":"2023-09-12T14:40:09+00:00","og_image":[{"width":1500,"height":750,"url":"https:\/\/interamerica.org\/wp-content\/uploads\/2023\/09\/hikers-family.png","type":"image\/png"}],"author":"libna","twitter_card":"summary_large_image","twitter_misc":{"Escrito por":"libna","Tiempo de lectura":"3 minutos"},"schema":{"@context":"https:\/\/schema.org","@graph":[{"@type":"Article","@id":"https:\/\/interamerica.org\/es\/2023\/09\/cnn-presenta-a-familia-adventista-de-senderistas\/#article","isPartOf":{"@id":"https:\/\/interamerica.org\/es\/2023\/09\/cnn-presenta-a-familia-adventista-de-senderistas\/"},"author":{"name":"libna","@id":"https:\/\/interamerica.org\/es\/#\/schema\/person\/29998f2bc2d8bd0d38662909289b54f1"},"headline":"CNN presenta a familia adventista de senderistas","datePublished":"2023-09-11T13:24:47+00:00","dateModified":"2023-09-12T14:40:09+00:00","mainEntityOfPage":{"@id":"https:\/\/interamerica.org\/es\/2023\/09\/cnn-presenta-a-familia-adventista-de-senderistas\/"},"wordCount":656,"image":{"@id":"https:\/\/interamerica.org\/es\/2023\/09\/cnn-presenta-a-familia-adventista-de-senderistas\/#primaryimage"},"thumbnailUrl":"https:\/\/interamerica.org\/wp-content\/uploads\/2023\/09\/hikers-family.png","articleSection":["Desde la iglesia mundial","RSS Espa\u00f1ol"],"inLanguage":"es"},{"@type":"WebPage","@id":"https:\/\/interamerica.org\/es\/2023\/09\/cnn-presenta-a-familia-adventista-de-senderistas\/","url":"https:\/\/interamerica.org\/es\/2023\/09\/cnn-presenta-a-familia-adventista-de-senderistas\/","name":"CNN presenta a familia adventista de senderistas - Iglesia Adventista del S\u00e9ptimo D\u00eda - Divisi\u00f3n Interamericana","isPartOf":{"@id":"https:\/\/interamerica.org\/es\/#website"},"primaryImageOfPage":{"@id":"https:\/\/interamerica.org\/es\/2023\/09\/cnn-presenta-a-familia-adventista-de-senderistas\/#primaryimage"},"image":{"@id":"https:\/\/interamerica.org\/es\/2023\/09\/cnn-presenta-a-familia-adventista-de-senderistas\/#primaryimage"},"thumbnailUrl":"https:\/\/interamerica.org\/wp-content\/uploads\/2023\/09\/hikers-family.png","datePublished":"2023-09-11T13:24:47+00:00","dateModified":"2023-09-12T14:40:09+00:00","author":{"@id":"https:\/\/interamerica.org\/es\/#\/schema\/person\/29998f2bc2d8bd0d38662909289b54f1"},"breadcrumb":{"@id":"https:\/\/interamerica.org\/es\/2023\/09\/cnn-presenta-a-familia-adventista-de-senderistas\/#breadcrumb"},"inLanguage":"es","potentialAction":[{"@type":"ReadAction","target":["https:\/\/interamerica.org\/es\/2023\/09\/cnn-presenta-a-familia-adventista-de-senderistas\/"]}]},{"@type":"ImageObject","inLanguage":"es","@id":"https:\/\/interamerica.org\/es\/2023\/09\/cnn-presenta-a-familia-adventista-de-senderistas\/#primaryimage","url":"https:\/\/interamerica.org\/wp-content\/uploads\/2023\/09\/hikers-family.png","contentUrl":"https:\/\/interamerica.org\/wp-content\/uploads\/2023\/09\/hikers-family.png","width":1500,"height":750,"caption":"Seventh-day Adventist physicians Olen and Danae Netterburg and their five kids have hiked the entirety of several of the major trails in the United States. [Photo: Danae Netteburg]"},{"@type":"BreadcrumbList","@id":"https:\/\/interamerica.org\/es\/2023\/09\/cnn-presenta-a-familia-adventista-de-senderistas\/#breadcrumb","itemListElement":[{"@type":"ListItem","position":1,"name":"Home","item":"https:\/\/interamerica.org\/es\/"},{"@type":"ListItem","position":2,"name":"CNN presenta a familia adventista de senderistas"}]},{"@type":"WebSite","@id":"https:\/\/interamerica.org\/es\/#website","url":"https:\/\/interamerica.org\/es\/","name":"Iglesia Adventista del S\u00e9ptimo D\u00eda - Divisi\u00f3n Interamericana","description":"","potentialAction":[{"@type":"SearchAction","target":{"@type":"EntryPoint","urlTemplate":"https:\/\/interamerica.org\/es\/?s={search_term_string}"},"query-input":{"@type":"PropertyValueSpecification","valueRequired":true,"valueName":"search_term_string"}}],"inLanguage":"es"},{"@type":"Person","@id":"https:\/\/interamerica.org\/es\/#\/schema\/person\/29998f2bc2d8bd0d38662909289b54f1","name":"libna","image":{"@type":"ImageObject","inLanguage":"es","@id":"https:\/\/secure.gravatar.com\/avatar\/7c5bd30ae4b47a9ba3c856590957fd1d96dc588bf3ac05719d247e126840331f?s=96&d=mm&r=g","url":"https:\/\/secure.gravatar.com\/avatar\/7c5bd30ae4b47a9ba3c856590957fd1d96dc588bf3ac05719d247e126840331f?s=96&d=mm&r=g","contentUrl":"https:\/\/secure.gravatar.com\/avatar\/7c5bd30ae4b47a9ba3c856590957fd1d96dc588bf3ac05719d247e126840331f?s=96&d=mm&r=g","caption":"libna"}}]}},"_links":{"self":[{"href":"https:\/\/interamerica.org\/es\/wp-json\/wp\/v2\/posts\/103203","targetHints":{"allow":["GET"]}}],"collection":[{"href":"https:\/\/interamerica.org\/es\/wp-json\/wp\/v2\/posts"}],"about":[{"href":"https:\/\/interamerica.org\/es\/wp-json\/wp\/v2\/types\/post"}],"author":[{"embeddable":true,"href":"https:\/\/interamerica.org\/es\/wp-json\/wp\/v2\/users\/3"}],"replies":[{"embeddable":true,"href":"https:\/\/interamerica.org\/es\/wp-json\/wp\/v2\/comments?post=103203"}],"version-history":[{"count":0,"href":"https:\/\/interamerica.org\/es\/wp-json\/wp\/v2\/posts\/103203\/revisions"}],"wp:featuredmedia":[{"embeddable":true,"href":"https:\/\/interamerica.org\/es\/wp-json\/wp\/v2\/media\/103190"}],"wp:attachment":[{"href":"https:\/\/interamerica.org\/es\/wp-json\/wp\/v2\/media?parent=103203"}],"wp:term":[{"taxonomy":"category","embeddable":true,"href":"https:\/\/interamerica.org\/es\/wp-json\/wp\/v2\/categories?post=103203"},{"taxonomy":"post_tag","embeddable":true,"href":"https:\/\/interamerica.org\/es\/wp-json\/wp\/v2\/tags?post=103203"}],"curies":[{"name":"wp","href":"https:\/\/api.w.org\/{rel}","templated":true}]}}