{"id":103204,"date":"2023-09-10T19:21:52","date_gmt":"2023-09-10T23:21:52","guid":{"rendered":"https:\/\/interamerica.org\/?p=103204"},"modified":"2023-09-11T10:07:16","modified_gmt":"2023-09-11T14:07:16","slug":"historiador-repasa-la-historia-de-la-pasion-adventista-sobre-la-libertad-religiosa","status":"publish","type":"post","link":"https:\/\/interamerica.org\/es\/2023\/09\/historiador-repasa-la-historia-de-la-pasion-adventista-sobre-la-libertad-religiosa\/","title":{"rendered":"Historiador repasa la historia de la pasi\u00f3n adventista sobre la libertad religiosa"},"content":{"rendered":"<h4>En el Congreso Mundial de la IRLA, David Trim ofrece el trasfondo de los esfuerzos de la organizaci\u00f3n.<\/h4>\n<p>10 de septiembre de 2023 | Silver Spring, Maryland | Marcos Paseggi, Adventist Review<\/p>\n<p>\u00bfDeber\u00edamos luchar por el derecho de ser libres de adorar a Dios seg\u00fan nuestra conciencia? O dado que queremos que Jes\u00fas vuelva, \u00bfdeber\u00edamos forzar una ley dominical nacional para disparar los eventos finales y la segunda venida de Cristo?<\/p>\n<p>Estos son algunas de las preguntas que los pioneros y miembros adventistas de la segunda mitad del siglo XIX se hac\u00edan a menudo. En \u00faltimo t\u00e9rmino, la respuesta a estas preguntas habr\u00eda de modelar e influir sobre el compromiso hist\u00f3rico de la iglesia con los esfuerzos de defensa de la libertad de conciencia, dijo el historiador adventista David Trim en una presentaci\u00f3n en el IX Congreso Mundial de la Asociaci\u00f3n Internacional de Libertad Religiosa (IRLA) en Silver Spring, Maryland, Estados Unidos, el 22 de agosto.<\/p>\n<p>Trim, que es director de la Secretar\u00eda de Archivos, Estad\u00edsticas e Investigaciones de la Asociaci\u00f3n General de los Adventistas del S\u00e9ptimo D\u00eda, comparti\u00f3 con los partidarios de la libertad religiosa los esfuerzos de su defensa por parte de los pioneros adventistas, lo que en 1893 result\u00f3 en el lanzamiento de la IRLA. \u201cVale la pena explorar esta historia\u201d, dijo Trim, \u201cpara comprender el ADN de la IRLA\u201d.<\/p>\n<p><div id=\"attachment_103176\" style=\"width: 814px\" class=\"wp-caption aligncenter\"><img fetchpriority=\"high\" decoding=\"async\" aria-describedby=\"caption-attachment-103176\" class=\" wp-image-103174\" src=\"https:\/\/interamerica.org\/wp-content\/uploads\/2023\/09\/irla-historian-traces-dsc-1359.jpeg\" alt=\"\" width=\"804\" height=\"536\" srcset=\"https:\/\/interamerica.org\/wp-content\/uploads\/2023\/09\/irla-historian-traces-dsc-1359.jpeg 1000w, https:\/\/interamerica.org\/wp-content\/uploads\/2023\/09\/irla-historian-traces-dsc-1359-300x200.jpeg 300w, https:\/\/interamerica.org\/wp-content\/uploads\/2023\/09\/irla-historian-traces-dsc-1359-768x512.jpeg 768w\" sizes=\"(max-width: 804px) 100vw, 804px\" \/><p id=\"caption-attachment-103176\" class=\"wp-caption-text\">David Trim comparte la historia de la Asociaci\u00f3n Internacional de Libertad Religiosa, en su IX Congreso Mundial el pasado 22 de agosto. [Fotograf\u00eda: Marcos Paseggi, Adventist Review]<\/p><\/div><strong>\u00bfForzar los eventos del fin?<\/strong><\/p>\n<p>Trim analiz\u00f3 en primer lugar los pensamientos a menudo ambivalentes entre los l\u00edderes tempranos y miembros de la Iglesia Adventista respecto de la libertad religiosa. \u00bfDeber\u00edan los adventistas involucrarse, o simplemente dejar que los eventos siguieran adelante as\u00ed como, cre\u00edan ellos, las profec\u00edas b\u00edblicas los hab\u00edan predecido? Respondi\u00f3 citando al exsecretario general de la IRLA John Graz, quien en la Enciclopedia de los Adventistas del S\u00e9ptimo D\u00eda, escribi\u00f3 que \u201cla joven Iglesia Adventista del S\u00e9ptimo D\u00eda, a pesar de su visi\u00f3n apocal\u00edptica del futuro, decidi\u00f3 oponerse firmemente a cualquier legislaci\u00f3n a favor de un d\u00eda religioso de descanso\u201d.<\/p>\n<p>Seg\u00fan Trim, la tension a la que alude Graz se produjo \u201centre los esquemas prof\u00e9ticos corporativos adventistas, en los que la implementaci\u00f3n de una ley dominical por parte de los Estados Unidos ser\u00eda uno de los marcadores del escenario escatol\u00f3gico final, y la necesidad, por otro lado, de que los adventistas estuvieran libres de las leyes dominicales como parte de su vida normal\u201d.<\/p>\n<p>Algunos pioneros creyeron que los adventistas deber\u00edan, mediante la provocaci\u00f3n, hacer llegar la ley dominical. Esto \u201cb\u00e1sicamente obligar\u00eda a Cristo a inaugurar el milenio mediante su segundo advenimiento\u201d, explic\u00f3 Trim, y a\u00f1adi\u00f3: \u201cEsa fue una de las ideas extremas que los adventistas, como cuerpo, jam\u00e1s acept\u00f3 [\u2026], la idea de que uno pod\u00eda forzar a Cristo a que actuar era, por decirlo suavemente, sumamente peculiar\u201d.<\/p>\n<p><div id=\"attachment_103182\" style=\"width: 898px\" class=\"wp-caption aligncenter\"><img decoding=\"async\" aria-describedby=\"caption-attachment-103182\" class=\" wp-image-103180\" src=\"https:\/\/interamerica.org\/wp-content\/uploads\/2023\/09\/irla-traces2dsc-1346.jpeg\" alt=\"\" width=\"888\" height=\"592\" srcset=\"https:\/\/interamerica.org\/wp-content\/uploads\/2023\/09\/irla-traces2dsc-1346.jpeg 1000w, https:\/\/interamerica.org\/wp-content\/uploads\/2023\/09\/irla-traces2dsc-1346-300x200.jpeg 300w, https:\/\/interamerica.org\/wp-content\/uploads\/2023\/09\/irla-traces2dsc-1346-768x512.jpeg 768w\" sizes=\"(max-width: 888px) 100vw, 888px\" \/><p id=\"caption-attachment-103182\" class=\"wp-caption-text\">Jennifer Woods, directora de relaciones p\u00fablicas y libertad religiosa de la Uni\u00f3n Asociaci\u00f3n del Lago en la Divisi\u00f3n Norteamericana de la Iglesia Adventista del S\u00e9ptimo D\u00eda, da la bienvenida a los participantes e introduce al orador el pasado 22 de agosto. [Fotograf\u00eda: Marcos Paseggi, Adventist Review]<\/p><\/div><strong>Efecto sobre la legislaci\u00f3n dominical<\/strong><\/p>\n<p>Al mismo tiempo, los primeros adventistas ten\u00edan consideraciones m\u00e1s pr\u00e1cticas al tener que enfrentar la sanci\u00f3n de leyes dominicales a nivel local y estatal, dijo Trim. \u201cLa mayor\u00eda de los adventistas viv\u00eda en zonas rurales y, al no trabajar en sus granjas los s\u00e1bados, era fundamental que pudieran trabajar en ellas los domingos\u201d, dijo. Hacia fines del siglo XIX, \u201caunque en muchos casos las leyes dominicales no fueron implementadas, en otros s\u00ed lo fueron\u201d.<\/p>\n<p>Trim explic\u00f3 que, en varios casos, los adventistas recibieron multas y fueron encarcelados como resultado de esas leyes dominicales, y en un caso, un adventista inclusive muri\u00f3 en la c\u00e1rcel como resultado de ser mantenido en condiciones rigurosas. \u201cPor ello, hab\u00eda un incentivo natural para que los adventistas llegaran a ser defensores de la libertad religiosa\u201d, dijo Trim, y as\u00ed lo hicieron.<\/p>\n<p>Relat\u00f3 tambi\u00e9n c\u00f3mo, en la d\u00e9cada de 1880, una campa\u00f1a temprana que buscaba que el Congreso de los Estados Unidos sancionara una ley nacional sobre la santidad del domingo fue enfrentada con esfuerzos concretos de oposici\u00f3n al proyecto de ley por parte del pionero adventista Alonzo T. Jones y otros. \u201cA pesar del escenario apocal\u00edptico adventista, los adventistas decidieron oponerse a la ley dominical nacional\u201d, dijo Trim. En 1888, Jones testific\u00f3 ante la Comisi\u00f3n del Senado de los Estados Unidos para Educaci\u00f3n y Trabajo. En \u00faltimo t\u00e9rmino, la ley jam\u00e1s fue sancionada.<\/p>\n<p><div id=\"attachment_103185\" style=\"width: 869px\" class=\"wp-caption aligncenter\"><img decoding=\"async\" aria-describedby=\"caption-attachment-103185\" class=\" wp-image-103183\" src=\"https:\/\/interamerica.org\/wp-content\/uploads\/2023\/09\/irla-traces3-dsc-0047.jpeg\" alt=\"\" width=\"859\" height=\"573\" srcset=\"https:\/\/interamerica.org\/wp-content\/uploads\/2023\/09\/irla-traces3-dsc-0047.jpeg 1000w, https:\/\/interamerica.org\/wp-content\/uploads\/2023\/09\/irla-traces3-dsc-0047-300x200.jpeg 300w, https:\/\/interamerica.org\/wp-content\/uploads\/2023\/09\/irla-traces3-dsc-0047-768x512.jpeg 768w\" sizes=\"(max-width: 859px) 100vw, 859px\" \/><p id=\"caption-attachment-103185\" class=\"wp-caption-text\">Una delegaci\u00f3n de l\u00edderes y defensores de la libertad religiosa provenientes de la Divisi\u00f3n de \u00c1frica Centro-Oriental de la Iglesia Adventista, con sede en Costa de Marfil, se toma una fotograf\u00eda grupal durante un receso en el IX Congreso Mundial de la IRLA. [Fotograf\u00eda: Marcos Paseggi, Adventist Review]<\/p><\/div><strong>Nace la IRLA<\/strong><\/p>\n<p>En este contexto se fund\u00f3 la IRLA en 1893, record\u00f3 Trim a los asistentes. En su \u201cDeclaraci\u00f3n de Principios\u201d de marzo de 1893, los miembros de la IRLA expresaron: \u201cCreemos en apoyar el gobierno civil y en someternos a su autoridad\u201d, pero al mismo tiempo, \u201cdenegamos el derecho de cualquier gobierno civil de legislar sobre cuestiones religiosas\u201d. El documento a\u00f1adi\u00f3, entre otras estipulaciones: \u201cCreemos que es correcto, y que deber\u00eda ser el privilegio de cada ser humano adorar seg\u00fan los dictados de su propia conciencia\u201d.<\/p>\n<p>Despu\u00e9s de la organizaci\u00f3n de la IRLA, su trabajo se volvi\u00f3 internacional, porque abri\u00f3 sedes en varios continentes y, en 1906, lanz\u00f3 la revista Liberty, que sigue public\u00e1ndose.<\/p>\n<p>Trim tambi\u00e9n analiz\u00f3 el papel de otros personajes adventistas claves para la historia y el desarrollo de la IRLA, lo que incluye a Charles Longacre y Jean Nussbaum, quienes testificaron ante la Liga de las Naciones en Ginebra en la d\u00e9cada de 1930 para oponerse al calendario de trece meses y a un plan de trece meses que habr\u00eda afectado los d\u00edas de la semana.<\/p>\n<p><strong>Un alcance extendido<\/strong><\/p>\n<p>Otros avances incluyeron la incorporaci\u00f3n legal de la IRLA en 1946, lo que extendi\u00f3 el alcance de la organizaci\u00f3n m\u00e1s all\u00e1 de cualquier plan denominacional, dijo Trim. \u201cDe conformidad con esta estrategia, la IRLA apel\u00f3 activamente [\u2026] a todos los que compart\u00edan su visi\u00f3n y filosof\u00eda sobre la libertad religiosa para todos y sobre la separaci\u00f3n de la Iglesia y el Estado\u201d, inform\u00f3.<\/p>\n<p>La IRLA se mostr\u00f3 muy activa durante las d\u00e9cadas de 1950 y 1960, dijo Trim. De manera espec\u00edfica, se refiri\u00f3 a una reuni\u00f3n en 1958 con el presidente de la Asamblea General de las Naciones Unidas. El primer Congreso de la IRLA se llev\u00f3 a cabo en \u00c1msterdam, Pa\u00edses Bajos, en marzo de 1977. Trim cit\u00f3 a Graz una vez m\u00e1s, quien escribi\u00f3 que despu\u00e9s de ese primer congreso, \u201cla IRLA fue reactivada y, durante las d\u00e9cadas siguientes, comenz\u00f3 un nuevo per\u00edodo de actividades. Una serie de eventos p\u00fablicos hizo de la IRLA una de las principales asociaciones internacionales para la libertad religiosa\u201d.<\/p>\n<p>Seg\u00fan Trim, la revitalizaci\u00f3n de la organizaci\u00f3n se vio apoyada por el liderazgo durante 35 a\u00f1os de Bert B. Beach, quien fue elegido secretario general de la IRLA en 1980, y de John Graz, secretario general de la IRLA entre 1995 y 2015. \u201cA partir de 1977, se organizaron congresos regionales de la IRLA en cinco continentes [y] se llevaron a cabo m\u00e1s de cuarenta congresos y simposios internacionales entre 1996 y 2015\u201d, report\u00f3 Trim.<\/p>\n<p>En 1999, la IRLA cre\u00f3 su Junta de Expertos, que, seg\u00fan Trim, ha llegado a ser un importante laboratorio de ideas sobre libertad religiosa, y su influencia trasciende la Iglesia Adventista. La Junta de Expertos ha preparado varias declaraciones internacionales y principios guiadores importantes sobre libertad religiosa, proselitismo y educaci\u00f3n.<\/p>\n<p><strong>Una pasi\u00f3n de 130 a\u00f1os<\/strong><\/p>\n<p>Trim concluy\u00f3 enfatizando que durante los 130 a\u00f1os de existencia de la IRLA, la organizaci\u00f3n ha demostrado una pasi\u00f3n por la libertad religiosa y de creencia. A pesar de surgir del activismo dentro de la Iglesia Adventista, a\u00f1adi\u00f3, \u201cla organizaci\u00f3n ha llegado durante mucho tiempo a \u00e1mbitos que trascienden la denominaci\u00f3n que la hizo crecer, y luchar por la libertad religiosa y de creencia para las personas de todas las religiones, para personas de todas las convicciones religiosas o las que no tienen ninguna\u201d.<\/p>\n<p>En este contexto, dijo, \u201ca medida que surgen nuevos desaf\u00edos para la libertad religiosa, existir\u00e1 la necesidad de la IRLA\u201d.<\/p>\n<p>Traducci\u00f3n de Marcos Paseggi<\/p>\n","protected":false},"excerpt":{"rendered":"<p>En el Congreso Mundial de la IRLA, David Trim ofrece el trasfondo de los esfuerzos de la organizaci\u00f3n. 10 de septiembre de 2023 | Silver Spring, Maryland | Marcos Paseggi,&#8230;<\/p>\n","protected":false},"author":3,"featured_media":103176,"comment_status":"closed","ping_status":"closed","sticky":false,"template":"","format":"standard","meta":{"_acf_changed":false,"footnotes":""},"categories":[14,15],"tags":[],"class_list":["post-103204","post","type-post","status-publish","format-standard","has-post-thumbnail","hentry","category-de-la-iglesia-mundial","category-rss-espanol"],"acf":[],"yoast_head":"<!-- This site is optimized with the Yoast SEO plugin v27.3 - https:\/\/yoast.com\/product\/yoast-seo-wordpress\/ -->\n<title>Historiador repasa la historia de la pasi\u00f3n adventista sobre la libertad religiosa - Iglesia Adventista del S\u00e9ptimo D\u00eda - Divisi\u00f3n Interamericana<\/title>\n<meta name=\"robots\" content=\"index, follow, max-snippet:-1, max-image-preview:large, max-video-preview:-1\" \/>\n<link rel=\"canonical\" href=\"https:\/\/interamerica.org\/es\/2023\/09\/historiador-repasa-la-historia-de-la-pasion-adventista-sobre-la-libertad-religiosa\/\" \/>\n<meta property=\"og:locale\" content=\"es_ES\" \/>\n<meta property=\"og:type\" content=\"article\" \/>\n<meta property=\"og:title\" content=\"Historiador repasa la historia de la pasi\u00f3n adventista sobre la libertad religiosa - Iglesia Adventista del S\u00e9ptimo D\u00eda - Divisi\u00f3n Interamericana\" \/>\n<meta property=\"og:description\" content=\"En el Congreso Mundial de la IRLA, David Trim ofrece el trasfondo de los esfuerzos de la organizaci\u00f3n. 10 de septiembre de 2023 | Silver Spring, Maryland | Marcos Paseggi,...\" \/>\n<meta property=\"og:url\" content=\"https:\/\/interamerica.org\/es\/2023\/09\/historiador-repasa-la-historia-de-la-pasion-adventista-sobre-la-libertad-religiosa\/\" \/>\n<meta property=\"og:site_name\" content=\"Iglesia Adventista del S\u00e9ptimo D\u00eda - Divisi\u00f3n Interamericana\" \/>\n<meta property=\"article:published_time\" content=\"2023-09-10T23:21:52+00:00\" \/>\n<meta property=\"article:modified_time\" content=\"2023-09-11T14:07:16+00:00\" \/>\n<meta property=\"og:image\" content=\"https:\/\/interamerica.org\/wp-content\/uploads\/2023\/09\/irla-historian-traces-dsc-1359.jpeg\" \/>\n\t<meta property=\"og:image:width\" content=\"1000\" \/>\n\t<meta property=\"og:image:height\" content=\"667\" \/>\n\t<meta property=\"og:image:type\" content=\"image\/jpeg\" \/>\n<meta name=\"author\" content=\"libna\" \/>\n<meta name=\"twitter:card\" content=\"summary_large_image\" \/>\n<meta name=\"twitter:label1\" content=\"Escrito por\" \/>\n\t<meta name=\"twitter:data1\" content=\"libna\" \/>\n\t<meta name=\"twitter:label2\" content=\"Tiempo de lectura\" \/>\n\t<meta name=\"twitter:data2\" content=\"7 minutos\" \/>\n<script type=\"application\/ld+json\" class=\"yoast-schema-graph\">{\"@context\":\"https:\\\/\\\/schema.org\",\"@graph\":[{\"@type\":\"Article\",\"@id\":\"https:\\\/\\\/interamerica.org\\\/es\\\/2023\\\/09\\\/historiador-repasa-la-historia-de-la-pasion-adventista-sobre-la-libertad-religiosa\\\/#article\",\"isPartOf\":{\"@id\":\"https:\\\/\\\/interamerica.org\\\/es\\\/2023\\\/09\\\/historiador-repasa-la-historia-de-la-pasion-adventista-sobre-la-libertad-religiosa\\\/\"},\"author\":{\"name\":\"libna\",\"@id\":\"https:\\\/\\\/interamerica.org\\\/es\\\/#\\\/schema\\\/person\\\/29998f2bc2d8bd0d38662909289b54f1\"},\"headline\":\"Historiador repasa la historia de la pasi\u00f3n adventista sobre la libertad religiosa\",\"datePublished\":\"2023-09-10T23:21:52+00:00\",\"dateModified\":\"2023-09-11T14:07:16+00:00\",\"mainEntityOfPage\":{\"@id\":\"https:\\\/\\\/interamerica.org\\\/es\\\/2023\\\/09\\\/historiador-repasa-la-historia-de-la-pasion-adventista-sobre-la-libertad-religiosa\\\/\"},\"wordCount\":1519,\"image\":{\"@id\":\"https:\\\/\\\/interamerica.org\\\/es\\\/2023\\\/09\\\/historiador-repasa-la-historia-de-la-pasion-adventista-sobre-la-libertad-religiosa\\\/#primaryimage\"},\"thumbnailUrl\":\"https:\\\/\\\/interamerica.org\\\/wp-content\\\/uploads\\\/2023\\\/09\\\/irla-historian-traces-dsc-1359.jpeg\",\"articleSection\":[\"Desde la iglesia mundial\",\"RSS Espa\u00f1ol\"],\"inLanguage\":\"es\"},{\"@type\":\"WebPage\",\"@id\":\"https:\\\/\\\/interamerica.org\\\/es\\\/2023\\\/09\\\/historiador-repasa-la-historia-de-la-pasion-adventista-sobre-la-libertad-religiosa\\\/\",\"url\":\"https:\\\/\\\/interamerica.org\\\/es\\\/2023\\\/09\\\/historiador-repasa-la-historia-de-la-pasion-adventista-sobre-la-libertad-religiosa\\\/\",\"name\":\"Historiador repasa la historia de la pasi\u00f3n adventista sobre la libertad religiosa - Iglesia Adventista del S\u00e9ptimo D\u00eda - Divisi\u00f3n Interamericana\",\"isPartOf\":{\"@id\":\"https:\\\/\\\/interamerica.org\\\/es\\\/#website\"},\"primaryImageOfPage\":{\"@id\":\"https:\\\/\\\/interamerica.org\\\/es\\\/2023\\\/09\\\/historiador-repasa-la-historia-de-la-pasion-adventista-sobre-la-libertad-religiosa\\\/#primaryimage\"},\"image\":{\"@id\":\"https:\\\/\\\/interamerica.org\\\/es\\\/2023\\\/09\\\/historiador-repasa-la-historia-de-la-pasion-adventista-sobre-la-libertad-religiosa\\\/#primaryimage\"},\"thumbnailUrl\":\"https:\\\/\\\/interamerica.org\\\/wp-content\\\/uploads\\\/2023\\\/09\\\/irla-historian-traces-dsc-1359.jpeg\",\"datePublished\":\"2023-09-10T23:21:52+00:00\",\"dateModified\":\"2023-09-11T14:07:16+00:00\",\"author\":{\"@id\":\"https:\\\/\\\/interamerica.org\\\/es\\\/#\\\/schema\\\/person\\\/29998f2bc2d8bd0d38662909289b54f1\"},\"breadcrumb\":{\"@id\":\"https:\\\/\\\/interamerica.org\\\/es\\\/2023\\\/09\\\/historiador-repasa-la-historia-de-la-pasion-adventista-sobre-la-libertad-religiosa\\\/#breadcrumb\"},\"inLanguage\":\"es\",\"potentialAction\":[{\"@type\":\"ReadAction\",\"target\":[\"https:\\\/\\\/interamerica.org\\\/es\\\/2023\\\/09\\\/historiador-repasa-la-historia-de-la-pasion-adventista-sobre-la-libertad-religiosa\\\/\"]}]},{\"@type\":\"ImageObject\",\"inLanguage\":\"es\",\"@id\":\"https:\\\/\\\/interamerica.org\\\/es\\\/2023\\\/09\\\/historiador-repasa-la-historia-de-la-pasion-adventista-sobre-la-libertad-religiosa\\\/#primaryimage\",\"url\":\"https:\\\/\\\/interamerica.org\\\/wp-content\\\/uploads\\\/2023\\\/09\\\/irla-historian-traces-dsc-1359.jpeg\",\"contentUrl\":\"https:\\\/\\\/interamerica.org\\\/wp-content\\\/uploads\\\/2023\\\/09\\\/irla-historian-traces-dsc-1359.jpeg\",\"width\":1000,\"height\":667,\"caption\":\"David Trim presents on the history of the International Religious Liberty Association at its 9th World Congress on August 22. [Photo: Marcos Paseggi, Adventist Review]\"},{\"@type\":\"BreadcrumbList\",\"@id\":\"https:\\\/\\\/interamerica.org\\\/es\\\/2023\\\/09\\\/historiador-repasa-la-historia-de-la-pasion-adventista-sobre-la-libertad-religiosa\\\/#breadcrumb\",\"itemListElement\":[{\"@type\":\"ListItem\",\"position\":1,\"name\":\"Home\",\"item\":\"https:\\\/\\\/interamerica.org\\\/es\\\/\"},{\"@type\":\"ListItem\",\"position\":2,\"name\":\"Historiador repasa la historia de la pasi\u00f3n adventista sobre la libertad religiosa\"}]},{\"@type\":\"WebSite\",\"@id\":\"https:\\\/\\\/interamerica.org\\\/es\\\/#website\",\"url\":\"https:\\\/\\\/interamerica.org\\\/es\\\/\",\"name\":\"Iglesia Adventista del S\u00e9ptimo D\u00eda - Divisi\u00f3n Interamericana\",\"description\":\"\",\"potentialAction\":[{\"@type\":\"SearchAction\",\"target\":{\"@type\":\"EntryPoint\",\"urlTemplate\":\"https:\\\/\\\/interamerica.org\\\/es\\\/?s={search_term_string}\"},\"query-input\":{\"@type\":\"PropertyValueSpecification\",\"valueRequired\":true,\"valueName\":\"search_term_string\"}}],\"inLanguage\":\"es\"},{\"@type\":\"Person\",\"@id\":\"https:\\\/\\\/interamerica.org\\\/es\\\/#\\\/schema\\\/person\\\/29998f2bc2d8bd0d38662909289b54f1\",\"name\":\"libna\",\"image\":{\"@type\":\"ImageObject\",\"inLanguage\":\"es\",\"@id\":\"https:\\\/\\\/secure.gravatar.com\\\/avatar\\\/7c5bd30ae4b47a9ba3c856590957fd1d96dc588bf3ac05719d247e126840331f?s=96&d=mm&r=g\",\"url\":\"https:\\\/\\\/secure.gravatar.com\\\/avatar\\\/7c5bd30ae4b47a9ba3c856590957fd1d96dc588bf3ac05719d247e126840331f?s=96&d=mm&r=g\",\"contentUrl\":\"https:\\\/\\\/secure.gravatar.com\\\/avatar\\\/7c5bd30ae4b47a9ba3c856590957fd1d96dc588bf3ac05719d247e126840331f?s=96&d=mm&r=g\",\"caption\":\"libna\"}}]}<\/script>\n<!-- \/ Yoast SEO plugin. -->","yoast_head_json":{"title":"Historiador repasa la historia de la pasi\u00f3n adventista sobre la libertad religiosa - Iglesia Adventista del S\u00e9ptimo D\u00eda - Divisi\u00f3n Interamericana","robots":{"index":"index","follow":"follow","max-snippet":"max-snippet:-1","max-image-preview":"max-image-preview:large","max-video-preview":"max-video-preview:-1"},"canonical":"https:\/\/interamerica.org\/es\/2023\/09\/historiador-repasa-la-historia-de-la-pasion-adventista-sobre-la-libertad-religiosa\/","og_locale":"es_ES","og_type":"article","og_title":"Historiador repasa la historia de la pasi\u00f3n adventista sobre la libertad religiosa - Iglesia Adventista del S\u00e9ptimo D\u00eda - Divisi\u00f3n Interamericana","og_description":"En el Congreso Mundial de la IRLA, David Trim ofrece el trasfondo de los esfuerzos de la organizaci\u00f3n. 10 de septiembre de 2023 | Silver Spring, Maryland | Marcos Paseggi,...","og_url":"https:\/\/interamerica.org\/es\/2023\/09\/historiador-repasa-la-historia-de-la-pasion-adventista-sobre-la-libertad-religiosa\/","og_site_name":"Iglesia Adventista del S\u00e9ptimo D\u00eda - Divisi\u00f3n Interamericana","article_published_time":"2023-09-10T23:21:52+00:00","article_modified_time":"2023-09-11T14:07:16+00:00","og_image":[{"width":1000,"height":667,"url":"https:\/\/interamerica.org\/wp-content\/uploads\/2023\/09\/irla-historian-traces-dsc-1359.jpeg","type":"image\/jpeg"}],"author":"libna","twitter_card":"summary_large_image","twitter_misc":{"Escrito por":"libna","Tiempo de lectura":"7 minutos"},"schema":{"@context":"https:\/\/schema.org","@graph":[{"@type":"Article","@id":"https:\/\/interamerica.org\/es\/2023\/09\/historiador-repasa-la-historia-de-la-pasion-adventista-sobre-la-libertad-religiosa\/#article","isPartOf":{"@id":"https:\/\/interamerica.org\/es\/2023\/09\/historiador-repasa-la-historia-de-la-pasion-adventista-sobre-la-libertad-religiosa\/"},"author":{"name":"libna","@id":"https:\/\/interamerica.org\/es\/#\/schema\/person\/29998f2bc2d8bd0d38662909289b54f1"},"headline":"Historiador repasa la historia de la pasi\u00f3n adventista sobre la libertad religiosa","datePublished":"2023-09-10T23:21:52+00:00","dateModified":"2023-09-11T14:07:16+00:00","mainEntityOfPage":{"@id":"https:\/\/interamerica.org\/es\/2023\/09\/historiador-repasa-la-historia-de-la-pasion-adventista-sobre-la-libertad-religiosa\/"},"wordCount":1519,"image":{"@id":"https:\/\/interamerica.org\/es\/2023\/09\/historiador-repasa-la-historia-de-la-pasion-adventista-sobre-la-libertad-religiosa\/#primaryimage"},"thumbnailUrl":"https:\/\/interamerica.org\/wp-content\/uploads\/2023\/09\/irla-historian-traces-dsc-1359.jpeg","articleSection":["Desde la iglesia mundial","RSS Espa\u00f1ol"],"inLanguage":"es"},{"@type":"WebPage","@id":"https:\/\/interamerica.org\/es\/2023\/09\/historiador-repasa-la-historia-de-la-pasion-adventista-sobre-la-libertad-religiosa\/","url":"https:\/\/interamerica.org\/es\/2023\/09\/historiador-repasa-la-historia-de-la-pasion-adventista-sobre-la-libertad-religiosa\/","name":"Historiador repasa la historia de la pasi\u00f3n adventista sobre la libertad religiosa - Iglesia Adventista del S\u00e9ptimo D\u00eda - Divisi\u00f3n Interamericana","isPartOf":{"@id":"https:\/\/interamerica.org\/es\/#website"},"primaryImageOfPage":{"@id":"https:\/\/interamerica.org\/es\/2023\/09\/historiador-repasa-la-historia-de-la-pasion-adventista-sobre-la-libertad-religiosa\/#primaryimage"},"image":{"@id":"https:\/\/interamerica.org\/es\/2023\/09\/historiador-repasa-la-historia-de-la-pasion-adventista-sobre-la-libertad-religiosa\/#primaryimage"},"thumbnailUrl":"https:\/\/interamerica.org\/wp-content\/uploads\/2023\/09\/irla-historian-traces-dsc-1359.jpeg","datePublished":"2023-09-10T23:21:52+00:00","dateModified":"2023-09-11T14:07:16+00:00","author":{"@id":"https:\/\/interamerica.org\/es\/#\/schema\/person\/29998f2bc2d8bd0d38662909289b54f1"},"breadcrumb":{"@id":"https:\/\/interamerica.org\/es\/2023\/09\/historiador-repasa-la-historia-de-la-pasion-adventista-sobre-la-libertad-religiosa\/#breadcrumb"},"inLanguage":"es","potentialAction":[{"@type":"ReadAction","target":["https:\/\/interamerica.org\/es\/2023\/09\/historiador-repasa-la-historia-de-la-pasion-adventista-sobre-la-libertad-religiosa\/"]}]},{"@type":"ImageObject","inLanguage":"es","@id":"https:\/\/interamerica.org\/es\/2023\/09\/historiador-repasa-la-historia-de-la-pasion-adventista-sobre-la-libertad-religiosa\/#primaryimage","url":"https:\/\/interamerica.org\/wp-content\/uploads\/2023\/09\/irla-historian-traces-dsc-1359.jpeg","contentUrl":"https:\/\/interamerica.org\/wp-content\/uploads\/2023\/09\/irla-historian-traces-dsc-1359.jpeg","width":1000,"height":667,"caption":"David Trim presents on the history of the International Religious Liberty Association at its 9th World Congress on August 22. [Photo: Marcos Paseggi, Adventist Review]"},{"@type":"BreadcrumbList","@id":"https:\/\/interamerica.org\/es\/2023\/09\/historiador-repasa-la-historia-de-la-pasion-adventista-sobre-la-libertad-religiosa\/#breadcrumb","itemListElement":[{"@type":"ListItem","position":1,"name":"Home","item":"https:\/\/interamerica.org\/es\/"},{"@type":"ListItem","position":2,"name":"Historiador repasa la historia de la pasi\u00f3n adventista sobre la libertad religiosa"}]},{"@type":"WebSite","@id":"https:\/\/interamerica.org\/es\/#website","url":"https:\/\/interamerica.org\/es\/","name":"Iglesia Adventista del S\u00e9ptimo D\u00eda - Divisi\u00f3n Interamericana","description":"","potentialAction":[{"@type":"SearchAction","target":{"@type":"EntryPoint","urlTemplate":"https:\/\/interamerica.org\/es\/?s={search_term_string}"},"query-input":{"@type":"PropertyValueSpecification","valueRequired":true,"valueName":"search_term_string"}}],"inLanguage":"es"},{"@type":"Person","@id":"https:\/\/interamerica.org\/es\/#\/schema\/person\/29998f2bc2d8bd0d38662909289b54f1","name":"libna","image":{"@type":"ImageObject","inLanguage":"es","@id":"https:\/\/secure.gravatar.com\/avatar\/7c5bd30ae4b47a9ba3c856590957fd1d96dc588bf3ac05719d247e126840331f?s=96&d=mm&r=g","url":"https:\/\/secure.gravatar.com\/avatar\/7c5bd30ae4b47a9ba3c856590957fd1d96dc588bf3ac05719d247e126840331f?s=96&d=mm&r=g","contentUrl":"https:\/\/secure.gravatar.com\/avatar\/7c5bd30ae4b47a9ba3c856590957fd1d96dc588bf3ac05719d247e126840331f?s=96&d=mm&r=g","caption":"libna"}}]}},"_links":{"self":[{"href":"https:\/\/interamerica.org\/es\/wp-json\/wp\/v2\/posts\/103204","targetHints":{"allow":["GET"]}}],"collection":[{"href":"https:\/\/interamerica.org\/es\/wp-json\/wp\/v2\/posts"}],"about":[{"href":"https:\/\/interamerica.org\/es\/wp-json\/wp\/v2\/types\/post"}],"author":[{"embeddable":true,"href":"https:\/\/interamerica.org\/es\/wp-json\/wp\/v2\/users\/3"}],"replies":[{"embeddable":true,"href":"https:\/\/interamerica.org\/es\/wp-json\/wp\/v2\/comments?post=103204"}],"version-history":[{"count":0,"href":"https:\/\/interamerica.org\/es\/wp-json\/wp\/v2\/posts\/103204\/revisions"}],"wp:featuredmedia":[{"embeddable":true,"href":"https:\/\/interamerica.org\/es\/wp-json\/wp\/v2\/media\/103176"}],"wp:attachment":[{"href":"https:\/\/interamerica.org\/es\/wp-json\/wp\/v2\/media?parent=103204"}],"wp:term":[{"taxonomy":"category","embeddable":true,"href":"https:\/\/interamerica.org\/es\/wp-json\/wp\/v2\/categories?post=103204"},{"taxonomy":"post_tag","embeddable":true,"href":"https:\/\/interamerica.org\/es\/wp-json\/wp\/v2\/tags?post=103204"}],"curies":[{"name":"wp","href":"https:\/\/api.w.org\/{rel}","templated":true}]}}