{"id":103226,"date":"2023-09-11T18:15:30","date_gmt":"2023-09-11T22:15:30","guid":{"rendered":"https:\/\/interamerica.org\/?p=103226"},"modified":"2023-09-15T14:31:01","modified_gmt":"2023-09-15T18:31:01","slug":"perseverancia","status":"publish","type":"post","link":"https:\/\/interamerica.org\/es\/2023\/09\/perseverancia\/","title":{"rendered":"Perseverancia"},"content":{"rendered":"<h4><em>Secretario Ejecutivo de la DIA el pastor Leonard Johnson comparte nuggets de liderazgo para l\u00edderes de la iglesia en el territorio.<\/em><\/h4>\n<p>11 de septiembre del 2023\u00a0 | Miami, Florida, United States | Leonard Johnson, secretario ejecutivo, Divisi\u00f3n Interamericana<\/p>\n<p>En 2021, el Diccionario de Cambridge escogi\u00f3 perseverancia como la palabra del a\u00f1o. Acaso te preguntes, \u00bfqu\u00e9 es perseverancia? Perseverancia. Es esa tenacidad, esa firmeza, ese aferrarse a un blanco u objetivo con tanta determinaci\u00f3n que no te rindes.<\/p>\n<p>Es ese preciso esp\u00edritu y disposici\u00f3n que encuentro en una historia del Evangelio de Marcos, cap\u00edtulo 2. Es la historia del paral\u00edtico o lisiado llevado por sus cuatro amigos.<\/p>\n<p>La Biblia nos dice, leo aqu\u00ed, comenzando en el vers\u00edculo 1 de Marcos cap\u00edtulo 2: \u201cDespu\u00e9s de algunos d\u00edas, Jes\u00fas entr\u00f3 otra vez en Caperna\u00fam. Cuando se supo que estaba en casa, inmediatamente se juntaron muchos, de manera que ya no cab\u00edan ni aun a la puerta; y les predicaba la palabra\u201d. \u00bfPuedes imaginarlo? El lugar est\u00e1 atestado, y es all\u00ed que vemos al paral\u00edtico que es llevado por sus cuatro amigos.<\/p>\n<p>Llegan ahora a la puerta, pero como dice la Biblia, no hab\u00eda nada de lugar. \u00bfQu\u00e9 hacen? La persistencia, la perseverancia les impide volver a casa o renunciar a la esperanza. No renuncian a su blanco u objetivo. Contin\u00faan perseverando y persistiendo. Y eso es exactamente lo que hicieron cuando no encontraron lugar.<\/p>\n<p>La Biblia nos dice que subieron al techo y quitaron parte de \u00e9l, y por all\u00ed bajaron a su amigo. Les digo hoy que no importa la situaci\u00f3n, o que parezca desalentadora. O sin esperanza. Pero cuando Jes\u00fas ingresa en escena, se siente esperanza. Pero la parte que nos toca es la de ser perseverantes. De ser persistentes y no darnos por vencidos. De no renunciar a nuestra fe. Como dijo alguien, \u201cdudados de nuestras dudas, pero jam\u00e1s de nuestro Dios.<\/p>\n<p>Que Dios los fortalezca para que nunca renuncien ni se den por vencidos. Porque recuerden que cuando la Biblia dice que no hab\u00eda m\u00e1s lugar, esa no fue una declaraci\u00f3n permanente. Fue simplemente una declaraci\u00f3n moment\u00e1nea. Porque como ver\u00e1n m\u00e1s adelante en la historia, Roma fue creada y ese hombre sanado gracias a la persistencia de sus amigos y de s\u00ed mismo.<\/p>\n<p>Que Dios les d\u00e9 ese esp\u00edritu de valor y persistencia, hoy y siempre.<\/p>\n<p><iframe title=\"Perseverancia | Pastor Leonard Johnson\" width=\"500\" height=\"281\" src=\"https:\/\/www.youtube.com\/embed\/kd1TCXEf1S0?feature=oembed\" frameborder=\"0\" allow=\"accelerometer; autoplay; clipboard-write; encrypted-media; gyroscope; picture-in-picture; web-share\" referrerpolicy=\"strict-origin-when-cross-origin\" allowfullscreen><\/iframe><\/p>\n","protected":false},"excerpt":{"rendered":"<p>Secretario Ejecutivo de la DIA el pastor Leonard Johnson comparte nuggets de liderazgo para l\u00edderes de la iglesia en el territorio. 11 de septiembre del 2023\u00a0 | Miami, Florida, United&#8230;<\/p>\n","protected":false},"author":3,"featured_media":103239,"comment_status":"closed","ping_status":"closed","sticky":false,"template":"","format":"standard","meta":{"_acf_changed":false,"footnotes":""},"categories":[16,15],"tags":[],"class_list":["post-103226","post","type-post","status-publish","format-standard","has-post-thumbnail","hentry","category-desde-la-sede","category-rss-espanol"],"acf":[],"yoast_head":"<!-- This site is optimized with the Yoast SEO plugin v27.3 - https:\/\/yoast.com\/product\/yoast-seo-wordpress\/ -->\n<title>Perseverancia - Iglesia Adventista del S\u00e9ptimo D\u00eda - Divisi\u00f3n Interamericana<\/title>\n<meta name=\"robots\" content=\"index, follow, max-snippet:-1, max-image-preview:large, max-video-preview:-1\" \/>\n<link rel=\"canonical\" href=\"https:\/\/interamerica.org\/es\/2023\/09\/perseverancia\/\" \/>\n<meta property=\"og:locale\" content=\"es_ES\" \/>\n<meta property=\"og:type\" content=\"article\" \/>\n<meta property=\"og:title\" content=\"Perseverancia - Iglesia Adventista del S\u00e9ptimo D\u00eda - Divisi\u00f3n Interamericana\" \/>\n<meta property=\"og:description\" content=\"Secretario Ejecutivo de la DIA el pastor Leonard Johnson comparte nuggets de liderazgo para l\u00edderes de la iglesia en el territorio. 11 de septiembre del 2023\u00a0 | Miami, Florida, United...\" \/>\n<meta property=\"og:url\" content=\"https:\/\/interamerica.org\/es\/2023\/09\/perseverancia\/\" \/>\n<meta property=\"og:site_name\" content=\"Iglesia Adventista del S\u00e9ptimo D\u00eda - Divisi\u00f3n Interamericana\" \/>\n<meta property=\"article:published_time\" content=\"2023-09-11T22:15:30+00:00\" \/>\n<meta property=\"article:modified_time\" content=\"2023-09-15T18:31:01+00:00\" \/>\n<meta property=\"og:image\" content=\"https:\/\/interamerica.org\/wp-content\/uploads\/2023\/09\/leonard-johnson-perseverance.jpg\" \/>\n\t<meta property=\"og:image:width\" content=\"1280\" \/>\n\t<meta property=\"og:image:height\" content=\"800\" \/>\n\t<meta property=\"og:image:type\" content=\"image\/jpeg\" \/>\n<meta name=\"author\" content=\"libna\" \/>\n<meta name=\"twitter:card\" content=\"summary_large_image\" \/>\n<meta name=\"twitter:label1\" content=\"Escrito por\" \/>\n\t<meta name=\"twitter:data1\" content=\"libna\" \/>\n\t<meta name=\"twitter:label2\" content=\"Tiempo de lectura\" \/>\n\t<meta name=\"twitter:data2\" content=\"2 minutos\" \/>\n<script type=\"application\/ld+json\" class=\"yoast-schema-graph\">{\"@context\":\"https:\\\/\\\/schema.org\",\"@graph\":[{\"@type\":\"Article\",\"@id\":\"https:\\\/\\\/interamerica.org\\\/es\\\/2023\\\/09\\\/perseverancia\\\/#article\",\"isPartOf\":{\"@id\":\"https:\\\/\\\/interamerica.org\\\/es\\\/2023\\\/09\\\/perseverancia\\\/\"},\"author\":{\"name\":\"libna\",\"@id\":\"https:\\\/\\\/interamerica.org\\\/es\\\/#\\\/schema\\\/person\\\/29998f2bc2d8bd0d38662909289b54f1\"},\"headline\":\"Perseverancia\",\"datePublished\":\"2023-09-11T22:15:30+00:00\",\"dateModified\":\"2023-09-15T18:31:01+00:00\",\"mainEntityOfPage\":{\"@id\":\"https:\\\/\\\/interamerica.org\\\/es\\\/2023\\\/09\\\/perseverancia\\\/\"},\"wordCount\":418,\"image\":{\"@id\":\"https:\\\/\\\/interamerica.org\\\/es\\\/2023\\\/09\\\/perseverancia\\\/#primaryimage\"},\"thumbnailUrl\":\"https:\\\/\\\/interamerica.org\\\/wp-content\\\/uploads\\\/2023\\\/09\\\/leonard-johnson-perseverance.jpg\",\"articleSection\":[\"Desde la sede\",\"RSS Espa\u00f1ol\"],\"inLanguage\":\"es\"},{\"@type\":\"WebPage\",\"@id\":\"https:\\\/\\\/interamerica.org\\\/es\\\/2023\\\/09\\\/perseverancia\\\/\",\"url\":\"https:\\\/\\\/interamerica.org\\\/es\\\/2023\\\/09\\\/perseverancia\\\/\",\"name\":\"Perseverancia - Iglesia Adventista del S\u00e9ptimo D\u00eda - Divisi\u00f3n Interamericana\",\"isPartOf\":{\"@id\":\"https:\\\/\\\/interamerica.org\\\/es\\\/#website\"},\"primaryImageOfPage\":{\"@id\":\"https:\\\/\\\/interamerica.org\\\/es\\\/2023\\\/09\\\/perseverancia\\\/#primaryimage\"},\"image\":{\"@id\":\"https:\\\/\\\/interamerica.org\\\/es\\\/2023\\\/09\\\/perseverancia\\\/#primaryimage\"},\"thumbnailUrl\":\"https:\\\/\\\/interamerica.org\\\/wp-content\\\/uploads\\\/2023\\\/09\\\/leonard-johnson-perseverance.jpg\",\"datePublished\":\"2023-09-11T22:15:30+00:00\",\"dateModified\":\"2023-09-15T18:31:01+00:00\",\"author\":{\"@id\":\"https:\\\/\\\/interamerica.org\\\/es\\\/#\\\/schema\\\/person\\\/29998f2bc2d8bd0d38662909289b54f1\"},\"breadcrumb\":{\"@id\":\"https:\\\/\\\/interamerica.org\\\/es\\\/2023\\\/09\\\/perseverancia\\\/#breadcrumb\"},\"inLanguage\":\"es\",\"potentialAction\":[{\"@type\":\"ReadAction\",\"target\":[\"https:\\\/\\\/interamerica.org\\\/es\\\/2023\\\/09\\\/perseverancia\\\/\"]}]},{\"@type\":\"ImageObject\",\"inLanguage\":\"es\",\"@id\":\"https:\\\/\\\/interamerica.org\\\/es\\\/2023\\\/09\\\/perseverancia\\\/#primaryimage\",\"url\":\"https:\\\/\\\/interamerica.org\\\/wp-content\\\/uploads\\\/2023\\\/09\\\/leonard-johnson-perseverance.jpg\",\"contentUrl\":\"https:\\\/\\\/interamerica.org\\\/wp-content\\\/uploads\\\/2023\\\/09\\\/leonard-johnson-perseverance.jpg\",\"width\":1280,\"height\":800},{\"@type\":\"BreadcrumbList\",\"@id\":\"https:\\\/\\\/interamerica.org\\\/es\\\/2023\\\/09\\\/perseverancia\\\/#breadcrumb\",\"itemListElement\":[{\"@type\":\"ListItem\",\"position\":1,\"name\":\"Home\",\"item\":\"https:\\\/\\\/interamerica.org\\\/es\\\/\"},{\"@type\":\"ListItem\",\"position\":2,\"name\":\"Perseverancia\"}]},{\"@type\":\"WebSite\",\"@id\":\"https:\\\/\\\/interamerica.org\\\/es\\\/#website\",\"url\":\"https:\\\/\\\/interamerica.org\\\/es\\\/\",\"name\":\"Iglesia Adventista del S\u00e9ptimo D\u00eda - Divisi\u00f3n Interamericana\",\"description\":\"\",\"potentialAction\":[{\"@type\":\"SearchAction\",\"target\":{\"@type\":\"EntryPoint\",\"urlTemplate\":\"https:\\\/\\\/interamerica.org\\\/es\\\/?s={search_term_string}\"},\"query-input\":{\"@type\":\"PropertyValueSpecification\",\"valueRequired\":true,\"valueName\":\"search_term_string\"}}],\"inLanguage\":\"es\"},{\"@type\":\"Person\",\"@id\":\"https:\\\/\\\/interamerica.org\\\/es\\\/#\\\/schema\\\/person\\\/29998f2bc2d8bd0d38662909289b54f1\",\"name\":\"libna\",\"image\":{\"@type\":\"ImageObject\",\"inLanguage\":\"es\",\"@id\":\"https:\\\/\\\/secure.gravatar.com\\\/avatar\\\/7c5bd30ae4b47a9ba3c856590957fd1d96dc588bf3ac05719d247e126840331f?s=96&d=mm&r=g\",\"url\":\"https:\\\/\\\/secure.gravatar.com\\\/avatar\\\/7c5bd30ae4b47a9ba3c856590957fd1d96dc588bf3ac05719d247e126840331f?s=96&d=mm&r=g\",\"contentUrl\":\"https:\\\/\\\/secure.gravatar.com\\\/avatar\\\/7c5bd30ae4b47a9ba3c856590957fd1d96dc588bf3ac05719d247e126840331f?s=96&d=mm&r=g\",\"caption\":\"libna\"}}]}<\/script>\n<!-- \/ Yoast SEO plugin. -->","yoast_head_json":{"title":"Perseverancia - Iglesia Adventista del S\u00e9ptimo D\u00eda - Divisi\u00f3n Interamericana","robots":{"index":"index","follow":"follow","max-snippet":"max-snippet:-1","max-image-preview":"max-image-preview:large","max-video-preview":"max-video-preview:-1"},"canonical":"https:\/\/interamerica.org\/es\/2023\/09\/perseverancia\/","og_locale":"es_ES","og_type":"article","og_title":"Perseverancia - Iglesia Adventista del S\u00e9ptimo D\u00eda - Divisi\u00f3n Interamericana","og_description":"Secretario Ejecutivo de la DIA el pastor Leonard Johnson comparte nuggets de liderazgo para l\u00edderes de la iglesia en el territorio. 11 de septiembre del 2023\u00a0 | Miami, Florida, United...","og_url":"https:\/\/interamerica.org\/es\/2023\/09\/perseverancia\/","og_site_name":"Iglesia Adventista del S\u00e9ptimo D\u00eda - Divisi\u00f3n Interamericana","article_published_time":"2023-09-11T22:15:30+00:00","article_modified_time":"2023-09-15T18:31:01+00:00","og_image":[{"width":1280,"height":800,"url":"https:\/\/interamerica.org\/wp-content\/uploads\/2023\/09\/leonard-johnson-perseverance.jpg","type":"image\/jpeg"}],"author":"libna","twitter_card":"summary_large_image","twitter_misc":{"Escrito por":"libna","Tiempo de lectura":"2 minutos"},"schema":{"@context":"https:\/\/schema.org","@graph":[{"@type":"Article","@id":"https:\/\/interamerica.org\/es\/2023\/09\/perseverancia\/#article","isPartOf":{"@id":"https:\/\/interamerica.org\/es\/2023\/09\/perseverancia\/"},"author":{"name":"libna","@id":"https:\/\/interamerica.org\/es\/#\/schema\/person\/29998f2bc2d8bd0d38662909289b54f1"},"headline":"Perseverancia","datePublished":"2023-09-11T22:15:30+00:00","dateModified":"2023-09-15T18:31:01+00:00","mainEntityOfPage":{"@id":"https:\/\/interamerica.org\/es\/2023\/09\/perseverancia\/"},"wordCount":418,"image":{"@id":"https:\/\/interamerica.org\/es\/2023\/09\/perseverancia\/#primaryimage"},"thumbnailUrl":"https:\/\/interamerica.org\/wp-content\/uploads\/2023\/09\/leonard-johnson-perseverance.jpg","articleSection":["Desde la sede","RSS Espa\u00f1ol"],"inLanguage":"es"},{"@type":"WebPage","@id":"https:\/\/interamerica.org\/es\/2023\/09\/perseverancia\/","url":"https:\/\/interamerica.org\/es\/2023\/09\/perseverancia\/","name":"Perseverancia - Iglesia Adventista del S\u00e9ptimo D\u00eda - Divisi\u00f3n Interamericana","isPartOf":{"@id":"https:\/\/interamerica.org\/es\/#website"},"primaryImageOfPage":{"@id":"https:\/\/interamerica.org\/es\/2023\/09\/perseverancia\/#primaryimage"},"image":{"@id":"https:\/\/interamerica.org\/es\/2023\/09\/perseverancia\/#primaryimage"},"thumbnailUrl":"https:\/\/interamerica.org\/wp-content\/uploads\/2023\/09\/leonard-johnson-perseverance.jpg","datePublished":"2023-09-11T22:15:30+00:00","dateModified":"2023-09-15T18:31:01+00:00","author":{"@id":"https:\/\/interamerica.org\/es\/#\/schema\/person\/29998f2bc2d8bd0d38662909289b54f1"},"breadcrumb":{"@id":"https:\/\/interamerica.org\/es\/2023\/09\/perseverancia\/#breadcrumb"},"inLanguage":"es","potentialAction":[{"@type":"ReadAction","target":["https:\/\/interamerica.org\/es\/2023\/09\/perseverancia\/"]}]},{"@type":"ImageObject","inLanguage":"es","@id":"https:\/\/interamerica.org\/es\/2023\/09\/perseverancia\/#primaryimage","url":"https:\/\/interamerica.org\/wp-content\/uploads\/2023\/09\/leonard-johnson-perseverance.jpg","contentUrl":"https:\/\/interamerica.org\/wp-content\/uploads\/2023\/09\/leonard-johnson-perseverance.jpg","width":1280,"height":800},{"@type":"BreadcrumbList","@id":"https:\/\/interamerica.org\/es\/2023\/09\/perseverancia\/#breadcrumb","itemListElement":[{"@type":"ListItem","position":1,"name":"Home","item":"https:\/\/interamerica.org\/es\/"},{"@type":"ListItem","position":2,"name":"Perseverancia"}]},{"@type":"WebSite","@id":"https:\/\/interamerica.org\/es\/#website","url":"https:\/\/interamerica.org\/es\/","name":"Iglesia Adventista del S\u00e9ptimo D\u00eda - Divisi\u00f3n Interamericana","description":"","potentialAction":[{"@type":"SearchAction","target":{"@type":"EntryPoint","urlTemplate":"https:\/\/interamerica.org\/es\/?s={search_term_string}"},"query-input":{"@type":"PropertyValueSpecification","valueRequired":true,"valueName":"search_term_string"}}],"inLanguage":"es"},{"@type":"Person","@id":"https:\/\/interamerica.org\/es\/#\/schema\/person\/29998f2bc2d8bd0d38662909289b54f1","name":"libna","image":{"@type":"ImageObject","inLanguage":"es","@id":"https:\/\/secure.gravatar.com\/avatar\/7c5bd30ae4b47a9ba3c856590957fd1d96dc588bf3ac05719d247e126840331f?s=96&d=mm&r=g","url":"https:\/\/secure.gravatar.com\/avatar\/7c5bd30ae4b47a9ba3c856590957fd1d96dc588bf3ac05719d247e126840331f?s=96&d=mm&r=g","contentUrl":"https:\/\/secure.gravatar.com\/avatar\/7c5bd30ae4b47a9ba3c856590957fd1d96dc588bf3ac05719d247e126840331f?s=96&d=mm&r=g","caption":"libna"}}]}},"_links":{"self":[{"href":"https:\/\/interamerica.org\/es\/wp-json\/wp\/v2\/posts\/103226","targetHints":{"allow":["GET"]}}],"collection":[{"href":"https:\/\/interamerica.org\/es\/wp-json\/wp\/v2\/posts"}],"about":[{"href":"https:\/\/interamerica.org\/es\/wp-json\/wp\/v2\/types\/post"}],"author":[{"embeddable":true,"href":"https:\/\/interamerica.org\/es\/wp-json\/wp\/v2\/users\/3"}],"replies":[{"embeddable":true,"href":"https:\/\/interamerica.org\/es\/wp-json\/wp\/v2\/comments?post=103226"}],"version-history":[{"count":0,"href":"https:\/\/interamerica.org\/es\/wp-json\/wp\/v2\/posts\/103226\/revisions"}],"wp:featuredmedia":[{"embeddable":true,"href":"https:\/\/interamerica.org\/es\/wp-json\/wp\/v2\/media\/103239"}],"wp:attachment":[{"href":"https:\/\/interamerica.org\/es\/wp-json\/wp\/v2\/media?parent=103226"}],"wp:term":[{"taxonomy":"category","embeddable":true,"href":"https:\/\/interamerica.org\/es\/wp-json\/wp\/v2\/categories?post=103226"},{"taxonomy":"post_tag","embeddable":true,"href":"https:\/\/interamerica.org\/es\/wp-json\/wp\/v2\/tags?post=103226"}],"curies":[{"name":"wp","href":"https:\/\/api.w.org\/{rel}","templated":true}]}}