{"id":10330,"date":"2004-07-05T00:00:00","date_gmt":"2004-07-05T04:00:00","guid":{"rendered":"http:\/\/192.81.217.108\/interamerica\/2004\/07\/comedor-universitario-de-instivoc-bajo-nueva-administracion\/"},"modified":"2017-10-23T19:06:08","modified_gmt":"2017-10-23T23:06:08","slug":"comedor-universitario-de-instivoc-bajo-nueva-administracion","status":"publish","type":"post","link":"https:\/\/interamerica.org\/es\/2004\/07\/comedor-universitario-de-instivoc-bajo-nueva-administracion\/","title":{"rendered":"Comedor universitario de Instivoc bajo nueva administraci\u00f3n"},"content":{"rendered":"<p>Industrias Venepan<\/em>, sucursal de la IAHFC, establecida en el campus de la Universidad Adventista en Nirgua, Yaracuy, Venezuela, es la cuarta f\u00e1brica en ventas de la IAHFC hasta el mes de marzo del 2004. \u00a0Industrias Venepan<\/em> se destaca en la comunidad por producir panes integrales, leche de soya en polvo y prote\u00edna de soya texturizada.<\/p>\n<p>Juntamente con la actividad fabril, \u00a0Industrias Venepan<\/em> tambi\u00e9n administra y presta servicio a la comunidad a trav\u00e9s de una tienda universitaria y una loncher\u00eda.<\/p>\n<p>A solicitud de la Administraci\u00f3n de la escuela, fue tambi\u00e9n entregado a la gerencia de Industrias Venepan<\/em> el comedor universitario. \u00a0El edificio fue completamente remodelado, como tambi\u00e9n el equipo de cocina para prestar un mejor servicio a los alumnos de la escuela. El predio ahora tiene amplias ventanas de vidrio polarizado y permiten una visi\u00f3n panor\u00e1mica del jard\u00edn central de la escuela, mientras se desfruta de la excelente comida vegetariana proporcionada a diario en sus instalaciones.<\/p>\n","protected":false},"excerpt":{"rendered":"<p>A solicitud de la Administraci\u00f3n de la escuela, fue tambi\u00e9n entregado a la gerencia de Industrias Venepan el comedor universitario.<\/p>\n","protected":false},"author":1,"featured_media":0,"comment_status":"closed","ping_status":"closed","sticky":false,"template":"","format":"standard","meta":{"_acf_changed":false,"footnotes":""},"categories":[8],"tags":[],"class_list":["post-10330","post","type-post","status-publish","format-standard","hentry","category-archivo"],"acf":[],"yoast_head":"<!-- This site is optimized with the Yoast SEO plugin v27.3 - https:\/\/yoast.com\/product\/yoast-seo-wordpress\/ -->\n<title>Comedor universitario de Instivoc bajo nueva administraci\u00f3n - Iglesia Adventista del S\u00e9ptimo D\u00eda - Divisi\u00f3n Interamericana<\/title>\n<meta name=\"robots\" content=\"index, follow, max-snippet:-1, max-image-preview:large, max-video-preview:-1\" \/>\n<link rel=\"canonical\" href=\"https:\/\/interamerica.org\/es\/2004\/07\/comedor-universitario-de-instivoc-bajo-nueva-administracion\/\" \/>\n<meta property=\"og:locale\" content=\"es_ES\" \/>\n<meta property=\"og:type\" content=\"article\" \/>\n<meta property=\"og:title\" content=\"Comedor universitario de Instivoc bajo nueva administraci\u00f3n - Iglesia Adventista del S\u00e9ptimo D\u00eda - Divisi\u00f3n Interamericana\" \/>\n<meta property=\"og:description\" content=\"A solicitud de la Administraci\u00f3n de la escuela, fue tambi\u00e9n entregado a la gerencia de Industrias Venepan el comedor universitario.\" \/>\n<meta property=\"og:url\" content=\"https:\/\/interamerica.org\/es\/2004\/07\/comedor-universitario-de-instivoc-bajo-nueva-administracion\/\" \/>\n<meta property=\"og:site_name\" content=\"Iglesia Adventista del S\u00e9ptimo D\u00eda - Divisi\u00f3n Interamericana\" \/>\n<meta property=\"article:published_time\" content=\"2004-07-05T04:00:00+00:00\" \/>\n<meta property=\"article:modified_time\" content=\"2017-10-23T23:06:08+00:00\" \/>\n<meta name=\"author\" content=\"Lorenzo Verduzco\" \/>\n<meta name=\"twitter:card\" content=\"summary_large_image\" \/>\n<meta name=\"twitter:label1\" content=\"Escrito por\" \/>\n\t<meta name=\"twitter:data1\" content=\"Lorenzo Verduzco\" \/>\n\t<meta name=\"twitter:label2\" content=\"Tiempo de lectura\" \/>\n\t<meta name=\"twitter:data2\" content=\"1 minuto\" \/>\n<script type=\"application\/ld+json\" class=\"yoast-schema-graph\">{\"@context\":\"https:\\\/\\\/schema.org\",\"@graph\":[{\"@type\":\"Article\",\"@id\":\"https:\\\/\\\/interamerica.org\\\/es\\\/2004\\\/07\\\/comedor-universitario-de-instivoc-bajo-nueva-administracion\\\/#article\",\"isPartOf\":{\"@id\":\"https:\\\/\\\/interamerica.org\\\/es\\\/2004\\\/07\\\/comedor-universitario-de-instivoc-bajo-nueva-administracion\\\/\"},\"author\":{\"name\":\"Lorenzo Verduzco\",\"@id\":\"https:\\\/\\\/interamerica.org\\\/es\\\/#\\\/schema\\\/person\\\/68ede8bdc292885bb76c1e3810e73c39\"},\"headline\":\"Comedor universitario de Instivoc bajo nueva administraci\u00f3n\",\"datePublished\":\"2004-07-05T04:00:00+00:00\",\"dateModified\":\"2017-10-23T23:06:08+00:00\",\"mainEntityOfPage\":{\"@id\":\"https:\\\/\\\/interamerica.org\\\/es\\\/2004\\\/07\\\/comedor-universitario-de-instivoc-bajo-nueva-administracion\\\/\"},\"wordCount\":173,\"articleSection\":[\"Archivo\"],\"inLanguage\":\"es\"},{\"@type\":\"WebPage\",\"@id\":\"https:\\\/\\\/interamerica.org\\\/es\\\/2004\\\/07\\\/comedor-universitario-de-instivoc-bajo-nueva-administracion\\\/\",\"url\":\"https:\\\/\\\/interamerica.org\\\/es\\\/2004\\\/07\\\/comedor-universitario-de-instivoc-bajo-nueva-administracion\\\/\",\"name\":\"Comedor universitario de Instivoc bajo nueva administraci\u00f3n - Iglesia Adventista del S\u00e9ptimo D\u00eda - Divisi\u00f3n Interamericana\",\"isPartOf\":{\"@id\":\"https:\\\/\\\/interamerica.org\\\/es\\\/#website\"},\"datePublished\":\"2004-07-05T04:00:00+00:00\",\"dateModified\":\"2017-10-23T23:06:08+00:00\",\"author\":{\"@id\":\"https:\\\/\\\/interamerica.org\\\/es\\\/#\\\/schema\\\/person\\\/68ede8bdc292885bb76c1e3810e73c39\"},\"breadcrumb\":{\"@id\":\"https:\\\/\\\/interamerica.org\\\/es\\\/2004\\\/07\\\/comedor-universitario-de-instivoc-bajo-nueva-administracion\\\/#breadcrumb\"},\"inLanguage\":\"es\",\"potentialAction\":[{\"@type\":\"ReadAction\",\"target\":[\"https:\\\/\\\/interamerica.org\\\/es\\\/2004\\\/07\\\/comedor-universitario-de-instivoc-bajo-nueva-administracion\\\/\"]}]},{\"@type\":\"BreadcrumbList\",\"@id\":\"https:\\\/\\\/interamerica.org\\\/es\\\/2004\\\/07\\\/comedor-universitario-de-instivoc-bajo-nueva-administracion\\\/#breadcrumb\",\"itemListElement\":[{\"@type\":\"ListItem\",\"position\":1,\"name\":\"Home\",\"item\":\"https:\\\/\\\/interamerica.org\\\/es\\\/\"},{\"@type\":\"ListItem\",\"position\":2,\"name\":\"Comedor universitario de Instivoc bajo nueva administraci\u00f3n\"}]},{\"@type\":\"WebSite\",\"@id\":\"https:\\\/\\\/interamerica.org\\\/es\\\/#website\",\"url\":\"https:\\\/\\\/interamerica.org\\\/es\\\/\",\"name\":\"Iglesia Adventista del S\u00e9ptimo D\u00eda - Divisi\u00f3n Interamericana\",\"description\":\"\",\"potentialAction\":[{\"@type\":\"SearchAction\",\"target\":{\"@type\":\"EntryPoint\",\"urlTemplate\":\"https:\\\/\\\/interamerica.org\\\/es\\\/?s={search_term_string}\"},\"query-input\":{\"@type\":\"PropertyValueSpecification\",\"valueRequired\":true,\"valueName\":\"search_term_string\"}}],\"inLanguage\":\"es\"},{\"@type\":\"Person\",\"@id\":\"https:\\\/\\\/interamerica.org\\\/es\\\/#\\\/schema\\\/person\\\/68ede8bdc292885bb76c1e3810e73c39\",\"name\":\"Lorenzo Verduzco\",\"image\":{\"@type\":\"ImageObject\",\"inLanguage\":\"es\",\"@id\":\"https:\\\/\\\/secure.gravatar.com\\\/avatar\\\/fb81a55b6218459490a9c1dc841a34909185b81904c5337b4b27f7a6fd60c49e?s=96&d=mm&r=g\",\"url\":\"https:\\\/\\\/secure.gravatar.com\\\/avatar\\\/fb81a55b6218459490a9c1dc841a34909185b81904c5337b4b27f7a6fd60c49e?s=96&d=mm&r=g\",\"contentUrl\":\"https:\\\/\\\/secure.gravatar.com\\\/avatar\\\/fb81a55b6218459490a9c1dc841a34909185b81904c5337b4b27f7a6fd60c49e?s=96&d=mm&r=g\",\"caption\":\"Lorenzo Verduzco\"}}]}<\/script>\n<!-- \/ Yoast SEO plugin. -->","yoast_head_json":{"title":"Comedor universitario de Instivoc bajo nueva administraci\u00f3n - Iglesia Adventista del S\u00e9ptimo D\u00eda - Divisi\u00f3n Interamericana","robots":{"index":"index","follow":"follow","max-snippet":"max-snippet:-1","max-image-preview":"max-image-preview:large","max-video-preview":"max-video-preview:-1"},"canonical":"https:\/\/interamerica.org\/es\/2004\/07\/comedor-universitario-de-instivoc-bajo-nueva-administracion\/","og_locale":"es_ES","og_type":"article","og_title":"Comedor universitario de Instivoc bajo nueva administraci\u00f3n - Iglesia Adventista del S\u00e9ptimo D\u00eda - Divisi\u00f3n Interamericana","og_description":"A solicitud de la Administraci\u00f3n de la escuela, fue tambi\u00e9n entregado a la gerencia de Industrias Venepan el comedor universitario.","og_url":"https:\/\/interamerica.org\/es\/2004\/07\/comedor-universitario-de-instivoc-bajo-nueva-administracion\/","og_site_name":"Iglesia Adventista del S\u00e9ptimo D\u00eda - Divisi\u00f3n Interamericana","article_published_time":"2004-07-05T04:00:00+00:00","article_modified_time":"2017-10-23T23:06:08+00:00","author":"Lorenzo Verduzco","twitter_card":"summary_large_image","twitter_misc":{"Escrito por":"Lorenzo Verduzco","Tiempo de lectura":"1 minuto"},"schema":{"@context":"https:\/\/schema.org","@graph":[{"@type":"Article","@id":"https:\/\/interamerica.org\/es\/2004\/07\/comedor-universitario-de-instivoc-bajo-nueva-administracion\/#article","isPartOf":{"@id":"https:\/\/interamerica.org\/es\/2004\/07\/comedor-universitario-de-instivoc-bajo-nueva-administracion\/"},"author":{"name":"Lorenzo Verduzco","@id":"https:\/\/interamerica.org\/es\/#\/schema\/person\/68ede8bdc292885bb76c1e3810e73c39"},"headline":"Comedor universitario de Instivoc bajo nueva administraci\u00f3n","datePublished":"2004-07-05T04:00:00+00:00","dateModified":"2017-10-23T23:06:08+00:00","mainEntityOfPage":{"@id":"https:\/\/interamerica.org\/es\/2004\/07\/comedor-universitario-de-instivoc-bajo-nueva-administracion\/"},"wordCount":173,"articleSection":["Archivo"],"inLanguage":"es"},{"@type":"WebPage","@id":"https:\/\/interamerica.org\/es\/2004\/07\/comedor-universitario-de-instivoc-bajo-nueva-administracion\/","url":"https:\/\/interamerica.org\/es\/2004\/07\/comedor-universitario-de-instivoc-bajo-nueva-administracion\/","name":"Comedor universitario de Instivoc bajo nueva administraci\u00f3n - Iglesia Adventista del S\u00e9ptimo D\u00eda - Divisi\u00f3n Interamericana","isPartOf":{"@id":"https:\/\/interamerica.org\/es\/#website"},"datePublished":"2004-07-05T04:00:00+00:00","dateModified":"2017-10-23T23:06:08+00:00","author":{"@id":"https:\/\/interamerica.org\/es\/#\/schema\/person\/68ede8bdc292885bb76c1e3810e73c39"},"breadcrumb":{"@id":"https:\/\/interamerica.org\/es\/2004\/07\/comedor-universitario-de-instivoc-bajo-nueva-administracion\/#breadcrumb"},"inLanguage":"es","potentialAction":[{"@type":"ReadAction","target":["https:\/\/interamerica.org\/es\/2004\/07\/comedor-universitario-de-instivoc-bajo-nueva-administracion\/"]}]},{"@type":"BreadcrumbList","@id":"https:\/\/interamerica.org\/es\/2004\/07\/comedor-universitario-de-instivoc-bajo-nueva-administracion\/#breadcrumb","itemListElement":[{"@type":"ListItem","position":1,"name":"Home","item":"https:\/\/interamerica.org\/es\/"},{"@type":"ListItem","position":2,"name":"Comedor universitario de Instivoc bajo nueva administraci\u00f3n"}]},{"@type":"WebSite","@id":"https:\/\/interamerica.org\/es\/#website","url":"https:\/\/interamerica.org\/es\/","name":"Iglesia Adventista del S\u00e9ptimo D\u00eda - Divisi\u00f3n Interamericana","description":"","potentialAction":[{"@type":"SearchAction","target":{"@type":"EntryPoint","urlTemplate":"https:\/\/interamerica.org\/es\/?s={search_term_string}"},"query-input":{"@type":"PropertyValueSpecification","valueRequired":true,"valueName":"search_term_string"}}],"inLanguage":"es"},{"@type":"Person","@id":"https:\/\/interamerica.org\/es\/#\/schema\/person\/68ede8bdc292885bb76c1e3810e73c39","name":"Lorenzo Verduzco","image":{"@type":"ImageObject","inLanguage":"es","@id":"https:\/\/secure.gravatar.com\/avatar\/fb81a55b6218459490a9c1dc841a34909185b81904c5337b4b27f7a6fd60c49e?s=96&d=mm&r=g","url":"https:\/\/secure.gravatar.com\/avatar\/fb81a55b6218459490a9c1dc841a34909185b81904c5337b4b27f7a6fd60c49e?s=96&d=mm&r=g","contentUrl":"https:\/\/secure.gravatar.com\/avatar\/fb81a55b6218459490a9c1dc841a34909185b81904c5337b4b27f7a6fd60c49e?s=96&d=mm&r=g","caption":"Lorenzo Verduzco"}}]}},"_links":{"self":[{"href":"https:\/\/interamerica.org\/es\/wp-json\/wp\/v2\/posts\/10330","targetHints":{"allow":["GET"]}}],"collection":[{"href":"https:\/\/interamerica.org\/es\/wp-json\/wp\/v2\/posts"}],"about":[{"href":"https:\/\/interamerica.org\/es\/wp-json\/wp\/v2\/types\/post"}],"author":[{"embeddable":true,"href":"https:\/\/interamerica.org\/es\/wp-json\/wp\/v2\/users\/1"}],"replies":[{"embeddable":true,"href":"https:\/\/interamerica.org\/es\/wp-json\/wp\/v2\/comments?post=10330"}],"version-history":[{"count":0,"href":"https:\/\/interamerica.org\/es\/wp-json\/wp\/v2\/posts\/10330\/revisions"}],"wp:attachment":[{"href":"https:\/\/interamerica.org\/es\/wp-json\/wp\/v2\/media?parent=10330"}],"wp:term":[{"taxonomy":"category","embeddable":true,"href":"https:\/\/interamerica.org\/es\/wp-json\/wp\/v2\/categories?post=10330"},{"taxonomy":"post_tag","embeddable":true,"href":"https:\/\/interamerica.org\/es\/wp-json\/wp\/v2\/tags?post=10330"}],"curies":[{"name":"wp","href":"https:\/\/api.w.org\/{rel}","templated":true}]}}