{"id":103419,"date":"2023-09-15T09:01:26","date_gmt":"2023-09-15T13:01:26","guid":{"rendered":"https:\/\/interamerica.org\/?p=103419"},"modified":"2023-09-15T13:09:57","modified_gmt":"2023-09-15T17:09:57","slug":"interamerica-llevara-a-cabo-concilio-en-linea-de-diaconos-y-diaconisas-el-23-de-septiembre","status":"publish","type":"post","link":"https:\/\/interamerica.org\/es\/2023\/09\/interamerica-llevara-a-cabo-concilio-en-linea-de-diaconos-y-diaconisas-el-23-de-septiembre\/","title":{"rendered":"Interam\u00e9rica llevar\u00e1 a cabo Concilio en L\u00ednea de Di\u00e1conos y Diaconisas el 23 de septiembre"},"content":{"rendered":"<p>a15 de septiembre de 2023 | Miami, Florida, Estados Unidos | Libna Stevens, Noticias de la Divisi\u00f3n Interamericana<\/p>\n<p>Los di\u00e1conos y diaconisas de todas las iglesias adventistas del s\u00e9ptimo d\u00eda en el territorio de la Divisi\u00f3n Interamericana participar\u00e1n de un programa en l\u00ednea el pr\u00f3ximo 23 de septiembre de 2023. El evento llegar\u00e1 a ser el primero de la Asociaci\u00f3n Ministerial en convertirse en un punto de lanzamiento para destacar y apreciar formalmente la obra de miles de di\u00e1conos y diaconisas.<\/p>\n<p>\u201cHemos estado queriendo llevar a cabo un evento en persona en todo el territorio durante m\u00e1s de cuatro a\u00f1os desde que la Asociaci\u00f3n General coloc\u00f3 el ministerio de los di\u00e1conos y diaconisas bajo la supervisi\u00f3n de la Asociaci\u00f3n Ministerial en el territorio de cada divisi\u00f3n hace poco m\u00e1s de seis a\u00f1os\u201d dijo el pastor Josney Rodr\u00edguez, secretario de la asociaci\u00f3n ministerial de la Divisi\u00f3n Interamericana y principal organizador del evento. El plan era reunirse en un lugar f\u00edsico pero, debido a algunos desaf\u00edos, los l\u00edderes de la iglesia reunir\u00e1n a los di\u00e1conos y diaconisas de la regi\u00f3n para que participen del evento en l\u00ednea, expres\u00f3.<\/p>\n<p><div id=\"attachment_103413\" style=\"width: 624px\" class=\"wp-caption aligncenter\"><img fetchpriority=\"high\" decoding=\"async\" aria-describedby=\"caption-attachment-103413\" class=\" wp-image-103413\" src=\"https:\/\/interamerica.org\/wp-content\/uploads\/2023\/09\/concilio-diaconos-espanol-post.jpg\" alt=\"\" width=\"614\" height=\"768\" srcset=\"https:\/\/interamerica.org\/wp-content\/uploads\/2023\/09\/concilio-diaconos-espanol-post.jpg 700w, https:\/\/interamerica.org\/wp-content\/uploads\/2023\/09\/concilio-diaconos-espanol-post-240x300.jpg 240w\" sizes=\"(max-width: 614px) 100vw, 614px\" \/><p id=\"caption-attachment-103413\" class=\"wp-caption-text\">[Imagen: Asociaci\u00f3n Ministerial de la Divisi\u00f3n Interamericana]<\/p><\/div>El programa de dos horas ser\u00e1 parte de una capacitaci\u00f3n para una certificaci\u00f3n oficial, la cual le seguir\u00e1 cada a\u00f1o en todo el territorio. La capacitaci\u00f3n destacar\u00e1 el ministerio y los deberes de los di\u00e1conos y diaconisas de la iglesia, dijo Rodr\u00edguez.<\/p>\n<p>\u201cLos di\u00e1conos y las diaconisas tienen la responsabilidad, junto con los ancianos de iglesia, de atender a la congregaci\u00f3n cada semana\u201d, dijo Rodr\u00edguez. Desafortunadamente, la mayor\u00eda de sus funciones han sido limitadas a saludar, ayudar en las Santas Cenas, juntar los diezmos y las ofrendas, y abrir y cerrar las iglesias, pero va mucho m\u00e1s all\u00e1 de eso, a\u00f1adi\u00f3.<\/p>\n<p>La tarea principal de cada di\u00e1cono y diaconisa es atender las necesidades f\u00edsicas y espirituales de la iglesia, explic\u00f3 Rodr\u00edguez, y \u201ceso es el elemento importante que queremos destacar\u201d. La funci\u00f3n pastoral de los di\u00e1conos y diaconisas es parte de \u201cla obra de antesala\u201d del anciano de iglesia. \u201cEs un ministerio fundamental y conjunto que sigue el modelo de Cristo del liderazgo, que incluye predicar, sanar y educar por medio del discipulado, junto a los ancianos y l\u00edderes de la iglesia\u201d.<\/p>\n<p>El evento del concilio en l\u00ednea incluir\u00e1 un segmento especial en el que se reconocer\u00e1 a m\u00e1s de noventa mil di\u00e1conos y diaconisas por su dedicado servicio en sus iglesias y campos locales. La iniciativa ser\u00e1 el marco de lanzamiento de una certificaci\u00f3n mediante una capacitaci\u00f3n m\u00e1s completa que se llevar\u00e1 a cabo en toda la Divisi\u00f3n Interamericana.<\/p>\n<p>El Concilio de Di\u00e1conos y Diaconisas de Interam\u00e9rica se ofrecer\u00e1 en ingl\u00e9s, espa\u00f1ol y franc\u00e9s el pr\u00f3ximo 23 de septiembre de 2023 a las 15:00, Hora de Miami, en <a href=\"https:\/\/www.youtube.com\/c\/InterAmericanDivision\">webcast.interamerica.org<\/a><\/p>\n<p>Traducci\u00f3n de Marcos Paseggi<\/p>\n","protected":false},"excerpt":{"rendered":"<p>a15 de septiembre de 2023 | Miami, Florida, Estados Unidos | Libna Stevens, Noticias de la Divisi\u00f3n Interamericana Los di\u00e1conos y diaconisas de todas las iglesias adventistas del s\u00e9ptimo d\u00eda&#8230;<\/p>\n","protected":false},"author":3,"featured_media":103407,"comment_status":"closed","ping_status":"closed","sticky":false,"template":"","format":"standard","meta":{"_acf_changed":false,"footnotes":""},"categories":[16,15],"tags":[],"class_list":["post-103419","post","type-post","status-publish","format-standard","has-post-thumbnail","hentry","category-desde-la-sede","category-rss-espanol"],"acf":[],"yoast_head":"<!-- This site is optimized with the Yoast SEO plugin v27.3 - https:\/\/yoast.com\/product\/yoast-seo-wordpress\/ -->\n<title>Interam\u00e9rica llevar\u00e1 a cabo Concilio en L\u00ednea de Di\u00e1conos y Diaconisas el 23 de septiembre - Iglesia Adventista del S\u00e9ptimo D\u00eda - Divisi\u00f3n Interamericana<\/title>\n<meta name=\"robots\" content=\"index, follow, max-snippet:-1, max-image-preview:large, max-video-preview:-1\" \/>\n<link rel=\"canonical\" href=\"https:\/\/interamerica.org\/es\/2023\/09\/interamerica-llevara-a-cabo-concilio-en-linea-de-diaconos-y-diaconisas-el-23-de-septiembre\/\" \/>\n<meta property=\"og:locale\" content=\"es_ES\" \/>\n<meta property=\"og:type\" content=\"article\" \/>\n<meta property=\"og:title\" content=\"Interam\u00e9rica llevar\u00e1 a cabo Concilio en L\u00ednea de Di\u00e1conos y Diaconisas el 23 de septiembre - Iglesia Adventista del S\u00e9ptimo D\u00eda - Divisi\u00f3n Interamericana\" \/>\n<meta property=\"og:description\" content=\"a15 de septiembre de 2023 | Miami, Florida, Estados Unidos | Libna Stevens, Noticias de la Divisi\u00f3n Interamericana Los di\u00e1conos y diaconisas de todas las iglesias adventistas del s\u00e9ptimo d\u00eda...\" \/>\n<meta property=\"og:url\" content=\"https:\/\/interamerica.org\/es\/2023\/09\/interamerica-llevara-a-cabo-concilio-en-linea-de-diaconos-y-diaconisas-el-23-de-septiembre\/\" \/>\n<meta property=\"og:site_name\" content=\"Iglesia Adventista del S\u00e9ptimo D\u00eda - Divisi\u00f3n Interamericana\" \/>\n<meta property=\"article:published_time\" content=\"2023-09-15T13:01:26+00:00\" \/>\n<meta property=\"article:modified_time\" content=\"2023-09-15T17:09:57+00:00\" \/>\n<meta property=\"og:image\" content=\"https:\/\/interamerica.org\/wp-content\/uploads\/2023\/09\/iad-deacon-council.jpg\" \/>\n\t<meta property=\"og:image:width\" content=\"1000\" \/>\n\t<meta property=\"og:image:height\" content=\"625\" \/>\n\t<meta property=\"og:image:type\" content=\"image\/jpeg\" \/>\n<meta name=\"author\" content=\"libna\" \/>\n<meta name=\"twitter:card\" content=\"summary_large_image\" \/>\n<meta name=\"twitter:label1\" content=\"Escrito por\" \/>\n\t<meta name=\"twitter:data1\" content=\"libna\" \/>\n\t<meta name=\"twitter:label2\" content=\"Tiempo de lectura\" \/>\n\t<meta name=\"twitter:data2\" content=\"3 minutos\" \/>\n<script type=\"application\/ld+json\" class=\"yoast-schema-graph\">{\"@context\":\"https:\\\/\\\/schema.org\",\"@graph\":[{\"@type\":\"Article\",\"@id\":\"https:\\\/\\\/interamerica.org\\\/es\\\/2023\\\/09\\\/interamerica-llevara-a-cabo-concilio-en-linea-de-diaconos-y-diaconisas-el-23-de-septiembre\\\/#article\",\"isPartOf\":{\"@id\":\"https:\\\/\\\/interamerica.org\\\/es\\\/2023\\\/09\\\/interamerica-llevara-a-cabo-concilio-en-linea-de-diaconos-y-diaconisas-el-23-de-septiembre\\\/\"},\"author\":{\"name\":\"libna\",\"@id\":\"https:\\\/\\\/interamerica.org\\\/es\\\/#\\\/schema\\\/person\\\/29998f2bc2d8bd0d38662909289b54f1\"},\"headline\":\"Interam\u00e9rica llevar\u00e1 a cabo Concilio en L\u00ednea de Di\u00e1conos y Diaconisas el 23 de septiembre\",\"datePublished\":\"2023-09-15T13:01:26+00:00\",\"dateModified\":\"2023-09-15T17:09:57+00:00\",\"mainEntityOfPage\":{\"@id\":\"https:\\\/\\\/interamerica.org\\\/es\\\/2023\\\/09\\\/interamerica-llevara-a-cabo-concilio-en-linea-de-diaconos-y-diaconisas-el-23-de-septiembre\\\/\"},\"wordCount\":548,\"image\":{\"@id\":\"https:\\\/\\\/interamerica.org\\\/es\\\/2023\\\/09\\\/interamerica-llevara-a-cabo-concilio-en-linea-de-diaconos-y-diaconisas-el-23-de-septiembre\\\/#primaryimage\"},\"thumbnailUrl\":\"https:\\\/\\\/interamerica.org\\\/wp-content\\\/uploads\\\/2023\\\/09\\\/iad-deacon-council.jpg\",\"articleSection\":[\"Desde la sede\",\"RSS Espa\u00f1ol\"],\"inLanguage\":\"es\"},{\"@type\":\"WebPage\",\"@id\":\"https:\\\/\\\/interamerica.org\\\/es\\\/2023\\\/09\\\/interamerica-llevara-a-cabo-concilio-en-linea-de-diaconos-y-diaconisas-el-23-de-septiembre\\\/\",\"url\":\"https:\\\/\\\/interamerica.org\\\/es\\\/2023\\\/09\\\/interamerica-llevara-a-cabo-concilio-en-linea-de-diaconos-y-diaconisas-el-23-de-septiembre\\\/\",\"name\":\"Interam\u00e9rica llevar\u00e1 a cabo Concilio en L\u00ednea de Di\u00e1conos y Diaconisas el 23 de septiembre - Iglesia Adventista del S\u00e9ptimo D\u00eda - Divisi\u00f3n Interamericana\",\"isPartOf\":{\"@id\":\"https:\\\/\\\/interamerica.org\\\/es\\\/#website\"},\"primaryImageOfPage\":{\"@id\":\"https:\\\/\\\/interamerica.org\\\/es\\\/2023\\\/09\\\/interamerica-llevara-a-cabo-concilio-en-linea-de-diaconos-y-diaconisas-el-23-de-septiembre\\\/#primaryimage\"},\"image\":{\"@id\":\"https:\\\/\\\/interamerica.org\\\/es\\\/2023\\\/09\\\/interamerica-llevara-a-cabo-concilio-en-linea-de-diaconos-y-diaconisas-el-23-de-septiembre\\\/#primaryimage\"},\"thumbnailUrl\":\"https:\\\/\\\/interamerica.org\\\/wp-content\\\/uploads\\\/2023\\\/09\\\/iad-deacon-council.jpg\",\"datePublished\":\"2023-09-15T13:01:26+00:00\",\"dateModified\":\"2023-09-15T17:09:57+00:00\",\"author\":{\"@id\":\"https:\\\/\\\/interamerica.org\\\/es\\\/#\\\/schema\\\/person\\\/29998f2bc2d8bd0d38662909289b54f1\"},\"breadcrumb\":{\"@id\":\"https:\\\/\\\/interamerica.org\\\/es\\\/2023\\\/09\\\/interamerica-llevara-a-cabo-concilio-en-linea-de-diaconos-y-diaconisas-el-23-de-septiembre\\\/#breadcrumb\"},\"inLanguage\":\"es\",\"potentialAction\":[{\"@type\":\"ReadAction\",\"target\":[\"https:\\\/\\\/interamerica.org\\\/es\\\/2023\\\/09\\\/interamerica-llevara-a-cabo-concilio-en-linea-de-diaconos-y-diaconisas-el-23-de-septiembre\\\/\"]}]},{\"@type\":\"ImageObject\",\"inLanguage\":\"es\",\"@id\":\"https:\\\/\\\/interamerica.org\\\/es\\\/2023\\\/09\\\/interamerica-llevara-a-cabo-concilio-en-linea-de-diaconos-y-diaconisas-el-23-de-septiembre\\\/#primaryimage\",\"url\":\"https:\\\/\\\/interamerica.org\\\/wp-content\\\/uploads\\\/2023\\\/09\\\/iad-deacon-council.jpg\",\"contentUrl\":\"https:\\\/\\\/interamerica.org\\\/wp-content\\\/uploads\\\/2023\\\/09\\\/iad-deacon-council.jpg\",\"width\":1000,\"height\":625},{\"@type\":\"BreadcrumbList\",\"@id\":\"https:\\\/\\\/interamerica.org\\\/es\\\/2023\\\/09\\\/interamerica-llevara-a-cabo-concilio-en-linea-de-diaconos-y-diaconisas-el-23-de-septiembre\\\/#breadcrumb\",\"itemListElement\":[{\"@type\":\"ListItem\",\"position\":1,\"name\":\"Home\",\"item\":\"https:\\\/\\\/interamerica.org\\\/es\\\/\"},{\"@type\":\"ListItem\",\"position\":2,\"name\":\"Interam\u00e9rica llevar\u00e1 a cabo Concilio en L\u00ednea de Di\u00e1conos y Diaconisas el 23 de septiembre\"}]},{\"@type\":\"WebSite\",\"@id\":\"https:\\\/\\\/interamerica.org\\\/es\\\/#website\",\"url\":\"https:\\\/\\\/interamerica.org\\\/es\\\/\",\"name\":\"Iglesia Adventista del S\u00e9ptimo D\u00eda - Divisi\u00f3n Interamericana\",\"description\":\"\",\"potentialAction\":[{\"@type\":\"SearchAction\",\"target\":{\"@type\":\"EntryPoint\",\"urlTemplate\":\"https:\\\/\\\/interamerica.org\\\/es\\\/?s={search_term_string}\"},\"query-input\":{\"@type\":\"PropertyValueSpecification\",\"valueRequired\":true,\"valueName\":\"search_term_string\"}}],\"inLanguage\":\"es\"},{\"@type\":\"Person\",\"@id\":\"https:\\\/\\\/interamerica.org\\\/es\\\/#\\\/schema\\\/person\\\/29998f2bc2d8bd0d38662909289b54f1\",\"name\":\"libna\",\"image\":{\"@type\":\"ImageObject\",\"inLanguage\":\"es\",\"@id\":\"https:\\\/\\\/secure.gravatar.com\\\/avatar\\\/7c5bd30ae4b47a9ba3c856590957fd1d96dc588bf3ac05719d247e126840331f?s=96&d=mm&r=g\",\"url\":\"https:\\\/\\\/secure.gravatar.com\\\/avatar\\\/7c5bd30ae4b47a9ba3c856590957fd1d96dc588bf3ac05719d247e126840331f?s=96&d=mm&r=g\",\"contentUrl\":\"https:\\\/\\\/secure.gravatar.com\\\/avatar\\\/7c5bd30ae4b47a9ba3c856590957fd1d96dc588bf3ac05719d247e126840331f?s=96&d=mm&r=g\",\"caption\":\"libna\"}}]}<\/script>\n<!-- \/ Yoast SEO plugin. -->","yoast_head_json":{"title":"Interam\u00e9rica llevar\u00e1 a cabo Concilio en L\u00ednea de Di\u00e1conos y Diaconisas el 23 de septiembre - Iglesia Adventista del S\u00e9ptimo D\u00eda - Divisi\u00f3n Interamericana","robots":{"index":"index","follow":"follow","max-snippet":"max-snippet:-1","max-image-preview":"max-image-preview:large","max-video-preview":"max-video-preview:-1"},"canonical":"https:\/\/interamerica.org\/es\/2023\/09\/interamerica-llevara-a-cabo-concilio-en-linea-de-diaconos-y-diaconisas-el-23-de-septiembre\/","og_locale":"es_ES","og_type":"article","og_title":"Interam\u00e9rica llevar\u00e1 a cabo Concilio en L\u00ednea de Di\u00e1conos y Diaconisas el 23 de septiembre - Iglesia Adventista del S\u00e9ptimo D\u00eda - Divisi\u00f3n Interamericana","og_description":"a15 de septiembre de 2023 | Miami, Florida, Estados Unidos | Libna Stevens, Noticias de la Divisi\u00f3n Interamericana Los di\u00e1conos y diaconisas de todas las iglesias adventistas del s\u00e9ptimo d\u00eda...","og_url":"https:\/\/interamerica.org\/es\/2023\/09\/interamerica-llevara-a-cabo-concilio-en-linea-de-diaconos-y-diaconisas-el-23-de-septiembre\/","og_site_name":"Iglesia Adventista del S\u00e9ptimo D\u00eda - Divisi\u00f3n Interamericana","article_published_time":"2023-09-15T13:01:26+00:00","article_modified_time":"2023-09-15T17:09:57+00:00","og_image":[{"width":1000,"height":625,"url":"https:\/\/interamerica.org\/wp-content\/uploads\/2023\/09\/iad-deacon-council.jpg","type":"image\/jpeg"}],"author":"libna","twitter_card":"summary_large_image","twitter_misc":{"Escrito por":"libna","Tiempo de lectura":"3 minutos"},"schema":{"@context":"https:\/\/schema.org","@graph":[{"@type":"Article","@id":"https:\/\/interamerica.org\/es\/2023\/09\/interamerica-llevara-a-cabo-concilio-en-linea-de-diaconos-y-diaconisas-el-23-de-septiembre\/#article","isPartOf":{"@id":"https:\/\/interamerica.org\/es\/2023\/09\/interamerica-llevara-a-cabo-concilio-en-linea-de-diaconos-y-diaconisas-el-23-de-septiembre\/"},"author":{"name":"libna","@id":"https:\/\/interamerica.org\/es\/#\/schema\/person\/29998f2bc2d8bd0d38662909289b54f1"},"headline":"Interam\u00e9rica llevar\u00e1 a cabo Concilio en L\u00ednea de Di\u00e1conos y Diaconisas el 23 de septiembre","datePublished":"2023-09-15T13:01:26+00:00","dateModified":"2023-09-15T17:09:57+00:00","mainEntityOfPage":{"@id":"https:\/\/interamerica.org\/es\/2023\/09\/interamerica-llevara-a-cabo-concilio-en-linea-de-diaconos-y-diaconisas-el-23-de-septiembre\/"},"wordCount":548,"image":{"@id":"https:\/\/interamerica.org\/es\/2023\/09\/interamerica-llevara-a-cabo-concilio-en-linea-de-diaconos-y-diaconisas-el-23-de-septiembre\/#primaryimage"},"thumbnailUrl":"https:\/\/interamerica.org\/wp-content\/uploads\/2023\/09\/iad-deacon-council.jpg","articleSection":["Desde la sede","RSS Espa\u00f1ol"],"inLanguage":"es"},{"@type":"WebPage","@id":"https:\/\/interamerica.org\/es\/2023\/09\/interamerica-llevara-a-cabo-concilio-en-linea-de-diaconos-y-diaconisas-el-23-de-septiembre\/","url":"https:\/\/interamerica.org\/es\/2023\/09\/interamerica-llevara-a-cabo-concilio-en-linea-de-diaconos-y-diaconisas-el-23-de-septiembre\/","name":"Interam\u00e9rica llevar\u00e1 a cabo Concilio en L\u00ednea de Di\u00e1conos y Diaconisas el 23 de septiembre - Iglesia Adventista del S\u00e9ptimo D\u00eda - Divisi\u00f3n Interamericana","isPartOf":{"@id":"https:\/\/interamerica.org\/es\/#website"},"primaryImageOfPage":{"@id":"https:\/\/interamerica.org\/es\/2023\/09\/interamerica-llevara-a-cabo-concilio-en-linea-de-diaconos-y-diaconisas-el-23-de-septiembre\/#primaryimage"},"image":{"@id":"https:\/\/interamerica.org\/es\/2023\/09\/interamerica-llevara-a-cabo-concilio-en-linea-de-diaconos-y-diaconisas-el-23-de-septiembre\/#primaryimage"},"thumbnailUrl":"https:\/\/interamerica.org\/wp-content\/uploads\/2023\/09\/iad-deacon-council.jpg","datePublished":"2023-09-15T13:01:26+00:00","dateModified":"2023-09-15T17:09:57+00:00","author":{"@id":"https:\/\/interamerica.org\/es\/#\/schema\/person\/29998f2bc2d8bd0d38662909289b54f1"},"breadcrumb":{"@id":"https:\/\/interamerica.org\/es\/2023\/09\/interamerica-llevara-a-cabo-concilio-en-linea-de-diaconos-y-diaconisas-el-23-de-septiembre\/#breadcrumb"},"inLanguage":"es","potentialAction":[{"@type":"ReadAction","target":["https:\/\/interamerica.org\/es\/2023\/09\/interamerica-llevara-a-cabo-concilio-en-linea-de-diaconos-y-diaconisas-el-23-de-septiembre\/"]}]},{"@type":"ImageObject","inLanguage":"es","@id":"https:\/\/interamerica.org\/es\/2023\/09\/interamerica-llevara-a-cabo-concilio-en-linea-de-diaconos-y-diaconisas-el-23-de-septiembre\/#primaryimage","url":"https:\/\/interamerica.org\/wp-content\/uploads\/2023\/09\/iad-deacon-council.jpg","contentUrl":"https:\/\/interamerica.org\/wp-content\/uploads\/2023\/09\/iad-deacon-council.jpg","width":1000,"height":625},{"@type":"BreadcrumbList","@id":"https:\/\/interamerica.org\/es\/2023\/09\/interamerica-llevara-a-cabo-concilio-en-linea-de-diaconos-y-diaconisas-el-23-de-septiembre\/#breadcrumb","itemListElement":[{"@type":"ListItem","position":1,"name":"Home","item":"https:\/\/interamerica.org\/es\/"},{"@type":"ListItem","position":2,"name":"Interam\u00e9rica llevar\u00e1 a cabo Concilio en L\u00ednea de Di\u00e1conos y Diaconisas el 23 de septiembre"}]},{"@type":"WebSite","@id":"https:\/\/interamerica.org\/es\/#website","url":"https:\/\/interamerica.org\/es\/","name":"Iglesia Adventista del S\u00e9ptimo D\u00eda - Divisi\u00f3n Interamericana","description":"","potentialAction":[{"@type":"SearchAction","target":{"@type":"EntryPoint","urlTemplate":"https:\/\/interamerica.org\/es\/?s={search_term_string}"},"query-input":{"@type":"PropertyValueSpecification","valueRequired":true,"valueName":"search_term_string"}}],"inLanguage":"es"},{"@type":"Person","@id":"https:\/\/interamerica.org\/es\/#\/schema\/person\/29998f2bc2d8bd0d38662909289b54f1","name":"libna","image":{"@type":"ImageObject","inLanguage":"es","@id":"https:\/\/secure.gravatar.com\/avatar\/7c5bd30ae4b47a9ba3c856590957fd1d96dc588bf3ac05719d247e126840331f?s=96&d=mm&r=g","url":"https:\/\/secure.gravatar.com\/avatar\/7c5bd30ae4b47a9ba3c856590957fd1d96dc588bf3ac05719d247e126840331f?s=96&d=mm&r=g","contentUrl":"https:\/\/secure.gravatar.com\/avatar\/7c5bd30ae4b47a9ba3c856590957fd1d96dc588bf3ac05719d247e126840331f?s=96&d=mm&r=g","caption":"libna"}}]}},"_links":{"self":[{"href":"https:\/\/interamerica.org\/es\/wp-json\/wp\/v2\/posts\/103419","targetHints":{"allow":["GET"]}}],"collection":[{"href":"https:\/\/interamerica.org\/es\/wp-json\/wp\/v2\/posts"}],"about":[{"href":"https:\/\/interamerica.org\/es\/wp-json\/wp\/v2\/types\/post"}],"author":[{"embeddable":true,"href":"https:\/\/interamerica.org\/es\/wp-json\/wp\/v2\/users\/3"}],"replies":[{"embeddable":true,"href":"https:\/\/interamerica.org\/es\/wp-json\/wp\/v2\/comments?post=103419"}],"version-history":[{"count":0,"href":"https:\/\/interamerica.org\/es\/wp-json\/wp\/v2\/posts\/103419\/revisions"}],"wp:featuredmedia":[{"embeddable":true,"href":"https:\/\/interamerica.org\/es\/wp-json\/wp\/v2\/media\/103407"}],"wp:attachment":[{"href":"https:\/\/interamerica.org\/es\/wp-json\/wp\/v2\/media?parent=103419"}],"wp:term":[{"taxonomy":"category","embeddable":true,"href":"https:\/\/interamerica.org\/es\/wp-json\/wp\/v2\/categories?post=103419"},{"taxonomy":"post_tag","embeddable":true,"href":"https:\/\/interamerica.org\/es\/wp-json\/wp\/v2\/tags?post=103419"}],"curies":[{"name":"wp","href":"https:\/\/api.w.org\/{rel}","templated":true}]}}