{"id":10348,"date":"2004-08-03T00:00:00","date_gmt":"2004-08-03T04:00:00","guid":{"rendered":"http:\/\/192.81.217.108\/interamerica\/2004\/08\/ann-pastor-adventista-y-musulman-palestino-encuentran-un-campo-comun\/"},"modified":"2017-06-02T09:18:59","modified_gmt":"2017-06-02T13:18:59","slug":"ann-pastor-adventista-y-musulman-palestino-encuentran-un-campo-comun","status":"publish","type":"post","link":"https:\/\/interamerica.org\/es\/2004\/08\/ann-pastor-adventista-y-musulman-palestino-encuentran-un-campo-comun\/","title":{"rendered":"ANN: Pastor adventista y musulm\u00e1n palestino encuentran un campo com\u00fan"},"content":{"rendered":"<p>Jerusal\u00e9n, Israel, 3 de Agosto de 2004 \u2026 [Mark A. Kellner\/ANN]<\/p>\n<p>Un musulm\u00e1n palestino del Este de Jerusal\u00e9n, y un pastor marroqu\u00ed jud\u00edo y adventista del s\u00e9ptimo d\u00eda,\u00a0est\u00e1n encontrando un campo com\u00fan al ayudar a los palestinos a aprender ingl\u00e9s, mejorar su salud y abandonar el h\u00e1bito de fumar.<\/p>\n<p>Marvwan Shaaban, un palestino que posee un negocio de contrataci\u00f3n y un taller para\u00a0fabricar\u00a0aluminio, es un musulm\u00e1n que conoci\u00f3 al pastor adventista Richard Elofer seis a\u00f1os atr\u00e1s, cuando la sede de la iglesia adventista en Jerusal\u00e9n necesit\u00f3 algunas renovaciones.<\/p>\n<p>\u201cLe dije a Marwan que \u00e9l est\u00e1 \u2018trabajando para Dios\u2019 al llevar a cabo su tarea, dijo Elofer en una entrevista conjunta con Shaaban. \u201cCreo que tenemos el mismo Dios, sea que usemos el nombre de Al\u00e1, Ha-Shem o Dios, porque la Biblia dice que s\u00f3lo existe un Dios\u201d.<\/p>\n<p>\u201cHemos encontrado muchas \u00e1reas comunes entre los musulmanes y los adventistas\u201d, dijo Elofer, citando las preocupaciones mutuas acerca de la salud, la temperancia y la educaci\u00f3n. Cuando Shaaban sugiri\u00f3 que la Iglesia Adventista desarrollase obras para promover la paz y proyectos comunitarios, Elofer ten\u00eda una propuesta paralela: la Autoridad Palestina deber\u00eda garantizar a los adventistas el reconocimiento como iglesia en su territorio. Aunque hay creyentes adventistas en Jeric\u00f3 y Bel\u00e9n, la iglesia no dirige congregaciones en Cisjordania, aun cuando puede decirse que tenemos historia en Palestina.<\/p>\n<p>Cuando los adventistas se organizaron en la\u00a0Tierra Santa hace 73 a\u00f1os, explica Elofer, fue bajo el Mandato Palestino controlado por los brit\u00e1nicos. La Asociaci\u00f3n se llamaba \u201cIglesia Adventista del S\u00e9ptimo D\u00eda de Palestina\u201d, porque el Estado de Israel que existe en nuestros d\u00edas no vendr\u00eda a la existencia sino hasta 1948, 17 a\u00f1os despu\u00e9s. Siendo ese el caso, dijo el pastor, \u201cPuedo decirle a Yasser Arafat [Presidente de PLO] que tenemos una \u2018conexi\u00f3n palestina\u2019\u201d.<\/p>\n<p>Elofer y Shaaban, ya se han reunido con un miembro del parlamento de la Autoridad Palestina en Ramallah, y esperan\u00a0ver cu\u00e1l es el\u00a0pr\u00f3ximo paso en el proceso de obtener el reconocimiento. Si esto se aprueba, un edificio perteneciente a la Iglesia Adventista en el este de Jerusal\u00e9n, que una vez fue un centro de estudio para la iglesia, se convertir\u00e1 en un edificio de sede, juntamente con la oficina que actualmente funciona en la Calle Abraham Lincoln. Elofer dijo que las nuevas \u00e1reas ser\u00edan organizadas bajo su liderazgo como presidente de la iglesia.<\/p>\n<p>Mientras los adventistas est\u00e1n esperando el reconocimiento por parte de los palestinos, hay planes de proveer servicios a miembros de la comunidad de Cisjordania. Clases de ingl\u00e9s, a un costo de 80 d\u00f3lares americanos por trimestre, han sido ofrecidas desde enero de 2003. El costo est\u00e1 hecho suficientemente asequible, intencionalmente, para que la gente pueda seguir el programa.<\/p>\n<p>Tambi\u00e9n en las etapas de planeaci\u00f3n est\u00e1 una serie de clases de salud, comenzando con el seminario para dejar de fumar. Se espera que las populares clases del \u201cPlan de 5 d\u00edas\u201d comiencen en enero de 2005.<\/p>\n<p>\u201cTenemos muchas cosas que ofrecer para bien de la gente\u201d, dijo Elofer.<\/p>\n<p>Shaaban concord\u00f3: \u201cCuando nos encontramos por primer vez\u201d, dijo de su amistad con Elofer, \u201cs\u00f3lo era una cuesti\u00f3n de trabajo. Gradualmente, reconocimos que pod\u00edamos ser amigos. Tambi\u00e9n sent\u00ed que los adventistas est\u00e1n cerca de los musulmanes [en filosof\u00eda], y que no son fan\u00e1ticos. Ahora, debemos hacer actividades para lograr que los adventistas sean reconocidos\u201d en las \u00e1reas palestinas.<\/p>\n<p>Elofer y Shaaban dijeron que continuar\u00edan cooperando en programas para ayudar a propiciar un acercamiento entre personas.<\/p>\n<p><strong>Derechos Reservados \u00ae Adventist News Network<\/strong><\/p>\n","protected":false},"excerpt":{"rendered":"<p>Un musulm\u00e1n palestino del Este de Jerusal\u00e9n, y un jud\u00edo ciudadano marroqu\u00ed, y\u00a0pastor adventista del s\u00e9ptimo d\u00eda, est\u00e1n encontrando un campo com\u00fan al ayudar a los palestinos a aprender ingl\u00e9s, mejorar su salud y abandonar el h\u00e1bito de fumar.<\/p>\n","protected":false},"author":1,"featured_media":0,"comment_status":"closed","ping_status":"closed","sticky":false,"template":"","format":"standard","meta":{"_acf_changed":false,"footnotes":""},"categories":[8],"tags":[],"class_list":["post-10348","post","type-post","status-publish","format-standard","hentry","category-archivo"],"acf":[],"yoast_head":"<!-- This site is optimized with the Yoast SEO plugin v27.3 - https:\/\/yoast.com\/product\/yoast-seo-wordpress\/ -->\n<title>ANN: Pastor adventista y musulm\u00e1n palestino encuentran un campo com\u00fan - Iglesia Adventista del S\u00e9ptimo D\u00eda - Divisi\u00f3n Interamericana<\/title>\n<meta name=\"robots\" content=\"index, follow, max-snippet:-1, max-image-preview:large, max-video-preview:-1\" \/>\n<link rel=\"canonical\" href=\"https:\/\/interamerica.org\/es\/2004\/08\/ann-pastor-adventista-y-musulman-palestino-encuentran-un-campo-comun\/\" \/>\n<meta property=\"og:locale\" content=\"es_ES\" \/>\n<meta property=\"og:type\" content=\"article\" \/>\n<meta property=\"og:title\" content=\"ANN: Pastor adventista y musulm\u00e1n palestino encuentran un campo com\u00fan - Iglesia Adventista del S\u00e9ptimo D\u00eda - Divisi\u00f3n Interamericana\" \/>\n<meta property=\"og:description\" content=\"Un musulm\u00e1n palestino del Este de Jerusal\u00e9n, y un jud\u00edo ciudadano marroqu\u00ed, y\u00a0pastor adventista del s\u00e9ptimo d\u00eda, est\u00e1n encontrando un campo com\u00fan al ayudar a los palestinos a aprender ingl\u00e9s, mejorar su salud y abandonar el h\u00e1bito de fumar.\" \/>\n<meta property=\"og:url\" content=\"https:\/\/interamerica.org\/es\/2004\/08\/ann-pastor-adventista-y-musulman-palestino-encuentran-un-campo-comun\/\" \/>\n<meta property=\"og:site_name\" content=\"Iglesia Adventista del S\u00e9ptimo D\u00eda - Divisi\u00f3n Interamericana\" \/>\n<meta property=\"article:published_time\" content=\"2004-08-03T04:00:00+00:00\" \/>\n<meta property=\"article:modified_time\" content=\"2017-06-02T13:18:59+00:00\" \/>\n<meta name=\"author\" content=\"Lorenzo Verduzco\" \/>\n<meta name=\"twitter:card\" content=\"summary_large_image\" \/>\n<meta name=\"twitter:label1\" content=\"Escrito por\" \/>\n\t<meta name=\"twitter:data1\" content=\"Lorenzo Verduzco\" \/>\n\t<meta name=\"twitter:label2\" content=\"Tiempo de lectura\" \/>\n\t<meta name=\"twitter:data2\" content=\"3 minutos\" \/>\n<script type=\"application\/ld+json\" class=\"yoast-schema-graph\">{\"@context\":\"https:\\\/\\\/schema.org\",\"@graph\":[{\"@type\":\"Article\",\"@id\":\"https:\\\/\\\/interamerica.org\\\/es\\\/2004\\\/08\\\/ann-pastor-adventista-y-musulman-palestino-encuentran-un-campo-comun\\\/#article\",\"isPartOf\":{\"@id\":\"https:\\\/\\\/interamerica.org\\\/es\\\/2004\\\/08\\\/ann-pastor-adventista-y-musulman-palestino-encuentran-un-campo-comun\\\/\"},\"author\":{\"name\":\"Lorenzo Verduzco\",\"@id\":\"https:\\\/\\\/interamerica.org\\\/es\\\/#\\\/schema\\\/person\\\/68ede8bdc292885bb76c1e3810e73c39\"},\"headline\":\"ANN: Pastor adventista y musulm\u00e1n palestino encuentran un campo com\u00fan\",\"datePublished\":\"2004-08-03T04:00:00+00:00\",\"dateModified\":\"2017-06-02T13:18:59+00:00\",\"mainEntityOfPage\":{\"@id\":\"https:\\\/\\\/interamerica.org\\\/es\\\/2004\\\/08\\\/ann-pastor-adventista-y-musulman-palestino-encuentran-un-campo-comun\\\/\"},\"wordCount\":634,\"articleSection\":[\"Archivo\"],\"inLanguage\":\"es\"},{\"@type\":\"WebPage\",\"@id\":\"https:\\\/\\\/interamerica.org\\\/es\\\/2004\\\/08\\\/ann-pastor-adventista-y-musulman-palestino-encuentran-un-campo-comun\\\/\",\"url\":\"https:\\\/\\\/interamerica.org\\\/es\\\/2004\\\/08\\\/ann-pastor-adventista-y-musulman-palestino-encuentran-un-campo-comun\\\/\",\"name\":\"ANN: Pastor adventista y musulm\u00e1n palestino encuentran un campo com\u00fan - Iglesia Adventista del S\u00e9ptimo D\u00eda - Divisi\u00f3n Interamericana\",\"isPartOf\":{\"@id\":\"https:\\\/\\\/interamerica.org\\\/es\\\/#website\"},\"datePublished\":\"2004-08-03T04:00:00+00:00\",\"dateModified\":\"2017-06-02T13:18:59+00:00\",\"author\":{\"@id\":\"https:\\\/\\\/interamerica.org\\\/es\\\/#\\\/schema\\\/person\\\/68ede8bdc292885bb76c1e3810e73c39\"},\"breadcrumb\":{\"@id\":\"https:\\\/\\\/interamerica.org\\\/es\\\/2004\\\/08\\\/ann-pastor-adventista-y-musulman-palestino-encuentran-un-campo-comun\\\/#breadcrumb\"},\"inLanguage\":\"es\",\"potentialAction\":[{\"@type\":\"ReadAction\",\"target\":[\"https:\\\/\\\/interamerica.org\\\/es\\\/2004\\\/08\\\/ann-pastor-adventista-y-musulman-palestino-encuentran-un-campo-comun\\\/\"]}]},{\"@type\":\"BreadcrumbList\",\"@id\":\"https:\\\/\\\/interamerica.org\\\/es\\\/2004\\\/08\\\/ann-pastor-adventista-y-musulman-palestino-encuentran-un-campo-comun\\\/#breadcrumb\",\"itemListElement\":[{\"@type\":\"ListItem\",\"position\":1,\"name\":\"Home\",\"item\":\"https:\\\/\\\/interamerica.org\\\/es\\\/\"},{\"@type\":\"ListItem\",\"position\":2,\"name\":\"ANN: Pastor adventista y musulm\u00e1n palestino encuentran un campo com\u00fan\"}]},{\"@type\":\"WebSite\",\"@id\":\"https:\\\/\\\/interamerica.org\\\/es\\\/#website\",\"url\":\"https:\\\/\\\/interamerica.org\\\/es\\\/\",\"name\":\"Iglesia Adventista del S\u00e9ptimo D\u00eda - Divisi\u00f3n Interamericana\",\"description\":\"\",\"potentialAction\":[{\"@type\":\"SearchAction\",\"target\":{\"@type\":\"EntryPoint\",\"urlTemplate\":\"https:\\\/\\\/interamerica.org\\\/es\\\/?s={search_term_string}\"},\"query-input\":{\"@type\":\"PropertyValueSpecification\",\"valueRequired\":true,\"valueName\":\"search_term_string\"}}],\"inLanguage\":\"es\"},{\"@type\":\"Person\",\"@id\":\"https:\\\/\\\/interamerica.org\\\/es\\\/#\\\/schema\\\/person\\\/68ede8bdc292885bb76c1e3810e73c39\",\"name\":\"Lorenzo Verduzco\",\"image\":{\"@type\":\"ImageObject\",\"inLanguage\":\"es\",\"@id\":\"https:\\\/\\\/secure.gravatar.com\\\/avatar\\\/fb81a55b6218459490a9c1dc841a34909185b81904c5337b4b27f7a6fd60c49e?s=96&d=mm&r=g\",\"url\":\"https:\\\/\\\/secure.gravatar.com\\\/avatar\\\/fb81a55b6218459490a9c1dc841a34909185b81904c5337b4b27f7a6fd60c49e?s=96&d=mm&r=g\",\"contentUrl\":\"https:\\\/\\\/secure.gravatar.com\\\/avatar\\\/fb81a55b6218459490a9c1dc841a34909185b81904c5337b4b27f7a6fd60c49e?s=96&d=mm&r=g\",\"caption\":\"Lorenzo Verduzco\"}}]}<\/script>\n<!-- \/ Yoast SEO plugin. -->","yoast_head_json":{"title":"ANN: Pastor adventista y musulm\u00e1n palestino encuentran un campo com\u00fan - Iglesia Adventista del S\u00e9ptimo D\u00eda - Divisi\u00f3n Interamericana","robots":{"index":"index","follow":"follow","max-snippet":"max-snippet:-1","max-image-preview":"max-image-preview:large","max-video-preview":"max-video-preview:-1"},"canonical":"https:\/\/interamerica.org\/es\/2004\/08\/ann-pastor-adventista-y-musulman-palestino-encuentran-un-campo-comun\/","og_locale":"es_ES","og_type":"article","og_title":"ANN: Pastor adventista y musulm\u00e1n palestino encuentran un campo com\u00fan - Iglesia Adventista del S\u00e9ptimo D\u00eda - Divisi\u00f3n Interamericana","og_description":"Un musulm\u00e1n palestino del Este de Jerusal\u00e9n, y un jud\u00edo ciudadano marroqu\u00ed, y\u00a0pastor adventista del s\u00e9ptimo d\u00eda, est\u00e1n encontrando un campo com\u00fan al ayudar a los palestinos a aprender ingl\u00e9s, mejorar su salud y abandonar el h\u00e1bito de fumar.","og_url":"https:\/\/interamerica.org\/es\/2004\/08\/ann-pastor-adventista-y-musulman-palestino-encuentran-un-campo-comun\/","og_site_name":"Iglesia Adventista del S\u00e9ptimo D\u00eda - Divisi\u00f3n Interamericana","article_published_time":"2004-08-03T04:00:00+00:00","article_modified_time":"2017-06-02T13:18:59+00:00","author":"Lorenzo Verduzco","twitter_card":"summary_large_image","twitter_misc":{"Escrito por":"Lorenzo Verduzco","Tiempo de lectura":"3 minutos"},"schema":{"@context":"https:\/\/schema.org","@graph":[{"@type":"Article","@id":"https:\/\/interamerica.org\/es\/2004\/08\/ann-pastor-adventista-y-musulman-palestino-encuentran-un-campo-comun\/#article","isPartOf":{"@id":"https:\/\/interamerica.org\/es\/2004\/08\/ann-pastor-adventista-y-musulman-palestino-encuentran-un-campo-comun\/"},"author":{"name":"Lorenzo Verduzco","@id":"https:\/\/interamerica.org\/es\/#\/schema\/person\/68ede8bdc292885bb76c1e3810e73c39"},"headline":"ANN: Pastor adventista y musulm\u00e1n palestino encuentran un campo com\u00fan","datePublished":"2004-08-03T04:00:00+00:00","dateModified":"2017-06-02T13:18:59+00:00","mainEntityOfPage":{"@id":"https:\/\/interamerica.org\/es\/2004\/08\/ann-pastor-adventista-y-musulman-palestino-encuentran-un-campo-comun\/"},"wordCount":634,"articleSection":["Archivo"],"inLanguage":"es"},{"@type":"WebPage","@id":"https:\/\/interamerica.org\/es\/2004\/08\/ann-pastor-adventista-y-musulman-palestino-encuentran-un-campo-comun\/","url":"https:\/\/interamerica.org\/es\/2004\/08\/ann-pastor-adventista-y-musulman-palestino-encuentran-un-campo-comun\/","name":"ANN: Pastor adventista y musulm\u00e1n palestino encuentran un campo com\u00fan - Iglesia Adventista del S\u00e9ptimo D\u00eda - Divisi\u00f3n Interamericana","isPartOf":{"@id":"https:\/\/interamerica.org\/es\/#website"},"datePublished":"2004-08-03T04:00:00+00:00","dateModified":"2017-06-02T13:18:59+00:00","author":{"@id":"https:\/\/interamerica.org\/es\/#\/schema\/person\/68ede8bdc292885bb76c1e3810e73c39"},"breadcrumb":{"@id":"https:\/\/interamerica.org\/es\/2004\/08\/ann-pastor-adventista-y-musulman-palestino-encuentran-un-campo-comun\/#breadcrumb"},"inLanguage":"es","potentialAction":[{"@type":"ReadAction","target":["https:\/\/interamerica.org\/es\/2004\/08\/ann-pastor-adventista-y-musulman-palestino-encuentran-un-campo-comun\/"]}]},{"@type":"BreadcrumbList","@id":"https:\/\/interamerica.org\/es\/2004\/08\/ann-pastor-adventista-y-musulman-palestino-encuentran-un-campo-comun\/#breadcrumb","itemListElement":[{"@type":"ListItem","position":1,"name":"Home","item":"https:\/\/interamerica.org\/es\/"},{"@type":"ListItem","position":2,"name":"ANN: Pastor adventista y musulm\u00e1n palestino encuentran un campo com\u00fan"}]},{"@type":"WebSite","@id":"https:\/\/interamerica.org\/es\/#website","url":"https:\/\/interamerica.org\/es\/","name":"Iglesia Adventista del S\u00e9ptimo D\u00eda - Divisi\u00f3n Interamericana","description":"","potentialAction":[{"@type":"SearchAction","target":{"@type":"EntryPoint","urlTemplate":"https:\/\/interamerica.org\/es\/?s={search_term_string}"},"query-input":{"@type":"PropertyValueSpecification","valueRequired":true,"valueName":"search_term_string"}}],"inLanguage":"es"},{"@type":"Person","@id":"https:\/\/interamerica.org\/es\/#\/schema\/person\/68ede8bdc292885bb76c1e3810e73c39","name":"Lorenzo Verduzco","image":{"@type":"ImageObject","inLanguage":"es","@id":"https:\/\/secure.gravatar.com\/avatar\/fb81a55b6218459490a9c1dc841a34909185b81904c5337b4b27f7a6fd60c49e?s=96&d=mm&r=g","url":"https:\/\/secure.gravatar.com\/avatar\/fb81a55b6218459490a9c1dc841a34909185b81904c5337b4b27f7a6fd60c49e?s=96&d=mm&r=g","contentUrl":"https:\/\/secure.gravatar.com\/avatar\/fb81a55b6218459490a9c1dc841a34909185b81904c5337b4b27f7a6fd60c49e?s=96&d=mm&r=g","caption":"Lorenzo Verduzco"}}]}},"_links":{"self":[{"href":"https:\/\/interamerica.org\/es\/wp-json\/wp\/v2\/posts\/10348","targetHints":{"allow":["GET"]}}],"collection":[{"href":"https:\/\/interamerica.org\/es\/wp-json\/wp\/v2\/posts"}],"about":[{"href":"https:\/\/interamerica.org\/es\/wp-json\/wp\/v2\/types\/post"}],"author":[{"embeddable":true,"href":"https:\/\/interamerica.org\/es\/wp-json\/wp\/v2\/users\/1"}],"replies":[{"embeddable":true,"href":"https:\/\/interamerica.org\/es\/wp-json\/wp\/v2\/comments?post=10348"}],"version-history":[{"count":0,"href":"https:\/\/interamerica.org\/es\/wp-json\/wp\/v2\/posts\/10348\/revisions"}],"wp:attachment":[{"href":"https:\/\/interamerica.org\/es\/wp-json\/wp\/v2\/media?parent=10348"}],"wp:term":[{"taxonomy":"category","embeddable":true,"href":"https:\/\/interamerica.org\/es\/wp-json\/wp\/v2\/categories?post=10348"},{"taxonomy":"post_tag","embeddable":true,"href":"https:\/\/interamerica.org\/es\/wp-json\/wp\/v2\/tags?post=10348"}],"curies":[{"name":"wp","href":"https:\/\/api.w.org\/{rel}","templated":true}]}}