{"id":103582,"date":"2023-09-19T22:52:47","date_gmt":"2023-09-20T02:52:47","guid":{"rendered":"https:\/\/interamerica.org\/?p=103582"},"modified":"2023-09-20T09:43:54","modified_gmt":"2023-09-20T13:43:54","slug":"abrumado-por-la-ensenanza-biblica-sobre-el-santuario-intentelo-otra-vez","status":"publish","type":"post","link":"https:\/\/interamerica.org\/es\/2023\/09\/abrumado-por-la-ensenanza-biblica-sobre-el-santuario-intentelo-otra-vez\/","title":{"rendered":"\u00bfAbrumado por la ense\u00f1anza b\u00edblica sobre el santuario? \u00a1Int\u00e9ntelo otra vez!"},"content":{"rendered":"<h4>L\u00edder explica por qu\u00e9 es importante que los adventistas profundicen sobre el tema.<\/h4>\n<p>19 de septiembre de 2023 | Riga, Letonia | Marcos Paseggi, Adventist Review<\/p>\n<p>\u201cEl prop\u00f3sito de esta presentaci\u00f3n es abrumarlos\u201d, dijo Justin Kim editor ejecutivo de Adventist Review y Adventist World, a decenas de j\u00f3venes que asistieron a uno de sus talleres de la convenci\u00f3n Generation. Youth. Christ (GYC) Europa en Riga, Letonia, en agosto. \u201cEs que ustedes digan: \u2018\u00a1Impresionante! \u00a1Necesito ir a estudiar la Biblia por mi cuenta!\u2019\u201d<\/p>\n<p>La presentaci\u00f3n de Kim, \u201cM\u00e1s profundo y distintivo: Estudiemos el santuario\u201d, atrajo a j\u00f3venes adventistas de todo el continente europeo para aprender, preguntar y reflexionar.<\/p>\n<p>\u201cNo es un tema f\u00e1cil\u201d, reconoci\u00f3 Kim, a la vez que enfatiz\u00f3 su importancia. \u201cMuchas de las doctrinas adventistas no son \u00fanicas para nosotros. Pero la doctrina del santuario como la analizaremos hoy es \u00fanica para nosotros\u201d.<\/p>\n<p>En la hora siguiente, Kim explic\u00f3 de qu\u00e9 hablan los adventistas cuando analizan la doctrina del santuario, por qu\u00e9 esa doctrina es importante, y de qu\u00e9 manera podemos comenzar a profundizar en su estudio.<\/p>\n<p><div id=\"attachment_103559\" style=\"width: 866px\" class=\"wp-caption aligncenter\"><img fetchpriority=\"high\" decoding=\"async\" aria-describedby=\"caption-attachment-103559\" class=\" wp-image-103557\" src=\"https:\/\/interamerica.org\/wp-content\/uploads\/2023\/09\/gyc-sanctuary.jpeg\" alt=\"\" width=\"856\" height=\"571\" srcset=\"https:\/\/interamerica.org\/wp-content\/uploads\/2023\/09\/gyc-sanctuary.jpeg 1000w, https:\/\/interamerica.org\/wp-content\/uploads\/2023\/09\/gyc-sanctuary-300x200.jpeg 300w, https:\/\/interamerica.org\/wp-content\/uploads\/2023\/09\/gyc-sanctuary-768x512.jpeg 768w\" sizes=\"(max-width: 856px) 100vw, 856px\" \/><p id=\"caption-attachment-103559\" class=\"wp-caption-text\">Justin Kim, editor ejecutivo de Adventist Review y Adventist World, habla sobre la doctrina b\u00edblica del santuario en la convenci\u00f3n de GYC Europa en Riga, Letonia, en agosto. [Fotograf\u00eda: Marcos Paseggi, Adventist Review]<\/p><\/div><strong>Habitar con nosotros<\/strong><\/p>\n<p>Como primer punto, Kim dijo, es clave recordar que \u201cel centro de toda esa doctrina, ense\u00f1anza e instrucciones [\u2026] es el deseo de Dios de habitar \u2014de pasar tiempo\u2014 con la humanidad. Necesitamos preservar y captar esa idea\u201d, expres\u00f3.<\/p>\n<p>Esa comprensi\u00f3n era clave en el tabern\u00e1culo, a\u00f1adi\u00f3. \u201cEn lo externo, era una tienda, pero dentro de ella, estaba la gloria shekinah, la presencia de Dios\u201d, dijo Kim. Lo mismo se aplica a Jes\u00fas, que ten\u00eda un cuerpo humano, pero era Dios. \u201cEs un motivo que podemos encontrar a lo largo de todas las Escrituras\u201d, dijo.<\/p>\n<p>El problema, record\u00f3 Kim a su audiencia, es que Dios es santo, y que nosotros somos pecadores. \u201c\u00bfC\u00f3mo podr\u00edamos alguna vez pasar tiempo juntos? Ser\u00edamos destruidos por completo\u201d. Es entonces que la doctrina del santuario nos presenta la doctrina de la salvaci\u00f3n.<\/p>\n<p>En la Biblia, Daniel 8:14 es el fundamento de la identidad adventista, que nos dice que el santuario celestial ser\u00eda purificado, record\u00f3 Kim a los j\u00f3venes. \u201cPero la pregunta clave es: \u00bfQu\u00e9 est\u00e1 haciendo Jes\u00fas ahora?\u201d dijo. \u201cLa respuesta a esa pregunta es la verdad presente que todos deber\u00edamos predicar en este momento\u201d.<\/p>\n<p><strong>El santuario como marco de referencia<\/strong><\/p>\n<p>El santuario es un marco de referencia que puede ser utilizado de diversas maneras, dijo Kim. Una manera es enfocarse en una cronolog\u00eda escatol\u00f3gica. El santuario tambi\u00e9n presenta paralelos antropol\u00f3gicos. \u201cEl Lugar santo incluye las preocupaciones mentales, y el Lugar sant\u00edsimo las preocupaciones espirituales\u201d, explic\u00f3.<\/p>\n<p><div id=\"attachment_103563\" style=\"width: 865px\" class=\"wp-caption aligncenter\"><img decoding=\"async\" aria-describedby=\"caption-attachment-103563\" class=\" wp-image-103561\" src=\"https:\/\/interamerica.org\/wp-content\/uploads\/2023\/09\/gyc-2-dsc-1031.jpeg\" alt=\"\" width=\"855\" height=\"570\" srcset=\"https:\/\/interamerica.org\/wp-content\/uploads\/2023\/09\/gyc-2-dsc-1031.jpeg 1000w, https:\/\/interamerica.org\/wp-content\/uploads\/2023\/09\/gyc-2-dsc-1031-300x200.jpeg 300w, https:\/\/interamerica.org\/wp-content\/uploads\/2023\/09\/gyc-2-dsc-1031-768x512.jpeg 768w\" sizes=\"(max-width: 855px) 100vw, 855px\" \/><p id=\"caption-attachment-103563\" class=\"wp-caption-text\">Miembros de GYC Europa siguen la presentaci\u00f3n de Justin Kim sobre el santuario, en su convenci\u00f3n anual en Riga, Letonia. [Fotograf\u00eda: Marcos Paseggi, Adventist Review]<\/p><\/div>Entonces est\u00e1n los que explican el santuario al enfatizar su soteriolog\u00eda, o la doctrina de la salvaci\u00f3n, cont\u00f3 Kim. \u201cEl atrio representa la justificaci\u00f3n, el Lugar santo representa la santificaci\u00f3n, y el Lugar sant\u00edsimo representa la glorificaci\u00f3n\u201d.<\/p>\n<p>Otros se enfocan en su significaci\u00f3n eclesiol\u00f3gica. Los protestantes, por ejemplo, enfatizan \u201cel ministerio del atrio\u201d, dijo. \u201cJes\u00fas muri\u00f3 por ti; te perdon\u00f3 de todos tus pecados; am\u00e9n\u201d. La santificaci\u00f3n, por otro lado, se enfoca en el proceso hacia la salvaci\u00f3n. \u201cLa comunidad que realmente se dedica a la santificaci\u00f3n es el catolicismo romano, si bien no es la santificaci\u00f3n b\u00edblica\u201d, explic\u00f3 Kim. \u201c\u2018Una vez que recibes esas gotas de las gracia de Dios por medio de los sacramentos, puedes llegar a ser santo\u2019\u201d, dicen los cat\u00f3licos.<\/p>\n<p>Tambi\u00e9n est\u00e1n algunos que se enfocan en el Lugar sant\u00edsimo: en el juicio. \u201cTodos est\u00e1n destinados a la destrucci\u00f3n con excepci\u00f3n de ellos\u201d, dijo Kim. \u201cEllos son los santos, y simplemente est\u00e1n esperando que Cristo vuelva. No son adventistas, si bien algunos se hacen llamar as\u00ed\u201d, a\u00f1adi\u00f3.<\/p>\n<p>Una comprensi\u00f3n correcta de toda la doctrina del santuario puede brindar equilibrio, dijo Kim. \u201cPara los que vienen de una tradici\u00f3n evang\u00e9lica, se necesita m\u00e1s de la santificaci\u00f3n y la glorificaci\u00f3n\u201d, dijo. \u201cAlgunos de nosotros, por otro lado, venimos de un \u00e9nfasis muy pesado en la santificaci\u00f3n, con un fuerte enfoque en la conducta. Necesitamos la experiencia de la justificaci\u00f3n\u201d.<\/p>\n<p><strong>Otros enfoques<\/strong><\/p>\n<p>Un enfoque temporal al santuario, por otro lado, se enfoca en los festivales de primavera y oto\u00f1o, seg\u00fan se explican en Lev\u00edtico 23. En este an\u00e1lisis, los festivales de primavera se\u00f1alan al momento en que Jes\u00fas vino por primera vez \u2014la Pascua en su muerte, y entonces el Pentecost\u00e9s, cuando fue coronado. Los festivales de oto\u00f1o se\u00f1alan la segunda venida de Cristo: las trompetas, el d\u00eda de la expiaci\u00f3n, y as\u00ed sucesivamente, explic\u00f3 Kim. \u201cAun el uso del calendario y el tiempo se\u00f1ala a Jes\u00fas. Eso lo que bueno que tiene el santuario\u201d, dijo Kim. \u201cEl espacio se\u00f1ala a Jes\u00fas; el tiempo se\u00f1ala a Jes\u00fas; a\u00fan los aromas se\u00f1alan a Jes\u00fas. Todas las cosas se\u00f1alan a Jes\u00fas, y es nuestro gozo descubrir cu\u00e1les son esos elementos\u201d.<\/p>\n<p><div id=\"attachment_103566\" style=\"width: 863px\" class=\"wp-caption aligncenter\"><img decoding=\"async\" aria-describedby=\"caption-attachment-103566\" class=\" wp-image-103564\" src=\"https:\/\/interamerica.org\/wp-content\/uploads\/2023\/09\/gyc-3dsc-1033.jpeg\" alt=\"\" width=\"853\" height=\"569\" srcset=\"https:\/\/interamerica.org\/wp-content\/uploads\/2023\/09\/gyc-3dsc-1033.jpeg 1000w, https:\/\/interamerica.org\/wp-content\/uploads\/2023\/09\/gyc-3dsc-1033-300x200.jpeg 300w, https:\/\/interamerica.org\/wp-content\/uploads\/2023\/09\/gyc-3dsc-1033-768x512.jpeg 768w\" sizes=\"(max-width: 853px) 100vw, 853px\" \/><p id=\"caption-attachment-103566\" class=\"wp-caption-text\">Un asistente consulta sobre los recursos disponibles para profundizar en el estudio del santuario. [Fotograf\u00eda: Marcos Paseggi, Adventist Review]<\/p><\/div>A\u00fan un enfoque adicional se enfoca en los ciclos agrarios que se\u00f1alan el ministerio de Cristo, explic\u00f3. \u201cEn ese entonces, ten\u00edan la lluvia temprana, una sequ\u00eda en verano, y entonces la lluvia tard\u00eda: la lluvia de oto\u00f1o\u201d, explic\u00f3.<\/p>\n<p>Si lo entendemos correctamente, todo se\u00f1ala a Cristo. Kim cit\u00f3 a Elena G. White, quien escribi\u00f3: \u201cEl significado del sistema de culto judaico todav\u00eda no se entiende plenamente. Verdades vastas y profundas son bosquejadas por sus ritos y s\u00edmbolos. El Evangelio es la llave que abre sus misterios. Por medio de un conocimiento del plan de redenci\u00f3n, sus verdades son abiertas al entendimiento. Es nuestro privilegio entender estos maravillosos temas en un grado mucho mayor de lo que los entendemos\u201d (Palabras de vida del gran Maestro, p. 103).<\/p>\n<p><strong>El santuario como mapa<\/strong><\/p>\n<p>Kim tambi\u00e9n explic\u00f3 que el libro del Apocalipsis es clave para comprender mejor la doctrina del santuario, porque el libro utiliza el santuario como mapa. \u201cLa primera vez que llegamos a un lugar nuevo, podemos sentirnos perdidos\u201d, dijo Kim. \u201cPero cuanto m\u00e1s estamos all\u00ed, comenzamos a aprender c\u00f3mo movernos. En el Apocalipsis, el santuario tambi\u00e9n es as\u00ed. La primera vez que leemos sobre \u00e9l, puede que no entendamos d\u00f3nde nos encontramos, pero cuanto m\u00e1s leemos, nos muestra el lugar exacto, al igual que un mapa\u201d.<\/p>\n<p>Kim tambi\u00e9n invit\u00f3 a los j\u00f3venes a que piensen en el santuario como la casa de Dios, para aprehender el significado de sus varios muebles y principales partes y secciones.<\/p>\n<p>En el Apocalipsis, Jes\u00fas tambi\u00e9n aparece en medio de los candeleros. \u201cMuestra que Jes\u00fas es nuestro sol\u00edcito sacerdote, porque Jes\u00fas se encuentra en el medio de las siete iglesias\u201d, dijo Kim. \u201cSi ustedes est\u00e1n en una iglesia legalista, \u00e9l a\u00fan est\u00e1 all\u00ed; si est\u00e1n en una iglesia perseguida, \u00e9l a\u00fan est\u00e1 all\u00ed; aun en la iglesia ap\u00f3stata, Dios est\u00e1 all\u00ed en medio de ella. Puede que por all\u00ed haya l\u00edderes muy malos, pero Jes\u00fas a\u00fan se involucra con su iglesia [\u2026]. No importa a qu\u00e9 clase de iglesia adventista pertenezcan, Jes\u00fas sigue est\u00e1n en medio de su iglesia\u201d.<\/p>\n<p><div id=\"attachment_103569\" style=\"width: 856px\" class=\"wp-caption aligncenter\"><img loading=\"lazy\" decoding=\"async\" aria-describedby=\"caption-attachment-103569\" class=\" wp-image-103567\" src=\"https:\/\/interamerica.org\/wp-content\/uploads\/2023\/09\/gyc-4-dsc-1039.jpeg\" alt=\"\" width=\"846\" height=\"564\" srcset=\"https:\/\/interamerica.org\/wp-content\/uploads\/2023\/09\/gyc-4-dsc-1039.jpeg 1000w, https:\/\/interamerica.org\/wp-content\/uploads\/2023\/09\/gyc-4-dsc-1039-300x200.jpeg 300w, https:\/\/interamerica.org\/wp-content\/uploads\/2023\/09\/gyc-4-dsc-1039-768x512.jpeg 768w\" sizes=\"(max-width: 846px) 100vw, 846px\" \/><p id=\"caption-attachment-103569\" class=\"wp-caption-text\">\u201c\u00bfPuede ser que la doctrina del santuario haya sido enfatizada demasiado?\u201d, pregunt\u00f3 a Kim una miembro de GYC Europa al fin de su presentaci\u00f3n. [Fotograf\u00eda: Marcos Paseggi, Adventist Review]<\/p><\/div>La mesa de los panes de la proposici\u00f3n muestra que Jes\u00fas es nuestro Rey del pacto, que defiende a su iglesia. \u201cToda vez que su iglesia es atacada en la tierra, Jes\u00fas est\u00e1 en el cielo, en la torre de control del tr\u00e1fico a\u00e9reo\u201d, dijo Kim. \u201cDesde el cielo, sigue siendo rey, y manda a sus \u00e1ngeles para defender a su iglesia, y su iglesia jam\u00e1s es vencida aqu\u00ed en la tierra\u201d.<\/p>\n<p>El altar del incienso, por otro lado, representa que Jes\u00fas es nuestro Sumo sacerdote y que \u00e9l responde a todos nuestros pedidos de oraci\u00f3n. \u201cEl altar del incienso es como un gran puesto con una computadora port\u00e1til, hasta donde llegan todas las oraciones. Solo llegan si incluyen la contrase\u00f1a, y la contrase\u00f1a es: \u2018en el nombre de Jes\u00fas, am\u00e9n\u2019. \u00c9l responde a todos, y siempre termina el d\u00eda sin ning\u00fan mensaje pendiente en su buz\u00f3n\u201d, dijo Kim.<\/p>\n<p><strong>C\u00f3mo tratar el tema del santuario<\/strong><\/p>\n<p>En el adventismo, esta creencia del santuario ha sido atacada desde adentro, record\u00f3 Kim a los asistentes al taller. Cit\u00f3 a Dudley Canright, un pastor adventista del siglo XIX, quien expres\u00f3: \u201cLos adventistas del s\u00e9ptimo d\u00eda hacen que todo gire en torno a su perspectiva sobre el santuario. Es fundamental. Si est\u00e1n equivocados en ese tema, toda la teor\u00eda se viene abajo\u201d. \u201cConcuerdo plenamente con esto\u201d, dijo Kim.<\/p>\n<p>Por ello, enfatiz\u00f3 Kim, esta comprensi\u00f3n deber\u00eda llevarnos a estudiar m\u00e1s el santuario. \u201cEs el campo en el que necesitamos seguir investigando y hallando nueva luz. Muchos te\u00f3logos y eruditos lo est\u00e1n haciendo. Lo que ahora necesitamos es un movimiento de laicos que tambi\u00e9n estudie la Biblia\u201d, dijo Kim.<\/p>\n<p>Despu\u00e9s de la presentaci\u00f3n de una hora de Kim, los asistentes al taller tuvieron la oportunidad de reaccionar. Se levantaron muchas manos, y los j\u00f3venes preguntaron sobre recursos, aclaraciones, y compartieron dudas y objeciones.<\/p>\n<p>\u201c\u00bfEs esta doctrina importante para la salvaci\u00f3n?\u201d pregunt\u00f3 una joven a Kim. \u201c\u00bfNo cree usted que una persona puede hallar a Dios, hallar a Jes\u00fas, pasar por el arrepentimiento, y ser salva, sin saber absolutamente nada sobre el santuario? S\u00e9 que es importante pero, \u00bfpuede ser que el tema haya sido enfatizado demasiado?\u201d<\/p>\n<p><div id=\"attachment_103572\" style=\"width: 804px\" class=\"wp-caption aligncenter\"><img loading=\"lazy\" decoding=\"async\" aria-describedby=\"caption-attachment-103572\" class=\" wp-image-103570\" src=\"https:\/\/interamerica.org\/wp-content\/uploads\/2023\/09\/gyc-5-dsc-1045.jpeg\" alt=\"\" width=\"794\" height=\"680\" srcset=\"https:\/\/interamerica.org\/wp-content\/uploads\/2023\/09\/gyc-5-dsc-1045.jpeg 779w, https:\/\/interamerica.org\/wp-content\/uploads\/2023\/09\/gyc-5-dsc-1045-300x257.jpeg 300w, https:\/\/interamerica.org\/wp-content\/uploads\/2023\/09\/gyc-5-dsc-1045-768x658.jpeg 768w\" sizes=\"(max-width: 794px) 100vw, 794px\" \/><p id=\"caption-attachment-103572\" class=\"wp-caption-text\">La presentaci\u00f3n de Justin Kim sobre el santuario atrajo multiples reacciones y pedidos de aclaraciones. [Fotograf\u00eda: Marcos Paseggi, Adventist Review]<\/p><\/div>Kim respondi\u00f3 que hay personas que se han perdido por negar la doctrina del santuario, pero que conocer la doctrina exacta del santuario no significa que una persona se salvar\u00e1.<\/p>\n<p>Al mismo tiempo, enfatiz\u00f3 Kim una vez m\u00e1s, es un tema complicado, pero se basa en una relaci\u00f3n con Cristo. Y explic\u00f3: \u201cEl adventismo comenz\u00f3 con la presuposici\u00f3n de que todos ten\u00edan una relaci\u00f3n con Cristo. Por ello, si alguno de ustedes dice, dame simplemente el m\u00ednimo necesario para ser salvo, es como decirle a mi esposa: \u2018Te amo, pero dame solo la m\u00ednima informaci\u00f3n posible. \u00bfCu\u00e1ndo es tu cumplea\u00f1os? Est\u00e1 bien; es todo lo que quiero saber. No me interesa saber todo lo que est\u00e1s haciendo\u201d.<\/p>\n<p>Llegar a conocer a Cristo por medio de la doctrina del santuario es un proceso de profundizaci\u00f3n, que requiere de tiempo y esfuerzo, dijo Kim. Es fundamental que comprendamos esto al aproximarnos al tema. De otra manera, dijo, \u201ces como salir a la calle y decirle a la gente: \u2018\u00bfQuieren saber m\u00e1s de Jes\u00fas? \u00a1Aqu\u00ed est\u00e1 la doctrina del santuario!\u2019 No funciona de esa manera\u201d.<\/p>\n<p>Kim record\u00f3 a los miembros de GYC Europa que el adventismo provino de otras iglesias cristianas que ya conoc\u00edan a Jes\u00fas. \u201cLos primeros adventistas quer\u00edan alcanzar una comprensi\u00f3n m\u00e1s profunda y m\u00e1s compleja\u201d, dijo. \u201cY por compleja, lo que pas\u00f3 es que se preguntaron: \u2018\u00bfQu\u00e9 es lo que est\u00e1 haciendo Jes\u00fas ahora? \u00bfPor qu\u00e9 todos esos s\u00edmbolos e im\u00e1genes en la Biblia?\u2019 Y porque ten\u00edan una relaci\u00f3n, sintieron que ten\u00edan que profundizar en el tema, para alcanzar una experiencia m\u00e1s profunda\u201d.<\/p>\n<p><div id=\"attachment_103575\" style=\"width: 865px\" class=\"wp-caption aligncenter\"><img loading=\"lazy\" decoding=\"async\" aria-describedby=\"caption-attachment-103575\" class=\" wp-image-103573\" src=\"https:\/\/interamerica.org\/wp-content\/uploads\/2023\/09\/gyc-6-dsc-1052.jpeg\" alt=\"\" width=\"855\" height=\"570\" srcset=\"https:\/\/interamerica.org\/wp-content\/uploads\/2023\/09\/gyc-6-dsc-1052.jpeg 1000w, https:\/\/interamerica.org\/wp-content\/uploads\/2023\/09\/gyc-6-dsc-1052-300x200.jpeg 300w, https:\/\/interamerica.org\/wp-content\/uploads\/2023\/09\/gyc-6-dsc-1052-768x512.jpeg 768w\" sizes=\"(max-width: 855px) 100vw, 855px\" \/><p id=\"caption-attachment-103575\" class=\"wp-caption-text\">Al fin de la presentaci\u00f3n de Justin Kim, varios asistentes permanecieron durante largo tiempo pidiendo informaci\u00f3n adicional sobre la comprensi\u00f3n adventista del santuario b\u00edblico. [Fotograf\u00eda: Marcos Paseggi, Adventist Review]<\/p><\/div>Contra ese trasfondo, el error que un adventista del s\u00e9ptimo d\u00eda puede hacer es decir: \u201cPorque yo tuve esa experiencia, quiero que usted tambi\u00e9n tenga esa experiencia sin primero encontrase con Cristo\u201d, dijo Kim. \u201cEntonces, \u00bfes este mensaje para todos? \u00a1No! Las personas tienen primero que conocer a Jes\u00fas. Pero creo que, por medio del santuario, podr\u00e1n entender mejor a Cristo\u201d.<\/p>\n<p>Generation. Youth. Christ. (GYC) es una organizaci\u00f3n dirigida por j\u00f3venes que apoya la misi\u00f3n espiritual de la Iglesia Adventista del S\u00e9ptimo D\u00eda pero que es un ministerio de apoyo independiente que no est\u00e1 controlado o legalmente afiliado a la iglesia.<\/p>\n<p>Traducci\u00f3n de Marcos Paseggi<\/p>\n","protected":false},"excerpt":{"rendered":"<p>L\u00edder explica por qu\u00e9 es importante que los adventistas profundicen sobre el tema. 19 de septiembre de 2023 | Riga, Letonia | Marcos Paseggi, Adventist Review \u201cEl prop\u00f3sito de esta&#8230;<\/p>\n","protected":false},"author":3,"featured_media":103559,"comment_status":"closed","ping_status":"closed","sticky":false,"template":"","format":"standard","meta":{"_acf_changed":false,"footnotes":""},"categories":[14,15],"tags":[],"class_list":["post-103582","post","type-post","status-publish","format-standard","has-post-thumbnail","hentry","category-de-la-iglesia-mundial","category-rss-espanol"],"acf":[],"yoast_head":"<!-- This site is optimized with the Yoast SEO plugin v27.3 - https:\/\/yoast.com\/product\/yoast-seo-wordpress\/ -->\n<title>\u00bfAbrumado por la ense\u00f1anza b\u00edblica sobre el santuario? \u00a1Int\u00e9ntelo otra vez! - Iglesia Adventista del S\u00e9ptimo D\u00eda - Divisi\u00f3n Interamericana<\/title>\n<meta name=\"robots\" content=\"index, follow, max-snippet:-1, max-image-preview:large, max-video-preview:-1\" \/>\n<link rel=\"canonical\" href=\"https:\/\/interamerica.org\/es\/2023\/09\/abrumado-por-la-ensenanza-biblica-sobre-el-santuario-intentelo-otra-vez\/\" \/>\n<meta property=\"og:locale\" content=\"es_ES\" \/>\n<meta property=\"og:type\" content=\"article\" \/>\n<meta property=\"og:title\" content=\"\u00bfAbrumado por la ense\u00f1anza b\u00edblica sobre el santuario? \u00a1Int\u00e9ntelo otra vez! - Iglesia Adventista del S\u00e9ptimo D\u00eda - Divisi\u00f3n Interamericana\" \/>\n<meta property=\"og:description\" content=\"L\u00edder explica por qu\u00e9 es importante que los adventistas profundicen sobre el tema. 19 de septiembre de 2023 | Riga, Letonia | Marcos Paseggi, Adventist Review \u201cEl prop\u00f3sito de esta...\" \/>\n<meta property=\"og:url\" content=\"https:\/\/interamerica.org\/es\/2023\/09\/abrumado-por-la-ensenanza-biblica-sobre-el-santuario-intentelo-otra-vez\/\" \/>\n<meta property=\"og:site_name\" content=\"Iglesia Adventista del S\u00e9ptimo D\u00eda - Divisi\u00f3n Interamericana\" \/>\n<meta property=\"article:published_time\" content=\"2023-09-20T02:52:47+00:00\" \/>\n<meta property=\"article:modified_time\" content=\"2023-09-20T13:43:54+00:00\" \/>\n<meta property=\"og:image\" content=\"https:\/\/interamerica.org\/wp-content\/uploads\/2023\/09\/gyc-sanctuary.jpeg\" \/>\n\t<meta property=\"og:image:width\" content=\"1000\" \/>\n\t<meta property=\"og:image:height\" content=\"667\" \/>\n\t<meta property=\"og:image:type\" content=\"image\/jpeg\" \/>\n<meta name=\"author\" content=\"libna\" \/>\n<meta name=\"twitter:card\" content=\"summary_large_image\" \/>\n<meta name=\"twitter:label1\" content=\"Escrito por\" \/>\n\t<meta name=\"twitter:data1\" content=\"libna\" \/>\n\t<meta name=\"twitter:label2\" content=\"Tiempo de lectura\" \/>\n\t<meta name=\"twitter:data2\" content=\"11 minutos\" \/>\n<script type=\"application\/ld+json\" class=\"yoast-schema-graph\">{\"@context\":\"https:\\\/\\\/schema.org\",\"@graph\":[{\"@type\":\"Article\",\"@id\":\"https:\\\/\\\/interamerica.org\\\/es\\\/2023\\\/09\\\/abrumado-por-la-ensenanza-biblica-sobre-el-santuario-intentelo-otra-vez\\\/#article\",\"isPartOf\":{\"@id\":\"https:\\\/\\\/interamerica.org\\\/es\\\/2023\\\/09\\\/abrumado-por-la-ensenanza-biblica-sobre-el-santuario-intentelo-otra-vez\\\/\"},\"author\":{\"name\":\"libna\",\"@id\":\"https:\\\/\\\/interamerica.org\\\/es\\\/#\\\/schema\\\/person\\\/29998f2bc2d8bd0d38662909289b54f1\"},\"headline\":\"\u00bfAbrumado por la ense\u00f1anza b\u00edblica sobre el santuario? \u00a1Int\u00e9ntelo otra vez!\",\"datePublished\":\"2023-09-20T02:52:47+00:00\",\"dateModified\":\"2023-09-20T13:43:54+00:00\",\"mainEntityOfPage\":{\"@id\":\"https:\\\/\\\/interamerica.org\\\/es\\\/2023\\\/09\\\/abrumado-por-la-ensenanza-biblica-sobre-el-santuario-intentelo-otra-vez\\\/\"},\"wordCount\":2256,\"image\":{\"@id\":\"https:\\\/\\\/interamerica.org\\\/es\\\/2023\\\/09\\\/abrumado-por-la-ensenanza-biblica-sobre-el-santuario-intentelo-otra-vez\\\/#primaryimage\"},\"thumbnailUrl\":\"https:\\\/\\\/interamerica.org\\\/wp-content\\\/uploads\\\/2023\\\/09\\\/gyc-sanctuary.jpeg\",\"articleSection\":[\"Desde la iglesia mundial\",\"RSS Espa\u00f1ol\"],\"inLanguage\":\"es\"},{\"@type\":\"WebPage\",\"@id\":\"https:\\\/\\\/interamerica.org\\\/es\\\/2023\\\/09\\\/abrumado-por-la-ensenanza-biblica-sobre-el-santuario-intentelo-otra-vez\\\/\",\"url\":\"https:\\\/\\\/interamerica.org\\\/es\\\/2023\\\/09\\\/abrumado-por-la-ensenanza-biblica-sobre-el-santuario-intentelo-otra-vez\\\/\",\"name\":\"\u00bfAbrumado por la ense\u00f1anza b\u00edblica sobre el santuario? \u00a1Int\u00e9ntelo otra vez! - Iglesia Adventista del S\u00e9ptimo D\u00eda - Divisi\u00f3n Interamericana\",\"isPartOf\":{\"@id\":\"https:\\\/\\\/interamerica.org\\\/es\\\/#website\"},\"primaryImageOfPage\":{\"@id\":\"https:\\\/\\\/interamerica.org\\\/es\\\/2023\\\/09\\\/abrumado-por-la-ensenanza-biblica-sobre-el-santuario-intentelo-otra-vez\\\/#primaryimage\"},\"image\":{\"@id\":\"https:\\\/\\\/interamerica.org\\\/es\\\/2023\\\/09\\\/abrumado-por-la-ensenanza-biblica-sobre-el-santuario-intentelo-otra-vez\\\/#primaryimage\"},\"thumbnailUrl\":\"https:\\\/\\\/interamerica.org\\\/wp-content\\\/uploads\\\/2023\\\/09\\\/gyc-sanctuary.jpeg\",\"datePublished\":\"2023-09-20T02:52:47+00:00\",\"dateModified\":\"2023-09-20T13:43:54+00:00\",\"author\":{\"@id\":\"https:\\\/\\\/interamerica.org\\\/es\\\/#\\\/schema\\\/person\\\/29998f2bc2d8bd0d38662909289b54f1\"},\"breadcrumb\":{\"@id\":\"https:\\\/\\\/interamerica.org\\\/es\\\/2023\\\/09\\\/abrumado-por-la-ensenanza-biblica-sobre-el-santuario-intentelo-otra-vez\\\/#breadcrumb\"},\"inLanguage\":\"es\",\"potentialAction\":[{\"@type\":\"ReadAction\",\"target\":[\"https:\\\/\\\/interamerica.org\\\/es\\\/2023\\\/09\\\/abrumado-por-la-ensenanza-biblica-sobre-el-santuario-intentelo-otra-vez\\\/\"]}]},{\"@type\":\"ImageObject\",\"inLanguage\":\"es\",\"@id\":\"https:\\\/\\\/interamerica.org\\\/es\\\/2023\\\/09\\\/abrumado-por-la-ensenanza-biblica-sobre-el-santuario-intentelo-otra-vez\\\/#primaryimage\",\"url\":\"https:\\\/\\\/interamerica.org\\\/wp-content\\\/uploads\\\/2023\\\/09\\\/gyc-sanctuary.jpeg\",\"contentUrl\":\"https:\\\/\\\/interamerica.org\\\/wp-content\\\/uploads\\\/2023\\\/09\\\/gyc-sanctuary.jpeg\",\"width\":1000,\"height\":667,\"caption\":\"Adventist Review\\\/Adventist World executive editor Justin Kim presents on the biblical doctrine of the sanctuary at the GYC Europe convention in Riga, Latvia, in August. [Photo: Marcos Paseggi, Adventist Review]\"},{\"@type\":\"BreadcrumbList\",\"@id\":\"https:\\\/\\\/interamerica.org\\\/es\\\/2023\\\/09\\\/abrumado-por-la-ensenanza-biblica-sobre-el-santuario-intentelo-otra-vez\\\/#breadcrumb\",\"itemListElement\":[{\"@type\":\"ListItem\",\"position\":1,\"name\":\"Home\",\"item\":\"https:\\\/\\\/interamerica.org\\\/es\\\/\"},{\"@type\":\"ListItem\",\"position\":2,\"name\":\"\u00bfAbrumado por la ense\u00f1anza b\u00edblica sobre el santuario? \u00a1Int\u00e9ntelo otra vez!\"}]},{\"@type\":\"WebSite\",\"@id\":\"https:\\\/\\\/interamerica.org\\\/es\\\/#website\",\"url\":\"https:\\\/\\\/interamerica.org\\\/es\\\/\",\"name\":\"Iglesia Adventista del S\u00e9ptimo D\u00eda - Divisi\u00f3n Interamericana\",\"description\":\"\",\"potentialAction\":[{\"@type\":\"SearchAction\",\"target\":{\"@type\":\"EntryPoint\",\"urlTemplate\":\"https:\\\/\\\/interamerica.org\\\/es\\\/?s={search_term_string}\"},\"query-input\":{\"@type\":\"PropertyValueSpecification\",\"valueRequired\":true,\"valueName\":\"search_term_string\"}}],\"inLanguage\":\"es\"},{\"@type\":\"Person\",\"@id\":\"https:\\\/\\\/interamerica.org\\\/es\\\/#\\\/schema\\\/person\\\/29998f2bc2d8bd0d38662909289b54f1\",\"name\":\"libna\",\"image\":{\"@type\":\"ImageObject\",\"inLanguage\":\"es\",\"@id\":\"https:\\\/\\\/secure.gravatar.com\\\/avatar\\\/7c5bd30ae4b47a9ba3c856590957fd1d96dc588bf3ac05719d247e126840331f?s=96&d=mm&r=g\",\"url\":\"https:\\\/\\\/secure.gravatar.com\\\/avatar\\\/7c5bd30ae4b47a9ba3c856590957fd1d96dc588bf3ac05719d247e126840331f?s=96&d=mm&r=g\",\"contentUrl\":\"https:\\\/\\\/secure.gravatar.com\\\/avatar\\\/7c5bd30ae4b47a9ba3c856590957fd1d96dc588bf3ac05719d247e126840331f?s=96&d=mm&r=g\",\"caption\":\"libna\"}}]}<\/script>\n<!-- \/ Yoast SEO plugin. -->","yoast_head_json":{"title":"\u00bfAbrumado por la ense\u00f1anza b\u00edblica sobre el santuario? \u00a1Int\u00e9ntelo otra vez! - Iglesia Adventista del S\u00e9ptimo D\u00eda - Divisi\u00f3n Interamericana","robots":{"index":"index","follow":"follow","max-snippet":"max-snippet:-1","max-image-preview":"max-image-preview:large","max-video-preview":"max-video-preview:-1"},"canonical":"https:\/\/interamerica.org\/es\/2023\/09\/abrumado-por-la-ensenanza-biblica-sobre-el-santuario-intentelo-otra-vez\/","og_locale":"es_ES","og_type":"article","og_title":"\u00bfAbrumado por la ense\u00f1anza b\u00edblica sobre el santuario? \u00a1Int\u00e9ntelo otra vez! - Iglesia Adventista del S\u00e9ptimo D\u00eda - Divisi\u00f3n Interamericana","og_description":"L\u00edder explica por qu\u00e9 es importante que los adventistas profundicen sobre el tema. 19 de septiembre de 2023 | Riga, Letonia | Marcos Paseggi, Adventist Review \u201cEl prop\u00f3sito de esta...","og_url":"https:\/\/interamerica.org\/es\/2023\/09\/abrumado-por-la-ensenanza-biblica-sobre-el-santuario-intentelo-otra-vez\/","og_site_name":"Iglesia Adventista del S\u00e9ptimo D\u00eda - Divisi\u00f3n Interamericana","article_published_time":"2023-09-20T02:52:47+00:00","article_modified_time":"2023-09-20T13:43:54+00:00","og_image":[{"width":1000,"height":667,"url":"https:\/\/interamerica.org\/wp-content\/uploads\/2023\/09\/gyc-sanctuary.jpeg","type":"image\/jpeg"}],"author":"libna","twitter_card":"summary_large_image","twitter_misc":{"Escrito por":"libna","Tiempo de lectura":"11 minutos"},"schema":{"@context":"https:\/\/schema.org","@graph":[{"@type":"Article","@id":"https:\/\/interamerica.org\/es\/2023\/09\/abrumado-por-la-ensenanza-biblica-sobre-el-santuario-intentelo-otra-vez\/#article","isPartOf":{"@id":"https:\/\/interamerica.org\/es\/2023\/09\/abrumado-por-la-ensenanza-biblica-sobre-el-santuario-intentelo-otra-vez\/"},"author":{"name":"libna","@id":"https:\/\/interamerica.org\/es\/#\/schema\/person\/29998f2bc2d8bd0d38662909289b54f1"},"headline":"\u00bfAbrumado por la ense\u00f1anza b\u00edblica sobre el santuario? \u00a1Int\u00e9ntelo otra vez!","datePublished":"2023-09-20T02:52:47+00:00","dateModified":"2023-09-20T13:43:54+00:00","mainEntityOfPage":{"@id":"https:\/\/interamerica.org\/es\/2023\/09\/abrumado-por-la-ensenanza-biblica-sobre-el-santuario-intentelo-otra-vez\/"},"wordCount":2256,"image":{"@id":"https:\/\/interamerica.org\/es\/2023\/09\/abrumado-por-la-ensenanza-biblica-sobre-el-santuario-intentelo-otra-vez\/#primaryimage"},"thumbnailUrl":"https:\/\/interamerica.org\/wp-content\/uploads\/2023\/09\/gyc-sanctuary.jpeg","articleSection":["Desde la iglesia mundial","RSS Espa\u00f1ol"],"inLanguage":"es"},{"@type":"WebPage","@id":"https:\/\/interamerica.org\/es\/2023\/09\/abrumado-por-la-ensenanza-biblica-sobre-el-santuario-intentelo-otra-vez\/","url":"https:\/\/interamerica.org\/es\/2023\/09\/abrumado-por-la-ensenanza-biblica-sobre-el-santuario-intentelo-otra-vez\/","name":"\u00bfAbrumado por la ense\u00f1anza b\u00edblica sobre el santuario? \u00a1Int\u00e9ntelo otra vez! - Iglesia Adventista del S\u00e9ptimo D\u00eda - Divisi\u00f3n Interamericana","isPartOf":{"@id":"https:\/\/interamerica.org\/es\/#website"},"primaryImageOfPage":{"@id":"https:\/\/interamerica.org\/es\/2023\/09\/abrumado-por-la-ensenanza-biblica-sobre-el-santuario-intentelo-otra-vez\/#primaryimage"},"image":{"@id":"https:\/\/interamerica.org\/es\/2023\/09\/abrumado-por-la-ensenanza-biblica-sobre-el-santuario-intentelo-otra-vez\/#primaryimage"},"thumbnailUrl":"https:\/\/interamerica.org\/wp-content\/uploads\/2023\/09\/gyc-sanctuary.jpeg","datePublished":"2023-09-20T02:52:47+00:00","dateModified":"2023-09-20T13:43:54+00:00","author":{"@id":"https:\/\/interamerica.org\/es\/#\/schema\/person\/29998f2bc2d8bd0d38662909289b54f1"},"breadcrumb":{"@id":"https:\/\/interamerica.org\/es\/2023\/09\/abrumado-por-la-ensenanza-biblica-sobre-el-santuario-intentelo-otra-vez\/#breadcrumb"},"inLanguage":"es","potentialAction":[{"@type":"ReadAction","target":["https:\/\/interamerica.org\/es\/2023\/09\/abrumado-por-la-ensenanza-biblica-sobre-el-santuario-intentelo-otra-vez\/"]}]},{"@type":"ImageObject","inLanguage":"es","@id":"https:\/\/interamerica.org\/es\/2023\/09\/abrumado-por-la-ensenanza-biblica-sobre-el-santuario-intentelo-otra-vez\/#primaryimage","url":"https:\/\/interamerica.org\/wp-content\/uploads\/2023\/09\/gyc-sanctuary.jpeg","contentUrl":"https:\/\/interamerica.org\/wp-content\/uploads\/2023\/09\/gyc-sanctuary.jpeg","width":1000,"height":667,"caption":"Adventist Review\/Adventist World executive editor Justin Kim presents on the biblical doctrine of the sanctuary at the GYC Europe convention in Riga, Latvia, in August. [Photo: Marcos Paseggi, Adventist Review]"},{"@type":"BreadcrumbList","@id":"https:\/\/interamerica.org\/es\/2023\/09\/abrumado-por-la-ensenanza-biblica-sobre-el-santuario-intentelo-otra-vez\/#breadcrumb","itemListElement":[{"@type":"ListItem","position":1,"name":"Home","item":"https:\/\/interamerica.org\/es\/"},{"@type":"ListItem","position":2,"name":"\u00bfAbrumado por la ense\u00f1anza b\u00edblica sobre el santuario? \u00a1Int\u00e9ntelo otra vez!"}]},{"@type":"WebSite","@id":"https:\/\/interamerica.org\/es\/#website","url":"https:\/\/interamerica.org\/es\/","name":"Iglesia Adventista del S\u00e9ptimo D\u00eda - Divisi\u00f3n Interamericana","description":"","potentialAction":[{"@type":"SearchAction","target":{"@type":"EntryPoint","urlTemplate":"https:\/\/interamerica.org\/es\/?s={search_term_string}"},"query-input":{"@type":"PropertyValueSpecification","valueRequired":true,"valueName":"search_term_string"}}],"inLanguage":"es"},{"@type":"Person","@id":"https:\/\/interamerica.org\/es\/#\/schema\/person\/29998f2bc2d8bd0d38662909289b54f1","name":"libna","image":{"@type":"ImageObject","inLanguage":"es","@id":"https:\/\/secure.gravatar.com\/avatar\/7c5bd30ae4b47a9ba3c856590957fd1d96dc588bf3ac05719d247e126840331f?s=96&d=mm&r=g","url":"https:\/\/secure.gravatar.com\/avatar\/7c5bd30ae4b47a9ba3c856590957fd1d96dc588bf3ac05719d247e126840331f?s=96&d=mm&r=g","contentUrl":"https:\/\/secure.gravatar.com\/avatar\/7c5bd30ae4b47a9ba3c856590957fd1d96dc588bf3ac05719d247e126840331f?s=96&d=mm&r=g","caption":"libna"}}]}},"_links":{"self":[{"href":"https:\/\/interamerica.org\/es\/wp-json\/wp\/v2\/posts\/103582","targetHints":{"allow":["GET"]}}],"collection":[{"href":"https:\/\/interamerica.org\/es\/wp-json\/wp\/v2\/posts"}],"about":[{"href":"https:\/\/interamerica.org\/es\/wp-json\/wp\/v2\/types\/post"}],"author":[{"embeddable":true,"href":"https:\/\/interamerica.org\/es\/wp-json\/wp\/v2\/users\/3"}],"replies":[{"embeddable":true,"href":"https:\/\/interamerica.org\/es\/wp-json\/wp\/v2\/comments?post=103582"}],"version-history":[{"count":0,"href":"https:\/\/interamerica.org\/es\/wp-json\/wp\/v2\/posts\/103582\/revisions"}],"wp:featuredmedia":[{"embeddable":true,"href":"https:\/\/interamerica.org\/es\/wp-json\/wp\/v2\/media\/103559"}],"wp:attachment":[{"href":"https:\/\/interamerica.org\/es\/wp-json\/wp\/v2\/media?parent=103582"}],"wp:term":[{"taxonomy":"category","embeddable":true,"href":"https:\/\/interamerica.org\/es\/wp-json\/wp\/v2\/categories?post=103582"},{"taxonomy":"post_tag","embeddable":true,"href":"https:\/\/interamerica.org\/es\/wp-json\/wp\/v2\/tags?post=103582"}],"curies":[{"name":"wp","href":"https:\/\/api.w.org\/{rel}","templated":true}]}}