{"id":10375,"date":"2004-09-21T00:00:00","date_gmt":"2004-09-21T04:00:00","guid":{"rendered":"http:\/\/192.81.217.108\/interamerica\/2004\/09\/el-caribe-al-dia-huracan-devasta-jamaica-islas-caiman-y-granada\/"},"modified":"2017-06-02T09:18:41","modified_gmt":"2017-06-02T13:18:41","slug":"el-caribe-al-dia-huracan-devasta-jamaica-islas-caiman-y-granada","status":"publish","type":"post","link":"https:\/\/interamerica.org\/es\/2004\/09\/el-caribe-al-dia-huracan-devasta-jamaica-islas-caiman-y-granada\/","title":{"rendered":"El Caribe Al D\u00eda: Hurac\u00e1n Devasta Jamaica, Islas Caim\u00e1n y Granada"},"content":{"rendered":"<p>Miami, Florida, Estados Unidos . . . [Libna Stevens\/DIA]<\/p>\n<p>El Hurac\u00e1n Ivan azot\u00f3\u00a0al Caribe\u00a0esta semana, destruyendo todo en su trayectoria.\u00a0 La tormenta,\u00a0categor\u00eda cinco,\u00a0dej\u00f3 a\u00a0Granada en caos,\u00a0arraz\u00f3 Jamaica y se estacion\u00f3 sobre las islas\u00a0Caim\u00e1n por m\u00e1s de 15 horas.\u00a0 Para el tiempo cuando Iv\u00e1n sali\u00f3 del Caribe, hab\u00eda reclamado la vida de tres adventistas del s\u00e9ptimo d\u00eda, destruyendo iglesias y escuelas y afectando muchos hogares de miembros de iglesia.<\/p>\n<p>En Jamaica, los embates de fuertes lluvias del hurac\u00e1n dej\u00f3 a un anciano miembro de iglesia muerto por un\u00a0accidente relacionado\u00a0con un generador de energ\u00eda,\u00a0da\u00f1\u00f3\u00a0los techos\u00a0y\/o inund\u00f3 m\u00e1s de 120 edificios de iglesias, cerr\u00f3 la universidad adventista\u00a0por una semana,\u00a0paraliz\u00f3 la\u00a0energ\u00eda y la comunicaci\u00f3n a trav\u00e9s de la isla.<\/p>\n<p>De acuerdo a Leon B. Willington, vice presidente\u00a0de la iglesia en Interam\u00e9rica, qui\u00e9n visit\u00f3 el\u00a0territorio del 17-19 de septiembre, la devastaci\u00f3n de Jamaica fue visible en cada comunidad.<\/p>\n<p>\u00abAlgunos\u00a0edificios de iglesia fueron parcialmente\u00a0demolidos y tuvieron da\u00f1os por las inundaciones\u00bb, dijo Wellington.\u00a0 Las iglesias no afectadas\u00a0est\u00e1n siendo usadas como\u00a0refugios.<\/p>\n<p>La Universidad\u00a0del Caribe\u00a0Norte, que tiene m\u00e1s de 5,000 estudiantes matriculados en todas sus dependencias, sufri\u00f3 da\u00f1os en\u00a0el techo de la\u00a0capilla y secci\u00f3n preescolar,\u00a0y dej\u00f3 a la instituci\u00f3n sin energ\u00eda por una semana.\u00a0 Las clases volvieron a reunirse parcialmente el 19 de septiembre con la ayuda de\u00a0generadores.\u00a0 Se espera que, pronto,\u00a0todas las clases vuelvan a\u00a0su rutina acad\u00e9mica.\u00a0\u00a0<\/p>\n<p>Wellington dice que, a pesar de los efectos del Hurac\u00e1n Iv\u00e1n, la iglesia est\u00e1 trabajando fuerte para proporcionar\u00a0alivio y restaurar\u00a0la vida normal a sus miembros en la comunidad.\u00a0 En un pa\u00eds donde\u00a0uno de\u00a0cada doce\u00a0habitantes es\u00a0adventista, Wellington dice que \u00abla mayor\u00eda de las iglesias\u00a0est\u00e1n siendo usadas como centros de registro para los miembros de la comunidad que necesitan\u00a0ayuda y\u00a0asesoramiento\u00bb.\u00a0 Las iglesias, en cooperaci\u00f3n\u00a0con los esfuerzos de la Agencia de Desarrollo y Servicios Asistenciales en Jamaica, han estado distribuyendo\u00a0agua y\u00a0alimentos a las v\u00edctimas.\u00a0 Los miembros de la iglesia\u00a0est\u00e1n agradecidos\u00a0por haber sido protegidos\u00a0de una\u00a0peor tormenta.<\/p>\n<p>Las Islas Caim\u00e1n fueron azotadas por las r\u00e1fagas de 160 millas por hora del Hurac\u00e1n Iv\u00e1n y lluvias torrenciales por m\u00e1s de 15 horas, el 11 de septiembre, destruyendo hogares de miembros de iglesia e inundando las islas. Diez de las once iglesias adventistas sufrieron da\u00f1os. Afortunadamente, no se informaron muertes entre los adventistas del s\u00e9ptimo d\u00eda, seg\u00fan Jeff Thompson, presidente de la iglesia en las Islas Caim\u00e1n.\u00a0\u00a0<\/p>\n<p>\u00abAlgunas casas estaban sumergidas bajo 20 pies de agua, donde no hab\u00eda\u00a0elevaci\u00f3n. La gente tuvo que subirse a los techos\u00bb, dice Thompson, cuya residencia no escap\u00f3 del hurac\u00e1n.<\/p>\n<p>\u00abTuve que hacer un hueco en el cielo razo de mi casa porque \u00a0el agua nos llegaba sobre la cintura\u00bb, dice Thompson. Su auto se sumergi\u00f3 bajo 8 pies de agua, agrega \u00e9l. No fue s\u00f3lo \u00e9l. Las casas de cada uno de los pastores sufrieron da\u00f1os y las carreteras se inundaron, lo cual complic\u00f3 los esfuerzos para lleger a los miembros de iglesia.<\/p>\n<p>Sin embargo, Thompson se reuni\u00f3 con todos los pastores la semana pasada para evaluar los da\u00f1os y organizar esfuerzos a fin de proveer generadores a todas las iglesias.<\/p>\n<p>Tres iglesias pudieron\u00a0tener sus servicios del s\u00e1bado el 18 de septiembre de 9 a 11 a.m. y los servicios semanales de las noches pronto se iniciar\u00e1n, despu\u00e9s que el toque de queda sea suspendido. Todas las iglesias\u00a0tendr\u00e1n sus servicios de s\u00e1bado para el 25 de septiembre, seg\u00fan Thompson.<\/p>\n<p>La sede de la iglesia en Georgetown, Gran Caim\u00e1n, sufri\u00f3 da\u00f1os m\u00ednimos en su techo, igual la escuela adventista. Aunque la mayor parte de las escuelas del gobierno reiniciar\u00e1n\u00a0actividades en enero, la escuela adventista espera reiniciar su programa regular a mediados de octubre.<\/p>\n<p>Un cargamento con agua, alimentos y materiales de socorro se espera que llegue, m\u00e1s tarde esta semana, proveniente de iglesias adventistas menos afectadas en la isla vecina de Caim\u00e1n Brac, dice Thompson. En camino est\u00e1n, tambi\u00e9n, esfuerzos de ADRA para coordinar la provisi\u00f3n de art\u00edculos necesarios a las v\u00edctimas del hurac\u00e1n. Tambi\u00e9n se han trazado planes para reparar las casas de los miembros de iglesia tan pronto se restaure la energ\u00eda el\u00e9ctrica.<\/p>\n<p>Granada, la isla\u00a0m\u00e1s\u00a0golpeada al comienzo de\u00a0mes (vea la historia completa del 14 de septiembre), a\u00fan permanece con m\u00ednima cantidad de agua fluyendo y nada de energ\u00eda el\u00e9ctrica. El gobierno a\u00fan mantiene el toque de queda de las 5:00 de la tarde, cada noche, y a las islas circunvecinas es a\u00fan dif\u00edcil de llegar debido a\u00a0los escombros.<\/p>\n<p>Las agencias de ADRA en el Caribe y Granada han estado desarrollando una serie de\u00a0esfuerzos de socorro a fin de asegurar que la gente recibe el agua y los alimentos necesarios.\u00a0Contin\u00faan los esfuerzos de socorro hacia la isla.<\/p>\n<p>Otras islas del Caribe, como Cuba, han sido afectadas por los huracanes Frances e Iv\u00e1n durante las \u00faltimas semanas.\u00a0 M\u00e1s desastres golpearon a Hait\u00ed ayer por las inundaciones de la Tormenta Tropical Jeanne, que abati\u00f3\u00a0a Puerto Rico y\u00a0Rep\u00fablica Dominicana, igualmente. La temporada de huracanes no termina oficialmente hasta el final de noviembre.<\/p>\n<p>Para m\u00e1s informaci\u00f3n sobre c\u00f3mo ayudar las v\u00edctimas de los recientes huracanes en el territorio de la Divisi\u00f3n Interamericana, llame al tel\u00e9fono n\u00famero 305-403-4700, o visite <a  href=\"http:\/\/www.adra.org\">www.adra.org<\/a>.<\/p>\n","protected":false},"excerpt":{"rendered":"<p>El Hurac\u00e1n Ivan azot\u00f3\u00a0al Caribe\u00a0esta semana, destruyendo todo en su trayectoria.\u00a0 La tormenta,\u00a0categor\u00eda cinco,\u00a0dej\u00f3\u00a0a Granada en un caos,\u00a0arraz\u00f3 a Jamaica y se estacion\u00f3 sobre las Islas\u00a0Caim\u00e1n por m\u00e1s de 15 horas.<\/p>\n","protected":false},"author":1,"featured_media":0,"comment_status":"closed","ping_status":"closed","sticky":false,"template":"","format":"standard","meta":{"_acf_changed":false,"footnotes":""},"categories":[8],"tags":[],"class_list":["post-10375","post","type-post","status-publish","format-standard","hentry","category-archivo"],"acf":[],"yoast_head":"<!-- This site is optimized with the Yoast SEO plugin v27.3 - https:\/\/yoast.com\/product\/yoast-seo-wordpress\/ -->\n<title>El Caribe Al D\u00eda: Hurac\u00e1n Devasta Jamaica, Islas Caim\u00e1n y Granada - Iglesia Adventista del S\u00e9ptimo D\u00eda - Divisi\u00f3n Interamericana<\/title>\n<meta name=\"robots\" content=\"index, follow, max-snippet:-1, max-image-preview:large, max-video-preview:-1\" \/>\n<link rel=\"canonical\" href=\"https:\/\/interamerica.org\/es\/2004\/09\/el-caribe-al-dia-huracan-devasta-jamaica-islas-caiman-y-granada\/\" \/>\n<meta property=\"og:locale\" content=\"es_ES\" \/>\n<meta property=\"og:type\" content=\"article\" \/>\n<meta property=\"og:title\" content=\"El Caribe Al D\u00eda: Hurac\u00e1n Devasta Jamaica, Islas Caim\u00e1n y Granada - Iglesia Adventista del S\u00e9ptimo D\u00eda - Divisi\u00f3n Interamericana\" \/>\n<meta property=\"og:description\" content=\"El Hurac\u00e1n Ivan azot\u00f3\u00a0al Caribe\u00a0esta semana, destruyendo todo en su trayectoria.\u00a0 La tormenta,\u00a0categor\u00eda cinco,\u00a0dej\u00f3\u00a0a Granada en un caos,\u00a0arraz\u00f3 a Jamaica y se estacion\u00f3 sobre las Islas\u00a0Caim\u00e1n por m\u00e1s de 15 horas.\" \/>\n<meta property=\"og:url\" content=\"https:\/\/interamerica.org\/es\/2004\/09\/el-caribe-al-dia-huracan-devasta-jamaica-islas-caiman-y-granada\/\" \/>\n<meta property=\"og:site_name\" content=\"Iglesia Adventista del S\u00e9ptimo D\u00eda - Divisi\u00f3n Interamericana\" \/>\n<meta property=\"article:published_time\" content=\"2004-09-21T04:00:00+00:00\" \/>\n<meta property=\"article:modified_time\" content=\"2017-06-02T13:18:41+00:00\" \/>\n<meta name=\"author\" content=\"Lorenzo Verduzco\" \/>\n<meta name=\"twitter:card\" content=\"summary_large_image\" \/>\n<meta name=\"twitter:label1\" content=\"Escrito por\" \/>\n\t<meta name=\"twitter:data1\" content=\"Lorenzo Verduzco\" \/>\n\t<meta name=\"twitter:label2\" content=\"Tiempo de lectura\" \/>\n\t<meta name=\"twitter:data2\" content=\"5 minutos\" \/>\n<script type=\"application\/ld+json\" class=\"yoast-schema-graph\">{\"@context\":\"https:\\\/\\\/schema.org\",\"@graph\":[{\"@type\":\"Article\",\"@id\":\"https:\\\/\\\/interamerica.org\\\/es\\\/2004\\\/09\\\/el-caribe-al-dia-huracan-devasta-jamaica-islas-caiman-y-granada\\\/#article\",\"isPartOf\":{\"@id\":\"https:\\\/\\\/interamerica.org\\\/es\\\/2004\\\/09\\\/el-caribe-al-dia-huracan-devasta-jamaica-islas-caiman-y-granada\\\/\"},\"author\":{\"name\":\"Lorenzo Verduzco\",\"@id\":\"https:\\\/\\\/interamerica.org\\\/es\\\/#\\\/schema\\\/person\\\/68ede8bdc292885bb76c1e3810e73c39\"},\"headline\":\"El Caribe Al D\u00eda: Hurac\u00e1n Devasta Jamaica, Islas Caim\u00e1n y Granada\",\"datePublished\":\"2004-09-21T04:00:00+00:00\",\"dateModified\":\"2017-06-02T13:18:41+00:00\",\"mainEntityOfPage\":{\"@id\":\"https:\\\/\\\/interamerica.org\\\/es\\\/2004\\\/09\\\/el-caribe-al-dia-huracan-devasta-jamaica-islas-caiman-y-granada\\\/\"},\"wordCount\":983,\"articleSection\":[\"Archivo\"],\"inLanguage\":\"es\"},{\"@type\":\"WebPage\",\"@id\":\"https:\\\/\\\/interamerica.org\\\/es\\\/2004\\\/09\\\/el-caribe-al-dia-huracan-devasta-jamaica-islas-caiman-y-granada\\\/\",\"url\":\"https:\\\/\\\/interamerica.org\\\/es\\\/2004\\\/09\\\/el-caribe-al-dia-huracan-devasta-jamaica-islas-caiman-y-granada\\\/\",\"name\":\"El Caribe Al D\u00eda: Hurac\u00e1n Devasta Jamaica, Islas Caim\u00e1n y Granada - Iglesia Adventista del S\u00e9ptimo D\u00eda - Divisi\u00f3n Interamericana\",\"isPartOf\":{\"@id\":\"https:\\\/\\\/interamerica.org\\\/es\\\/#website\"},\"datePublished\":\"2004-09-21T04:00:00+00:00\",\"dateModified\":\"2017-06-02T13:18:41+00:00\",\"author\":{\"@id\":\"https:\\\/\\\/interamerica.org\\\/es\\\/#\\\/schema\\\/person\\\/68ede8bdc292885bb76c1e3810e73c39\"},\"breadcrumb\":{\"@id\":\"https:\\\/\\\/interamerica.org\\\/es\\\/2004\\\/09\\\/el-caribe-al-dia-huracan-devasta-jamaica-islas-caiman-y-granada\\\/#breadcrumb\"},\"inLanguage\":\"es\",\"potentialAction\":[{\"@type\":\"ReadAction\",\"target\":[\"https:\\\/\\\/interamerica.org\\\/es\\\/2004\\\/09\\\/el-caribe-al-dia-huracan-devasta-jamaica-islas-caiman-y-granada\\\/\"]}]},{\"@type\":\"BreadcrumbList\",\"@id\":\"https:\\\/\\\/interamerica.org\\\/es\\\/2004\\\/09\\\/el-caribe-al-dia-huracan-devasta-jamaica-islas-caiman-y-granada\\\/#breadcrumb\",\"itemListElement\":[{\"@type\":\"ListItem\",\"position\":1,\"name\":\"Home\",\"item\":\"https:\\\/\\\/interamerica.org\\\/es\\\/\"},{\"@type\":\"ListItem\",\"position\":2,\"name\":\"El Caribe Al D\u00eda: Hurac\u00e1n Devasta Jamaica, Islas Caim\u00e1n y Granada\"}]},{\"@type\":\"WebSite\",\"@id\":\"https:\\\/\\\/interamerica.org\\\/es\\\/#website\",\"url\":\"https:\\\/\\\/interamerica.org\\\/es\\\/\",\"name\":\"Iglesia Adventista del S\u00e9ptimo D\u00eda - Divisi\u00f3n Interamericana\",\"description\":\"\",\"potentialAction\":[{\"@type\":\"SearchAction\",\"target\":{\"@type\":\"EntryPoint\",\"urlTemplate\":\"https:\\\/\\\/interamerica.org\\\/es\\\/?s={search_term_string}\"},\"query-input\":{\"@type\":\"PropertyValueSpecification\",\"valueRequired\":true,\"valueName\":\"search_term_string\"}}],\"inLanguage\":\"es\"},{\"@type\":\"Person\",\"@id\":\"https:\\\/\\\/interamerica.org\\\/es\\\/#\\\/schema\\\/person\\\/68ede8bdc292885bb76c1e3810e73c39\",\"name\":\"Lorenzo Verduzco\",\"image\":{\"@type\":\"ImageObject\",\"inLanguage\":\"es\",\"@id\":\"https:\\\/\\\/secure.gravatar.com\\\/avatar\\\/fb81a55b6218459490a9c1dc841a34909185b81904c5337b4b27f7a6fd60c49e?s=96&d=mm&r=g\",\"url\":\"https:\\\/\\\/secure.gravatar.com\\\/avatar\\\/fb81a55b6218459490a9c1dc841a34909185b81904c5337b4b27f7a6fd60c49e?s=96&d=mm&r=g\",\"contentUrl\":\"https:\\\/\\\/secure.gravatar.com\\\/avatar\\\/fb81a55b6218459490a9c1dc841a34909185b81904c5337b4b27f7a6fd60c49e?s=96&d=mm&r=g\",\"caption\":\"Lorenzo Verduzco\"}}]}<\/script>\n<!-- \/ Yoast SEO plugin. -->","yoast_head_json":{"title":"El Caribe Al D\u00eda: Hurac\u00e1n Devasta Jamaica, Islas Caim\u00e1n y Granada - Iglesia Adventista del S\u00e9ptimo D\u00eda - Divisi\u00f3n Interamericana","robots":{"index":"index","follow":"follow","max-snippet":"max-snippet:-1","max-image-preview":"max-image-preview:large","max-video-preview":"max-video-preview:-1"},"canonical":"https:\/\/interamerica.org\/es\/2004\/09\/el-caribe-al-dia-huracan-devasta-jamaica-islas-caiman-y-granada\/","og_locale":"es_ES","og_type":"article","og_title":"El Caribe Al D\u00eda: Hurac\u00e1n Devasta Jamaica, Islas Caim\u00e1n y Granada - Iglesia Adventista del S\u00e9ptimo D\u00eda - Divisi\u00f3n Interamericana","og_description":"El Hurac\u00e1n Ivan azot\u00f3\u00a0al Caribe\u00a0esta semana, destruyendo todo en su trayectoria.\u00a0 La tormenta,\u00a0categor\u00eda cinco,\u00a0dej\u00f3\u00a0a Granada en un caos,\u00a0arraz\u00f3 a Jamaica y se estacion\u00f3 sobre las Islas\u00a0Caim\u00e1n por m\u00e1s de 15 horas.","og_url":"https:\/\/interamerica.org\/es\/2004\/09\/el-caribe-al-dia-huracan-devasta-jamaica-islas-caiman-y-granada\/","og_site_name":"Iglesia Adventista del S\u00e9ptimo D\u00eda - Divisi\u00f3n Interamericana","article_published_time":"2004-09-21T04:00:00+00:00","article_modified_time":"2017-06-02T13:18:41+00:00","author":"Lorenzo Verduzco","twitter_card":"summary_large_image","twitter_misc":{"Escrito por":"Lorenzo Verduzco","Tiempo de lectura":"5 minutos"},"schema":{"@context":"https:\/\/schema.org","@graph":[{"@type":"Article","@id":"https:\/\/interamerica.org\/es\/2004\/09\/el-caribe-al-dia-huracan-devasta-jamaica-islas-caiman-y-granada\/#article","isPartOf":{"@id":"https:\/\/interamerica.org\/es\/2004\/09\/el-caribe-al-dia-huracan-devasta-jamaica-islas-caiman-y-granada\/"},"author":{"name":"Lorenzo Verduzco","@id":"https:\/\/interamerica.org\/es\/#\/schema\/person\/68ede8bdc292885bb76c1e3810e73c39"},"headline":"El Caribe Al D\u00eda: Hurac\u00e1n Devasta Jamaica, Islas Caim\u00e1n y Granada","datePublished":"2004-09-21T04:00:00+00:00","dateModified":"2017-06-02T13:18:41+00:00","mainEntityOfPage":{"@id":"https:\/\/interamerica.org\/es\/2004\/09\/el-caribe-al-dia-huracan-devasta-jamaica-islas-caiman-y-granada\/"},"wordCount":983,"articleSection":["Archivo"],"inLanguage":"es"},{"@type":"WebPage","@id":"https:\/\/interamerica.org\/es\/2004\/09\/el-caribe-al-dia-huracan-devasta-jamaica-islas-caiman-y-granada\/","url":"https:\/\/interamerica.org\/es\/2004\/09\/el-caribe-al-dia-huracan-devasta-jamaica-islas-caiman-y-granada\/","name":"El Caribe Al D\u00eda: Hurac\u00e1n Devasta Jamaica, Islas Caim\u00e1n y Granada - Iglesia Adventista del S\u00e9ptimo D\u00eda - Divisi\u00f3n Interamericana","isPartOf":{"@id":"https:\/\/interamerica.org\/es\/#website"},"datePublished":"2004-09-21T04:00:00+00:00","dateModified":"2017-06-02T13:18:41+00:00","author":{"@id":"https:\/\/interamerica.org\/es\/#\/schema\/person\/68ede8bdc292885bb76c1e3810e73c39"},"breadcrumb":{"@id":"https:\/\/interamerica.org\/es\/2004\/09\/el-caribe-al-dia-huracan-devasta-jamaica-islas-caiman-y-granada\/#breadcrumb"},"inLanguage":"es","potentialAction":[{"@type":"ReadAction","target":["https:\/\/interamerica.org\/es\/2004\/09\/el-caribe-al-dia-huracan-devasta-jamaica-islas-caiman-y-granada\/"]}]},{"@type":"BreadcrumbList","@id":"https:\/\/interamerica.org\/es\/2004\/09\/el-caribe-al-dia-huracan-devasta-jamaica-islas-caiman-y-granada\/#breadcrumb","itemListElement":[{"@type":"ListItem","position":1,"name":"Home","item":"https:\/\/interamerica.org\/es\/"},{"@type":"ListItem","position":2,"name":"El Caribe Al D\u00eda: Hurac\u00e1n Devasta Jamaica, Islas Caim\u00e1n y Granada"}]},{"@type":"WebSite","@id":"https:\/\/interamerica.org\/es\/#website","url":"https:\/\/interamerica.org\/es\/","name":"Iglesia Adventista del S\u00e9ptimo D\u00eda - Divisi\u00f3n Interamericana","description":"","potentialAction":[{"@type":"SearchAction","target":{"@type":"EntryPoint","urlTemplate":"https:\/\/interamerica.org\/es\/?s={search_term_string}"},"query-input":{"@type":"PropertyValueSpecification","valueRequired":true,"valueName":"search_term_string"}}],"inLanguage":"es"},{"@type":"Person","@id":"https:\/\/interamerica.org\/es\/#\/schema\/person\/68ede8bdc292885bb76c1e3810e73c39","name":"Lorenzo Verduzco","image":{"@type":"ImageObject","inLanguage":"es","@id":"https:\/\/secure.gravatar.com\/avatar\/fb81a55b6218459490a9c1dc841a34909185b81904c5337b4b27f7a6fd60c49e?s=96&d=mm&r=g","url":"https:\/\/secure.gravatar.com\/avatar\/fb81a55b6218459490a9c1dc841a34909185b81904c5337b4b27f7a6fd60c49e?s=96&d=mm&r=g","contentUrl":"https:\/\/secure.gravatar.com\/avatar\/fb81a55b6218459490a9c1dc841a34909185b81904c5337b4b27f7a6fd60c49e?s=96&d=mm&r=g","caption":"Lorenzo Verduzco"}}]}},"_links":{"self":[{"href":"https:\/\/interamerica.org\/es\/wp-json\/wp\/v2\/posts\/10375","targetHints":{"allow":["GET"]}}],"collection":[{"href":"https:\/\/interamerica.org\/es\/wp-json\/wp\/v2\/posts"}],"about":[{"href":"https:\/\/interamerica.org\/es\/wp-json\/wp\/v2\/types\/post"}],"author":[{"embeddable":true,"href":"https:\/\/interamerica.org\/es\/wp-json\/wp\/v2\/users\/1"}],"replies":[{"embeddable":true,"href":"https:\/\/interamerica.org\/es\/wp-json\/wp\/v2\/comments?post=10375"}],"version-history":[{"count":0,"href":"https:\/\/interamerica.org\/es\/wp-json\/wp\/v2\/posts\/10375\/revisions"}],"wp:attachment":[{"href":"https:\/\/interamerica.org\/es\/wp-json\/wp\/v2\/media?parent=10375"}],"wp:term":[{"taxonomy":"category","embeddable":true,"href":"https:\/\/interamerica.org\/es\/wp-json\/wp\/v2\/categories?post=10375"},{"taxonomy":"post_tag","embeddable":true,"href":"https:\/\/interamerica.org\/es\/wp-json\/wp\/v2\/tags?post=10375"}],"curies":[{"name":"wp","href":"https:\/\/api.w.org\/{rel}","templated":true}]}}