{"id":103824,"date":"2023-09-27T20:05:26","date_gmt":"2023-09-28T00:05:26","guid":{"rendered":"https:\/\/interamerica.org\/?p=103824"},"modified":"2023-09-28T09:16:12","modified_gmt":"2023-09-28T13:16:12","slug":"cuidadito-mis-ojitos","status":"publish","type":"post","link":"https:\/\/interamerica.org\/es\/2023\/09\/cuidadito-mis-ojitos\/","title":{"rendered":"Cuidadito, mis ojitos"},"content":{"rendered":"<p><strong>El arte de la disciplina propia ante el buf\u00e9 medi\u00e1tico.<\/strong><\/p>\n<p>27 de septiembre de 2023 | Adairsville, Georgia, Estados Unidos |\u00a0Jared Thurmon<\/p>\n<p>Si deseas perturbar la tranquilidad de muchos de los cristianos, preg\u00fantales acerca de su opini\u00f3n sobre aquellas personas que tienen relaciones sexuales con otras del mismo g\u00e9nero. Seguramente se enfurecer\u00e1n y comenzar\u00e1n a discutir sobre cu\u00e1n inmorales son estas relaciones.<\/p>\n<p>Pero, preg\u00fantale a la misma persona acerca de sus sentimientos en relaci\u00f3n con su propia pureza y pr\u00e1cticas sexuales y tal vez puedas observar un tanto de incomodidad.<\/p>\n<p>Es muy f\u00e1cil ver los \u201cpecados\u201d de otras personas y sentirse menos culpable acerca de los propios. Hace ya dos mil a\u00f1os, el Hombre de Nazaret hizo en m\u00faltiples ocasiones algunas puntualizaciones al respecto. Una de las ocasiones m\u00e1s prominentes fue aquella en la que todos los sacerdotes estaban listos para apedrear a una mujer que fue descubierta en el acto de adulterio. Jes\u00fas los escucha, observa las piedras en sus manos y tranquilamente se inclina y comienza a escribir con su dedo sobre el polvo. Uno por uno, estos bien estimados hombres de Israel comienzan a retirarse, mientras sus pecados \u2014me imagino que algunos pecados sexuales\u2014, van quedando escritos en el piso. Entonces Jes\u00fas les presenta un desaf\u00edo: Cualquiera que est\u00e9 sin pecado, siga adelante y arroje la primera piedra sobre esta mujer.<\/p>\n<p>Esta ira de parte de personas religiosas, respecto a los pecados de otras personas, no es una reliquia del pasado. Vemos con frecuencia a l\u00edderes religiosos que expresan su desd\u00e9n por la inmoralidad del mundo actual, solamente para encontrar m\u00e1s tarde que se han \u201censuciado\u201d como aquellos a quienes desprecian.<\/p>\n<p>Pero este art\u00edculo no trata acerca de un llamamiento a la gente para que abandone sus pecados. La intenci\u00f3n es m\u00e1s bien discurrir sobre el autocontrol.<\/p>\n<p>En un mundo en que tenemos a disposici\u00f3n cualquier fantas\u00eda o fijaci\u00f3n sexual con solo pulsar un bot\u00f3n, \u00bfcu\u00e1l puede ser la respuesta a c\u00f3mo encontrar la disciplina para no atiborrarse en el amplio buf\u00e9 licencioso?<\/p>\n<p>La Biblia es muy clara en cuanto a la noci\u00f3n de que el Creador de la humanidad cre\u00f3 los centros de placer de nuestros \u00f3rganos de reproducci\u00f3n. El Dios que deseaba que esta raza de seres sobre la tierra hiciera m\u00e1s seres como ellos a trav\u00e9s de la procreaci\u00f3n, tambi\u00e9n nos dio algunas pautas para mantenernos sanos y sostenibles.<\/p>\n<p>Aun en los mandamientos dados al pie del Sina\u00ed, hay m\u00faltiples mandamientos acerca de la temperancia sexual.<\/p>\n<p>Dice el s\u00e9ptimo mandamiento: No cometer\u00e1s adulterio; en otras palabras, no tengas relaciones sexuales con personas con las que no est\u00e9s casado. Y est\u00e1 tambi\u00e9n el d\u00e9cimo mandamiento que dice: No veas al c\u00f3nyuge de otra persona con el deseo de acostarte con \u00e9l o ella. Jes\u00fas redobl\u00f3 este concepto cuando dijo que cualquiera que mira a una mujer y la codicia, ya ha cometido adulterio con ella en el coraz\u00f3n. No es solamente el acto f\u00edsico que te hace culpable, sino tambi\u00e9n el acto mental.<\/p>\n<p><strong>Mayordom\u00eda y sostenibilidad<\/strong><\/p>\n<p>Personalmente creo que la posici\u00f3n b\u00edblica en relaci\u00f3n con el sexo es una referente a la mayordom\u00eda y la sostenibilidad. La relaci\u00f3n sexual debe ser placentera y tiene el prop\u00f3sito de engendrar m\u00e1s seres humanos. Cuando divorciamos el placer sexual de la santidad de un matrimonio amante, convertimos en un arma aquellas cosas que Dios hizo para bien.<\/p>\n<p>As\u00ed que, para saber qu\u00e9 significa la mayordom\u00eda y la disciplina sexual, debes preguntarte: \u00bfEstoy buscando complacer a la otra persona, o a m\u00ed mismo? \u00bfEst\u00e1 esta relaci\u00f3n dentro de los confines de la din\u00e1mica relacional del Ed\u00e9n entre un hombre y una mujer?<\/p>\n<p>Con todo lo dicho anteriormente, perm\u00edtanme ahora herir tal vez algunas susceptibilidades. Si esos son los criterios e interrogantes, \u00bfqu\u00e9 les parece estar casado con alguien del sexo opuesto , pero todav\u00eda encontrando formas de derivar placer sexual para s\u00ed mismos?<\/p>\n<p>El hecho puede tener diferentes nombres: autocomplacencia, masturbaci\u00f3n, o el t\u00e9rmino que utiliza la autora y pionera del siglo diecinueve, Elena. G. White: abuso de s\u00ed mismo. Esta pr\u00e1ctica se ha vuelto tan com\u00fan, que hay desaf\u00edos en noviembre para pasar todo un mes sin complacerse de esta manera a s\u00ed mismos, llamados Noviembre sin Fap (sin masturbaci\u00f3n). Hay tambi\u00e9n motivadores, tales como Andrew Huberman y Jordan Peterson, que explican en sus <em>podcasts<\/em> todas las razones por las cuales se necesita alejarse de esta pr\u00e1ctica; o, como la llam\u00f3 Elena G. White, de este vicio autodestructivo.<\/p>\n<p>Pero, \u00bfcu\u00e1l es el da\u00f1o? No se est\u00e1 cometiendo adulterio, \u00bfno es cierto? \u00bfCu\u00e1l es entonces el problema?<\/p>\n<p>Para todas las personas solteras que puedan estar por ah\u00ed, la lucha es real; pero, la cada vez mayor evidencia sobre este t\u00f3pico no le brinda apoyo a tal pr\u00e1ctica. Toma por favor de este art\u00edculo todo lo que pueda formar mejores h\u00e1bitos y al\u00e9jate como si fuera de la plaga de aquellos que est\u00e1n tan adictos a eso, que piensas que ya no tienen esperanza.<\/p>\n<p>Para las personas casadas; para aquellas que est\u00e1n luchando con matrimonios sin relaciones sexuales, con matrimonios ego\u00edstas o de alguna manera entre estos dos tipos de matrimonio, este art\u00edculo es primordialmente para ellas.<\/p>\n<p><strong>La importancia de intimidad en el matrimonio<\/strong><\/p>\n<p>El prop\u00f3sito del matrimonio es llegar a ser uno solo. Desde el mismo principio escuchamos las palabras de Dios en el Ed\u00e9n, diciendo: \u201cHagamos al hombre a nuestra imagen\u201d, y entonces vemos creados a un hombre y una mujer. La relaci\u00f3n sexual ha sido descrita como el pegamento que mantiene unido un matrimonio.<\/p>\n<p>La chispa, el romance, la conexi\u00f3n, deben ponerse en marcha seg\u00fan lo podemos observar a trav\u00e9s de las Escrituras y del gran conflicto. La f\u00f3rmula est\u00e1 claramente expresada en el Nuevo Testamento. Dice Efesios 5:25: \u201cEsposos, amen a sus esposas, as\u00ed como Cristo am\u00f3 a la iglesia y se entreg\u00f3 por ella\u201d. Y luego, en el vers\u00edculo 28, a\u00f1ade: \u201cAs\u00ed mismo el esposo debe amar a su esposa como a su propio cuerpo. El que ama a su esposa se ama a s\u00ed mismo\u201d. El esposo debe ser el individuo m\u00e1s amante, amable y sol\u00edcito en la vida de una mujer. \u00c1mala de la manera que Cristo te ama a ti y la respuesta ser\u00e1 una mujer perdidamente enamorada de ti.<\/p>\n<p>La Biblia describe tambi\u00e9n el papel vital que juega la intimidad en un matrimonio. \u201cNo se nieguen el uno al otro, a no ser de com\u00fan acuerdo y solo por un tiempo, para dedicarse a la oraci\u00f3n. No tarden en volver a unirse nuevamente; de lo contrario, pueden caer en tentaci\u00f3n de Satan\u00e1s, por falta de dominio propio\u201d (1 Cor. 7:5).<\/p>\n<p>Ir en contra de la corriente de lo planificado por Dios y complacernos a nosotros mismos sexualmente no es aquello para lo que fuimos creados. Esa es la raz\u00f3n por la que muchas personas involucradas en este vicio se sienten avergonzadas de ello. Es como cualquiera otro vicio. Puede ser divertido por un momento, pero al acto seguir\u00e1 la culpabilidad. Dios nunca dese\u00f3 que nos persiguiera la culpa. Ad\u00e1n y Eva la experimentaron cuando se dieron cuenta de que hab\u00edan hecho algo malo en el Ed\u00e9n; Y Dios vino hasta ellos a buscarlos. \u00c9l no los abandon\u00f3.<\/p>\n<p>La complacencia propia es mucho m\u00e1s tentadora y destructiva en un mundo en que est\u00e1 en demanda la pornograf\u00eda. Muchas personas que actualmente est\u00e1n adictas a la pornograf\u00eda est\u00e1n descubriendo que una vez que contraen matrimonio, se encuentran sexualmente quebrantadas. Los mecanismos de excitaci\u00f3n sexual sufren disfuncionalidad; el cerebro ha pasado de experimentar placer complaciendo a otra persona a, en algunos casos, necesitar circunstancias surrealistas para lograr una satisfacci\u00f3n sexual normal.<\/p>\n<p>Cualquier persona que est\u00e1 leyendo esto y que se ha enga\u00f1ado a s\u00ed misma pensando que esta es una pr\u00e1ctica segura, aun en el matrimonio, escuche con atenci\u00f3n. Te est\u00e1s perdiendo el placer verdadero, que es de m\u00e1s larga duraci\u00f3n que la euforia en la rec\u00e1mara. No prives a tu c\u00f3nyuge del gozo que Dios intent\u00f3 que se disfrutara, porque t\u00fa eres lo suficientemente ego\u00edsta y dejas que el deseo se desboque desenfrenadamente sin ning\u00fan uso temperante de este sistema qu\u00edmico dado por Dios y programado dentro de nosotros para el pacer mutuo. Toma esto tan en serio como si fueras adicto a alguna droga peligrosa. Esto ser\u00e1 tu fin si no vuelves a calibrar las cosas para ser usadas para el prop\u00f3sito por las que fueron creadas. Despu\u00e9s de que te des cuenta de cu\u00e1n serio es esto, ru\u00e9gale a Dios que te de la victoria en tu vida. Pero esto debe representar un esfuerzo unido entre tu voluntad y la gracia de Dios. Ser\u00e1 la salvaci\u00f3n de tu salud mental y de tu matrimonio, que te llevar\u00e1 ultimadamente al gozo y al placer que todav\u00eda puedas tal vez experimentar.<\/p>\n<p>Jared Thurmon reside en Adairsville, Georgia. Ha hecho labor de consejero y ayudado al\u00a0 ministerio de Adventist Review en varias capacidades por los pasados ocho a\u00f1os.<\/p>\n<p>Traducci\u00f3n \u2013 Gloria A. Castrej\u00f3n<\/p>\n<p>&nbsp;<\/p>\n","protected":false},"excerpt":{"rendered":"<p>El arte de la disciplina propia ante el buf\u00e9 medi\u00e1tico. 27 de septiembre de 2023 | Adairsville, Georgia, Estados Unidos |\u00a0Jared Thurmon Si deseas perturbar la tranquilidad de muchos de&#8230;<\/p>\n","protected":false},"author":3,"featured_media":103789,"comment_status":"closed","ping_status":"closed","sticky":false,"template":"","format":"standard","meta":{"_acf_changed":false,"footnotes":""},"categories":[14,15],"tags":[],"class_list":["post-103824","post","type-post","status-publish","format-standard","has-post-thumbnail","hentry","category-de-la-iglesia-mundial","category-rss-espanol"],"acf":[],"yoast_head":"<!-- This site is optimized with the Yoast SEO plugin v27.3 - https:\/\/yoast.com\/product\/yoast-seo-wordpress\/ -->\n<title>Cuidadito, mis ojitos - Iglesia Adventista del S\u00e9ptimo D\u00eda - Divisi\u00f3n Interamericana<\/title>\n<meta name=\"robots\" content=\"index, follow, max-snippet:-1, max-image-preview:large, max-video-preview:-1\" \/>\n<link rel=\"canonical\" href=\"https:\/\/interamerica.org\/es\/2023\/09\/cuidadito-mis-ojitos\/\" \/>\n<meta property=\"og:locale\" content=\"es_ES\" \/>\n<meta property=\"og:type\" content=\"article\" \/>\n<meta property=\"og:title\" content=\"Cuidadito, mis ojitos - Iglesia Adventista del S\u00e9ptimo D\u00eda - Divisi\u00f3n Interamericana\" \/>\n<meta property=\"og:description\" content=\"El arte de la disciplina propia ante el buf\u00e9 medi\u00e1tico. 27 de septiembre de 2023 | Adairsville, Georgia, Estados Unidos |\u00a0Jared Thurmon Si deseas perturbar la tranquilidad de muchos de...\" \/>\n<meta property=\"og:url\" content=\"https:\/\/interamerica.org\/es\/2023\/09\/cuidadito-mis-ojitos\/\" \/>\n<meta property=\"og:site_name\" content=\"Iglesia Adventista del S\u00e9ptimo D\u00eda - Divisi\u00f3n Interamericana\" \/>\n<meta property=\"article:published_time\" content=\"2023-09-28T00:05:26+00:00\" \/>\n<meta property=\"article:modified_time\" content=\"2023-09-28T13:16:12+00:00\" \/>\n<meta property=\"og:image\" content=\"https:\/\/interamerica.org\/wp-content\/uploads\/2023\/09\/glenn-carstens-peters-eoqhsffbhrk-unsplash.jpeg\" \/>\n\t<meta property=\"og:image:width\" content=\"1920\" \/>\n\t<meta property=\"og:image:height\" content=\"1277\" \/>\n\t<meta property=\"og:image:type\" content=\"image\/jpeg\" \/>\n<meta name=\"author\" content=\"libna\" \/>\n<meta name=\"twitter:card\" content=\"summary_large_image\" \/>\n<meta name=\"twitter:label1\" content=\"Escrito por\" \/>\n\t<meta name=\"twitter:data1\" content=\"libna\" \/>\n\t<meta name=\"twitter:label2\" content=\"Tiempo de lectura\" \/>\n\t<meta name=\"twitter:data2\" content=\"7 minutos\" \/>\n<script type=\"application\/ld+json\" class=\"yoast-schema-graph\">{\"@context\":\"https:\\\/\\\/schema.org\",\"@graph\":[{\"@type\":\"Article\",\"@id\":\"https:\\\/\\\/interamerica.org\\\/es\\\/2023\\\/09\\\/cuidadito-mis-ojitos\\\/#article\",\"isPartOf\":{\"@id\":\"https:\\\/\\\/interamerica.org\\\/es\\\/2023\\\/09\\\/cuidadito-mis-ojitos\\\/\"},\"author\":{\"name\":\"libna\",\"@id\":\"https:\\\/\\\/interamerica.org\\\/es\\\/#\\\/schema\\\/person\\\/29998f2bc2d8bd0d38662909289b54f1\"},\"headline\":\"Cuidadito, mis ojitos\",\"datePublished\":\"2023-09-28T00:05:26+00:00\",\"dateModified\":\"2023-09-28T13:16:12+00:00\",\"mainEntityOfPage\":{\"@id\":\"https:\\\/\\\/interamerica.org\\\/es\\\/2023\\\/09\\\/cuidadito-mis-ojitos\\\/\"},\"wordCount\":1611,\"image\":{\"@id\":\"https:\\\/\\\/interamerica.org\\\/es\\\/2023\\\/09\\\/cuidadito-mis-ojitos\\\/#primaryimage\"},\"thumbnailUrl\":\"https:\\\/\\\/interamerica.org\\\/wp-content\\\/uploads\\\/2023\\\/09\\\/glenn-carstens-peters-eoqhsffbhrk-unsplash.jpeg\",\"articleSection\":[\"Desde la iglesia mundial\",\"RSS Espa\u00f1ol\"],\"inLanguage\":\"es\"},{\"@type\":\"WebPage\",\"@id\":\"https:\\\/\\\/interamerica.org\\\/es\\\/2023\\\/09\\\/cuidadito-mis-ojitos\\\/\",\"url\":\"https:\\\/\\\/interamerica.org\\\/es\\\/2023\\\/09\\\/cuidadito-mis-ojitos\\\/\",\"name\":\"Cuidadito, mis ojitos - Iglesia Adventista del S\u00e9ptimo D\u00eda - Divisi\u00f3n Interamericana\",\"isPartOf\":{\"@id\":\"https:\\\/\\\/interamerica.org\\\/es\\\/#website\"},\"primaryImageOfPage\":{\"@id\":\"https:\\\/\\\/interamerica.org\\\/es\\\/2023\\\/09\\\/cuidadito-mis-ojitos\\\/#primaryimage\"},\"image\":{\"@id\":\"https:\\\/\\\/interamerica.org\\\/es\\\/2023\\\/09\\\/cuidadito-mis-ojitos\\\/#primaryimage\"},\"thumbnailUrl\":\"https:\\\/\\\/interamerica.org\\\/wp-content\\\/uploads\\\/2023\\\/09\\\/glenn-carstens-peters-eoqhsffbhrk-unsplash.jpeg\",\"datePublished\":\"2023-09-28T00:05:26+00:00\",\"dateModified\":\"2023-09-28T13:16:12+00:00\",\"author\":{\"@id\":\"https:\\\/\\\/interamerica.org\\\/es\\\/#\\\/schema\\\/person\\\/29998f2bc2d8bd0d38662909289b54f1\"},\"breadcrumb\":{\"@id\":\"https:\\\/\\\/interamerica.org\\\/es\\\/2023\\\/09\\\/cuidadito-mis-ojitos\\\/#breadcrumb\"},\"inLanguage\":\"es\",\"potentialAction\":[{\"@type\":\"ReadAction\",\"target\":[\"https:\\\/\\\/interamerica.org\\\/es\\\/2023\\\/09\\\/cuidadito-mis-ojitos\\\/\"]}]},{\"@type\":\"ImageObject\",\"inLanguage\":\"es\",\"@id\":\"https:\\\/\\\/interamerica.org\\\/es\\\/2023\\\/09\\\/cuidadito-mis-ojitos\\\/#primaryimage\",\"url\":\"https:\\\/\\\/interamerica.org\\\/wp-content\\\/uploads\\\/2023\\\/09\\\/glenn-carstens-peters-eoqhsffbhrk-unsplash.jpeg\",\"contentUrl\":\"https:\\\/\\\/interamerica.org\\\/wp-content\\\/uploads\\\/2023\\\/09\\\/glenn-carstens-peters-eoqhsffbhrk-unsplash.jpeg\",\"width\":1920,\"height\":1277,\"caption\":\"[Photo: Glenn Carstens-Peters on Unsplash]\"},{\"@type\":\"BreadcrumbList\",\"@id\":\"https:\\\/\\\/interamerica.org\\\/es\\\/2023\\\/09\\\/cuidadito-mis-ojitos\\\/#breadcrumb\",\"itemListElement\":[{\"@type\":\"ListItem\",\"position\":1,\"name\":\"Home\",\"item\":\"https:\\\/\\\/interamerica.org\\\/es\\\/\"},{\"@type\":\"ListItem\",\"position\":2,\"name\":\"Cuidadito, mis ojitos\"}]},{\"@type\":\"WebSite\",\"@id\":\"https:\\\/\\\/interamerica.org\\\/es\\\/#website\",\"url\":\"https:\\\/\\\/interamerica.org\\\/es\\\/\",\"name\":\"Iglesia Adventista del S\u00e9ptimo D\u00eda - Divisi\u00f3n Interamericana\",\"description\":\"\",\"potentialAction\":[{\"@type\":\"SearchAction\",\"target\":{\"@type\":\"EntryPoint\",\"urlTemplate\":\"https:\\\/\\\/interamerica.org\\\/es\\\/?s={search_term_string}\"},\"query-input\":{\"@type\":\"PropertyValueSpecification\",\"valueRequired\":true,\"valueName\":\"search_term_string\"}}],\"inLanguage\":\"es\"},{\"@type\":\"Person\",\"@id\":\"https:\\\/\\\/interamerica.org\\\/es\\\/#\\\/schema\\\/person\\\/29998f2bc2d8bd0d38662909289b54f1\",\"name\":\"libna\",\"image\":{\"@type\":\"ImageObject\",\"inLanguage\":\"es\",\"@id\":\"https:\\\/\\\/secure.gravatar.com\\\/avatar\\\/7c5bd30ae4b47a9ba3c856590957fd1d96dc588bf3ac05719d247e126840331f?s=96&d=mm&r=g\",\"url\":\"https:\\\/\\\/secure.gravatar.com\\\/avatar\\\/7c5bd30ae4b47a9ba3c856590957fd1d96dc588bf3ac05719d247e126840331f?s=96&d=mm&r=g\",\"contentUrl\":\"https:\\\/\\\/secure.gravatar.com\\\/avatar\\\/7c5bd30ae4b47a9ba3c856590957fd1d96dc588bf3ac05719d247e126840331f?s=96&d=mm&r=g\",\"caption\":\"libna\"}}]}<\/script>\n<!-- \/ Yoast SEO plugin. -->","yoast_head_json":{"title":"Cuidadito, mis ojitos - Iglesia Adventista del S\u00e9ptimo D\u00eda - Divisi\u00f3n Interamericana","robots":{"index":"index","follow":"follow","max-snippet":"max-snippet:-1","max-image-preview":"max-image-preview:large","max-video-preview":"max-video-preview:-1"},"canonical":"https:\/\/interamerica.org\/es\/2023\/09\/cuidadito-mis-ojitos\/","og_locale":"es_ES","og_type":"article","og_title":"Cuidadito, mis ojitos - Iglesia Adventista del S\u00e9ptimo D\u00eda - Divisi\u00f3n Interamericana","og_description":"El arte de la disciplina propia ante el buf\u00e9 medi\u00e1tico. 27 de septiembre de 2023 | Adairsville, Georgia, Estados Unidos |\u00a0Jared Thurmon Si deseas perturbar la tranquilidad de muchos de...","og_url":"https:\/\/interamerica.org\/es\/2023\/09\/cuidadito-mis-ojitos\/","og_site_name":"Iglesia Adventista del S\u00e9ptimo D\u00eda - Divisi\u00f3n Interamericana","article_published_time":"2023-09-28T00:05:26+00:00","article_modified_time":"2023-09-28T13:16:12+00:00","og_image":[{"width":1920,"height":1277,"url":"https:\/\/interamerica.org\/wp-content\/uploads\/2023\/09\/glenn-carstens-peters-eoqhsffbhrk-unsplash.jpeg","type":"image\/jpeg"}],"author":"libna","twitter_card":"summary_large_image","twitter_misc":{"Escrito por":"libna","Tiempo de lectura":"7 minutos"},"schema":{"@context":"https:\/\/schema.org","@graph":[{"@type":"Article","@id":"https:\/\/interamerica.org\/es\/2023\/09\/cuidadito-mis-ojitos\/#article","isPartOf":{"@id":"https:\/\/interamerica.org\/es\/2023\/09\/cuidadito-mis-ojitos\/"},"author":{"name":"libna","@id":"https:\/\/interamerica.org\/es\/#\/schema\/person\/29998f2bc2d8bd0d38662909289b54f1"},"headline":"Cuidadito, mis ojitos","datePublished":"2023-09-28T00:05:26+00:00","dateModified":"2023-09-28T13:16:12+00:00","mainEntityOfPage":{"@id":"https:\/\/interamerica.org\/es\/2023\/09\/cuidadito-mis-ojitos\/"},"wordCount":1611,"image":{"@id":"https:\/\/interamerica.org\/es\/2023\/09\/cuidadito-mis-ojitos\/#primaryimage"},"thumbnailUrl":"https:\/\/interamerica.org\/wp-content\/uploads\/2023\/09\/glenn-carstens-peters-eoqhsffbhrk-unsplash.jpeg","articleSection":["Desde la iglesia mundial","RSS Espa\u00f1ol"],"inLanguage":"es"},{"@type":"WebPage","@id":"https:\/\/interamerica.org\/es\/2023\/09\/cuidadito-mis-ojitos\/","url":"https:\/\/interamerica.org\/es\/2023\/09\/cuidadito-mis-ojitos\/","name":"Cuidadito, mis ojitos - Iglesia Adventista del S\u00e9ptimo D\u00eda - Divisi\u00f3n Interamericana","isPartOf":{"@id":"https:\/\/interamerica.org\/es\/#website"},"primaryImageOfPage":{"@id":"https:\/\/interamerica.org\/es\/2023\/09\/cuidadito-mis-ojitos\/#primaryimage"},"image":{"@id":"https:\/\/interamerica.org\/es\/2023\/09\/cuidadito-mis-ojitos\/#primaryimage"},"thumbnailUrl":"https:\/\/interamerica.org\/wp-content\/uploads\/2023\/09\/glenn-carstens-peters-eoqhsffbhrk-unsplash.jpeg","datePublished":"2023-09-28T00:05:26+00:00","dateModified":"2023-09-28T13:16:12+00:00","author":{"@id":"https:\/\/interamerica.org\/es\/#\/schema\/person\/29998f2bc2d8bd0d38662909289b54f1"},"breadcrumb":{"@id":"https:\/\/interamerica.org\/es\/2023\/09\/cuidadito-mis-ojitos\/#breadcrumb"},"inLanguage":"es","potentialAction":[{"@type":"ReadAction","target":["https:\/\/interamerica.org\/es\/2023\/09\/cuidadito-mis-ojitos\/"]}]},{"@type":"ImageObject","inLanguage":"es","@id":"https:\/\/interamerica.org\/es\/2023\/09\/cuidadito-mis-ojitos\/#primaryimage","url":"https:\/\/interamerica.org\/wp-content\/uploads\/2023\/09\/glenn-carstens-peters-eoqhsffbhrk-unsplash.jpeg","contentUrl":"https:\/\/interamerica.org\/wp-content\/uploads\/2023\/09\/glenn-carstens-peters-eoqhsffbhrk-unsplash.jpeg","width":1920,"height":1277,"caption":"[Photo: Glenn Carstens-Peters on Unsplash]"},{"@type":"BreadcrumbList","@id":"https:\/\/interamerica.org\/es\/2023\/09\/cuidadito-mis-ojitos\/#breadcrumb","itemListElement":[{"@type":"ListItem","position":1,"name":"Home","item":"https:\/\/interamerica.org\/es\/"},{"@type":"ListItem","position":2,"name":"Cuidadito, mis ojitos"}]},{"@type":"WebSite","@id":"https:\/\/interamerica.org\/es\/#website","url":"https:\/\/interamerica.org\/es\/","name":"Iglesia Adventista del S\u00e9ptimo D\u00eda - Divisi\u00f3n Interamericana","description":"","potentialAction":[{"@type":"SearchAction","target":{"@type":"EntryPoint","urlTemplate":"https:\/\/interamerica.org\/es\/?s={search_term_string}"},"query-input":{"@type":"PropertyValueSpecification","valueRequired":true,"valueName":"search_term_string"}}],"inLanguage":"es"},{"@type":"Person","@id":"https:\/\/interamerica.org\/es\/#\/schema\/person\/29998f2bc2d8bd0d38662909289b54f1","name":"libna","image":{"@type":"ImageObject","inLanguage":"es","@id":"https:\/\/secure.gravatar.com\/avatar\/7c5bd30ae4b47a9ba3c856590957fd1d96dc588bf3ac05719d247e126840331f?s=96&d=mm&r=g","url":"https:\/\/secure.gravatar.com\/avatar\/7c5bd30ae4b47a9ba3c856590957fd1d96dc588bf3ac05719d247e126840331f?s=96&d=mm&r=g","contentUrl":"https:\/\/secure.gravatar.com\/avatar\/7c5bd30ae4b47a9ba3c856590957fd1d96dc588bf3ac05719d247e126840331f?s=96&d=mm&r=g","caption":"libna"}}]}},"_links":{"self":[{"href":"https:\/\/interamerica.org\/es\/wp-json\/wp\/v2\/posts\/103824","targetHints":{"allow":["GET"]}}],"collection":[{"href":"https:\/\/interamerica.org\/es\/wp-json\/wp\/v2\/posts"}],"about":[{"href":"https:\/\/interamerica.org\/es\/wp-json\/wp\/v2\/types\/post"}],"author":[{"embeddable":true,"href":"https:\/\/interamerica.org\/es\/wp-json\/wp\/v2\/users\/3"}],"replies":[{"embeddable":true,"href":"https:\/\/interamerica.org\/es\/wp-json\/wp\/v2\/comments?post=103824"}],"version-history":[{"count":0,"href":"https:\/\/interamerica.org\/es\/wp-json\/wp\/v2\/posts\/103824\/revisions"}],"wp:featuredmedia":[{"embeddable":true,"href":"https:\/\/interamerica.org\/es\/wp-json\/wp\/v2\/media\/103789"}],"wp:attachment":[{"href":"https:\/\/interamerica.org\/es\/wp-json\/wp\/v2\/media?parent=103824"}],"wp:term":[{"taxonomy":"category","embeddable":true,"href":"https:\/\/interamerica.org\/es\/wp-json\/wp\/v2\/categories?post=103824"},{"taxonomy":"post_tag","embeddable":true,"href":"https:\/\/interamerica.org\/es\/wp-json\/wp\/v2\/tags?post=103824"}],"curies":[{"name":"wp","href":"https:\/\/api.w.org\/{rel}","templated":true}]}}