{"id":103825,"date":"2023-09-26T11:17:12","date_gmt":"2023-09-26T15:17:12","guid":{"rendered":"https:\/\/interamerica.org\/?p=103825"},"modified":"2023-09-26T11:46:37","modified_gmt":"2023-09-26T15:46:37","slug":"oficina-de-proteccion-civil-de-ciudad-italiana-recibe-nombre-de-pastor-adventista","status":"publish","type":"post","link":"https:\/\/interamerica.org\/es\/2023\/09\/oficina-de-proteccion-civil-de-ciudad-italiana-recibe-nombre-de-pastor-adventista\/","title":{"rendered":"Oficina de protecci\u00f3n civil de ciudad italiana recibe nombre de pastor adventista"},"content":{"rendered":"<p><div id=\"attachment_103794\" style=\"width: 802px\" class=\"wp-caption aligncenter\"><img fetchpriority=\"high\" decoding=\"async\" aria-describedby=\"caption-attachment-103794\" class=\" wp-image-103792\" src=\"https:\/\/interamerica.org\/wp-content\/uploads\/2023\/09\/italy-town-name.jpeg\" alt=\"\" width=\"792\" height=\"445\" srcset=\"https:\/\/interamerica.org\/wp-content\/uploads\/2023\/09\/italy-town-name.jpeg 710w, https:\/\/interamerica.org\/wp-content\/uploads\/2023\/09\/italy-town-name-300x169.jpeg 300w\" sizes=\"(max-width: 792px) 100vw, 792px\" \/><p id=\"caption-attachment-103794\" class=\"wp-caption-text\">La oficina local de Protecci\u00f3n Civil en Assoro, Sicilia, Italia, tom\u00f3 el nombre del finado pastor adventista del s\u00e9ptimo d\u00eda, Vincenzo Mazza. [Imagen: Andreas Mazza, Noticias de la Divisi\u00f3n Intereuropea]<\/p><\/div><strong>Se recuerda al finado pastor Vincenzo Mazza por su compromiso de ayudar a otros. <\/strong><\/p>\n<p>26 de septiembre de 2023 | Divisi\u00f3n Intereuropea y Adventist Review<\/p>\n<p>El 19 de agosto del presente, funcionarios gubernamentales, dirigentes adventistas del s\u00e9ptimo d\u00eda locales y otros invitados especiales, estuvieron presentes en una ceremonia llevada a cabo en la hist\u00f3rica sala del ayuntamiento de Assoro, Sicilia, Italia. Los directivos de la ciudad (de unos 5,000 habitantes), incluyendo el presidente municipal, Antonio Licciardo, dieron el nombre del finado Vincenzo Mazza a la oficina local de Protecci\u00f3n Civil. El pastor adventista Mazza, quien fuera tambi\u00e9n presidente de la Uni\u00f3n de Iglesias de Italia de la iglesia adventista, de 1995 a 2000, pas\u00f3 al descanso a principios de 2023.<\/p>\n<p>Durante la ceremonia, uno de los hijos del pastor Mazza, de nombre, Andreas, quien es asistente de Comunicaci\u00f3n de la Divisi\u00f3n Intereuropea de la iglesia adventista, hizo \u00e9nfasis en el compromiso incansable de su padre en favor de los dem\u00e1s. \u201cAl ayudar a otros, especialmente a los d\u00e9biles, el pastor Mazza vio en ello la verdadera esencia del cristianismo, de acuerdo al ejemplo dejado por nuestro Se\u00f1or Jesucristo\u201d, dijo Andreas Mazza.<br \/>\nEn 1997, a trav\u00e9s de la Iglesia Adventista y con la ayuda de una organizaci\u00f3n que lo ayud\u00f3 a obtener fondos financieros especiales, el pastor, nacido en la ciudad de Sicilia, don\u00f3 una ambulancia a la oficina de Protecci\u00f3n Civil, que m\u00e1s tarde honrar\u00eda su memoria.<\/p>\n<p><div id=\"attachment_103800\" style=\"width: 868px\" class=\"wp-caption aligncenter\"><img decoding=\"async\" aria-describedby=\"caption-attachment-103800\" class=\" wp-image-103798\" src=\"https:\/\/interamerica.org\/wp-content\/uploads\/2023\/09\/italy-town2.jpeg\" alt=\"\" width=\"858\" height=\"564\" srcset=\"https:\/\/interamerica.org\/wp-content\/uploads\/2023\/09\/italy-town2.jpeg 768w, https:\/\/interamerica.org\/wp-content\/uploads\/2023\/09\/italy-town2-300x197.jpeg 300w\" sizes=\"(max-width: 858px) 100vw, 858px\" \/><p id=\"caption-attachment-103800\" class=\"wp-caption-text\">La ambulancia que Vincenzo Mazza don\u00f3 a su ciudad de nacimiento hace algunos a\u00f1os. [Imagen: Andreas Mazza, Noticias de la Divisi\u00f3n Intereuropea]<\/p><\/div>Otros funcionarios y dirigentes recordaron la dedicaci\u00f3n del pastor Mazza a su misi\u00f3n y su compromiso hacia el voluntariado. Entre ellos se encontraba Marco Ragusa, presidente de la oficina de Protecci\u00f3n Civil de Assoro y Vincenzo Castro, pastor adventista local.<\/p>\n<p>El pastor Castro, \u201camigo vuelto hermano\u201d, de Vincenzo Mazza, enfatiz\u00f3 el gran amor que su finado amigo albergaba para su ciudad y su pa\u00eds; y quien visitara Assoro por \u00faltima vez en noviembre de 2022.<\/p>\n<p>El pastor adventista hizo hincapi\u00e9 tambi\u00e9n en un compromiso renovado de la Iglesia Adventista en favor de la gente de Assoro, particularmente hacia aquellos que son d\u00e9biles y que est\u00e1n sufriendo; y especialmente a trav\u00e9s de programas e iniciativas de la oficina local de Protecci\u00f3n Civil. Al final de su discurso, el pastor Castro anunci\u00f3 una donaci\u00f3n de fondos financieros a la oficina local mencionada. Esos fondos monetarios fueron proporcionados por la comunidad adventista local, dijo.<\/p>\n<p><div id=\"attachment_103803\" style=\"width: 865px\" class=\"wp-caption aligncenter\"><img decoding=\"async\" aria-describedby=\"caption-attachment-103803\" class=\" wp-image-103801\" src=\"https:\/\/interamerica.org\/wp-content\/uploads\/2023\/09\/italy-3-2-768x617-1.jpeg\" alt=\"\" width=\"855\" height=\"687\" srcset=\"https:\/\/interamerica.org\/wp-content\/uploads\/2023\/09\/italy-3-2-768x617-1.jpeg 768w, https:\/\/interamerica.org\/wp-content\/uploads\/2023\/09\/italy-3-2-768x617-1-300x241.jpeg 300w\" sizes=\"(max-width: 855px) 100vw, 855px\" \/><p id=\"caption-attachment-103803\" class=\"wp-caption-text\">Como parte de la ceremonia de agosto 19, Irina Dragoti (izquierda) canta dos de los cantos favoritos de Vincenzo Mazza. [Imagen: Andreas Mazza, Noticias de la Divisi\u00f3n Intereuropea]<\/p><\/div>La ceremonia especial del 19 de agosto incluy\u00f3 m\u00fasica a cargo de su nuera, Irida Dragoti. Irida Dragoti, una cantante de \u00f3pera en el Teatro de la \u00d3pera en Roma, interpret\u00f3 dos piezas musicales que le eran preciosas a su fallecido suegro y que la familia dio a conocer durante la ceremonia. El mismo pastor Mazza hab\u00eda sugerido que ella incluyera esos dos cantos \u201cEl Padrenuestro\u201d y La Ciudad Santa\u201d en su repertorio.<\/p>\n<p>Durante las palabras de clausura y en nombre de la comunidad, los funcionarios locales expresaron palabras de aprecio para la Iglesia Adventista. La prensa local hizo eco a esos comentarios y public\u00f3 la noticia sobre la ceremonia en el peri\u00f3dico La Sicilia.<\/p>\n<p>\u201cEl pastor Mazza nos dej\u00f3 un legado de amor y dedicaci\u00f3n al servicio de los dem\u00e1s\u201d, coment\u00f3 el diario period\u00edstico. Constituye un ejemplo \u201cque continuar\u00e1 inspirando a las generaciones futuras\u201d, expresaba el art\u00edculo.<\/p>\n<p>La <a href=\"https:\/\/news.eud.adventist.org\/en\/all-news\/news\/go\/2023-09-06\/italy-civil-protection-office-named-after-pastor-vincenzo-mazza\/\">versi\u00f3n original <\/a>de esta noticia se public\u00f3 en el <a href=\"https:\/\/news.eud.adventist.org\/en\/\">sitio de noticias<\/a> de la Divisi\u00f3n Intereuropea.<\/p>\n<p>Traducci\u00f3n \u2013 Gloria A. Castrej\u00f3n<\/p>\n","protected":false},"excerpt":{"rendered":"<p>Se recuerda al finado pastor Vincenzo Mazza por su compromiso de ayudar a otros. 26 de septiembre de 2023 | Divisi\u00f3n Intereuropea y Adventist Review El 19 de agosto del&#8230;<\/p>\n","protected":false},"author":3,"featured_media":103794,"comment_status":"closed","ping_status":"closed","sticky":false,"template":"","format":"standard","meta":{"_acf_changed":false,"footnotes":""},"categories":[14,15],"tags":[],"class_list":["post-103825","post","type-post","status-publish","format-standard","has-post-thumbnail","hentry","category-de-la-iglesia-mundial","category-rss-espanol"],"acf":[],"yoast_head":"<!-- This site is optimized with the Yoast SEO plugin v27.3 - https:\/\/yoast.com\/product\/yoast-seo-wordpress\/ -->\n<title>Oficina de protecci\u00f3n civil de ciudad italiana recibe nombre de pastor adventista - Iglesia Adventista del S\u00e9ptimo D\u00eda - Divisi\u00f3n Interamericana<\/title>\n<meta name=\"robots\" content=\"index, follow, max-snippet:-1, max-image-preview:large, max-video-preview:-1\" \/>\n<link rel=\"canonical\" href=\"https:\/\/interamerica.org\/es\/2023\/09\/oficina-de-proteccion-civil-de-ciudad-italiana-recibe-nombre-de-pastor-adventista\/\" \/>\n<meta property=\"og:locale\" content=\"es_ES\" \/>\n<meta property=\"og:type\" content=\"article\" \/>\n<meta property=\"og:title\" content=\"Oficina de protecci\u00f3n civil de ciudad italiana recibe nombre de pastor adventista - Iglesia Adventista del S\u00e9ptimo D\u00eda - Divisi\u00f3n Interamericana\" \/>\n<meta property=\"og:description\" content=\"Se recuerda al finado pastor Vincenzo Mazza por su compromiso de ayudar a otros. 26 de septiembre de 2023 | Divisi\u00f3n Intereuropea y Adventist Review El 19 de agosto del...\" \/>\n<meta property=\"og:url\" content=\"https:\/\/interamerica.org\/es\/2023\/09\/oficina-de-proteccion-civil-de-ciudad-italiana-recibe-nombre-de-pastor-adventista\/\" \/>\n<meta property=\"og:site_name\" content=\"Iglesia Adventista del S\u00e9ptimo D\u00eda - Divisi\u00f3n Interamericana\" \/>\n<meta property=\"article:published_time\" content=\"2023-09-26T15:17:12+00:00\" \/>\n<meta property=\"article:modified_time\" content=\"2023-09-26T15:46:37+00:00\" \/>\n<meta property=\"og:image\" content=\"https:\/\/interamerica.org\/wp-content\/uploads\/2023\/09\/italy-town-name.jpeg\" \/>\n\t<meta property=\"og:image:width\" content=\"710\" \/>\n\t<meta property=\"og:image:height\" content=\"399\" \/>\n\t<meta property=\"og:image:type\" content=\"image\/jpeg\" \/>\n<meta name=\"author\" content=\"libna\" \/>\n<meta name=\"twitter:card\" content=\"summary_large_image\" \/>\n<meta name=\"twitter:label1\" content=\"Escrito por\" \/>\n\t<meta name=\"twitter:data1\" content=\"libna\" \/>\n\t<meta name=\"twitter:label2\" content=\"Tiempo de lectura\" \/>\n\t<meta name=\"twitter:data2\" content=\"4 minutos\" \/>\n<script type=\"application\/ld+json\" class=\"yoast-schema-graph\">{\"@context\":\"https:\\\/\\\/schema.org\",\"@graph\":[{\"@type\":\"Article\",\"@id\":\"https:\\\/\\\/interamerica.org\\\/es\\\/2023\\\/09\\\/oficina-de-proteccion-civil-de-ciudad-italiana-recibe-nombre-de-pastor-adventista\\\/#article\",\"isPartOf\":{\"@id\":\"https:\\\/\\\/interamerica.org\\\/es\\\/2023\\\/09\\\/oficina-de-proteccion-civil-de-ciudad-italiana-recibe-nombre-de-pastor-adventista\\\/\"},\"author\":{\"name\":\"libna\",\"@id\":\"https:\\\/\\\/interamerica.org\\\/es\\\/#\\\/schema\\\/person\\\/29998f2bc2d8bd0d38662909289b54f1\"},\"headline\":\"Oficina de protecci\u00f3n civil de ciudad italiana recibe nombre de pastor adventista\",\"datePublished\":\"2023-09-26T15:17:12+00:00\",\"dateModified\":\"2023-09-26T15:46:37+00:00\",\"mainEntityOfPage\":{\"@id\":\"https:\\\/\\\/interamerica.org\\\/es\\\/2023\\\/09\\\/oficina-de-proteccion-civil-de-ciudad-italiana-recibe-nombre-de-pastor-adventista\\\/\"},\"wordCount\":704,\"image\":{\"@id\":\"https:\\\/\\\/interamerica.org\\\/es\\\/2023\\\/09\\\/oficina-de-proteccion-civil-de-ciudad-italiana-recibe-nombre-de-pastor-adventista\\\/#primaryimage\"},\"thumbnailUrl\":\"https:\\\/\\\/interamerica.org\\\/wp-content\\\/uploads\\\/2023\\\/09\\\/italy-town-name.jpeg\",\"articleSection\":[\"Desde la iglesia mundial\",\"RSS Espa\u00f1ol\"],\"inLanguage\":\"es\"},{\"@type\":\"WebPage\",\"@id\":\"https:\\\/\\\/interamerica.org\\\/es\\\/2023\\\/09\\\/oficina-de-proteccion-civil-de-ciudad-italiana-recibe-nombre-de-pastor-adventista\\\/\",\"url\":\"https:\\\/\\\/interamerica.org\\\/es\\\/2023\\\/09\\\/oficina-de-proteccion-civil-de-ciudad-italiana-recibe-nombre-de-pastor-adventista\\\/\",\"name\":\"Oficina de protecci\u00f3n civil de ciudad italiana recibe nombre de pastor adventista - Iglesia Adventista del S\u00e9ptimo D\u00eda - Divisi\u00f3n Interamericana\",\"isPartOf\":{\"@id\":\"https:\\\/\\\/interamerica.org\\\/es\\\/#website\"},\"primaryImageOfPage\":{\"@id\":\"https:\\\/\\\/interamerica.org\\\/es\\\/2023\\\/09\\\/oficina-de-proteccion-civil-de-ciudad-italiana-recibe-nombre-de-pastor-adventista\\\/#primaryimage\"},\"image\":{\"@id\":\"https:\\\/\\\/interamerica.org\\\/es\\\/2023\\\/09\\\/oficina-de-proteccion-civil-de-ciudad-italiana-recibe-nombre-de-pastor-adventista\\\/#primaryimage\"},\"thumbnailUrl\":\"https:\\\/\\\/interamerica.org\\\/wp-content\\\/uploads\\\/2023\\\/09\\\/italy-town-name.jpeg\",\"datePublished\":\"2023-09-26T15:17:12+00:00\",\"dateModified\":\"2023-09-26T15:46:37+00:00\",\"author\":{\"@id\":\"https:\\\/\\\/interamerica.org\\\/es\\\/#\\\/schema\\\/person\\\/29998f2bc2d8bd0d38662909289b54f1\"},\"breadcrumb\":{\"@id\":\"https:\\\/\\\/interamerica.org\\\/es\\\/2023\\\/09\\\/oficina-de-proteccion-civil-de-ciudad-italiana-recibe-nombre-de-pastor-adventista\\\/#breadcrumb\"},\"inLanguage\":\"es\",\"potentialAction\":[{\"@type\":\"ReadAction\",\"target\":[\"https:\\\/\\\/interamerica.org\\\/es\\\/2023\\\/09\\\/oficina-de-proteccion-civil-de-ciudad-italiana-recibe-nombre-de-pastor-adventista\\\/\"]}]},{\"@type\":\"ImageObject\",\"inLanguage\":\"es\",\"@id\":\"https:\\\/\\\/interamerica.org\\\/es\\\/2023\\\/09\\\/oficina-de-proteccion-civil-de-ciudad-italiana-recibe-nombre-de-pastor-adventista\\\/#primaryimage\",\"url\":\"https:\\\/\\\/interamerica.org\\\/wp-content\\\/uploads\\\/2023\\\/09\\\/italy-town-name.jpeg\",\"contentUrl\":\"https:\\\/\\\/interamerica.org\\\/wp-content\\\/uploads\\\/2023\\\/09\\\/italy-town-name.jpeg\",\"width\":710,\"height\":399,\"caption\":\"The local Civil Protection office in Assoro, Sicily, Italy, was named after the late Seventh-day Adventist pastor Vincenzo Mazza. [Photo: Andreas Mazza, Inter-European Division News]\"},{\"@type\":\"BreadcrumbList\",\"@id\":\"https:\\\/\\\/interamerica.org\\\/es\\\/2023\\\/09\\\/oficina-de-proteccion-civil-de-ciudad-italiana-recibe-nombre-de-pastor-adventista\\\/#breadcrumb\",\"itemListElement\":[{\"@type\":\"ListItem\",\"position\":1,\"name\":\"Home\",\"item\":\"https:\\\/\\\/interamerica.org\\\/es\\\/\"},{\"@type\":\"ListItem\",\"position\":2,\"name\":\"Oficina de protecci\u00f3n civil de ciudad italiana recibe nombre de pastor adventista\"}]},{\"@type\":\"WebSite\",\"@id\":\"https:\\\/\\\/interamerica.org\\\/es\\\/#website\",\"url\":\"https:\\\/\\\/interamerica.org\\\/es\\\/\",\"name\":\"Iglesia Adventista del S\u00e9ptimo D\u00eda - Divisi\u00f3n Interamericana\",\"description\":\"\",\"potentialAction\":[{\"@type\":\"SearchAction\",\"target\":{\"@type\":\"EntryPoint\",\"urlTemplate\":\"https:\\\/\\\/interamerica.org\\\/es\\\/?s={search_term_string}\"},\"query-input\":{\"@type\":\"PropertyValueSpecification\",\"valueRequired\":true,\"valueName\":\"search_term_string\"}}],\"inLanguage\":\"es\"},{\"@type\":\"Person\",\"@id\":\"https:\\\/\\\/interamerica.org\\\/es\\\/#\\\/schema\\\/person\\\/29998f2bc2d8bd0d38662909289b54f1\",\"name\":\"libna\",\"image\":{\"@type\":\"ImageObject\",\"inLanguage\":\"es\",\"@id\":\"https:\\\/\\\/secure.gravatar.com\\\/avatar\\\/7c5bd30ae4b47a9ba3c856590957fd1d96dc588bf3ac05719d247e126840331f?s=96&d=mm&r=g\",\"url\":\"https:\\\/\\\/secure.gravatar.com\\\/avatar\\\/7c5bd30ae4b47a9ba3c856590957fd1d96dc588bf3ac05719d247e126840331f?s=96&d=mm&r=g\",\"contentUrl\":\"https:\\\/\\\/secure.gravatar.com\\\/avatar\\\/7c5bd30ae4b47a9ba3c856590957fd1d96dc588bf3ac05719d247e126840331f?s=96&d=mm&r=g\",\"caption\":\"libna\"}}]}<\/script>\n<!-- \/ Yoast SEO plugin. -->","yoast_head_json":{"title":"Oficina de protecci\u00f3n civil de ciudad italiana recibe nombre de pastor adventista - Iglesia Adventista del S\u00e9ptimo D\u00eda - Divisi\u00f3n Interamericana","robots":{"index":"index","follow":"follow","max-snippet":"max-snippet:-1","max-image-preview":"max-image-preview:large","max-video-preview":"max-video-preview:-1"},"canonical":"https:\/\/interamerica.org\/es\/2023\/09\/oficina-de-proteccion-civil-de-ciudad-italiana-recibe-nombre-de-pastor-adventista\/","og_locale":"es_ES","og_type":"article","og_title":"Oficina de protecci\u00f3n civil de ciudad italiana recibe nombre de pastor adventista - Iglesia Adventista del S\u00e9ptimo D\u00eda - Divisi\u00f3n Interamericana","og_description":"Se recuerda al finado pastor Vincenzo Mazza por su compromiso de ayudar a otros. 26 de septiembre de 2023 | Divisi\u00f3n Intereuropea y Adventist Review El 19 de agosto del...","og_url":"https:\/\/interamerica.org\/es\/2023\/09\/oficina-de-proteccion-civil-de-ciudad-italiana-recibe-nombre-de-pastor-adventista\/","og_site_name":"Iglesia Adventista del S\u00e9ptimo D\u00eda - Divisi\u00f3n Interamericana","article_published_time":"2023-09-26T15:17:12+00:00","article_modified_time":"2023-09-26T15:46:37+00:00","og_image":[{"width":710,"height":399,"url":"https:\/\/interamerica.org\/wp-content\/uploads\/2023\/09\/italy-town-name.jpeg","type":"image\/jpeg"}],"author":"libna","twitter_card":"summary_large_image","twitter_misc":{"Escrito por":"libna","Tiempo de lectura":"4 minutos"},"schema":{"@context":"https:\/\/schema.org","@graph":[{"@type":"Article","@id":"https:\/\/interamerica.org\/es\/2023\/09\/oficina-de-proteccion-civil-de-ciudad-italiana-recibe-nombre-de-pastor-adventista\/#article","isPartOf":{"@id":"https:\/\/interamerica.org\/es\/2023\/09\/oficina-de-proteccion-civil-de-ciudad-italiana-recibe-nombre-de-pastor-adventista\/"},"author":{"name":"libna","@id":"https:\/\/interamerica.org\/es\/#\/schema\/person\/29998f2bc2d8bd0d38662909289b54f1"},"headline":"Oficina de protecci\u00f3n civil de ciudad italiana recibe nombre de pastor adventista","datePublished":"2023-09-26T15:17:12+00:00","dateModified":"2023-09-26T15:46:37+00:00","mainEntityOfPage":{"@id":"https:\/\/interamerica.org\/es\/2023\/09\/oficina-de-proteccion-civil-de-ciudad-italiana-recibe-nombre-de-pastor-adventista\/"},"wordCount":704,"image":{"@id":"https:\/\/interamerica.org\/es\/2023\/09\/oficina-de-proteccion-civil-de-ciudad-italiana-recibe-nombre-de-pastor-adventista\/#primaryimage"},"thumbnailUrl":"https:\/\/interamerica.org\/wp-content\/uploads\/2023\/09\/italy-town-name.jpeg","articleSection":["Desde la iglesia mundial","RSS Espa\u00f1ol"],"inLanguage":"es"},{"@type":"WebPage","@id":"https:\/\/interamerica.org\/es\/2023\/09\/oficina-de-proteccion-civil-de-ciudad-italiana-recibe-nombre-de-pastor-adventista\/","url":"https:\/\/interamerica.org\/es\/2023\/09\/oficina-de-proteccion-civil-de-ciudad-italiana-recibe-nombre-de-pastor-adventista\/","name":"Oficina de protecci\u00f3n civil de ciudad italiana recibe nombre de pastor adventista - Iglesia Adventista del S\u00e9ptimo D\u00eda - Divisi\u00f3n Interamericana","isPartOf":{"@id":"https:\/\/interamerica.org\/es\/#website"},"primaryImageOfPage":{"@id":"https:\/\/interamerica.org\/es\/2023\/09\/oficina-de-proteccion-civil-de-ciudad-italiana-recibe-nombre-de-pastor-adventista\/#primaryimage"},"image":{"@id":"https:\/\/interamerica.org\/es\/2023\/09\/oficina-de-proteccion-civil-de-ciudad-italiana-recibe-nombre-de-pastor-adventista\/#primaryimage"},"thumbnailUrl":"https:\/\/interamerica.org\/wp-content\/uploads\/2023\/09\/italy-town-name.jpeg","datePublished":"2023-09-26T15:17:12+00:00","dateModified":"2023-09-26T15:46:37+00:00","author":{"@id":"https:\/\/interamerica.org\/es\/#\/schema\/person\/29998f2bc2d8bd0d38662909289b54f1"},"breadcrumb":{"@id":"https:\/\/interamerica.org\/es\/2023\/09\/oficina-de-proteccion-civil-de-ciudad-italiana-recibe-nombre-de-pastor-adventista\/#breadcrumb"},"inLanguage":"es","potentialAction":[{"@type":"ReadAction","target":["https:\/\/interamerica.org\/es\/2023\/09\/oficina-de-proteccion-civil-de-ciudad-italiana-recibe-nombre-de-pastor-adventista\/"]}]},{"@type":"ImageObject","inLanguage":"es","@id":"https:\/\/interamerica.org\/es\/2023\/09\/oficina-de-proteccion-civil-de-ciudad-italiana-recibe-nombre-de-pastor-adventista\/#primaryimage","url":"https:\/\/interamerica.org\/wp-content\/uploads\/2023\/09\/italy-town-name.jpeg","contentUrl":"https:\/\/interamerica.org\/wp-content\/uploads\/2023\/09\/italy-town-name.jpeg","width":710,"height":399,"caption":"The local Civil Protection office in Assoro, Sicily, Italy, was named after the late Seventh-day Adventist pastor Vincenzo Mazza. [Photo: Andreas Mazza, Inter-European Division News]"},{"@type":"BreadcrumbList","@id":"https:\/\/interamerica.org\/es\/2023\/09\/oficina-de-proteccion-civil-de-ciudad-italiana-recibe-nombre-de-pastor-adventista\/#breadcrumb","itemListElement":[{"@type":"ListItem","position":1,"name":"Home","item":"https:\/\/interamerica.org\/es\/"},{"@type":"ListItem","position":2,"name":"Oficina de protecci\u00f3n civil de ciudad italiana recibe nombre de pastor adventista"}]},{"@type":"WebSite","@id":"https:\/\/interamerica.org\/es\/#website","url":"https:\/\/interamerica.org\/es\/","name":"Iglesia Adventista del S\u00e9ptimo D\u00eda - Divisi\u00f3n Interamericana","description":"","potentialAction":[{"@type":"SearchAction","target":{"@type":"EntryPoint","urlTemplate":"https:\/\/interamerica.org\/es\/?s={search_term_string}"},"query-input":{"@type":"PropertyValueSpecification","valueRequired":true,"valueName":"search_term_string"}}],"inLanguage":"es"},{"@type":"Person","@id":"https:\/\/interamerica.org\/es\/#\/schema\/person\/29998f2bc2d8bd0d38662909289b54f1","name":"libna","image":{"@type":"ImageObject","inLanguage":"es","@id":"https:\/\/secure.gravatar.com\/avatar\/7c5bd30ae4b47a9ba3c856590957fd1d96dc588bf3ac05719d247e126840331f?s=96&d=mm&r=g","url":"https:\/\/secure.gravatar.com\/avatar\/7c5bd30ae4b47a9ba3c856590957fd1d96dc588bf3ac05719d247e126840331f?s=96&d=mm&r=g","contentUrl":"https:\/\/secure.gravatar.com\/avatar\/7c5bd30ae4b47a9ba3c856590957fd1d96dc588bf3ac05719d247e126840331f?s=96&d=mm&r=g","caption":"libna"}}]}},"_links":{"self":[{"href":"https:\/\/interamerica.org\/es\/wp-json\/wp\/v2\/posts\/103825","targetHints":{"allow":["GET"]}}],"collection":[{"href":"https:\/\/interamerica.org\/es\/wp-json\/wp\/v2\/posts"}],"about":[{"href":"https:\/\/interamerica.org\/es\/wp-json\/wp\/v2\/types\/post"}],"author":[{"embeddable":true,"href":"https:\/\/interamerica.org\/es\/wp-json\/wp\/v2\/users\/3"}],"replies":[{"embeddable":true,"href":"https:\/\/interamerica.org\/es\/wp-json\/wp\/v2\/comments?post=103825"}],"version-history":[{"count":0,"href":"https:\/\/interamerica.org\/es\/wp-json\/wp\/v2\/posts\/103825\/revisions"}],"wp:featuredmedia":[{"embeddable":true,"href":"https:\/\/interamerica.org\/es\/wp-json\/wp\/v2\/media\/103794"}],"wp:attachment":[{"href":"https:\/\/interamerica.org\/es\/wp-json\/wp\/v2\/media?parent=103825"}],"wp:term":[{"taxonomy":"category","embeddable":true,"href":"https:\/\/interamerica.org\/es\/wp-json\/wp\/v2\/categories?post=103825"},{"taxonomy":"post_tag","embeddable":true,"href":"https:\/\/interamerica.org\/es\/wp-json\/wp\/v2\/tags?post=103825"}],"curies":[{"name":"wp","href":"https:\/\/api.w.org\/{rel}","templated":true}]}}