{"id":103849,"date":"2023-09-26T11:18:02","date_gmt":"2023-09-26T15:18:02","guid":{"rendered":"https:\/\/interamerica.org\/?p=103849"},"modified":"2023-10-03T11:34:03","modified_gmt":"2023-10-03T15:34:03","slug":"unidad","status":"publish","type":"post","link":"https:\/\/interamerica.org\/es\/2023\/09\/unidad\/","title":{"rendered":"Unidad"},"content":{"rendered":"<h4><em>Secretario Ejecutivo de la DIA el pastor Leonard Johnson comparte nuggets de liderazgo para l\u00edderes de la iglesia en el territorio.<\/em><\/h4>\n<p>&nbsp;<\/p>\n<p>25 de septiembre del 2023\u00a0 | Miami, Florida, United States | Leonard Johnson, secretario ejecutivo, Divisi\u00f3n Interamericana<\/p>\n<p>\u00bfHa escuchado alguna vez la palabra unidad? Estoy seguro de que la ha escuchado. Es una palabra familiar que usamos todo el tiempo. Pero la unidad sugiere unirnos para trabajar como uno, como equipo. Vemos ese esp\u00edritu en el evangelio de Marcos cap\u00edtulo 2. \u00bfPor qu\u00e9 dice eso?<\/p>\n<p>Cuando veo Marcos cap\u00edtulo 2 a partir del vers\u00edculo tres, la Biblia dice: \u201cEntonces vinieron a \u00e9l unos trayendo a un paral\u00edtico\u2026 Y como no pod\u00edan acercarse a \u00e9l a causa de la multitud, quitaron parte del techo de donde \u00e9l estaba y, a trav\u00e9s de la abertura, bajaron la camilla en que yac\u00eda el paral\u00edtico.\u201d<\/p>\n<p>\u00bfHa considerado cu\u00e1ntas veces se habla en plural en esos pocos vers\u00edculos? Eso nos dice que cuando trabajamos juntos como familia, como iglesia, como grupo, podemos lograr grandes cosas para Dios. Y eso necesita la iglesia hoy. En el libro de Juan cap\u00edtulo 17, Jes\u00fas or\u00f3 por la unidad de sus seguidores, de sus disc\u00edpulos.<\/p>\n<p>Y a\u00fan hoy necesitamos esa unidad. Perm\u00edtame decirle, cuando estamos unidos, cuando trabajamos juntos como equipo, Dios honrar\u00e1 nuestra fe. Miremos en Marcos 2:5, donde dice: \u201cCuando Jes\u00fas vio su fe\u201d. No la fe tan solo del paral\u00edtico, ni la fe de sus cuatro amigos, pero la fe de los cinco juntos.<\/p>\n<p>\u00bfQu\u00e9 hizo \u00e9l cuando Jes\u00fas vio la fe de ellos? Le dijo al paral\u00edtico: \u201cHijo, tus pecados te son perdonados. Te digo hoy, amigo m\u00edo, que cuando Dios nos vea unidos, har\u00e1 grandes cosas por nuestro medio y por nosotros. Estemos entonces unidos entre nosotros y, por sobre todo, unidos a Cristo y su prop\u00f3sito. Dios los bendiga.<\/p>\n","protected":false},"excerpt":{"rendered":"<p>Secretario Ejecutivo de la DIA el pastor Leonard Johnson comparte nuggets de liderazgo para l\u00edderes de la iglesia en el territorio. &nbsp; 25 de septiembre del 2023\u00a0 | Miami, Florida,&#8230;<\/p>\n","protected":false},"author":3,"featured_media":103847,"comment_status":"closed","ping_status":"closed","sticky":false,"template":"","format":"standard","meta":{"_acf_changed":false,"footnotes":""},"categories":[16,15],"tags":[],"class_list":["post-103849","post","type-post","status-publish","format-standard","has-post-thumbnail","hentry","category-desde-la-sede","category-rss-espanol"],"acf":[],"yoast_head":"<!-- This site is optimized with the Yoast SEO plugin v27.3 - https:\/\/yoast.com\/product\/yoast-seo-wordpress\/ -->\n<title>Unidad - Iglesia Adventista del S\u00e9ptimo D\u00eda - Divisi\u00f3n Interamericana<\/title>\n<meta name=\"robots\" content=\"index, follow, max-snippet:-1, max-image-preview:large, max-video-preview:-1\" \/>\n<link rel=\"canonical\" href=\"https:\/\/interamerica.org\/es\/2023\/09\/unidad\/\" \/>\n<meta property=\"og:locale\" content=\"es_ES\" \/>\n<meta property=\"og:type\" content=\"article\" \/>\n<meta property=\"og:title\" content=\"Unidad - Iglesia Adventista del S\u00e9ptimo D\u00eda - Divisi\u00f3n Interamericana\" \/>\n<meta property=\"og:description\" content=\"Secretario Ejecutivo de la DIA el pastor Leonard Johnson comparte nuggets de liderazgo para l\u00edderes de la iglesia en el territorio. &nbsp; 25 de septiembre del 2023\u00a0 | Miami, Florida,...\" \/>\n<meta property=\"og:url\" content=\"https:\/\/interamerica.org\/es\/2023\/09\/unidad\/\" \/>\n<meta property=\"og:site_name\" content=\"Iglesia Adventista del S\u00e9ptimo D\u00eda - Divisi\u00f3n Interamericana\" \/>\n<meta property=\"article:published_time\" content=\"2023-09-26T15:18:02+00:00\" \/>\n<meta property=\"article:modified_time\" content=\"2023-10-03T15:34:03+00:00\" \/>\n<meta property=\"og:image\" content=\"https:\/\/interamerica.org\/wp-content\/uploads\/2023\/09\/lj-unidad-spa.png\" \/>\n\t<meta property=\"og:image:width\" content=\"1280\" \/>\n\t<meta property=\"og:image:height\" content=\"720\" \/>\n\t<meta property=\"og:image:type\" content=\"image\/png\" \/>\n<meta name=\"author\" content=\"libna\" \/>\n<meta name=\"twitter:card\" content=\"summary_large_image\" \/>\n<meta name=\"twitter:label1\" content=\"Escrito por\" \/>\n\t<meta name=\"twitter:data1\" content=\"libna\" \/>\n\t<meta name=\"twitter:label2\" content=\"Tiempo de lectura\" \/>\n\t<meta name=\"twitter:data2\" content=\"2 minutos\" \/>\n<script type=\"application\/ld+json\" class=\"yoast-schema-graph\">{\"@context\":\"https:\\\/\\\/schema.org\",\"@graph\":[{\"@type\":\"Article\",\"@id\":\"https:\\\/\\\/interamerica.org\\\/es\\\/2023\\\/09\\\/unidad\\\/#article\",\"isPartOf\":{\"@id\":\"https:\\\/\\\/interamerica.org\\\/es\\\/2023\\\/09\\\/unidad\\\/\"},\"author\":{\"name\":\"libna\",\"@id\":\"https:\\\/\\\/interamerica.org\\\/es\\\/#\\\/schema\\\/person\\\/29998f2bc2d8bd0d38662909289b54f1\"},\"headline\":\"Unidad\",\"datePublished\":\"2023-09-26T15:18:02+00:00\",\"dateModified\":\"2023-10-03T15:34:03+00:00\",\"mainEntityOfPage\":{\"@id\":\"https:\\\/\\\/interamerica.org\\\/es\\\/2023\\\/09\\\/unidad\\\/\"},\"wordCount\":325,\"image\":{\"@id\":\"https:\\\/\\\/interamerica.org\\\/es\\\/2023\\\/09\\\/unidad\\\/#primaryimage\"},\"thumbnailUrl\":\"https:\\\/\\\/interamerica.org\\\/wp-content\\\/uploads\\\/2023\\\/09\\\/lj-unidad-spa.png\",\"articleSection\":[\"Desde la sede\",\"RSS Espa\u00f1ol\"],\"inLanguage\":\"es\"},{\"@type\":\"WebPage\",\"@id\":\"https:\\\/\\\/interamerica.org\\\/es\\\/2023\\\/09\\\/unidad\\\/\",\"url\":\"https:\\\/\\\/interamerica.org\\\/es\\\/2023\\\/09\\\/unidad\\\/\",\"name\":\"Unidad - Iglesia Adventista del S\u00e9ptimo D\u00eda - Divisi\u00f3n Interamericana\",\"isPartOf\":{\"@id\":\"https:\\\/\\\/interamerica.org\\\/es\\\/#website\"},\"primaryImageOfPage\":{\"@id\":\"https:\\\/\\\/interamerica.org\\\/es\\\/2023\\\/09\\\/unidad\\\/#primaryimage\"},\"image\":{\"@id\":\"https:\\\/\\\/interamerica.org\\\/es\\\/2023\\\/09\\\/unidad\\\/#primaryimage\"},\"thumbnailUrl\":\"https:\\\/\\\/interamerica.org\\\/wp-content\\\/uploads\\\/2023\\\/09\\\/lj-unidad-spa.png\",\"datePublished\":\"2023-09-26T15:18:02+00:00\",\"dateModified\":\"2023-10-03T15:34:03+00:00\",\"author\":{\"@id\":\"https:\\\/\\\/interamerica.org\\\/es\\\/#\\\/schema\\\/person\\\/29998f2bc2d8bd0d38662909289b54f1\"},\"breadcrumb\":{\"@id\":\"https:\\\/\\\/interamerica.org\\\/es\\\/2023\\\/09\\\/unidad\\\/#breadcrumb\"},\"inLanguage\":\"es\",\"potentialAction\":[{\"@type\":\"ReadAction\",\"target\":[\"https:\\\/\\\/interamerica.org\\\/es\\\/2023\\\/09\\\/unidad\\\/\"]}]},{\"@type\":\"ImageObject\",\"inLanguage\":\"es\",\"@id\":\"https:\\\/\\\/interamerica.org\\\/es\\\/2023\\\/09\\\/unidad\\\/#primaryimage\",\"url\":\"https:\\\/\\\/interamerica.org\\\/wp-content\\\/uploads\\\/2023\\\/09\\\/lj-unidad-spa.png\",\"contentUrl\":\"https:\\\/\\\/interamerica.org\\\/wp-content\\\/uploads\\\/2023\\\/09\\\/lj-unidad-spa.png\",\"width\":1280,\"height\":720},{\"@type\":\"BreadcrumbList\",\"@id\":\"https:\\\/\\\/interamerica.org\\\/es\\\/2023\\\/09\\\/unidad\\\/#breadcrumb\",\"itemListElement\":[{\"@type\":\"ListItem\",\"position\":1,\"name\":\"Home\",\"item\":\"https:\\\/\\\/interamerica.org\\\/es\\\/\"},{\"@type\":\"ListItem\",\"position\":2,\"name\":\"Unidad\"}]},{\"@type\":\"WebSite\",\"@id\":\"https:\\\/\\\/interamerica.org\\\/es\\\/#website\",\"url\":\"https:\\\/\\\/interamerica.org\\\/es\\\/\",\"name\":\"Iglesia Adventista del S\u00e9ptimo D\u00eda - Divisi\u00f3n Interamericana\",\"description\":\"\",\"potentialAction\":[{\"@type\":\"SearchAction\",\"target\":{\"@type\":\"EntryPoint\",\"urlTemplate\":\"https:\\\/\\\/interamerica.org\\\/es\\\/?s={search_term_string}\"},\"query-input\":{\"@type\":\"PropertyValueSpecification\",\"valueRequired\":true,\"valueName\":\"search_term_string\"}}],\"inLanguage\":\"es\"},{\"@type\":\"Person\",\"@id\":\"https:\\\/\\\/interamerica.org\\\/es\\\/#\\\/schema\\\/person\\\/29998f2bc2d8bd0d38662909289b54f1\",\"name\":\"libna\",\"image\":{\"@type\":\"ImageObject\",\"inLanguage\":\"es\",\"@id\":\"https:\\\/\\\/secure.gravatar.com\\\/avatar\\\/7c5bd30ae4b47a9ba3c856590957fd1d96dc588bf3ac05719d247e126840331f?s=96&d=mm&r=g\",\"url\":\"https:\\\/\\\/secure.gravatar.com\\\/avatar\\\/7c5bd30ae4b47a9ba3c856590957fd1d96dc588bf3ac05719d247e126840331f?s=96&d=mm&r=g\",\"contentUrl\":\"https:\\\/\\\/secure.gravatar.com\\\/avatar\\\/7c5bd30ae4b47a9ba3c856590957fd1d96dc588bf3ac05719d247e126840331f?s=96&d=mm&r=g\",\"caption\":\"libna\"}}]}<\/script>\n<!-- \/ Yoast SEO plugin. -->","yoast_head_json":{"title":"Unidad - Iglesia Adventista del S\u00e9ptimo D\u00eda - Divisi\u00f3n Interamericana","robots":{"index":"index","follow":"follow","max-snippet":"max-snippet:-1","max-image-preview":"max-image-preview:large","max-video-preview":"max-video-preview:-1"},"canonical":"https:\/\/interamerica.org\/es\/2023\/09\/unidad\/","og_locale":"es_ES","og_type":"article","og_title":"Unidad - Iglesia Adventista del S\u00e9ptimo D\u00eda - Divisi\u00f3n Interamericana","og_description":"Secretario Ejecutivo de la DIA el pastor Leonard Johnson comparte nuggets de liderazgo para l\u00edderes de la iglesia en el territorio. &nbsp; 25 de septiembre del 2023\u00a0 | Miami, Florida,...","og_url":"https:\/\/interamerica.org\/es\/2023\/09\/unidad\/","og_site_name":"Iglesia Adventista del S\u00e9ptimo D\u00eda - Divisi\u00f3n Interamericana","article_published_time":"2023-09-26T15:18:02+00:00","article_modified_time":"2023-10-03T15:34:03+00:00","og_image":[{"width":1280,"height":720,"url":"https:\/\/interamerica.org\/wp-content\/uploads\/2023\/09\/lj-unidad-spa.png","type":"image\/png"}],"author":"libna","twitter_card":"summary_large_image","twitter_misc":{"Escrito por":"libna","Tiempo de lectura":"2 minutos"},"schema":{"@context":"https:\/\/schema.org","@graph":[{"@type":"Article","@id":"https:\/\/interamerica.org\/es\/2023\/09\/unidad\/#article","isPartOf":{"@id":"https:\/\/interamerica.org\/es\/2023\/09\/unidad\/"},"author":{"name":"libna","@id":"https:\/\/interamerica.org\/es\/#\/schema\/person\/29998f2bc2d8bd0d38662909289b54f1"},"headline":"Unidad","datePublished":"2023-09-26T15:18:02+00:00","dateModified":"2023-10-03T15:34:03+00:00","mainEntityOfPage":{"@id":"https:\/\/interamerica.org\/es\/2023\/09\/unidad\/"},"wordCount":325,"image":{"@id":"https:\/\/interamerica.org\/es\/2023\/09\/unidad\/#primaryimage"},"thumbnailUrl":"https:\/\/interamerica.org\/wp-content\/uploads\/2023\/09\/lj-unidad-spa.png","articleSection":["Desde la sede","RSS Espa\u00f1ol"],"inLanguage":"es"},{"@type":"WebPage","@id":"https:\/\/interamerica.org\/es\/2023\/09\/unidad\/","url":"https:\/\/interamerica.org\/es\/2023\/09\/unidad\/","name":"Unidad - Iglesia Adventista del S\u00e9ptimo D\u00eda - Divisi\u00f3n Interamericana","isPartOf":{"@id":"https:\/\/interamerica.org\/es\/#website"},"primaryImageOfPage":{"@id":"https:\/\/interamerica.org\/es\/2023\/09\/unidad\/#primaryimage"},"image":{"@id":"https:\/\/interamerica.org\/es\/2023\/09\/unidad\/#primaryimage"},"thumbnailUrl":"https:\/\/interamerica.org\/wp-content\/uploads\/2023\/09\/lj-unidad-spa.png","datePublished":"2023-09-26T15:18:02+00:00","dateModified":"2023-10-03T15:34:03+00:00","author":{"@id":"https:\/\/interamerica.org\/es\/#\/schema\/person\/29998f2bc2d8bd0d38662909289b54f1"},"breadcrumb":{"@id":"https:\/\/interamerica.org\/es\/2023\/09\/unidad\/#breadcrumb"},"inLanguage":"es","potentialAction":[{"@type":"ReadAction","target":["https:\/\/interamerica.org\/es\/2023\/09\/unidad\/"]}]},{"@type":"ImageObject","inLanguage":"es","@id":"https:\/\/interamerica.org\/es\/2023\/09\/unidad\/#primaryimage","url":"https:\/\/interamerica.org\/wp-content\/uploads\/2023\/09\/lj-unidad-spa.png","contentUrl":"https:\/\/interamerica.org\/wp-content\/uploads\/2023\/09\/lj-unidad-spa.png","width":1280,"height":720},{"@type":"BreadcrumbList","@id":"https:\/\/interamerica.org\/es\/2023\/09\/unidad\/#breadcrumb","itemListElement":[{"@type":"ListItem","position":1,"name":"Home","item":"https:\/\/interamerica.org\/es\/"},{"@type":"ListItem","position":2,"name":"Unidad"}]},{"@type":"WebSite","@id":"https:\/\/interamerica.org\/es\/#website","url":"https:\/\/interamerica.org\/es\/","name":"Iglesia Adventista del S\u00e9ptimo D\u00eda - Divisi\u00f3n Interamericana","description":"","potentialAction":[{"@type":"SearchAction","target":{"@type":"EntryPoint","urlTemplate":"https:\/\/interamerica.org\/es\/?s={search_term_string}"},"query-input":{"@type":"PropertyValueSpecification","valueRequired":true,"valueName":"search_term_string"}}],"inLanguage":"es"},{"@type":"Person","@id":"https:\/\/interamerica.org\/es\/#\/schema\/person\/29998f2bc2d8bd0d38662909289b54f1","name":"libna","image":{"@type":"ImageObject","inLanguage":"es","@id":"https:\/\/secure.gravatar.com\/avatar\/7c5bd30ae4b47a9ba3c856590957fd1d96dc588bf3ac05719d247e126840331f?s=96&d=mm&r=g","url":"https:\/\/secure.gravatar.com\/avatar\/7c5bd30ae4b47a9ba3c856590957fd1d96dc588bf3ac05719d247e126840331f?s=96&d=mm&r=g","contentUrl":"https:\/\/secure.gravatar.com\/avatar\/7c5bd30ae4b47a9ba3c856590957fd1d96dc588bf3ac05719d247e126840331f?s=96&d=mm&r=g","caption":"libna"}}]}},"_links":{"self":[{"href":"https:\/\/interamerica.org\/es\/wp-json\/wp\/v2\/posts\/103849","targetHints":{"allow":["GET"]}}],"collection":[{"href":"https:\/\/interamerica.org\/es\/wp-json\/wp\/v2\/posts"}],"about":[{"href":"https:\/\/interamerica.org\/es\/wp-json\/wp\/v2\/types\/post"}],"author":[{"embeddable":true,"href":"https:\/\/interamerica.org\/es\/wp-json\/wp\/v2\/users\/3"}],"replies":[{"embeddable":true,"href":"https:\/\/interamerica.org\/es\/wp-json\/wp\/v2\/comments?post=103849"}],"version-history":[{"count":0,"href":"https:\/\/interamerica.org\/es\/wp-json\/wp\/v2\/posts\/103849\/revisions"}],"wp:featuredmedia":[{"embeddable":true,"href":"https:\/\/interamerica.org\/es\/wp-json\/wp\/v2\/media\/103847"}],"wp:attachment":[{"href":"https:\/\/interamerica.org\/es\/wp-json\/wp\/v2\/media?parent=103849"}],"wp:term":[{"taxonomy":"category","embeddable":true,"href":"https:\/\/interamerica.org\/es\/wp-json\/wp\/v2\/categories?post=103849"},{"taxonomy":"post_tag","embeddable":true,"href":"https:\/\/interamerica.org\/es\/wp-json\/wp\/v2\/tags?post=103849"}],"curies":[{"name":"wp","href":"https:\/\/api.w.org\/{rel}","templated":true}]}}