{"id":103970,"date":"2023-09-29T12:47:56","date_gmt":"2023-09-29T16:47:56","guid":{"rendered":"https:\/\/interamerica.org\/?p=103970"},"modified":"2023-10-02T10:00:16","modified_gmt":"2023-10-02T14:00:16","slug":"creciendo-juntos","status":"publish","type":"post","link":"https:\/\/interamerica.org\/es\/2023\/09\/creciendo-juntos\/","title":{"rendered":"Creciendo Juntos"},"content":{"rendered":"<p><em>A continuaci\u00f3n se encuentra\u00a0 un mensaje dirigido a la Iglesia Adventista del S\u00e9ptimo D\u00eda en Interam\u00e9rica por el presidente de la Divisi\u00f3n Interamericana, Elie Henry\u2013Personal de noticias de la DIA<\/em><\/p>\n<p>30 de septiembre del 2023 | Miami, Florida, Estados Unidos | Por Elie Henry, presidente de la Iglesia Adventista del S\u00e9ptimo D\u00eda Divisi\u00f3n Interamericana<\/p>\n<p><span style=\"font-weight: 400;\">Hola hermanas y hermanos. Me alegra saludarlos una vez m\u00e1s en este \u00faltimo s\u00e1bado del mes de septiembre, en el que se celebran bautismos de m\u00faltiples ministerios de la iglesia en todo Interam\u00e9rica.\u00a0<\/span><\/p>\n<p><span style=\"font-weight: 400;\">Los Departamentos y ministerios de la Iglesia juegan un papel vital en nuestra misi\u00f3n al coordinar y planificar iniciativas que proveen oportunidades para que los miembros utilicemos m\u00e1s nuestros dones y talentos, nos involucremos en la vida de la iglesia y trabajemos juntos en diferentes \u00e1reas de inter\u00e9s. Adem\u00e1s, ofrecen oportunidades de formaci\u00f3n y discipulado para todos.<\/span><\/p>\n<p><span style=\"font-weight: 400;\">Precisamente para el mes de octubre que estamos por iniciar, se llevar\u00e1n a cabo certificaciones, talleres, charlas, y otros recursos, en los que podr\u00e1n participar y orar.<\/span><\/p>\n<p><span style=\"font-weight: 400;\">Al observar el ejemplo de la primera comunidad cristiana en Antioqu\u00eda, en la Biblia, vemos la importancia de la ense\u00f1anza y la comuni\u00f3n en la vida de la iglesia. Hechos 11:26, dice, \u201cY se congregaron all\u00ed todo un a\u00f1o con la iglesia, y ense\u00f1aron a mucha gente\u2026\u201d.\u00a0<\/span><\/p>\n<p><span style=\"font-weight: 400;\">De la misma forma como los primeros disc\u00edpulos se reunieron y dedicaron tiempo a ense\u00f1ar y aprender juntos durante un a\u00f1o, nosotros tambi\u00e9n debemos priorizar la edificaci\u00f3n f\u00edsica, mental y espiritual.<\/span><\/p>\n<p><span style=\"font-weight: 400;\">Que nuestra uni\u00f3n y devoci\u00f3n al Se\u00f1or sean la base de nuestra identidad, como Adventistas del S\u00e9ptimo D\u00eda.<\/span><\/p>\n<p><span style=\"font-weight: 400;\">\u00a1Maranatha!<\/span><\/p>\n<p><iframe title=\"Creciendo Juntos \/ Pastor Elie Henry\" width=\"500\" height=\"281\" src=\"https:\/\/www.youtube.com\/embed\/jV-U69JTqwY?feature=oembed\" frameborder=\"0\" allow=\"accelerometer; autoplay; clipboard-write; encrypted-media; gyroscope; picture-in-picture; web-share\" referrerpolicy=\"strict-origin-when-cross-origin\" allowfullscreen><\/iframe><\/p>\n","protected":false},"excerpt":{"rendered":"<p>A continuaci\u00f3n se encuentra\u00a0 un mensaje dirigido a la Iglesia Adventista del S\u00e9ptimo D\u00eda en Interam\u00e9rica por el presidente de la Divisi\u00f3n Interamericana, Elie Henry\u2013Personal de noticias de la DIA&#8230;<\/p>\n","protected":false},"author":3,"featured_media":103971,"comment_status":"closed","ping_status":"closed","sticky":false,"template":"","format":"standard","meta":{"_acf_changed":false,"footnotes":""},"categories":[16,15],"tags":[],"class_list":["post-103970","post","type-post","status-publish","format-standard","has-post-thumbnail","hentry","category-desde-la-sede","category-rss-espanol"],"acf":[],"yoast_head":"<!-- This site is optimized with the Yoast SEO plugin v27.3 - https:\/\/yoast.com\/product\/yoast-seo-wordpress\/ -->\n<title>Creciendo Juntos - Iglesia Adventista del S\u00e9ptimo D\u00eda - Divisi\u00f3n Interamericana<\/title>\n<meta name=\"robots\" content=\"index, follow, max-snippet:-1, max-image-preview:large, max-video-preview:-1\" \/>\n<link rel=\"canonical\" href=\"https:\/\/interamerica.org\/es\/2023\/09\/creciendo-juntos\/\" \/>\n<meta property=\"og:locale\" content=\"es_ES\" \/>\n<meta property=\"og:type\" content=\"article\" \/>\n<meta property=\"og:title\" content=\"Creciendo Juntos - Iglesia Adventista del S\u00e9ptimo D\u00eda - Divisi\u00f3n Interamericana\" \/>\n<meta property=\"og:description\" content=\"A continuaci\u00f3n se encuentra\u00a0 un mensaje dirigido a la Iglesia Adventista del S\u00e9ptimo D\u00eda en Interam\u00e9rica por el presidente de la Divisi\u00f3n Interamericana, Elie Henry\u2013Personal de noticias de la DIA...\" \/>\n<meta property=\"og:url\" content=\"https:\/\/interamerica.org\/es\/2023\/09\/creciendo-juntos\/\" \/>\n<meta property=\"og:site_name\" content=\"Iglesia Adventista del S\u00e9ptimo D\u00eda - Divisi\u00f3n Interamericana\" \/>\n<meta property=\"article:published_time\" content=\"2023-09-29T16:47:56+00:00\" \/>\n<meta property=\"article:modified_time\" content=\"2023-10-02T14:00:16+00:00\" \/>\n<meta property=\"og:image\" content=\"https:\/\/interamerica.org\/wp-content\/uploads\/2023\/09\/eh-23-39-thumb-esp.png\" \/>\n\t<meta property=\"og:image:width\" content=\"1255\" \/>\n\t<meta property=\"og:image:height\" content=\"708\" \/>\n\t<meta property=\"og:image:type\" content=\"image\/png\" \/>\n<meta name=\"author\" content=\"libna\" \/>\n<meta name=\"twitter:card\" content=\"summary_large_image\" \/>\n<meta name=\"twitter:label1\" content=\"Escrito por\" \/>\n\t<meta name=\"twitter:data1\" content=\"libna\" \/>\n\t<meta name=\"twitter:label2\" content=\"Tiempo de lectura\" \/>\n\t<meta name=\"twitter:data2\" content=\"2 minutos\" \/>\n<script type=\"application\/ld+json\" class=\"yoast-schema-graph\">{\"@context\":\"https:\\\/\\\/schema.org\",\"@graph\":[{\"@type\":\"Article\",\"@id\":\"https:\\\/\\\/interamerica.org\\\/es\\\/2023\\\/09\\\/creciendo-juntos\\\/#article\",\"isPartOf\":{\"@id\":\"https:\\\/\\\/interamerica.org\\\/es\\\/2023\\\/09\\\/creciendo-juntos\\\/\"},\"author\":{\"name\":\"libna\",\"@id\":\"https:\\\/\\\/interamerica.org\\\/es\\\/#\\\/schema\\\/person\\\/29998f2bc2d8bd0d38662909289b54f1\"},\"headline\":\"Creciendo Juntos\",\"datePublished\":\"2023-09-29T16:47:56+00:00\",\"dateModified\":\"2023-10-02T14:00:16+00:00\",\"mainEntityOfPage\":{\"@id\":\"https:\\\/\\\/interamerica.org\\\/es\\\/2023\\\/09\\\/creciendo-juntos\\\/\"},\"wordCount\":309,\"image\":{\"@id\":\"https:\\\/\\\/interamerica.org\\\/es\\\/2023\\\/09\\\/creciendo-juntos\\\/#primaryimage\"},\"thumbnailUrl\":\"https:\\\/\\\/interamerica.org\\\/wp-content\\\/uploads\\\/2023\\\/09\\\/eh-23-39-thumb-esp.png\",\"articleSection\":[\"Desde la sede\",\"RSS Espa\u00f1ol\"],\"inLanguage\":\"es\"},{\"@type\":\"WebPage\",\"@id\":\"https:\\\/\\\/interamerica.org\\\/es\\\/2023\\\/09\\\/creciendo-juntos\\\/\",\"url\":\"https:\\\/\\\/interamerica.org\\\/es\\\/2023\\\/09\\\/creciendo-juntos\\\/\",\"name\":\"Creciendo Juntos - Iglesia Adventista del S\u00e9ptimo D\u00eda - Divisi\u00f3n Interamericana\",\"isPartOf\":{\"@id\":\"https:\\\/\\\/interamerica.org\\\/es\\\/#website\"},\"primaryImageOfPage\":{\"@id\":\"https:\\\/\\\/interamerica.org\\\/es\\\/2023\\\/09\\\/creciendo-juntos\\\/#primaryimage\"},\"image\":{\"@id\":\"https:\\\/\\\/interamerica.org\\\/es\\\/2023\\\/09\\\/creciendo-juntos\\\/#primaryimage\"},\"thumbnailUrl\":\"https:\\\/\\\/interamerica.org\\\/wp-content\\\/uploads\\\/2023\\\/09\\\/eh-23-39-thumb-esp.png\",\"datePublished\":\"2023-09-29T16:47:56+00:00\",\"dateModified\":\"2023-10-02T14:00:16+00:00\",\"author\":{\"@id\":\"https:\\\/\\\/interamerica.org\\\/es\\\/#\\\/schema\\\/person\\\/29998f2bc2d8bd0d38662909289b54f1\"},\"breadcrumb\":{\"@id\":\"https:\\\/\\\/interamerica.org\\\/es\\\/2023\\\/09\\\/creciendo-juntos\\\/#breadcrumb\"},\"inLanguage\":\"es\",\"potentialAction\":[{\"@type\":\"ReadAction\",\"target\":[\"https:\\\/\\\/interamerica.org\\\/es\\\/2023\\\/09\\\/creciendo-juntos\\\/\"]}]},{\"@type\":\"ImageObject\",\"inLanguage\":\"es\",\"@id\":\"https:\\\/\\\/interamerica.org\\\/es\\\/2023\\\/09\\\/creciendo-juntos\\\/#primaryimage\",\"url\":\"https:\\\/\\\/interamerica.org\\\/wp-content\\\/uploads\\\/2023\\\/09\\\/eh-23-39-thumb-esp.png\",\"contentUrl\":\"https:\\\/\\\/interamerica.org\\\/wp-content\\\/uploads\\\/2023\\\/09\\\/eh-23-39-thumb-esp.png\",\"width\":1255,\"height\":708},{\"@type\":\"BreadcrumbList\",\"@id\":\"https:\\\/\\\/interamerica.org\\\/es\\\/2023\\\/09\\\/creciendo-juntos\\\/#breadcrumb\",\"itemListElement\":[{\"@type\":\"ListItem\",\"position\":1,\"name\":\"Home\",\"item\":\"https:\\\/\\\/interamerica.org\\\/es\\\/\"},{\"@type\":\"ListItem\",\"position\":2,\"name\":\"Creciendo Juntos\"}]},{\"@type\":\"WebSite\",\"@id\":\"https:\\\/\\\/interamerica.org\\\/es\\\/#website\",\"url\":\"https:\\\/\\\/interamerica.org\\\/es\\\/\",\"name\":\"Iglesia Adventista del S\u00e9ptimo D\u00eda - Divisi\u00f3n Interamericana\",\"description\":\"\",\"potentialAction\":[{\"@type\":\"SearchAction\",\"target\":{\"@type\":\"EntryPoint\",\"urlTemplate\":\"https:\\\/\\\/interamerica.org\\\/es\\\/?s={search_term_string}\"},\"query-input\":{\"@type\":\"PropertyValueSpecification\",\"valueRequired\":true,\"valueName\":\"search_term_string\"}}],\"inLanguage\":\"es\"},{\"@type\":\"Person\",\"@id\":\"https:\\\/\\\/interamerica.org\\\/es\\\/#\\\/schema\\\/person\\\/29998f2bc2d8bd0d38662909289b54f1\",\"name\":\"libna\",\"image\":{\"@type\":\"ImageObject\",\"inLanguage\":\"es\",\"@id\":\"https:\\\/\\\/secure.gravatar.com\\\/avatar\\\/7c5bd30ae4b47a9ba3c856590957fd1d96dc588bf3ac05719d247e126840331f?s=96&d=mm&r=g\",\"url\":\"https:\\\/\\\/secure.gravatar.com\\\/avatar\\\/7c5bd30ae4b47a9ba3c856590957fd1d96dc588bf3ac05719d247e126840331f?s=96&d=mm&r=g\",\"contentUrl\":\"https:\\\/\\\/secure.gravatar.com\\\/avatar\\\/7c5bd30ae4b47a9ba3c856590957fd1d96dc588bf3ac05719d247e126840331f?s=96&d=mm&r=g\",\"caption\":\"libna\"}}]}<\/script>\n<!-- \/ Yoast SEO plugin. -->","yoast_head_json":{"title":"Creciendo Juntos - Iglesia Adventista del S\u00e9ptimo D\u00eda - Divisi\u00f3n Interamericana","robots":{"index":"index","follow":"follow","max-snippet":"max-snippet:-1","max-image-preview":"max-image-preview:large","max-video-preview":"max-video-preview:-1"},"canonical":"https:\/\/interamerica.org\/es\/2023\/09\/creciendo-juntos\/","og_locale":"es_ES","og_type":"article","og_title":"Creciendo Juntos - Iglesia Adventista del S\u00e9ptimo D\u00eda - Divisi\u00f3n Interamericana","og_description":"A continuaci\u00f3n se encuentra\u00a0 un mensaje dirigido a la Iglesia Adventista del S\u00e9ptimo D\u00eda en Interam\u00e9rica por el presidente de la Divisi\u00f3n Interamericana, Elie Henry\u2013Personal de noticias de la DIA...","og_url":"https:\/\/interamerica.org\/es\/2023\/09\/creciendo-juntos\/","og_site_name":"Iglesia Adventista del S\u00e9ptimo D\u00eda - Divisi\u00f3n Interamericana","article_published_time":"2023-09-29T16:47:56+00:00","article_modified_time":"2023-10-02T14:00:16+00:00","og_image":[{"width":1255,"height":708,"url":"https:\/\/interamerica.org\/wp-content\/uploads\/2023\/09\/eh-23-39-thumb-esp.png","type":"image\/png"}],"author":"libna","twitter_card":"summary_large_image","twitter_misc":{"Escrito por":"libna","Tiempo de lectura":"2 minutos"},"schema":{"@context":"https:\/\/schema.org","@graph":[{"@type":"Article","@id":"https:\/\/interamerica.org\/es\/2023\/09\/creciendo-juntos\/#article","isPartOf":{"@id":"https:\/\/interamerica.org\/es\/2023\/09\/creciendo-juntos\/"},"author":{"name":"libna","@id":"https:\/\/interamerica.org\/es\/#\/schema\/person\/29998f2bc2d8bd0d38662909289b54f1"},"headline":"Creciendo Juntos","datePublished":"2023-09-29T16:47:56+00:00","dateModified":"2023-10-02T14:00:16+00:00","mainEntityOfPage":{"@id":"https:\/\/interamerica.org\/es\/2023\/09\/creciendo-juntos\/"},"wordCount":309,"image":{"@id":"https:\/\/interamerica.org\/es\/2023\/09\/creciendo-juntos\/#primaryimage"},"thumbnailUrl":"https:\/\/interamerica.org\/wp-content\/uploads\/2023\/09\/eh-23-39-thumb-esp.png","articleSection":["Desde la sede","RSS Espa\u00f1ol"],"inLanguage":"es"},{"@type":"WebPage","@id":"https:\/\/interamerica.org\/es\/2023\/09\/creciendo-juntos\/","url":"https:\/\/interamerica.org\/es\/2023\/09\/creciendo-juntos\/","name":"Creciendo Juntos - Iglesia Adventista del S\u00e9ptimo D\u00eda - Divisi\u00f3n Interamericana","isPartOf":{"@id":"https:\/\/interamerica.org\/es\/#website"},"primaryImageOfPage":{"@id":"https:\/\/interamerica.org\/es\/2023\/09\/creciendo-juntos\/#primaryimage"},"image":{"@id":"https:\/\/interamerica.org\/es\/2023\/09\/creciendo-juntos\/#primaryimage"},"thumbnailUrl":"https:\/\/interamerica.org\/wp-content\/uploads\/2023\/09\/eh-23-39-thumb-esp.png","datePublished":"2023-09-29T16:47:56+00:00","dateModified":"2023-10-02T14:00:16+00:00","author":{"@id":"https:\/\/interamerica.org\/es\/#\/schema\/person\/29998f2bc2d8bd0d38662909289b54f1"},"breadcrumb":{"@id":"https:\/\/interamerica.org\/es\/2023\/09\/creciendo-juntos\/#breadcrumb"},"inLanguage":"es","potentialAction":[{"@type":"ReadAction","target":["https:\/\/interamerica.org\/es\/2023\/09\/creciendo-juntos\/"]}]},{"@type":"ImageObject","inLanguage":"es","@id":"https:\/\/interamerica.org\/es\/2023\/09\/creciendo-juntos\/#primaryimage","url":"https:\/\/interamerica.org\/wp-content\/uploads\/2023\/09\/eh-23-39-thumb-esp.png","contentUrl":"https:\/\/interamerica.org\/wp-content\/uploads\/2023\/09\/eh-23-39-thumb-esp.png","width":1255,"height":708},{"@type":"BreadcrumbList","@id":"https:\/\/interamerica.org\/es\/2023\/09\/creciendo-juntos\/#breadcrumb","itemListElement":[{"@type":"ListItem","position":1,"name":"Home","item":"https:\/\/interamerica.org\/es\/"},{"@type":"ListItem","position":2,"name":"Creciendo Juntos"}]},{"@type":"WebSite","@id":"https:\/\/interamerica.org\/es\/#website","url":"https:\/\/interamerica.org\/es\/","name":"Iglesia Adventista del S\u00e9ptimo D\u00eda - Divisi\u00f3n Interamericana","description":"","potentialAction":[{"@type":"SearchAction","target":{"@type":"EntryPoint","urlTemplate":"https:\/\/interamerica.org\/es\/?s={search_term_string}"},"query-input":{"@type":"PropertyValueSpecification","valueRequired":true,"valueName":"search_term_string"}}],"inLanguage":"es"},{"@type":"Person","@id":"https:\/\/interamerica.org\/es\/#\/schema\/person\/29998f2bc2d8bd0d38662909289b54f1","name":"libna","image":{"@type":"ImageObject","inLanguage":"es","@id":"https:\/\/secure.gravatar.com\/avatar\/7c5bd30ae4b47a9ba3c856590957fd1d96dc588bf3ac05719d247e126840331f?s=96&d=mm&r=g","url":"https:\/\/secure.gravatar.com\/avatar\/7c5bd30ae4b47a9ba3c856590957fd1d96dc588bf3ac05719d247e126840331f?s=96&d=mm&r=g","contentUrl":"https:\/\/secure.gravatar.com\/avatar\/7c5bd30ae4b47a9ba3c856590957fd1d96dc588bf3ac05719d247e126840331f?s=96&d=mm&r=g","caption":"libna"}}]}},"_links":{"self":[{"href":"https:\/\/interamerica.org\/es\/wp-json\/wp\/v2\/posts\/103970","targetHints":{"allow":["GET"]}}],"collection":[{"href":"https:\/\/interamerica.org\/es\/wp-json\/wp\/v2\/posts"}],"about":[{"href":"https:\/\/interamerica.org\/es\/wp-json\/wp\/v2\/types\/post"}],"author":[{"embeddable":true,"href":"https:\/\/interamerica.org\/es\/wp-json\/wp\/v2\/users\/3"}],"replies":[{"embeddable":true,"href":"https:\/\/interamerica.org\/es\/wp-json\/wp\/v2\/comments?post=103970"}],"version-history":[{"count":0,"href":"https:\/\/interamerica.org\/es\/wp-json\/wp\/v2\/posts\/103970\/revisions"}],"wp:featuredmedia":[{"embeddable":true,"href":"https:\/\/interamerica.org\/es\/wp-json\/wp\/v2\/media\/103971"}],"wp:attachment":[{"href":"https:\/\/interamerica.org\/es\/wp-json\/wp\/v2\/media?parent=103970"}],"wp:term":[{"taxonomy":"category","embeddable":true,"href":"https:\/\/interamerica.org\/es\/wp-json\/wp\/v2\/categories?post=103970"},{"taxonomy":"post_tag","embeddable":true,"href":"https:\/\/interamerica.org\/es\/wp-json\/wp\/v2\/tags?post=103970"}],"curies":[{"name":"wp","href":"https:\/\/api.w.org\/{rel}","templated":true}]}}