{"id":104077,"date":"2023-10-02T10:48:53","date_gmt":"2023-10-02T14:48:53","guid":{"rendered":"https:\/\/interamerica.org\/?p=104077"},"modified":"2023-10-02T14:09:07","modified_gmt":"2023-10-02T18:09:07","slug":"la-huella-de-maranatha-pone-de-relieve-el-poder-de-la-sinergia-adventista","status":"publish","type":"post","link":"https:\/\/interamerica.org\/es\/2023\/10\/la-huella-de-maranatha-pone-de-relieve-el-poder-de-la-sinergia-adventista\/","title":{"rendered":"La huella de Maranatha pone de relieve el poder de la sinergia adventista"},"content":{"rendered":"<div id=\"attachment_104038\" style=\"width: 869px\" class=\"wp-caption aligncenter\"><img fetchpriority=\"high\" decoding=\"async\" aria-describedby=\"caption-attachment-104038\" class=\" wp-image-104036\" src=\"https:\/\/interamerica.org\/wp-content\/uploads\/2023\/10\/mvi-repdom-1dsc-0553.jpeg\" alt=\"\" width=\"859\" height=\"573\" srcset=\"https:\/\/interamerica.org\/wp-content\/uploads\/2023\/10\/mvi-repdom-1dsc-0553.jpeg 1000w, https:\/\/interamerica.org\/wp-content\/uploads\/2023\/10\/mvi-repdom-1dsc-0553-300x200.jpeg 300w, https:\/\/interamerica.org\/wp-content\/uploads\/2023\/10\/mvi-repdom-1dsc-0553-768x512.jpeg 768w\" sizes=\"(max-width: 859px) 100vw, 859px\" \/><p id=\"caption-attachment-104038\" class=\"wp-caption-text\">L\u00edderes de Maranatha Volunteers International, un grupo de partidarios, y Gabriel Paulino, presidente de la Asociaci\u00f3n Dominicana del Sureste (quinto desde la izquierda) posan para una fotograf\u00eda grupal en la oficina de Paulino en Santo Domingo, Rep\u00fablica Dominicana, el 25 de agosto. [Fotograf\u00eda: Marcos Paseggi, Adventist Review]<\/p><\/div>\n<h4>La sociedad entre los ministerios de apoyo y los directivos de la iglesia est\u00e1n marcando un gran impacto para Dios.<\/h4>\n<p>30 de septiembre de 2023 | Santo Domingo, Rep\u00fablica Dominicana | Marcos Paseggi, Adventist Review<\/p>\n<p>La huella de Maranatha Volunteers International, un ministerio de apoyo de la Iglesia Adventista del S\u00e9ptimo D\u00eda que edifica iglesias, escuelas y pozos de agua en diversas partes del mundo, qued\u00f3 clara durante una reciente celebraci\u00f3n de la iglesia en la Rep\u00fablica Dominicana.<\/p>\n<p>Miles de miembros de iglesia, l\u00edderes, ministerios de apoyo e invitados de la comunidad se reunieron en Santo Domingo el 26 de agosto para celebrar 25 a\u00f1os de crecimiento sostenido en la Asociaci\u00f3n Dominicana del Sureste de la Iglesia Adventista (ADOSE). Los miembros de iglesia e invitados especiales que asistieron a la celebraci\u00f3n agradecieron a Dios por su cuidado y bendiciones durante el \u00faltimo cuarto de siglo.<\/p>\n<p><div id=\"attachment_104042\" style=\"width: 847px\" class=\"wp-caption aligncenter\"><img decoding=\"async\" aria-describedby=\"caption-attachment-104042\" class=\" wp-image-104040\" src=\"https:\/\/interamerica.org\/wp-content\/uploads\/2023\/10\/mvi-adose-2.jpg\" alt=\"\" width=\"837\" height=\"558\" srcset=\"https:\/\/interamerica.org\/wp-content\/uploads\/2023\/10\/mvi-adose-2.jpg 768w, https:\/\/interamerica.org\/wp-content\/uploads\/2023\/10\/mvi-adose-2-300x200.jpg 300w\" sizes=\"(max-width: 837px) 100vw, 837px\" \/><p id=\"caption-attachment-104042\" class=\"wp-caption-text\">Gabriel Paulino, presidente de la Asociaci\u00f3n Dominicana del Sureste, muestra un mapa de la ciudad de Santo Domingo y sus alrededores, destacando cada una de las iglesias que Maranatha ha construido en la zona desde 1992. [Fotograf\u00eda: Marcos Paseggi, Adventist Review]<\/p><\/div>Al mismo tiempo, los l\u00edderes regionales y miembros de la iglesia se comprometieron a redoblar sus esfuerzos de compartir el mensaje del evangelio. El evento incluy\u00f3 mensajes b\u00edblicos, c\u00e1nticos de alabanza, una ceremonia bautismal, y momentos especiales para honrar a aquellos cuya participaci\u00f3n ha sido clave para este avance.<\/p>\n<p>Como parte de la celebraci\u00f3n, los l\u00edderes regionales de la iglesia reconocieron las tres d\u00e9cadas del trabajo de Maranatha, que, dijeron los l\u00edderes, ha dejado una huella tangible en la regi\u00f3n. Los l\u00edderes de la iglesia estiman que las decenas de templos adventistas financiados o facilitados por Maranatha en el territorio desde 1992 suman el treinta por ciento de las aproximadamente 370 congregaciones adventistas en la zona metropolitana de Santo Domingo.<\/p>\n<p><div id=\"attachment_104045\" style=\"width: 853px\" class=\"wp-caption aligncenter\"><img decoding=\"async\" aria-describedby=\"caption-attachment-104045\" class=\" wp-image-104043\" src=\"https:\/\/interamerica.org\/wp-content\/uploads\/2023\/10\/mvi-adose-3.jpeg\" alt=\"\" width=\"843\" height=\"562\" srcset=\"https:\/\/interamerica.org\/wp-content\/uploads\/2023\/10\/mvi-adose-3.jpeg 768w, https:\/\/interamerica.org\/wp-content\/uploads\/2023\/10\/mvi-adose-3-300x200.jpeg 300w\" sizes=\"(max-width: 843px) 100vw, 843px\" \/><p id=\"caption-attachment-104045\" class=\"wp-caption-text\">Un grupo de j\u00f3venes voluntarios adventistas sonr\u00eden afuera del lugar donde la Asociaci\u00f3n Dominicana del Sureste celebr\u00f3 sus 25 a\u00f1os de ministerio el pasado 26 de agosto. [Fotograf\u00eda: Marcos Paseggi, Adventist Review]<\/p><\/div>\u201cMaranatha construye iglesias, y entonces nosotros las llenamos\u201d, dijo un l\u00edder de la iglesia en la regi\u00f3n.<\/p>\n<p><strong>Un impacto mensurable<\/strong><\/p>\n<p>La masiva celebraci\u00f3n destac\u00f3 otro aspecto del impulso misionero adventista: el poder de la sinergia entre los ministerios apoyados por los laicos y directivos de la iglesia, que trabajan juntos en diversos cargos pero con el mismo objetivo, reconocieron los l\u00edderes de la iglesia.<\/p>\n<p><div id=\"attachment_104049\" style=\"width: 847px\" class=\"wp-caption aligncenter\"><img loading=\"lazy\" decoding=\"async\" aria-describedby=\"caption-attachment-104049\" class=\" wp-image-104047\" src=\"https:\/\/interamerica.org\/wp-content\/uploads\/2023\/10\/mvi-adose-4.jpeg\" alt=\"\" width=\"837\" height=\"558\" srcset=\"https:\/\/interamerica.org\/wp-content\/uploads\/2023\/10\/mvi-adose-4.jpeg 768w, https:\/\/interamerica.org\/wp-content\/uploads\/2023\/10\/mvi-adose-4-300x200.jpeg 300w\" sizes=\"(max-width: 837px) 100vw, 837px\" \/><p id=\"caption-attachment-104049\" class=\"wp-caption-text\">Henry Beras, vicepresidente de la Uni\u00f3n Asociaci\u00f3n del Atl\u00e1ntico (izquierda) predica durante celebraci\u00f3n de los 25 a\u00f1os de la Asociaci\u00f3n Dominicana del Sureste, mientras el tesorero El\u00edas F. Zabala Sr. traduce para las visitas angloparlantes. [Fotograf\u00eda: Marcos Paseggi, Adventist Review]<\/p><\/div>Maranatha, un ministerio que no recibe fondos de la organizaci\u00f3n de la Iglesia Adventista y es financiada en su totalidad por donantes y emprendimientos privados, cuenta con una larga historia de participaci\u00f3n en la Rep\u00fablica Dominicana. En 1992, un esfuerzo por construir 25 iglesias en Santo Domingo en unos pocos meses marc\u00f3 la primera iniciativa multiproyecto que la organizaci\u00f3n asumi\u00f3 alguna vez. Desde entonces, Maranatha ha regresado varias veces \u2014 la \u00faltima en 2022 \u2014 para brindar las tan necesarias estructuras de culto a una feligres\u00eda que ha crecido a pasos agigantados.<\/p>\n<p>Durante el fin de semana del 25-26 de agosto, los l\u00edderes de Maranatha y un grupo de donantes recorrieron las iniciativas actuales en la zona de Santo Domingo, que incluye decenas de templos y el proyecto m\u00e1s grande denominado \u201cCiudad del Cielo\u201d, un campus adventista que esperan inaugurar en 2025 y que incluir\u00e1 un espacioso Centro de Educaci\u00f3n y Evangelismo, un edificio con m\u00faltiples salones de clase, oficinas, ba\u00f1os y un auditorio, adem\u00e1s de una iglesia grande para m\u00e1s de cuatrocientas personas.<\/p>\n<p><div id=\"attachment_104052\" style=\"width: 825px\" class=\"wp-caption aligncenter\"><img loading=\"lazy\" decoding=\"async\" aria-describedby=\"caption-attachment-104052\" class=\" wp-image-104050\" src=\"https:\/\/interamerica.org\/wp-content\/uploads\/2023\/10\/mvi-adose-5dsc-0900-768x512-1.jpeg\" alt=\"\" width=\"815\" height=\"543\" srcset=\"https:\/\/interamerica.org\/wp-content\/uploads\/2023\/10\/mvi-adose-5dsc-0900-768x512-1.jpeg 768w, https:\/\/interamerica.org\/wp-content\/uploads\/2023\/10\/mvi-adose-5dsc-0900-768x512-1-300x200.jpeg 300w\" sizes=\"(max-width: 815px) 100vw, 815px\" \/><p id=\"caption-attachment-104052\" class=\"wp-caption-text\">L\u00edderes de la Uni\u00f3n Asociaci\u00f3n del Atl\u00e1ntico de la Divisi\u00f3n Norteamericana, incluido el presidente Pierre E. Omeler (al centro), son reconocidos por su papel en una campa\u00f1a de evangelizaci\u00f3n en m\u00faltiples sedes de la Rep\u00fablica Dominicana en julio y agosto. [Fotograf\u00eda: Marcos Paseggi, Adventist Review]<\/p><\/div>El grupo visitante recorri\u00f3 algunos de los templos inaugurados hace poco y particip\u00f3 de la inauguraci\u00f3n de otros tres, adem\u00e1s de asistir a las celebraciones del vig\u00e9simo quinto aniversario.<\/p>\n<p>El 25 de agosto, la delegaci\u00f3n de Maranatha realiz\u00f3 una parada en la sede de la ADOSE, donde un mapa de pared a pared de Santo Domingo y sus alrededores marca el lugar exacto de cada templo facilitado por Maranatha en la zona desde 1992. Gabriel Paulino, presidente de la ADOSE, explic\u00f3 c\u00f3mo, a partir de una iglesia financiada por Maranatha hace tres d\u00e9cadas, otras iglesias se diseminaron por la ciudad y a\u00fan m\u00e1s all\u00e1.<\/p>\n<p><div id=\"attachment_104055\" style=\"width: 805px\" class=\"wp-caption aligncenter\"><img loading=\"lazy\" decoding=\"async\" aria-describedby=\"caption-attachment-104055\" class=\" wp-image-104053\" src=\"https:\/\/interamerica.org\/wp-content\/uploads\/2023\/10\/mvi-adose-6.jpeg\" alt=\"\" width=\"795\" height=\"530\" srcset=\"https:\/\/interamerica.org\/wp-content\/uploads\/2023\/10\/mvi-adose-6.jpeg 768w, https:\/\/interamerica.org\/wp-content\/uploads\/2023\/10\/mvi-adose-6-300x200.jpeg 300w\" sizes=\"(max-width: 795px) 100vw, 795px\" \/><p id=\"caption-attachment-104055\" class=\"wp-caption-text\">Dos pastores sonr\u00eden despu\u00e9s de bautizar a un miembro del Club de Conquistadores, como parte de la ceremonia del vig\u00e9simo quinto aniversario de la Asociaci\u00f3n Dominicana del Sureste el pasado 26 de agosto. [Fotograf\u00eda: Marcos Paseggi, Adventist Review]<\/p><\/div>Esas nuevas congregaciones, llamadas \u201ciglesias hijas\u201d, pronto se diseminaron por la ciudad en crecimiento, para con el tiempo facilitar el lanzamiento de otras nuevas iglesias. Durante el \u00faltimo paso de Maranatha en el pa\u00eds, el ministerio inaugur\u00f3 al menos una congregaci\u00f3n \u201cde la cuarta generaci\u00f3n\u201d, la \u201cbisnieta\u201d del templo original que construy\u00f3 Maranatha en 1992.<\/p>\n<p><strong>Una lecci\u00f3n de sinergia<\/strong><\/p>\n<p>A pesar de ello, no todo ministerio de apoyo trabaja con palas mec\u00e1nicas, bloques y vigas. La celebraci\u00f3n de los 25 a\u00f1os de la ADOSE el pasado 26 de agosto tambi\u00e9n destac\u00f3 de qu\u00e9 manera otros ministerios de apoyo de la Iglesia Adventista han brindado personal para predicar, ense\u00f1ar y llegar a los vecinos de Santo Domingo con la verdad de la Biblia.<\/p>\n<p><div id=\"attachment_104058\" style=\"width: 814px\" class=\"wp-caption aligncenter\"><img loading=\"lazy\" decoding=\"async\" aria-describedby=\"caption-attachment-104058\" class=\" wp-image-104056\" src=\"https:\/\/interamerica.org\/wp-content\/uploads\/2023\/10\/mvi-adose-7.jpeg\" alt=\"\" width=\"804\" height=\"536\" srcset=\"https:\/\/interamerica.org\/wp-content\/uploads\/2023\/10\/mvi-adose-7.jpeg 768w, https:\/\/interamerica.org\/wp-content\/uploads\/2023\/10\/mvi-adose-7-300x200.jpeg 300w\" sizes=\"(max-width: 804px) 100vw, 804px\" \/><p id=\"caption-attachment-104058\" class=\"wp-caption-text\">\u201cEn Dios haremos proezas\u201d, cant\u00f3 un coro, haci\u00e9ndose eco del lema de la celebraci\u00f3n del 25 aniversario de la Asociaci\u00f3n Dominicana del Sureste el pasado 26 de agosto. [Photo: Marcos Paseggi, Adventist Review]<\/p><\/div>La celebraci\u00f3n del aniversario incluy\u00f3 un mensaje especial a cargo de Henry Beras, vicepresidente de la Uni\u00f3n Asociaci\u00f3n del Atl\u00e1ntico (AUC) en los Estados Unidos. Beras, que naci\u00f3 en la Rep\u00fablica Dominicana, fue parte del equipo de la AUC que predic\u00f3 en diversas sedes de la ciudad y de otros poblados, para apoyar a aproximadamente cuarenta campa\u00f1as de evangelizaci\u00f3n en ese pa\u00eds.<\/p>\n<p>It Is Written (IIW), otro ministerio de apoyo ubicado en los Estados Unidos, tambi\u00e9n brind\u00f3 predicadores para el impulso de evangelizaci\u00f3n de julio y agosto. Durante la ceremonia del 26 de agosto, los l\u00edderes de la iglesia en la regi\u00f3n reconocieron esa obra en la persona de Wes Peppers, director de evangelismo de IIW. El apoyo que brind\u00f3 el ministerio incluy\u00f3 a Robert Costa, director ministerial asociado de la Asociaci\u00f3n General y director orador de Escrito Est\u00e1, el canal en espa\u00f1ol de IIW.<\/p>\n<p><div id=\"attachment_104061\" style=\"width: 823px\" class=\"wp-caption aligncenter\"><img loading=\"lazy\" decoding=\"async\" aria-describedby=\"caption-attachment-104061\" class=\" wp-image-104059\" src=\"https:\/\/interamerica.org\/wp-content\/uploads\/2023\/10\/mvi-adose-8.jpeg\" alt=\"\" width=\"813\" height=\"542\" srcset=\"https:\/\/interamerica.org\/wp-content\/uploads\/2023\/10\/mvi-adose-8.jpeg 768w, https:\/\/interamerica.org\/wp-content\/uploads\/2023\/10\/mvi-adose-8-300x200.jpeg 300w\" sizes=\"(max-width: 813px) 100vw, 813px\" \/><p id=\"caption-attachment-104061\" class=\"wp-caption-text\">Gabriel Paulino, presidente de la Asociaci\u00f3n Dominicana del Sureste (izquierda) destaca la huella de tres d\u00e9cadas que dej\u00f3 Maranatha en la Rep\u00fablica Dominicana, mientras que el vicepresidente de Maranatha Kenneth Weiss traduce sus palabras y el presidente Don Noble observa. [Fotograf\u00eda: Marcos Paseggi, Adventist Review]<\/p><\/div>El apoyo del extranjero, sin embargo, no habr\u00eda sido suficiente de no ser por la participaci\u00f3n en el lugar, reconocieron los l\u00edderes. \u201cEl fervor y el compromiso de los pastores locales y los laicos en el cumplimiento de la misi\u00f3n de Dios fue contagioso\u201d, dijo Costa al final de la serie de reuniones. \u201cEn este pa\u00eds, la ganancia de almas es un estilo de vida\u201d. Seg\u00fan los l\u00edderes de la iglesia en la regi\u00f3n, la ADOSE recibi\u00f3 a m\u00e1s de 1400 miembros nuevos entre julio y agosto.<\/p>\n<p><strong>La conducci\u00f3n divina y la participaci\u00f3n de los miembros<\/strong><\/p>\n<p>Durante la celebraci\u00f3n del 26 de agosto, los l\u00edderes de la ADOSE reconocieron esta sinergia al condecorar a IIW, a Maranatha y a otros que se adelantaron a apoyar el crecimiento de la iglesia en la regi\u00f3n. Al mismo tiempo, y a pesar de todos los esfuerzos humanos, los l\u00edderes reconocieron la conducci\u00f3n y providencia divinas en todo el proceso.<\/p>\n<p><div id=\"attachment_104064\" style=\"width: 835px\" class=\"wp-caption aligncenter\"><img loading=\"lazy\" decoding=\"async\" aria-describedby=\"caption-attachment-104064\" class=\" wp-image-104062\" src=\"https:\/\/interamerica.org\/wp-content\/uploads\/2023\/10\/mvi-adose9.jpeg\" alt=\"\" width=\"825\" height=\"550\" srcset=\"https:\/\/interamerica.org\/wp-content\/uploads\/2023\/10\/mvi-adose9.jpeg 768w, https:\/\/interamerica.org\/wp-content\/uploads\/2023\/10\/mvi-adose9-300x200.jpeg 300w\" sizes=\"(max-width: 825px) 100vw, 825px\" \/><p id=\"caption-attachment-104064\" class=\"wp-caption-text\">Te\u00f3filo Silvestre, presidente de la Uni\u00f3n Asociaci\u00f3n Dominicana (al centro) ora por la obra en la Asociaci\u00f3n Dominicana del Sureste, rodeado por los l\u00edderes de la Iglesia Adventista en la regi\u00f3n y los l\u00edderes de Maranatha. [Fotograf\u00eda: Marcos Paseggi, Adventist Review]<\/p><\/div>\u201cLo que ha sucedido aqu\u00ed durante los \u00faltimos 25 a\u00f1os no es simplemente el resultado del trabajo duro y la planificaci\u00f3n, ni el producto de grandes iglesias, sino que est\u00e1 basado por completo en el milagro que viene de los dones que nos da Dios\u201d, dijo Don Noble, presidente de Maranatha, durante la ceremonia. Al mismo tiempo, Noble, que en 31 a\u00f1os ha hecho 75 viajes a la Rep\u00fablica Dominicana, reconoci\u00f3 el apoyo local a sus esfuerzos. \u201cNos entusiasma venir a construir en este pa\u00eds por una raz\u00f3n: Ustedes son amistosos y sol\u00edcitos, y se interesan en las dem\u00e1s personas\u201d, dijo.<\/p>\n<p>Antes y despu\u00e9s de reconocer a los que hab\u00edan comprometido de su tiempo, esfuerzo y fondos para apoyar a la Iglesia Adventista en Santo Domingo, la m\u00fasica llen\u00f3 los momentos de reflexi\u00f3n espiritual, un bautismo y una oraci\u00f3n de dedicaci\u00f3n. Un coro local cant\u00f3 a todo pulm\u00f3n, llamando a las personas a reflexionar en la conexi\u00f3n entre la participaci\u00f3n divina y los esfuerzos humanos. \u201cEn Dios haremos proezas\u201d, cantaron.<\/p>\n<p>Traducci\u00f3n de Marcos Paseggi<\/p>\n","protected":false},"excerpt":{"rendered":"<p>La sociedad entre los ministerios de apoyo y los directivos de la iglesia est\u00e1n marcando un gran impacto para Dios. 30 de septiembre de 2023 | Santo Domingo, Rep\u00fablica Dominicana&#8230;<\/p>\n","protected":false},"author":3,"featured_media":104038,"comment_status":"closed","ping_status":"closed","sticky":false,"template":"","format":"standard","meta":{"_acf_changed":false,"footnotes":""},"categories":[14,15],"tags":[],"class_list":["post-104077","post","type-post","status-publish","format-standard","has-post-thumbnail","hentry","category-de-la-iglesia-mundial","category-rss-espanol"],"acf":[],"yoast_head":"<!-- This site is optimized with the Yoast SEO plugin v27.3 - https:\/\/yoast.com\/product\/yoast-seo-wordpress\/ -->\n<title>La huella de Maranatha pone de relieve el poder de la sinergia adventista - Iglesia Adventista del S\u00e9ptimo D\u00eda - Divisi\u00f3n Interamericana<\/title>\n<meta name=\"robots\" content=\"index, follow, max-snippet:-1, max-image-preview:large, max-video-preview:-1\" \/>\n<link rel=\"canonical\" href=\"https:\/\/interamerica.org\/es\/2023\/10\/la-huella-de-maranatha-pone-de-relieve-el-poder-de-la-sinergia-adventista\/\" \/>\n<meta property=\"og:locale\" content=\"es_ES\" \/>\n<meta property=\"og:type\" content=\"article\" \/>\n<meta property=\"og:title\" content=\"La huella de Maranatha pone de relieve el poder de la sinergia adventista - Iglesia Adventista del S\u00e9ptimo D\u00eda - Divisi\u00f3n Interamericana\" \/>\n<meta property=\"og:description\" content=\"La sociedad entre los ministerios de apoyo y los directivos de la iglesia est\u00e1n marcando un gran impacto para Dios. 30 de septiembre de 2023 | Santo Domingo, Rep\u00fablica Dominicana...\" \/>\n<meta property=\"og:url\" content=\"https:\/\/interamerica.org\/es\/2023\/10\/la-huella-de-maranatha-pone-de-relieve-el-poder-de-la-sinergia-adventista\/\" \/>\n<meta property=\"og:site_name\" content=\"Iglesia Adventista del S\u00e9ptimo D\u00eda - Divisi\u00f3n Interamericana\" \/>\n<meta property=\"article:published_time\" content=\"2023-10-02T14:48:53+00:00\" \/>\n<meta property=\"article:modified_time\" content=\"2023-10-02T18:09:07+00:00\" \/>\n<meta property=\"og:image\" content=\"https:\/\/interamerica.org\/wp-content\/uploads\/2023\/10\/mvi-repdom-1dsc-0553.jpeg\" \/>\n\t<meta property=\"og:image:width\" content=\"1000\" \/>\n\t<meta property=\"og:image:height\" content=\"667\" \/>\n\t<meta property=\"og:image:type\" content=\"image\/jpeg\" \/>\n<meta name=\"author\" content=\"libna\" \/>\n<meta name=\"twitter:card\" content=\"summary_large_image\" \/>\n<meta name=\"twitter:label1\" content=\"Escrito por\" \/>\n\t<meta name=\"twitter:data1\" content=\"libna\" \/>\n\t<meta name=\"twitter:label2\" content=\"Tiempo de lectura\" \/>\n\t<meta name=\"twitter:data2\" content=\"9 minutos\" \/>\n<script type=\"application\/ld+json\" class=\"yoast-schema-graph\">{\"@context\":\"https:\\\/\\\/schema.org\",\"@graph\":[{\"@type\":\"Article\",\"@id\":\"https:\\\/\\\/interamerica.org\\\/es\\\/2023\\\/10\\\/la-huella-de-maranatha-pone-de-relieve-el-poder-de-la-sinergia-adventista\\\/#article\",\"isPartOf\":{\"@id\":\"https:\\\/\\\/interamerica.org\\\/es\\\/2023\\\/10\\\/la-huella-de-maranatha-pone-de-relieve-el-poder-de-la-sinergia-adventista\\\/\"},\"author\":{\"name\":\"libna\",\"@id\":\"https:\\\/\\\/interamerica.org\\\/es\\\/#\\\/schema\\\/person\\\/29998f2bc2d8bd0d38662909289b54f1\"},\"headline\":\"La huella de Maranatha pone de relieve el poder de la sinergia adventista\",\"datePublished\":\"2023-10-02T14:48:53+00:00\",\"dateModified\":\"2023-10-02T18:09:07+00:00\",\"mainEntityOfPage\":{\"@id\":\"https:\\\/\\\/interamerica.org\\\/es\\\/2023\\\/10\\\/la-huella-de-maranatha-pone-de-relieve-el-poder-de-la-sinergia-adventista\\\/\"},\"wordCount\":1760,\"image\":{\"@id\":\"https:\\\/\\\/interamerica.org\\\/es\\\/2023\\\/10\\\/la-huella-de-maranatha-pone-de-relieve-el-poder-de-la-sinergia-adventista\\\/#primaryimage\"},\"thumbnailUrl\":\"https:\\\/\\\/interamerica.org\\\/wp-content\\\/uploads\\\/2023\\\/10\\\/mvi-repdom-1dsc-0553.jpeg\",\"articleSection\":[\"Desde la iglesia mundial\",\"RSS Espa\u00f1ol\"],\"inLanguage\":\"es\"},{\"@type\":\"WebPage\",\"@id\":\"https:\\\/\\\/interamerica.org\\\/es\\\/2023\\\/10\\\/la-huella-de-maranatha-pone-de-relieve-el-poder-de-la-sinergia-adventista\\\/\",\"url\":\"https:\\\/\\\/interamerica.org\\\/es\\\/2023\\\/10\\\/la-huella-de-maranatha-pone-de-relieve-el-poder-de-la-sinergia-adventista\\\/\",\"name\":\"La huella de Maranatha pone de relieve el poder de la sinergia adventista - Iglesia Adventista del S\u00e9ptimo D\u00eda - Divisi\u00f3n Interamericana\",\"isPartOf\":{\"@id\":\"https:\\\/\\\/interamerica.org\\\/es\\\/#website\"},\"primaryImageOfPage\":{\"@id\":\"https:\\\/\\\/interamerica.org\\\/es\\\/2023\\\/10\\\/la-huella-de-maranatha-pone-de-relieve-el-poder-de-la-sinergia-adventista\\\/#primaryimage\"},\"image\":{\"@id\":\"https:\\\/\\\/interamerica.org\\\/es\\\/2023\\\/10\\\/la-huella-de-maranatha-pone-de-relieve-el-poder-de-la-sinergia-adventista\\\/#primaryimage\"},\"thumbnailUrl\":\"https:\\\/\\\/interamerica.org\\\/wp-content\\\/uploads\\\/2023\\\/10\\\/mvi-repdom-1dsc-0553.jpeg\",\"datePublished\":\"2023-10-02T14:48:53+00:00\",\"dateModified\":\"2023-10-02T18:09:07+00:00\",\"author\":{\"@id\":\"https:\\\/\\\/interamerica.org\\\/es\\\/#\\\/schema\\\/person\\\/29998f2bc2d8bd0d38662909289b54f1\"},\"breadcrumb\":{\"@id\":\"https:\\\/\\\/interamerica.org\\\/es\\\/2023\\\/10\\\/la-huella-de-maranatha-pone-de-relieve-el-poder-de-la-sinergia-adventista\\\/#breadcrumb\"},\"inLanguage\":\"es\",\"potentialAction\":[{\"@type\":\"ReadAction\",\"target\":[\"https:\\\/\\\/interamerica.org\\\/es\\\/2023\\\/10\\\/la-huella-de-maranatha-pone-de-relieve-el-poder-de-la-sinergia-adventista\\\/\"]}]},{\"@type\":\"ImageObject\",\"inLanguage\":\"es\",\"@id\":\"https:\\\/\\\/interamerica.org\\\/es\\\/2023\\\/10\\\/la-huella-de-maranatha-pone-de-relieve-el-poder-de-la-sinergia-adventista\\\/#primaryimage\",\"url\":\"https:\\\/\\\/interamerica.org\\\/wp-content\\\/uploads\\\/2023\\\/10\\\/mvi-repdom-1dsc-0553.jpeg\",\"contentUrl\":\"https:\\\/\\\/interamerica.org\\\/wp-content\\\/uploads\\\/2023\\\/10\\\/mvi-repdom-1dsc-0553.jpeg\",\"width\":1000,\"height\":667,\"caption\":\"Maranatha Volunteers International leaders, a group of supporters, and Southeast Dominican Conference president Gabriel Paulino (fifth from left) pose for a group photo at Paulino\u2019s office in Santo Domingo, Dominican Republic, on August 25. [Photo: Marcos Paseggi, Adventist Review]\"},{\"@type\":\"BreadcrumbList\",\"@id\":\"https:\\\/\\\/interamerica.org\\\/es\\\/2023\\\/10\\\/la-huella-de-maranatha-pone-de-relieve-el-poder-de-la-sinergia-adventista\\\/#breadcrumb\",\"itemListElement\":[{\"@type\":\"ListItem\",\"position\":1,\"name\":\"Home\",\"item\":\"https:\\\/\\\/interamerica.org\\\/es\\\/\"},{\"@type\":\"ListItem\",\"position\":2,\"name\":\"La huella de Maranatha pone de relieve el poder de la sinergia adventista\"}]},{\"@type\":\"WebSite\",\"@id\":\"https:\\\/\\\/interamerica.org\\\/es\\\/#website\",\"url\":\"https:\\\/\\\/interamerica.org\\\/es\\\/\",\"name\":\"Iglesia Adventista del S\u00e9ptimo D\u00eda - Divisi\u00f3n Interamericana\",\"description\":\"\",\"potentialAction\":[{\"@type\":\"SearchAction\",\"target\":{\"@type\":\"EntryPoint\",\"urlTemplate\":\"https:\\\/\\\/interamerica.org\\\/es\\\/?s={search_term_string}\"},\"query-input\":{\"@type\":\"PropertyValueSpecification\",\"valueRequired\":true,\"valueName\":\"search_term_string\"}}],\"inLanguage\":\"es\"},{\"@type\":\"Person\",\"@id\":\"https:\\\/\\\/interamerica.org\\\/es\\\/#\\\/schema\\\/person\\\/29998f2bc2d8bd0d38662909289b54f1\",\"name\":\"libna\",\"image\":{\"@type\":\"ImageObject\",\"inLanguage\":\"es\",\"@id\":\"https:\\\/\\\/secure.gravatar.com\\\/avatar\\\/7c5bd30ae4b47a9ba3c856590957fd1d96dc588bf3ac05719d247e126840331f?s=96&d=mm&r=g\",\"url\":\"https:\\\/\\\/secure.gravatar.com\\\/avatar\\\/7c5bd30ae4b47a9ba3c856590957fd1d96dc588bf3ac05719d247e126840331f?s=96&d=mm&r=g\",\"contentUrl\":\"https:\\\/\\\/secure.gravatar.com\\\/avatar\\\/7c5bd30ae4b47a9ba3c856590957fd1d96dc588bf3ac05719d247e126840331f?s=96&d=mm&r=g\",\"caption\":\"libna\"}}]}<\/script>\n<!-- \/ Yoast SEO plugin. -->","yoast_head_json":{"title":"La huella de Maranatha pone de relieve el poder de la sinergia adventista - Iglesia Adventista del S\u00e9ptimo D\u00eda - Divisi\u00f3n Interamericana","robots":{"index":"index","follow":"follow","max-snippet":"max-snippet:-1","max-image-preview":"max-image-preview:large","max-video-preview":"max-video-preview:-1"},"canonical":"https:\/\/interamerica.org\/es\/2023\/10\/la-huella-de-maranatha-pone-de-relieve-el-poder-de-la-sinergia-adventista\/","og_locale":"es_ES","og_type":"article","og_title":"La huella de Maranatha pone de relieve el poder de la sinergia adventista - Iglesia Adventista del S\u00e9ptimo D\u00eda - Divisi\u00f3n Interamericana","og_description":"La sociedad entre los ministerios de apoyo y los directivos de la iglesia est\u00e1n marcando un gran impacto para Dios. 30 de septiembre de 2023 | Santo Domingo, Rep\u00fablica Dominicana...","og_url":"https:\/\/interamerica.org\/es\/2023\/10\/la-huella-de-maranatha-pone-de-relieve-el-poder-de-la-sinergia-adventista\/","og_site_name":"Iglesia Adventista del S\u00e9ptimo D\u00eda - Divisi\u00f3n Interamericana","article_published_time":"2023-10-02T14:48:53+00:00","article_modified_time":"2023-10-02T18:09:07+00:00","og_image":[{"width":1000,"height":667,"url":"https:\/\/interamerica.org\/wp-content\/uploads\/2023\/10\/mvi-repdom-1dsc-0553.jpeg","type":"image\/jpeg"}],"author":"libna","twitter_card":"summary_large_image","twitter_misc":{"Escrito por":"libna","Tiempo de lectura":"9 minutos"},"schema":{"@context":"https:\/\/schema.org","@graph":[{"@type":"Article","@id":"https:\/\/interamerica.org\/es\/2023\/10\/la-huella-de-maranatha-pone-de-relieve-el-poder-de-la-sinergia-adventista\/#article","isPartOf":{"@id":"https:\/\/interamerica.org\/es\/2023\/10\/la-huella-de-maranatha-pone-de-relieve-el-poder-de-la-sinergia-adventista\/"},"author":{"name":"libna","@id":"https:\/\/interamerica.org\/es\/#\/schema\/person\/29998f2bc2d8bd0d38662909289b54f1"},"headline":"La huella de Maranatha pone de relieve el poder de la sinergia adventista","datePublished":"2023-10-02T14:48:53+00:00","dateModified":"2023-10-02T18:09:07+00:00","mainEntityOfPage":{"@id":"https:\/\/interamerica.org\/es\/2023\/10\/la-huella-de-maranatha-pone-de-relieve-el-poder-de-la-sinergia-adventista\/"},"wordCount":1760,"image":{"@id":"https:\/\/interamerica.org\/es\/2023\/10\/la-huella-de-maranatha-pone-de-relieve-el-poder-de-la-sinergia-adventista\/#primaryimage"},"thumbnailUrl":"https:\/\/interamerica.org\/wp-content\/uploads\/2023\/10\/mvi-repdom-1dsc-0553.jpeg","articleSection":["Desde la iglesia mundial","RSS Espa\u00f1ol"],"inLanguage":"es"},{"@type":"WebPage","@id":"https:\/\/interamerica.org\/es\/2023\/10\/la-huella-de-maranatha-pone-de-relieve-el-poder-de-la-sinergia-adventista\/","url":"https:\/\/interamerica.org\/es\/2023\/10\/la-huella-de-maranatha-pone-de-relieve-el-poder-de-la-sinergia-adventista\/","name":"La huella de Maranatha pone de relieve el poder de la sinergia adventista - Iglesia Adventista del S\u00e9ptimo D\u00eda - Divisi\u00f3n Interamericana","isPartOf":{"@id":"https:\/\/interamerica.org\/es\/#website"},"primaryImageOfPage":{"@id":"https:\/\/interamerica.org\/es\/2023\/10\/la-huella-de-maranatha-pone-de-relieve-el-poder-de-la-sinergia-adventista\/#primaryimage"},"image":{"@id":"https:\/\/interamerica.org\/es\/2023\/10\/la-huella-de-maranatha-pone-de-relieve-el-poder-de-la-sinergia-adventista\/#primaryimage"},"thumbnailUrl":"https:\/\/interamerica.org\/wp-content\/uploads\/2023\/10\/mvi-repdom-1dsc-0553.jpeg","datePublished":"2023-10-02T14:48:53+00:00","dateModified":"2023-10-02T18:09:07+00:00","author":{"@id":"https:\/\/interamerica.org\/es\/#\/schema\/person\/29998f2bc2d8bd0d38662909289b54f1"},"breadcrumb":{"@id":"https:\/\/interamerica.org\/es\/2023\/10\/la-huella-de-maranatha-pone-de-relieve-el-poder-de-la-sinergia-adventista\/#breadcrumb"},"inLanguage":"es","potentialAction":[{"@type":"ReadAction","target":["https:\/\/interamerica.org\/es\/2023\/10\/la-huella-de-maranatha-pone-de-relieve-el-poder-de-la-sinergia-adventista\/"]}]},{"@type":"ImageObject","inLanguage":"es","@id":"https:\/\/interamerica.org\/es\/2023\/10\/la-huella-de-maranatha-pone-de-relieve-el-poder-de-la-sinergia-adventista\/#primaryimage","url":"https:\/\/interamerica.org\/wp-content\/uploads\/2023\/10\/mvi-repdom-1dsc-0553.jpeg","contentUrl":"https:\/\/interamerica.org\/wp-content\/uploads\/2023\/10\/mvi-repdom-1dsc-0553.jpeg","width":1000,"height":667,"caption":"Maranatha Volunteers International leaders, a group of supporters, and Southeast Dominican Conference president Gabriel Paulino (fifth from left) pose for a group photo at Paulino\u2019s office in Santo Domingo, Dominican Republic, on August 25. [Photo: Marcos Paseggi, Adventist Review]"},{"@type":"BreadcrumbList","@id":"https:\/\/interamerica.org\/es\/2023\/10\/la-huella-de-maranatha-pone-de-relieve-el-poder-de-la-sinergia-adventista\/#breadcrumb","itemListElement":[{"@type":"ListItem","position":1,"name":"Home","item":"https:\/\/interamerica.org\/es\/"},{"@type":"ListItem","position":2,"name":"La huella de Maranatha pone de relieve el poder de la sinergia adventista"}]},{"@type":"WebSite","@id":"https:\/\/interamerica.org\/es\/#website","url":"https:\/\/interamerica.org\/es\/","name":"Iglesia Adventista del S\u00e9ptimo D\u00eda - Divisi\u00f3n Interamericana","description":"","potentialAction":[{"@type":"SearchAction","target":{"@type":"EntryPoint","urlTemplate":"https:\/\/interamerica.org\/es\/?s={search_term_string}"},"query-input":{"@type":"PropertyValueSpecification","valueRequired":true,"valueName":"search_term_string"}}],"inLanguage":"es"},{"@type":"Person","@id":"https:\/\/interamerica.org\/es\/#\/schema\/person\/29998f2bc2d8bd0d38662909289b54f1","name":"libna","image":{"@type":"ImageObject","inLanguage":"es","@id":"https:\/\/secure.gravatar.com\/avatar\/7c5bd30ae4b47a9ba3c856590957fd1d96dc588bf3ac05719d247e126840331f?s=96&d=mm&r=g","url":"https:\/\/secure.gravatar.com\/avatar\/7c5bd30ae4b47a9ba3c856590957fd1d96dc588bf3ac05719d247e126840331f?s=96&d=mm&r=g","contentUrl":"https:\/\/secure.gravatar.com\/avatar\/7c5bd30ae4b47a9ba3c856590957fd1d96dc588bf3ac05719d247e126840331f?s=96&d=mm&r=g","caption":"libna"}}]}},"_links":{"self":[{"href":"https:\/\/interamerica.org\/es\/wp-json\/wp\/v2\/posts\/104077","targetHints":{"allow":["GET"]}}],"collection":[{"href":"https:\/\/interamerica.org\/es\/wp-json\/wp\/v2\/posts"}],"about":[{"href":"https:\/\/interamerica.org\/es\/wp-json\/wp\/v2\/types\/post"}],"author":[{"embeddable":true,"href":"https:\/\/interamerica.org\/es\/wp-json\/wp\/v2\/users\/3"}],"replies":[{"embeddable":true,"href":"https:\/\/interamerica.org\/es\/wp-json\/wp\/v2\/comments?post=104077"}],"version-history":[{"count":0,"href":"https:\/\/interamerica.org\/es\/wp-json\/wp\/v2\/posts\/104077\/revisions"}],"wp:featuredmedia":[{"embeddable":true,"href":"https:\/\/interamerica.org\/es\/wp-json\/wp\/v2\/media\/104038"}],"wp:attachment":[{"href":"https:\/\/interamerica.org\/es\/wp-json\/wp\/v2\/media?parent=104077"}],"wp:term":[{"taxonomy":"category","embeddable":true,"href":"https:\/\/interamerica.org\/es\/wp-json\/wp\/v2\/categories?post=104077"},{"taxonomy":"post_tag","embeddable":true,"href":"https:\/\/interamerica.org\/es\/wp-json\/wp\/v2\/tags?post=104077"}],"curies":[{"name":"wp","href":"https:\/\/api.w.org\/{rel}","templated":true}]}}