{"id":10426,"date":"2004-12-14T00:00:00","date_gmt":"2004-12-14T04:00:00","guid":{"rendered":"http:\/\/192.81.217.108\/interamerica\/2004\/12\/republica-dominicana-la-policia-rescata-y-devuelve-un-nino-a-sus-padres-poco-despues-de-haber-sido-secuestrado\/"},"modified":"2017-06-02T09:18:13","modified_gmt":"2017-06-02T13:18:13","slug":"republica-dominicana-la-policia-rescata-y-devuelve-un-nino-a-sus-padres-poco-despues-de-haber-sido-secuestrado","status":"publish","type":"post","link":"https:\/\/interamerica.org\/es\/2004\/12\/republica-dominicana-la-policia-rescata-y-devuelve-un-nino-a-sus-padres-poco-despues-de-haber-sido-secuestrado\/","title":{"rendered":"Rep\u00fablica Dominicana: La polic\u00eda rescata y devuelve un ni\u00f1o a sus padres, poco despu\u00e9s de haber sido secuestrado."},"content":{"rendered":"<p>Bonao, Monse\u00f1or Nouel, Rep\u00fablica Dominicana\u2026[Libna Stevens\/ANN]<\/p>\n<p>\u00a0<\/p>\n<p>La polic\u00eda llev\u00f3 de vuelta a casa de sus padres, completamente ileso, a un ni\u00f1o de siete a\u00f1os de edad, 16 horas despu\u00e9s de haber sido secuestrado el 7 de diciembre. El ni\u00f1o fue raptado luego de que sus secuestradores lo forzaran a desviarse de su camino a casa, en el recinto de la Universidad Adventista de Rep\u00fablica Dominicana, en\u00a0Bonao, capital de la provincia de Monse\u00f1or Nouel, a\u00a089 Km. de Santo Domingo,\u00a0capital del pa\u00eds.<\/p>\n<p>\u201cEs un milagro que nuestro hijo est\u00e9 vivo\u201d, dijo el padre del ni\u00f1o, Ysaias Javier Dom\u00ednguez, vicerrector financiero de la universidad\u2026 \u201cDios es el \u00fanico que ha obrado en toda esta situaci\u00f3n\u201d.<\/p>\n<p>\u201cHoras despu\u00e9s que el ni\u00f1o fue secuestrado, Javier recibi\u00f3 una llamada de los delincuentes, quienes le pidieron pagar la suma de 800.000 pesos (3.000 d\u00f3lares).<\/p>\n<p>Javier inmediatamente se dirigi\u00f3 a la polic\u00eda. Luego recibi\u00f3 una segunda llamada de uno de los secuestradores, quien amenaz\u00f3 con matar a su hijo si la suma no era pagada. Javier dice que\u00a0reconoci\u00f3 la voz al tel\u00e9fono como la de un guarda nocturno de seguridad empleado por la universidad dos a\u00f1os atr\u00e1s. Habiendo provisto este dato a la polic\u00eda, ellos localizaron al ni\u00f1o r\u00e1pidamente, en una casa ubicada a seis\u00a010 kil\u00f3metros de la universidad.<\/p>\n<p>El antiguo guarda de seguridad, quien seg\u00fan informes de la polic\u00eda ten\u00eda un r\u00e9cord criminal, y otro de los presuntos delincuentes, fueron asesinados en un intercambio de disparos con la polic\u00eda. <\/p>\n<p>Javier dice que notific\u00f3 a la sede de la iglesia en Santo Domingo inmediatamente despu\u00e9s que su hijo desapareci\u00f3. La noticia se reg\u00f3 r\u00e1pidamente por todo el recinto universitario, y los adventistas de toda la isla oraron por el regreso seguro del ni\u00f1o.<\/p>\n<p>\u201cNuestra iglesia nunca hab\u00eda experimentado algo as\u00ed con uno de sus miembros, y alabamos al Se\u00f1or por su intervenci\u00f3n\u201d, dice Silvestre Gonz\u00e1lez, director de comunicaci\u00f3n para la iglesia en la Rep\u00fablica Dominicana.<\/p>\n<p>\u201cEste es el primer secuestro de un menor en nuestra ciudad\u201d, agreg\u00f3 Javier.<\/p>\n<p>Javier dice que\u00a0se sorprendi\u00f3 de la rapidez con la cual su hijo regres\u00f3 a casa, y agreg\u00f3 que los oficiales de la polic\u00eda le dijeron que normalmente las negociaciones con los secuestradores toman tres d\u00edas.<\/p>\n<p>El incidente oblig\u00f3 a los l\u00edderes de la universidad a\u00a0 implementar m\u00e1s medidas de seguridad en el campus. La universidad ha contratado a una agencia de seguridad, para trabajar en conjunto con el equipo interno de seguridad de la instituci\u00f3n, a fin de hacer m\u00e1s efectiva la protecci\u00f3n de los m\u00e1s de 1000 estudiantes y directivos que viven en el recinto universitario.<\/p>\n<p>El ni\u00f1o, quien es el mayor de tres hermanos, dice que est\u00e1 feliz de volver a ver a sus padres y dem\u00e1s allegados. \u00c9l volver\u00e1 a la escuela en Enero.<\/p>\n<p><strong>Derechos Reservados \u00ae 2004 por Adventist News Network.<\/strong><\/p>\n","protected":false},"excerpt":{"rendered":"<p>La polic\u00eda llev\u00f3 de vuelta a casa de sus padres, completamente ileso, a un ni\u00f1o de siete a\u00f1os de edad, 16 horas despu\u00e9s de haber sido secuestrado el 7 de diciembre.<\/p>\n","protected":false},"author":1,"featured_media":0,"comment_status":"closed","ping_status":"closed","sticky":false,"template":"","format":"standard","meta":{"_acf_changed":false,"footnotes":""},"categories":[8],"tags":[],"class_list":["post-10426","post","type-post","status-publish","format-standard","hentry","category-archivo"],"acf":[],"yoast_head":"<!-- This site is optimized with the Yoast SEO plugin v27.3 - https:\/\/yoast.com\/product\/yoast-seo-wordpress\/ -->\n<title>Rep\u00fablica Dominicana: La polic\u00eda rescata y devuelve un ni\u00f1o a sus padres, poco despu\u00e9s de haber sido secuestrado. - Iglesia Adventista del S\u00e9ptimo D\u00eda - Divisi\u00f3n Interamericana<\/title>\n<meta name=\"robots\" content=\"index, follow, max-snippet:-1, max-image-preview:large, max-video-preview:-1\" \/>\n<link rel=\"canonical\" href=\"https:\/\/interamerica.org\/es\/2004\/12\/republica-dominicana-la-policia-rescata-y-devuelve-un-nino-a-sus-padres-poco-despues-de-haber-sido-secuestrado\/\" \/>\n<meta property=\"og:locale\" content=\"es_ES\" \/>\n<meta property=\"og:type\" content=\"article\" \/>\n<meta property=\"og:title\" content=\"Rep\u00fablica Dominicana: La polic\u00eda rescata y devuelve un ni\u00f1o a sus padres, poco despu\u00e9s de haber sido secuestrado. - Iglesia Adventista del S\u00e9ptimo D\u00eda - Divisi\u00f3n Interamericana\" \/>\n<meta property=\"og:description\" content=\"La polic\u00eda llev\u00f3 de vuelta a casa de sus padres, completamente ileso, a un ni\u00f1o de siete a\u00f1os de edad, 16 horas despu\u00e9s de haber sido secuestrado el 7 de diciembre.\" \/>\n<meta property=\"og:url\" content=\"https:\/\/interamerica.org\/es\/2004\/12\/republica-dominicana-la-policia-rescata-y-devuelve-un-nino-a-sus-padres-poco-despues-de-haber-sido-secuestrado\/\" \/>\n<meta property=\"og:site_name\" content=\"Iglesia Adventista del S\u00e9ptimo D\u00eda - Divisi\u00f3n Interamericana\" \/>\n<meta property=\"article:published_time\" content=\"2004-12-14T04:00:00+00:00\" \/>\n<meta property=\"article:modified_time\" content=\"2017-06-02T13:18:13+00:00\" \/>\n<meta name=\"author\" content=\"Lorenzo Verduzco\" \/>\n<meta name=\"twitter:card\" content=\"summary_large_image\" \/>\n<meta name=\"twitter:label1\" content=\"Escrito por\" \/>\n\t<meta name=\"twitter:data1\" content=\"Lorenzo Verduzco\" \/>\n\t<meta name=\"twitter:label2\" content=\"Tiempo de lectura\" \/>\n\t<meta name=\"twitter:data2\" content=\"3 minutos\" \/>\n<script type=\"application\/ld+json\" class=\"yoast-schema-graph\">{\"@context\":\"https:\\\/\\\/schema.org\",\"@graph\":[{\"@type\":\"Article\",\"@id\":\"https:\\\/\\\/interamerica.org\\\/es\\\/2004\\\/12\\\/republica-dominicana-la-policia-rescata-y-devuelve-un-nino-a-sus-padres-poco-despues-de-haber-sido-secuestrado\\\/#article\",\"isPartOf\":{\"@id\":\"https:\\\/\\\/interamerica.org\\\/es\\\/2004\\\/12\\\/republica-dominicana-la-policia-rescata-y-devuelve-un-nino-a-sus-padres-poco-despues-de-haber-sido-secuestrado\\\/\"},\"author\":{\"name\":\"Lorenzo Verduzco\",\"@id\":\"https:\\\/\\\/interamerica.org\\\/es\\\/#\\\/schema\\\/person\\\/68ede8bdc292885bb76c1e3810e73c39\"},\"headline\":\"Rep\u00fablica Dominicana: La polic\u00eda rescata y devuelve un ni\u00f1o a sus padres, poco despu\u00e9s de haber sido secuestrado.\",\"datePublished\":\"2004-12-14T04:00:00+00:00\",\"dateModified\":\"2017-06-02T13:18:13+00:00\",\"mainEntityOfPage\":{\"@id\":\"https:\\\/\\\/interamerica.org\\\/es\\\/2004\\\/12\\\/republica-dominicana-la-policia-rescata-y-devuelve-un-nino-a-sus-padres-poco-despues-de-haber-sido-secuestrado\\\/\"},\"wordCount\":534,\"articleSection\":[\"Archivo\"],\"inLanguage\":\"es\"},{\"@type\":\"WebPage\",\"@id\":\"https:\\\/\\\/interamerica.org\\\/es\\\/2004\\\/12\\\/republica-dominicana-la-policia-rescata-y-devuelve-un-nino-a-sus-padres-poco-despues-de-haber-sido-secuestrado\\\/\",\"url\":\"https:\\\/\\\/interamerica.org\\\/es\\\/2004\\\/12\\\/republica-dominicana-la-policia-rescata-y-devuelve-un-nino-a-sus-padres-poco-despues-de-haber-sido-secuestrado\\\/\",\"name\":\"Rep\u00fablica Dominicana: La polic\u00eda rescata y devuelve un ni\u00f1o a sus padres, poco despu\u00e9s de haber sido secuestrado. - Iglesia Adventista del S\u00e9ptimo D\u00eda - Divisi\u00f3n Interamericana\",\"isPartOf\":{\"@id\":\"https:\\\/\\\/interamerica.org\\\/es\\\/#website\"},\"datePublished\":\"2004-12-14T04:00:00+00:00\",\"dateModified\":\"2017-06-02T13:18:13+00:00\",\"author\":{\"@id\":\"https:\\\/\\\/interamerica.org\\\/es\\\/#\\\/schema\\\/person\\\/68ede8bdc292885bb76c1e3810e73c39\"},\"breadcrumb\":{\"@id\":\"https:\\\/\\\/interamerica.org\\\/es\\\/2004\\\/12\\\/republica-dominicana-la-policia-rescata-y-devuelve-un-nino-a-sus-padres-poco-despues-de-haber-sido-secuestrado\\\/#breadcrumb\"},\"inLanguage\":\"es\",\"potentialAction\":[{\"@type\":\"ReadAction\",\"target\":[\"https:\\\/\\\/interamerica.org\\\/es\\\/2004\\\/12\\\/republica-dominicana-la-policia-rescata-y-devuelve-un-nino-a-sus-padres-poco-despues-de-haber-sido-secuestrado\\\/\"]}]},{\"@type\":\"BreadcrumbList\",\"@id\":\"https:\\\/\\\/interamerica.org\\\/es\\\/2004\\\/12\\\/republica-dominicana-la-policia-rescata-y-devuelve-un-nino-a-sus-padres-poco-despues-de-haber-sido-secuestrado\\\/#breadcrumb\",\"itemListElement\":[{\"@type\":\"ListItem\",\"position\":1,\"name\":\"Home\",\"item\":\"https:\\\/\\\/interamerica.org\\\/es\\\/\"},{\"@type\":\"ListItem\",\"position\":2,\"name\":\"Rep\u00fablica Dominicana: La polic\u00eda rescata y devuelve un ni\u00f1o a sus padres, poco despu\u00e9s de haber sido secuestrado.\"}]},{\"@type\":\"WebSite\",\"@id\":\"https:\\\/\\\/interamerica.org\\\/es\\\/#website\",\"url\":\"https:\\\/\\\/interamerica.org\\\/es\\\/\",\"name\":\"Iglesia Adventista del S\u00e9ptimo D\u00eda - Divisi\u00f3n Interamericana\",\"description\":\"\",\"potentialAction\":[{\"@type\":\"SearchAction\",\"target\":{\"@type\":\"EntryPoint\",\"urlTemplate\":\"https:\\\/\\\/interamerica.org\\\/es\\\/?s={search_term_string}\"},\"query-input\":{\"@type\":\"PropertyValueSpecification\",\"valueRequired\":true,\"valueName\":\"search_term_string\"}}],\"inLanguage\":\"es\"},{\"@type\":\"Person\",\"@id\":\"https:\\\/\\\/interamerica.org\\\/es\\\/#\\\/schema\\\/person\\\/68ede8bdc292885bb76c1e3810e73c39\",\"name\":\"Lorenzo Verduzco\",\"image\":{\"@type\":\"ImageObject\",\"inLanguage\":\"es\",\"@id\":\"https:\\\/\\\/secure.gravatar.com\\\/avatar\\\/fb81a55b6218459490a9c1dc841a34909185b81904c5337b4b27f7a6fd60c49e?s=96&d=mm&r=g\",\"url\":\"https:\\\/\\\/secure.gravatar.com\\\/avatar\\\/fb81a55b6218459490a9c1dc841a34909185b81904c5337b4b27f7a6fd60c49e?s=96&d=mm&r=g\",\"contentUrl\":\"https:\\\/\\\/secure.gravatar.com\\\/avatar\\\/fb81a55b6218459490a9c1dc841a34909185b81904c5337b4b27f7a6fd60c49e?s=96&d=mm&r=g\",\"caption\":\"Lorenzo Verduzco\"}}]}<\/script>\n<!-- \/ Yoast SEO plugin. -->","yoast_head_json":{"title":"Rep\u00fablica Dominicana: La polic\u00eda rescata y devuelve un ni\u00f1o a sus padres, poco despu\u00e9s de haber sido secuestrado. - Iglesia Adventista del S\u00e9ptimo D\u00eda - Divisi\u00f3n Interamericana","robots":{"index":"index","follow":"follow","max-snippet":"max-snippet:-1","max-image-preview":"max-image-preview:large","max-video-preview":"max-video-preview:-1"},"canonical":"https:\/\/interamerica.org\/es\/2004\/12\/republica-dominicana-la-policia-rescata-y-devuelve-un-nino-a-sus-padres-poco-despues-de-haber-sido-secuestrado\/","og_locale":"es_ES","og_type":"article","og_title":"Rep\u00fablica Dominicana: La polic\u00eda rescata y devuelve un ni\u00f1o a sus padres, poco despu\u00e9s de haber sido secuestrado. - Iglesia Adventista del S\u00e9ptimo D\u00eda - Divisi\u00f3n Interamericana","og_description":"La polic\u00eda llev\u00f3 de vuelta a casa de sus padres, completamente ileso, a un ni\u00f1o de siete a\u00f1os de edad, 16 horas despu\u00e9s de haber sido secuestrado el 7 de diciembre.","og_url":"https:\/\/interamerica.org\/es\/2004\/12\/republica-dominicana-la-policia-rescata-y-devuelve-un-nino-a-sus-padres-poco-despues-de-haber-sido-secuestrado\/","og_site_name":"Iglesia Adventista del S\u00e9ptimo D\u00eda - Divisi\u00f3n Interamericana","article_published_time":"2004-12-14T04:00:00+00:00","article_modified_time":"2017-06-02T13:18:13+00:00","author":"Lorenzo Verduzco","twitter_card":"summary_large_image","twitter_misc":{"Escrito por":"Lorenzo Verduzco","Tiempo de lectura":"3 minutos"},"schema":{"@context":"https:\/\/schema.org","@graph":[{"@type":"Article","@id":"https:\/\/interamerica.org\/es\/2004\/12\/republica-dominicana-la-policia-rescata-y-devuelve-un-nino-a-sus-padres-poco-despues-de-haber-sido-secuestrado\/#article","isPartOf":{"@id":"https:\/\/interamerica.org\/es\/2004\/12\/republica-dominicana-la-policia-rescata-y-devuelve-un-nino-a-sus-padres-poco-despues-de-haber-sido-secuestrado\/"},"author":{"name":"Lorenzo Verduzco","@id":"https:\/\/interamerica.org\/es\/#\/schema\/person\/68ede8bdc292885bb76c1e3810e73c39"},"headline":"Rep\u00fablica Dominicana: La polic\u00eda rescata y devuelve un ni\u00f1o a sus padres, poco despu\u00e9s de haber sido secuestrado.","datePublished":"2004-12-14T04:00:00+00:00","dateModified":"2017-06-02T13:18:13+00:00","mainEntityOfPage":{"@id":"https:\/\/interamerica.org\/es\/2004\/12\/republica-dominicana-la-policia-rescata-y-devuelve-un-nino-a-sus-padres-poco-despues-de-haber-sido-secuestrado\/"},"wordCount":534,"articleSection":["Archivo"],"inLanguage":"es"},{"@type":"WebPage","@id":"https:\/\/interamerica.org\/es\/2004\/12\/republica-dominicana-la-policia-rescata-y-devuelve-un-nino-a-sus-padres-poco-despues-de-haber-sido-secuestrado\/","url":"https:\/\/interamerica.org\/es\/2004\/12\/republica-dominicana-la-policia-rescata-y-devuelve-un-nino-a-sus-padres-poco-despues-de-haber-sido-secuestrado\/","name":"Rep\u00fablica Dominicana: La polic\u00eda rescata y devuelve un ni\u00f1o a sus padres, poco despu\u00e9s de haber sido secuestrado. - Iglesia Adventista del S\u00e9ptimo D\u00eda - Divisi\u00f3n Interamericana","isPartOf":{"@id":"https:\/\/interamerica.org\/es\/#website"},"datePublished":"2004-12-14T04:00:00+00:00","dateModified":"2017-06-02T13:18:13+00:00","author":{"@id":"https:\/\/interamerica.org\/es\/#\/schema\/person\/68ede8bdc292885bb76c1e3810e73c39"},"breadcrumb":{"@id":"https:\/\/interamerica.org\/es\/2004\/12\/republica-dominicana-la-policia-rescata-y-devuelve-un-nino-a-sus-padres-poco-despues-de-haber-sido-secuestrado\/#breadcrumb"},"inLanguage":"es","potentialAction":[{"@type":"ReadAction","target":["https:\/\/interamerica.org\/es\/2004\/12\/republica-dominicana-la-policia-rescata-y-devuelve-un-nino-a-sus-padres-poco-despues-de-haber-sido-secuestrado\/"]}]},{"@type":"BreadcrumbList","@id":"https:\/\/interamerica.org\/es\/2004\/12\/republica-dominicana-la-policia-rescata-y-devuelve-un-nino-a-sus-padres-poco-despues-de-haber-sido-secuestrado\/#breadcrumb","itemListElement":[{"@type":"ListItem","position":1,"name":"Home","item":"https:\/\/interamerica.org\/es\/"},{"@type":"ListItem","position":2,"name":"Rep\u00fablica Dominicana: La polic\u00eda rescata y devuelve un ni\u00f1o a sus padres, poco despu\u00e9s de haber sido secuestrado."}]},{"@type":"WebSite","@id":"https:\/\/interamerica.org\/es\/#website","url":"https:\/\/interamerica.org\/es\/","name":"Iglesia Adventista del S\u00e9ptimo D\u00eda - Divisi\u00f3n Interamericana","description":"","potentialAction":[{"@type":"SearchAction","target":{"@type":"EntryPoint","urlTemplate":"https:\/\/interamerica.org\/es\/?s={search_term_string}"},"query-input":{"@type":"PropertyValueSpecification","valueRequired":true,"valueName":"search_term_string"}}],"inLanguage":"es"},{"@type":"Person","@id":"https:\/\/interamerica.org\/es\/#\/schema\/person\/68ede8bdc292885bb76c1e3810e73c39","name":"Lorenzo Verduzco","image":{"@type":"ImageObject","inLanguage":"es","@id":"https:\/\/secure.gravatar.com\/avatar\/fb81a55b6218459490a9c1dc841a34909185b81904c5337b4b27f7a6fd60c49e?s=96&d=mm&r=g","url":"https:\/\/secure.gravatar.com\/avatar\/fb81a55b6218459490a9c1dc841a34909185b81904c5337b4b27f7a6fd60c49e?s=96&d=mm&r=g","contentUrl":"https:\/\/secure.gravatar.com\/avatar\/fb81a55b6218459490a9c1dc841a34909185b81904c5337b4b27f7a6fd60c49e?s=96&d=mm&r=g","caption":"Lorenzo Verduzco"}}]}},"_links":{"self":[{"href":"https:\/\/interamerica.org\/es\/wp-json\/wp\/v2\/posts\/10426","targetHints":{"allow":["GET"]}}],"collection":[{"href":"https:\/\/interamerica.org\/es\/wp-json\/wp\/v2\/posts"}],"about":[{"href":"https:\/\/interamerica.org\/es\/wp-json\/wp\/v2\/types\/post"}],"author":[{"embeddable":true,"href":"https:\/\/interamerica.org\/es\/wp-json\/wp\/v2\/users\/1"}],"replies":[{"embeddable":true,"href":"https:\/\/interamerica.org\/es\/wp-json\/wp\/v2\/comments?post=10426"}],"version-history":[{"count":0,"href":"https:\/\/interamerica.org\/es\/wp-json\/wp\/v2\/posts\/10426\/revisions"}],"wp:attachment":[{"href":"https:\/\/interamerica.org\/es\/wp-json\/wp\/v2\/media?parent=10426"}],"wp:term":[{"taxonomy":"category","embeddable":true,"href":"https:\/\/interamerica.org\/es\/wp-json\/wp\/v2\/categories?post=10426"},{"taxonomy":"post_tag","embeddable":true,"href":"https:\/\/interamerica.org\/es\/wp-json\/wp\/v2\/tags?post=10426"}],"curies":[{"name":"wp","href":"https:\/\/api.w.org\/{rel}","templated":true}]}}