{"id":10429,"date":"2004-12-21T00:00:00","date_gmt":"2004-12-21T04:00:00","guid":{"rendered":"http:\/\/192.81.217.108\/interamerica\/2004\/12\/iglesia-mundial-el-saludo-en-video-del-presidente-jan-paulson-para-2005-esta-disponible\/"},"modified":"2017-06-02T09:18:12","modified_gmt":"2017-06-02T13:18:12","slug":"iglesia-mundial-el-saludo-en-video-del-presidente-jan-paulson-para-2005-esta-disponible","status":"publish","type":"post","link":"https:\/\/interamerica.org\/es\/2004\/12\/iglesia-mundial-el-saludo-en-video-del-presidente-jan-paulson-para-2005-esta-disponible\/","title":{"rendered":"Iglesia Mundial:\u00a0El Saludo en Video del Presidente Jan Paulson para 2005 Est\u00e1 Disponible"},"content":{"rendered":"<p>Silver Spring, Maryland, Estados Unidos &#8230; [Personal ANN] <\/p>\n<p>\u00abUn Nuevo Comienzo\u00bb en 2005, tanto en lo personal como para la familia de la iglesia Adventista del S\u00e9ptimo D\u00eda, es el enfoque del mensaje de A\u00f1o Nuevo del Pastor Jan Paulsen, presidente de la iglesia mundial. Lo ocurrido en 2004 no puede ser cambiado, enfatiza \u00e9l, pero todos decidimos hacer m\u00e1s y mejor para el Se\u00f1or en el nuevo a\u00f1o. <\/p>\n<p>El mensaje fue grabado en la sede mundial de la iglesia en diciembre. El pastor Paulsen ha servido como presidente de la iglesia mundial adventista desde 1999, y en el ministerio, un total de 41 a\u00f1os.  El video estar\u00e1 disponible para verlo y bajarlo del sitio Web oficial de la iglesia, <a  href=\"http:\/\/www.adventist.org\/\"><u>http:\/\/www.adventist.org<\/u><\/a>, el 28 de diciembre, 2004.<\/p>\n<p>Con aproximadamente 25 millones de adoradores semanales en 114,000 congregaciones en 203 pa\u00edses y regiones del mundo, la Iglesia Adventista, de la corriente principal del protestantismo, se dedica a compartir el evangelio de Jesucristo y las nuevas de que [\u00e9l] pronto regresar\u00e1 a la Tierra. La iglesia opera uno de los sistemas educativos privados m\u00e1s extensos en el mundo, y tambi\u00e9n enfatiza la vida saludable en su programa de alcance mundial.  <\/p>\n<p><strong>Copyright \u00a9 2004 by Adventist News Network<\/strong><\/p>\n","protected":false},"excerpt":{"rendered":"<p>\u00abUn Nuevo Comienzo\u00bb en 2005, tanto en lo personal, como para la familia de la iglesia Adventista del S\u00e9ptimo D\u00eda, es el enfoque del Pastor Paulsen.<\/p>\n","protected":false},"author":1,"featured_media":0,"comment_status":"closed","ping_status":"closed","sticky":false,"template":"","format":"standard","meta":{"_acf_changed":false,"footnotes":""},"categories":[8],"tags":[],"class_list":["post-10429","post","type-post","status-publish","format-standard","hentry","category-archivo"],"acf":[],"yoast_head":"<!-- This site is optimized with the Yoast SEO plugin v27.3 - https:\/\/yoast.com\/product\/yoast-seo-wordpress\/ -->\n<title>Iglesia Mundial:\u00a0El Saludo en Video del Presidente Jan Paulson para 2005 Est\u00e1 Disponible - Iglesia Adventista del S\u00e9ptimo D\u00eda - Divisi\u00f3n Interamericana<\/title>\n<meta name=\"robots\" content=\"index, follow, max-snippet:-1, max-image-preview:large, max-video-preview:-1\" \/>\n<link rel=\"canonical\" href=\"https:\/\/interamerica.org\/es\/2004\/12\/iglesia-mundial-el-saludo-en-video-del-presidente-jan-paulson-para-2005-esta-disponible\/\" \/>\n<meta property=\"og:locale\" content=\"es_ES\" \/>\n<meta property=\"og:type\" content=\"article\" \/>\n<meta property=\"og:title\" content=\"Iglesia Mundial:\u00a0El Saludo en Video del Presidente Jan Paulson para 2005 Est\u00e1 Disponible - Iglesia Adventista del S\u00e9ptimo D\u00eda - Divisi\u00f3n Interamericana\" \/>\n<meta property=\"og:description\" content=\"&quot;Un Nuevo Comienzo&quot; en 2005, tanto en lo personal, como para la familia de la iglesia Adventista del S\u00e9ptimo D\u00eda, es el enfoque del Pastor Paulsen.\" \/>\n<meta property=\"og:url\" content=\"https:\/\/interamerica.org\/es\/2004\/12\/iglesia-mundial-el-saludo-en-video-del-presidente-jan-paulson-para-2005-esta-disponible\/\" \/>\n<meta property=\"og:site_name\" content=\"Iglesia Adventista del S\u00e9ptimo D\u00eda - Divisi\u00f3n Interamericana\" \/>\n<meta property=\"article:published_time\" content=\"2004-12-21T04:00:00+00:00\" \/>\n<meta property=\"article:modified_time\" content=\"2017-06-02T13:18:12+00:00\" \/>\n<meta name=\"author\" content=\"Lorenzo Verduzco\" \/>\n<meta name=\"twitter:card\" content=\"summary_large_image\" \/>\n<meta name=\"twitter:label1\" content=\"Escrito por\" \/>\n\t<meta name=\"twitter:data1\" content=\"Lorenzo Verduzco\" \/>\n\t<meta name=\"twitter:label2\" content=\"Tiempo de lectura\" \/>\n\t<meta name=\"twitter:data2\" content=\"1 minuto\" \/>\n<script type=\"application\/ld+json\" class=\"yoast-schema-graph\">{\"@context\":\"https:\\\/\\\/schema.org\",\"@graph\":[{\"@type\":\"Article\",\"@id\":\"https:\\\/\\\/interamerica.org\\\/es\\\/2004\\\/12\\\/iglesia-mundial-el-saludo-en-video-del-presidente-jan-paulson-para-2005-esta-disponible\\\/#article\",\"isPartOf\":{\"@id\":\"https:\\\/\\\/interamerica.org\\\/es\\\/2004\\\/12\\\/iglesia-mundial-el-saludo-en-video-del-presidente-jan-paulson-para-2005-esta-disponible\\\/\"},\"author\":{\"name\":\"Lorenzo Verduzco\",\"@id\":\"https:\\\/\\\/interamerica.org\\\/es\\\/#\\\/schema\\\/person\\\/68ede8bdc292885bb76c1e3810e73c39\"},\"headline\":\"Iglesia Mundial:\u00a0El Saludo en Video del Presidente Jan Paulson para 2005 Est\u00e1 Disponible\",\"datePublished\":\"2004-12-21T04:00:00+00:00\",\"dateModified\":\"2017-06-02T13:18:12+00:00\",\"mainEntityOfPage\":{\"@id\":\"https:\\\/\\\/interamerica.org\\\/es\\\/2004\\\/12\\\/iglesia-mundial-el-saludo-en-video-del-presidente-jan-paulson-para-2005-esta-disponible\\\/\"},\"wordCount\":218,\"articleSection\":[\"Archivo\"],\"inLanguage\":\"es\"},{\"@type\":\"WebPage\",\"@id\":\"https:\\\/\\\/interamerica.org\\\/es\\\/2004\\\/12\\\/iglesia-mundial-el-saludo-en-video-del-presidente-jan-paulson-para-2005-esta-disponible\\\/\",\"url\":\"https:\\\/\\\/interamerica.org\\\/es\\\/2004\\\/12\\\/iglesia-mundial-el-saludo-en-video-del-presidente-jan-paulson-para-2005-esta-disponible\\\/\",\"name\":\"Iglesia Mundial:\u00a0El Saludo en Video del Presidente Jan Paulson para 2005 Est\u00e1 Disponible - Iglesia Adventista del S\u00e9ptimo D\u00eda - Divisi\u00f3n Interamericana\",\"isPartOf\":{\"@id\":\"https:\\\/\\\/interamerica.org\\\/es\\\/#website\"},\"datePublished\":\"2004-12-21T04:00:00+00:00\",\"dateModified\":\"2017-06-02T13:18:12+00:00\",\"author\":{\"@id\":\"https:\\\/\\\/interamerica.org\\\/es\\\/#\\\/schema\\\/person\\\/68ede8bdc292885bb76c1e3810e73c39\"},\"breadcrumb\":{\"@id\":\"https:\\\/\\\/interamerica.org\\\/es\\\/2004\\\/12\\\/iglesia-mundial-el-saludo-en-video-del-presidente-jan-paulson-para-2005-esta-disponible\\\/#breadcrumb\"},\"inLanguage\":\"es\",\"potentialAction\":[{\"@type\":\"ReadAction\",\"target\":[\"https:\\\/\\\/interamerica.org\\\/es\\\/2004\\\/12\\\/iglesia-mundial-el-saludo-en-video-del-presidente-jan-paulson-para-2005-esta-disponible\\\/\"]}]},{\"@type\":\"BreadcrumbList\",\"@id\":\"https:\\\/\\\/interamerica.org\\\/es\\\/2004\\\/12\\\/iglesia-mundial-el-saludo-en-video-del-presidente-jan-paulson-para-2005-esta-disponible\\\/#breadcrumb\",\"itemListElement\":[{\"@type\":\"ListItem\",\"position\":1,\"name\":\"Home\",\"item\":\"https:\\\/\\\/interamerica.org\\\/es\\\/\"},{\"@type\":\"ListItem\",\"position\":2,\"name\":\"Iglesia Mundial:\u00a0El Saludo en Video del Presidente Jan Paulson para 2005 Est\u00e1 Disponible\"}]},{\"@type\":\"WebSite\",\"@id\":\"https:\\\/\\\/interamerica.org\\\/es\\\/#website\",\"url\":\"https:\\\/\\\/interamerica.org\\\/es\\\/\",\"name\":\"Iglesia Adventista del S\u00e9ptimo D\u00eda - Divisi\u00f3n Interamericana\",\"description\":\"\",\"potentialAction\":[{\"@type\":\"SearchAction\",\"target\":{\"@type\":\"EntryPoint\",\"urlTemplate\":\"https:\\\/\\\/interamerica.org\\\/es\\\/?s={search_term_string}\"},\"query-input\":{\"@type\":\"PropertyValueSpecification\",\"valueRequired\":true,\"valueName\":\"search_term_string\"}}],\"inLanguage\":\"es\"},{\"@type\":\"Person\",\"@id\":\"https:\\\/\\\/interamerica.org\\\/es\\\/#\\\/schema\\\/person\\\/68ede8bdc292885bb76c1e3810e73c39\",\"name\":\"Lorenzo Verduzco\",\"image\":{\"@type\":\"ImageObject\",\"inLanguage\":\"es\",\"@id\":\"https:\\\/\\\/secure.gravatar.com\\\/avatar\\\/fb81a55b6218459490a9c1dc841a34909185b81904c5337b4b27f7a6fd60c49e?s=96&d=mm&r=g\",\"url\":\"https:\\\/\\\/secure.gravatar.com\\\/avatar\\\/fb81a55b6218459490a9c1dc841a34909185b81904c5337b4b27f7a6fd60c49e?s=96&d=mm&r=g\",\"contentUrl\":\"https:\\\/\\\/secure.gravatar.com\\\/avatar\\\/fb81a55b6218459490a9c1dc841a34909185b81904c5337b4b27f7a6fd60c49e?s=96&d=mm&r=g\",\"caption\":\"Lorenzo Verduzco\"}}]}<\/script>\n<!-- \/ Yoast SEO plugin. -->","yoast_head_json":{"title":"Iglesia Mundial:\u00a0El Saludo en Video del Presidente Jan Paulson para 2005 Est\u00e1 Disponible - Iglesia Adventista del S\u00e9ptimo D\u00eda - Divisi\u00f3n Interamericana","robots":{"index":"index","follow":"follow","max-snippet":"max-snippet:-1","max-image-preview":"max-image-preview:large","max-video-preview":"max-video-preview:-1"},"canonical":"https:\/\/interamerica.org\/es\/2004\/12\/iglesia-mundial-el-saludo-en-video-del-presidente-jan-paulson-para-2005-esta-disponible\/","og_locale":"es_ES","og_type":"article","og_title":"Iglesia Mundial:\u00a0El Saludo en Video del Presidente Jan Paulson para 2005 Est\u00e1 Disponible - Iglesia Adventista del S\u00e9ptimo D\u00eda - Divisi\u00f3n Interamericana","og_description":"\"Un Nuevo Comienzo\" en 2005, tanto en lo personal, como para la familia de la iglesia Adventista del S\u00e9ptimo D\u00eda, es el enfoque del Pastor Paulsen.","og_url":"https:\/\/interamerica.org\/es\/2004\/12\/iglesia-mundial-el-saludo-en-video-del-presidente-jan-paulson-para-2005-esta-disponible\/","og_site_name":"Iglesia Adventista del S\u00e9ptimo D\u00eda - Divisi\u00f3n Interamericana","article_published_time":"2004-12-21T04:00:00+00:00","article_modified_time":"2017-06-02T13:18:12+00:00","author":"Lorenzo Verduzco","twitter_card":"summary_large_image","twitter_misc":{"Escrito por":"Lorenzo Verduzco","Tiempo de lectura":"1 minuto"},"schema":{"@context":"https:\/\/schema.org","@graph":[{"@type":"Article","@id":"https:\/\/interamerica.org\/es\/2004\/12\/iglesia-mundial-el-saludo-en-video-del-presidente-jan-paulson-para-2005-esta-disponible\/#article","isPartOf":{"@id":"https:\/\/interamerica.org\/es\/2004\/12\/iglesia-mundial-el-saludo-en-video-del-presidente-jan-paulson-para-2005-esta-disponible\/"},"author":{"name":"Lorenzo Verduzco","@id":"https:\/\/interamerica.org\/es\/#\/schema\/person\/68ede8bdc292885bb76c1e3810e73c39"},"headline":"Iglesia Mundial:\u00a0El Saludo en Video del Presidente Jan Paulson para 2005 Est\u00e1 Disponible","datePublished":"2004-12-21T04:00:00+00:00","dateModified":"2017-06-02T13:18:12+00:00","mainEntityOfPage":{"@id":"https:\/\/interamerica.org\/es\/2004\/12\/iglesia-mundial-el-saludo-en-video-del-presidente-jan-paulson-para-2005-esta-disponible\/"},"wordCount":218,"articleSection":["Archivo"],"inLanguage":"es"},{"@type":"WebPage","@id":"https:\/\/interamerica.org\/es\/2004\/12\/iglesia-mundial-el-saludo-en-video-del-presidente-jan-paulson-para-2005-esta-disponible\/","url":"https:\/\/interamerica.org\/es\/2004\/12\/iglesia-mundial-el-saludo-en-video-del-presidente-jan-paulson-para-2005-esta-disponible\/","name":"Iglesia Mundial:\u00a0El Saludo en Video del Presidente Jan Paulson para 2005 Est\u00e1 Disponible - Iglesia Adventista del S\u00e9ptimo D\u00eda - Divisi\u00f3n Interamericana","isPartOf":{"@id":"https:\/\/interamerica.org\/es\/#website"},"datePublished":"2004-12-21T04:00:00+00:00","dateModified":"2017-06-02T13:18:12+00:00","author":{"@id":"https:\/\/interamerica.org\/es\/#\/schema\/person\/68ede8bdc292885bb76c1e3810e73c39"},"breadcrumb":{"@id":"https:\/\/interamerica.org\/es\/2004\/12\/iglesia-mundial-el-saludo-en-video-del-presidente-jan-paulson-para-2005-esta-disponible\/#breadcrumb"},"inLanguage":"es","potentialAction":[{"@type":"ReadAction","target":["https:\/\/interamerica.org\/es\/2004\/12\/iglesia-mundial-el-saludo-en-video-del-presidente-jan-paulson-para-2005-esta-disponible\/"]}]},{"@type":"BreadcrumbList","@id":"https:\/\/interamerica.org\/es\/2004\/12\/iglesia-mundial-el-saludo-en-video-del-presidente-jan-paulson-para-2005-esta-disponible\/#breadcrumb","itemListElement":[{"@type":"ListItem","position":1,"name":"Home","item":"https:\/\/interamerica.org\/es\/"},{"@type":"ListItem","position":2,"name":"Iglesia Mundial:\u00a0El Saludo en Video del Presidente Jan Paulson para 2005 Est\u00e1 Disponible"}]},{"@type":"WebSite","@id":"https:\/\/interamerica.org\/es\/#website","url":"https:\/\/interamerica.org\/es\/","name":"Iglesia Adventista del S\u00e9ptimo D\u00eda - Divisi\u00f3n Interamericana","description":"","potentialAction":[{"@type":"SearchAction","target":{"@type":"EntryPoint","urlTemplate":"https:\/\/interamerica.org\/es\/?s={search_term_string}"},"query-input":{"@type":"PropertyValueSpecification","valueRequired":true,"valueName":"search_term_string"}}],"inLanguage":"es"},{"@type":"Person","@id":"https:\/\/interamerica.org\/es\/#\/schema\/person\/68ede8bdc292885bb76c1e3810e73c39","name":"Lorenzo Verduzco","image":{"@type":"ImageObject","inLanguage":"es","@id":"https:\/\/secure.gravatar.com\/avatar\/fb81a55b6218459490a9c1dc841a34909185b81904c5337b4b27f7a6fd60c49e?s=96&d=mm&r=g","url":"https:\/\/secure.gravatar.com\/avatar\/fb81a55b6218459490a9c1dc841a34909185b81904c5337b4b27f7a6fd60c49e?s=96&d=mm&r=g","contentUrl":"https:\/\/secure.gravatar.com\/avatar\/fb81a55b6218459490a9c1dc841a34909185b81904c5337b4b27f7a6fd60c49e?s=96&d=mm&r=g","caption":"Lorenzo Verduzco"}}]}},"_links":{"self":[{"href":"https:\/\/interamerica.org\/es\/wp-json\/wp\/v2\/posts\/10429","targetHints":{"allow":["GET"]}}],"collection":[{"href":"https:\/\/interamerica.org\/es\/wp-json\/wp\/v2\/posts"}],"about":[{"href":"https:\/\/interamerica.org\/es\/wp-json\/wp\/v2\/types\/post"}],"author":[{"embeddable":true,"href":"https:\/\/interamerica.org\/es\/wp-json\/wp\/v2\/users\/1"}],"replies":[{"embeddable":true,"href":"https:\/\/interamerica.org\/es\/wp-json\/wp\/v2\/comments?post=10429"}],"version-history":[{"count":0,"href":"https:\/\/interamerica.org\/es\/wp-json\/wp\/v2\/posts\/10429\/revisions"}],"wp:attachment":[{"href":"https:\/\/interamerica.org\/es\/wp-json\/wp\/v2\/media?parent=10429"}],"wp:term":[{"taxonomy":"category","embeddable":true,"href":"https:\/\/interamerica.org\/es\/wp-json\/wp\/v2\/categories?post=10429"},{"taxonomy":"post_tag","embeddable":true,"href":"https:\/\/interamerica.org\/es\/wp-json\/wp\/v2\/tags?post=10429"}],"curies":[{"name":"wp","href":"https:\/\/api.w.org\/{rel}","templated":true}]}}