{"id":104302,"date":"2023-10-05T14:27:58","date_gmt":"2023-10-05T18:27:58","guid":{"rendered":"https:\/\/interamerica.org\/?p=104302"},"modified":"2023-10-05T21:04:35","modified_gmt":"2023-10-06T01:04:35","slug":"cientos-de-ninos-y-adolescentes-de-panama-son-desafiados-a-depender-de-cristo","status":"publish","type":"post","link":"https:\/\/interamerica.org\/es\/2023\/10\/cientos-de-ninos-y-adolescentes-de-panama-son-desafiados-a-depender-de-cristo\/","title":{"rendered":"Cientos de ni\u00f1os y adolescentes de Panam\u00e1 son desafiados a depender de Cristo"},"content":{"rendered":"<p><div id=\"attachment_104263\" style=\"width: 863px\" class=\"wp-caption aligncenter\"><img fetchpriority=\"high\" decoding=\"async\" aria-describedby=\"caption-attachment-104263\" class=\" wp-image-104261\" src=\"https:\/\/interamerica.org\/wp-content\/uploads\/2023\/10\/panu-child-congress-praying.jpg\" alt=\"\" width=\"853\" height=\"488\" srcset=\"https:\/\/interamerica.org\/wp-content\/uploads\/2023\/10\/panu-child-congress-praying.jpg 1000w, https:\/\/interamerica.org\/wp-content\/uploads\/2023\/10\/panu-child-congress-praying-300x172.jpg 300w, https:\/\/interamerica.org\/wp-content\/uploads\/2023\/10\/panu-child-congress-praying-768x439.jpg 768w\" sizes=\"(max-width: 853px) 100vw, 853px\" \/><p id=\"caption-attachment-104263\" class=\"wp-caption-text\">La oradora especial Edith Ruiz de Espinoza (izquierda), directora de ministerio infantil y del adolescente de la Divisi\u00f3n Interamericana, ora en el escenario, durante la ceremonia de apertura en el Congreso de Ni\u00f1os y Adolescentes que se llev\u00f3 a cabo en Ciudad de Panam\u00e1, del 22-23 de septiembre de 2023. M\u00e1s de 1200 j\u00f3venes viajaron desde todo el pa\u00eds para participar en una serie de mensajes espirituales, oraciones y actividades sociales. [Fotograf\u00eda: Uni\u00f3n Paname\u00f1a]<\/p><\/div>5 de octubre de 2023 | Ciudad de Panam\u00e1, Panam\u00e1 | Kayc James y Libna Stevens, Noticias de la Divisi\u00f3n Interamericana<\/p>\n<p>Cientos de ni\u00f1os y adolescentes de entre 7 y 14 a\u00f1os viajaron desde cada rinc\u00f3n de Panam\u00e1 para participar de un congreso donde se les ense\u00f1\u00f3 principios b\u00edblicos y aprendieron m\u00e1s del amor de Jes\u00fas y el prop\u00f3sito para sus vidas.<\/p>\n<p>Los j\u00f3venes llegaron con sus maestros y l\u00edderes para dedicar dos d\u00edas a participar de una serie de mensajes espirituales, oraci\u00f3n y actividades sociales en el Auditorio de la Escuela Adventista Metropolitana en Ciudad de Panam\u00e1, Panam\u00e1, del 22-23 de septiembre de 2023.<\/p>\n<p><div id=\"attachment_104254\" style=\"width: 845px\" class=\"wp-caption aligncenter\"><img decoding=\"async\" aria-describedby=\"caption-attachment-104254\" class=\" wp-image-104252\" src=\"https:\/\/interamerica.org\/wp-content\/uploads\/2023\/10\/panu-child-congress-pan.jpg\" alt=\"\" width=\"835\" height=\"390\" srcset=\"https:\/\/interamerica.org\/wp-content\/uploads\/2023\/10\/panu-child-congress-pan.jpg 1000w, https:\/\/interamerica.org\/wp-content\/uploads\/2023\/10\/panu-child-congress-pan-300x140.jpg 300w, https:\/\/interamerica.org\/wp-content\/uploads\/2023\/10\/panu-child-congress-pan-768x359.jpg 768w\" sizes=\"(max-width: 835px) 100vw, 835px\" \/><p id=\"caption-attachment-104254\" class=\"wp-caption-text\">M\u00e1s de 1200 ni\u00f1os y adolescentes se re\u00fanen en la Escuela Adventista Metropolitana en Ciudad de Panam\u00e1, Panam\u00e1, durante el congreso. [Fotograf\u00eda: Uni\u00f3n Paname\u00f1a]<\/p><\/div>\u201cPara nosotros, este es un evento fundamental y sumamente importante, para ayudar a que los ni\u00f1os y adolescentes crezcan en su fe y se fortalezcan en su relaci\u00f3n con Dios desde una edad temprana\u201d, dijo Rosalinda De Gracia, directora del ministerio infantil y del adolescente de la Uni\u00f3n Paname\u00f1a. Implica invertir tiempo y recursos para que ellos puedan aprender a confiar en Dios, ganar confianza para liderar a medida que crecen y se convierten en l\u00edderes espirituales.<\/p>\n<p><strong>Reafirmar que Jes\u00fas es un refugio seguro<\/strong><\/p>\n<p>Bajo el lema \u201cJes\u00fas nuestra Roca eterna\u201d, el evento tuvo por objetivo dejar un claro mensaje y ofrecer herramientas para que los ni\u00f1os y los adolescentes puedan tomar decisiones sabias y tener la seguridad de que Jes\u00fas es la \u201cRoca\u201d, su protecci\u00f3n y salvaci\u00f3n. \u201cQuisimos reafirmarles que Jes\u00fas es un refugio seguro, nuestra fuerza, nuestro ayudador, consolador, defensor y el mejor gu\u00eda y amigo que podr\u00edan tener\u201d, dijo De Gracia.<\/p>\n<p><div id=\"attachment_104278\" style=\"width: 907px\" class=\"wp-caption aligncenter\"><img decoding=\"async\" aria-describedby=\"caption-attachment-104278\" class=\" wp-image-104276\" src=\"https:\/\/interamerica.org\/wp-content\/uploads\/2023\/10\/panu-child-congress-whiterobes.png\" alt=\"\" width=\"897\" height=\"598\" srcset=\"https:\/\/interamerica.org\/wp-content\/uploads\/2023\/10\/panu-child-congress-whiterobes.png 1000w, https:\/\/interamerica.org\/wp-content\/uploads\/2023\/10\/panu-child-congress-whiterobes-300x200.png 300w, https:\/\/interamerica.org\/wp-content\/uploads\/2023\/10\/panu-child-congress-whiterobes-768x512.png 768w\" sizes=\"(max-width: 897px) 100vw, 897px\" \/><p id=\"caption-attachment-104278\" class=\"wp-caption-text\">Vestidos de t\u00fanicas blancas y coronas, los ni\u00f1os disfrutaron de un programa especial con tem\u00e1tica sobre el cielo el pasado 22 de septiembre de 2023. [Fotograf\u00eda: Eric Rodr\u00edguez]<\/p><\/div>La joven delegaci\u00f3n represent\u00f3 a casi 13 mil ni\u00f1os y adolescentes diseminados en las iglesias y grupos de Panam\u00e1, dijo De Gracia. Casi cincuenta de los ni\u00f1os presentes no pertenece a la Iglesia Adventista, a\u00f1adi\u00f3.<\/p>\n<p>En el congreso, la joven delegaci\u00f3n se visti\u00f3 de blanco, portando cada uno una corona en la noche de apertura, se\u00f1alando as\u00ed las ropas blancas que los redimidos tendr\u00e1n en el cielo. \u201cMe gust\u00f3 c\u00f3mo nos ve\u00edamos todos de blanco\u201d, dijo Sof\u00eda Hern\u00e1ndez, de 9 a\u00f1os. \u201cQuiero ir al cielo y ver a todos los ni\u00f1os y ver a Jes\u00fas vestido de blanco al igual que yo\u201d, expres\u00f3.<\/p>\n<p><div id=\"attachment_104275\" style=\"width: 867px\" class=\"wp-caption aligncenter\"><img loading=\"lazy\" decoding=\"async\" aria-describedby=\"caption-attachment-104275\" class=\" wp-image-104273\" src=\"https:\/\/interamerica.org\/wp-content\/uploads\/2023\/10\/panu-hugtherapy-childcongress.png\" alt=\"\" width=\"857\" height=\"571\" srcset=\"https:\/\/interamerica.org\/wp-content\/uploads\/2023\/10\/panu-hugtherapy-childcongress.png 1000w, https:\/\/interamerica.org\/wp-content\/uploads\/2023\/10\/panu-hugtherapy-childcongress-300x200.png 300w, https:\/\/interamerica.org\/wp-content\/uploads\/2023\/10\/panu-hugtherapy-childcongress-768x512.png 768w\" sizes=\"(max-width: 857px) 100vw, 857px\" \/><p id=\"caption-attachment-104275\" class=\"wp-caption-text\">Los ni\u00f1os se abrazan durante el segmento de terapia de abrazos durante el evento. [Fotograf\u00eda: Eric Rodr\u00edguez]<\/p><\/div>Lo que se busc\u00f3 es dejar impresiones duraderas, dijo De Gracia. Los j\u00f3venes aprendieron cu\u00e1les son los beneficios de la terapia de abrazos, la creaci\u00f3n y la importancia del descanso, el uso de los medios sociales y sus peligros, y la importancia del matrimonio como instituci\u00f3n b\u00edblica establecida por Dios entre un hombre y una mujer.<\/p>\n<p><strong>Vivir en una sociedad confusa<\/strong><\/p>\n<p>\u201cVivimos en tiempos de depresi\u00f3n, acoso, violencia, acoso escolar, ansiedad, hogares divididos y suicidios. Vivimos en una sociedad confusa\u201d, dijo De Gracia. \u201cEn los programas y pel\u00edculas que se transmiten en la pantalla, vemos y sentimos el bombardeo con la nueva moda de los matrimonios del mismo sexo\u201d. Fue importante se\u00f1alar qu\u00e9 es lo tienen que ser los matrimonios, expres\u00f3.<\/p>\n<p><div id=\"attachment_104272\" style=\"width: 866px\" class=\"wp-caption aligncenter\"><img loading=\"lazy\" decoding=\"async\" aria-describedby=\"caption-attachment-104272\" class=\" wp-image-104270\" src=\"https:\/\/interamerica.org\/wp-content\/uploads\/2023\/10\/panu-child-congress-vows.png\" alt=\"\" width=\"856\" height=\"490\" srcset=\"https:\/\/interamerica.org\/wp-content\/uploads\/2023\/10\/panu-child-congress-vows.png 1000w, https:\/\/interamerica.org\/wp-content\/uploads\/2023\/10\/panu-child-congress-vows-300x172.png 300w, https:\/\/interamerica.org\/wp-content\/uploads\/2023\/10\/panu-child-congress-vows-768x439.png 768w\" sizes=\"(max-width: 856px) 100vw, 856px\" \/><p id=\"caption-attachment-104272\" class=\"wp-caption-text\">Cuatro matrimonios que se casaron hace poco renovaron sus votos durante el evento, como testamento del ejemplo b\u00edblico de Dios de un matrimonio entre un hombre y una mujer. [Fotograf\u00eda: Uni\u00f3n Paname\u00f1a]<\/p><\/div>Los ni\u00f1os y adolescentes se pusieron de pie aplaudiendo y lanzando exclamaciones de alegr\u00eda cuando escucharon que sonaba la marcha nupcial y los cuatro matrimonios marcharon a la plataforma para renovar sus votos matrimoniales.<\/p>\n<p>\u201cFue tan interesante de qu\u00e9 manera los matrimonios transmitieron ese amor que sent\u00edan el uno por el otro, y una buena manera de mostrar a los ni\u00f1os una muestra de c\u00f3mo establecer la familia de Dios\u201d, dijo Mirna Belford, directora del ministerio del ni\u00f1o y el adolescente de la iglesia adventista Berea en Ciudad de Panam\u00e1.<\/p>\n<p><div id=\"attachment_104290\" style=\"width: 858px\" class=\"wp-caption aligncenter\"><img loading=\"lazy\" decoding=\"async\" aria-describedby=\"caption-attachment-104290\" class=\" wp-image-104288\" src=\"https:\/\/interamerica.org\/wp-content\/uploads\/2023\/10\/panu-child-congress-stageparticipation.png\" alt=\"\" width=\"848\" height=\"565\" srcset=\"https:\/\/interamerica.org\/wp-content\/uploads\/2023\/10\/panu-child-congress-stageparticipation.png 1000w, https:\/\/interamerica.org\/wp-content\/uploads\/2023\/10\/panu-child-congress-stageparticipation-300x200.png 300w, https:\/\/interamerica.org\/wp-content\/uploads\/2023\/10\/panu-child-congress-stageparticipation-768x511.png 768w\" sizes=\"(max-width: 848px) 100vw, 848px\" \/><p id=\"caption-attachment-104290\" class=\"wp-caption-text\">Una jovencita participa en una de las actividades del s\u00e1bado 23 de septiembre de 2023 por la tarde. [Fotograf\u00eda: Eric Rodr\u00edguez]<\/p><\/div><strong>En la tienda de oraci\u00f3n<\/strong><\/p>\n<p>Los j\u00f3venes delegados hicieron fila para la tienda de oraci\u00f3n, donde los pastores estaban listos y oraron por sus preocupaciones y pedidos espec\u00edficos. \u201cLa fila se hizo tan larga que otros dos pastores tuvieron que ayudar en la tienda de oraci\u00f3n\u201d, dijo De Gracia. Muchos de los pedidos de oraci\u00f3n incluyeron oraciones para que sus padres no se divorcien, oraciones para que sus padres encuentren empleo, oraciones pidiendo sanaci\u00f3n y muchas otras, expres\u00f3.<\/p>\n<p>\u201cUn ni\u00f1o en particular pidi\u00f3 que oraran para que \u00e9l y su familia pudieran tener comida, porque sus padres no ten\u00edan trabajo y estaban pasando hambre\u201d, dijo De Gracia. Poco despu\u00e9s, se le aviso a los l\u00edderes de ADRA Panam\u00e1 para que visiten el hogar del ni\u00f1o con alimentos y ayuda.<\/p>\n<p><div id=\"attachment_104281\" style=\"width: 857px\" class=\"wp-caption aligncenter\"><img loading=\"lazy\" decoding=\"async\" aria-describedby=\"caption-attachment-104281\" class=\" wp-image-104279\" src=\"https:\/\/interamerica.org\/wp-content\/uploads\/2023\/10\/panu-child-prayer-tent.png\" alt=\"\" width=\"847\" height=\"565\" srcset=\"https:\/\/interamerica.org\/wp-content\/uploads\/2023\/10\/panu-child-prayer-tent.png 1000w, https:\/\/interamerica.org\/wp-content\/uploads\/2023\/10\/panu-child-prayer-tent-300x200.png 300w, https:\/\/interamerica.org\/wp-content\/uploads\/2023\/10\/panu-child-prayer-tent-768x512.png 768w\" sizes=\"(max-width: 847px) 100vw, 847px\" \/><p id=\"caption-attachment-104281\" class=\"wp-caption-text\">El pastor Jose De Gracia (derecha) presidente de la Uni\u00f3n Paname\u00f1a, ora por los pedidos de una adolescente en la tienda especial de oraci\u00f3n. [Fotograf\u00eda: Eric Rodr\u00edguez]<\/p><\/div>Entre los cinco pastores que oraron por los ni\u00f1os se encontr\u00f3 el pastor Jos\u00e9 De Gracia, presidente de la Uni\u00f3n Paname\u00f1a. El pastor De Gracia dijo que ha sido una bendici\u00f3n apoyar a los ni\u00f1os que necesitan oraci\u00f3n. \u201cAlgunos de los mejores testimonios e historias provienen de tiendas de oraci\u00f3n como esta\u201d, dijo. De Gracia record\u00f3 de qu\u00e9 manera Rosendo Sanjur, de 9 a\u00f1os y quien asisti\u00f3 al primer Congreso del Ni\u00f1o y el Adolescente llevado a cabo en 2018, lleg\u00f3 para que oraran por \u00e9l, porque no quer\u00eda ser un ladr\u00f3n como lo fue su abuelo. Los l\u00edderes se movieron r\u00e1pido para visitar a la familia y matricular al ni\u00f1o en una escuela adventista. En el presente, Rosendo sigue estudiando en la Escuela Adventista de Chorrera, en la Provincia Occidental de Panam\u00e1, y es un ni\u00f1o l\u00edder activo en su campo local, dijo el pastor De Gracia. Los padres de Rosendo ahora son miembros de la Iglesia Adventista.<\/p>\n<p><div id=\"attachment_104266\" style=\"width: 833px\" class=\"wp-caption aligncenter\"><img loading=\"lazy\" decoding=\"async\" aria-describedby=\"caption-attachment-104266\" class=\" wp-image-104264\" src=\"https:\/\/interamerica.org\/wp-content\/uploads\/2023\/10\/panu-rosalinda-degracia-rosendo.png\" alt=\"\" width=\"823\" height=\"549\" srcset=\"https:\/\/interamerica.org\/wp-content\/uploads\/2023\/10\/panu-rosalinda-degracia-rosendo.png 1000w, https:\/\/interamerica.org\/wp-content\/uploads\/2023\/10\/panu-rosalinda-degracia-rosendo-300x200.png 300w, https:\/\/interamerica.org\/wp-content\/uploads\/2023\/10\/panu-rosalinda-degracia-rosendo-768x512.png 768w\" sizes=\"(max-width: 823px) 100vw, 823px\" \/><p id=\"caption-attachment-104266\" class=\"wp-caption-text\">Rosalinda De Gracia (izquierda), directora del ministerio infantil y del adolescente de la Uni\u00f3n Paname\u00f1a, se dirige a la delegaci\u00f3n, mientras presenta a Rosendo Sanjur (segundo desde la derecha), un participante del primer congreso de 2018, quien ha sido patrocinado por la Uni\u00f3n Paname\u00f1a para estudiar en una escuela adventista. El pastor Jos\u00e9 De Gracia (derecha), presidente de la Uni\u00f3n Paname\u00f1a, aparece junto a Rosendo. [Fotograf\u00eda: Eric Rodr\u00edguez]<\/p><\/div><strong>Jes\u00fas como fundamento<\/strong><\/p>\n<p>La oradora especial Edith Ruiz de Espinoza, directora del ministerio infantil y del adolescente de la Divisi\u00f3n Interamericana, desafi\u00f3 a los j\u00f3venes delegados para que se aferren a Jes\u00fas y hagan de \u00e9l el fundamento y la fuente de la sabidur\u00eda en su vida, al navegar por sus actividades diarias. \u201cUstedes son una luz para Jes\u00fas, y necesitan brillar sobre los que los rodean\u201d, dijo en el encuentro.<\/p>\n<p>\u201cJam\u00e1s he visto un congreso tan grande solo para ni\u00f1os\u201d, dijo Espinoza. Ver sus rostros sonrientes, su amor y devoci\u00f3n por Cristo y por la iglesia me emocion\u00f3 profundamente. \u201cMuchas uniones llevan a cabo congresos para maestros del ministerio infantil, pero esta inversi\u00f3n en tantos ni\u00f1os reunidos con un programa tan hermoso donde se reafirman los principios b\u00edblicos es una real bendici\u00f3n para la iglesia y la comunidad a la que impactar\u00e1n cuando regresen a sus hogares\u201d.<\/p>\n<p><div id=\"attachment_104287\" style=\"width: 849px\" class=\"wp-caption aligncenter\"><img loading=\"lazy\" decoding=\"async\" aria-describedby=\"caption-attachment-104287\" class=\" wp-image-104285\" src=\"https:\/\/interamerica.org\/wp-content\/uploads\/2023\/10\/edith-espinoza-panu-child-congress-kids.png\" alt=\"\" width=\"839\" height=\"559\" srcset=\"https:\/\/interamerica.org\/wp-content\/uploads\/2023\/10\/edith-espinoza-panu-child-congress-kids.png 1000w, https:\/\/interamerica.org\/wp-content\/uploads\/2023\/10\/edith-espinoza-panu-child-congress-kids-300x200.png 300w, https:\/\/interamerica.org\/wp-content\/uploads\/2023\/10\/edith-espinoza-panu-child-congress-kids-768x512.png 768w\" sizes=\"(max-width: 839px) 100vw, 839px\" \/><p id=\"caption-attachment-104287\" class=\"wp-caption-text\">Tres muchachos participan en una actividad de textos b\u00edblicos sobre el escenario, durante un segmento interactivo dirigido por Edith Ruiz de Espinoza (izquierda), directora del ministerio del ni\u00f1o y el adolescente de la Divisi\u00f3n Interamericana, el pasado 23 de septiembre de 2023. [Fotograf\u00eda: Eric Rodr\u00edguez]<\/p><\/div>Los j\u00f3venes delegados y sus maestras informaron sobre las actividades de impacto en la iglesia y en todas sus comunidades durante este a\u00f1o.<\/p>\n<p>Cada delegado recibi\u00f3 una medalla para participar en el congreso, y tambi\u00e9n el desaf\u00edo de confiar en Dios como su Roca Eterna, ser activo para servir a sus comunidades, ser agentes de cambio, y estudiar su Biblia todos los d\u00edas.<\/p>\n<p><div id=\"attachment_104284\" style=\"width: 828px\" class=\"wp-caption aligncenter\"><img loading=\"lazy\" decoding=\"async\" aria-describedby=\"caption-attachment-104284\" class=\" wp-image-104282\" src=\"https:\/\/interamerica.org\/wp-content\/uploads\/2023\/10\/panu-child-congress-reports.png\" alt=\"\" width=\"818\" height=\"545\" srcset=\"https:\/\/interamerica.org\/wp-content\/uploads\/2023\/10\/panu-child-congress-reports.png 1000w, https:\/\/interamerica.org\/wp-content\/uploads\/2023\/10\/panu-child-congress-reports-300x200.png 300w, https:\/\/interamerica.org\/wp-content\/uploads\/2023\/10\/panu-child-congress-reports-768x511.png 768w\" sizes=\"(max-width: 818px) 100vw, 818px\" \/><p id=\"caption-attachment-104284\" class=\"wp-caption-text\">Un grupo de adolescentes participa de un informe especial, durante el segmento de su delegaci\u00f3n en la conferencia. [Fotograf\u00eda: Eric Rodr\u00edguez]<\/p><\/div>\u201cTenemos la responsabilidad de marcar esas vidas j\u00f3venes con opciones, para que puedan tomar las decisiones correctas en la vida y darles la seguridad de que todo estar\u00e1 bien cuando Dios est\u00e9 con ellos\u201d, dijo la se\u00f1ora De Gracia.<\/p>\n<p>Para saber m\u00e1s sobre el Congreso del Ni\u00f1o y el Adolescente de la Uni\u00f3n Paname\u00f1a, ingrese <a href=\"https:\/\/www.youtube.com\/watch?v=qu0K9zerTg8\">AQU\u00cd<\/a><\/p>\n<p>Traducci\u00f3n de Marcos Paseggi<\/p>\n","protected":false},"excerpt":{"rendered":"<p>5 de octubre de 2023 | Ciudad de Panam\u00e1, Panam\u00e1 | Kayc James y Libna Stevens, Noticias de la Divisi\u00f3n Interamericana Cientos de ni\u00f1os y adolescentes de entre 7 y&#8230;<\/p>\n","protected":false},"author":3,"featured_media":104263,"comment_status":"closed","ping_status":"closed","sticky":false,"template":"","format":"standard","meta":{"_acf_changed":false,"footnotes":""},"categories":[17,15],"tags":[],"class_list":["post-104302","post","type-post","status-publish","format-standard","has-post-thumbnail","hentry","category-desde-el-campo","category-rss-espanol"],"acf":[],"yoast_head":"<!-- This site is optimized with the Yoast SEO plugin v27.3 - https:\/\/yoast.com\/product\/yoast-seo-wordpress\/ -->\n<title>Cientos de ni\u00f1os y adolescentes de Panam\u00e1 son desafiados a depender de Cristo - Iglesia Adventista del S\u00e9ptimo D\u00eda - Divisi\u00f3n Interamericana<\/title>\n<meta name=\"robots\" content=\"index, follow, max-snippet:-1, max-image-preview:large, max-video-preview:-1\" \/>\n<link rel=\"canonical\" href=\"https:\/\/interamerica.org\/es\/2023\/10\/cientos-de-ninos-y-adolescentes-de-panama-son-desafiados-a-depender-de-cristo\/\" \/>\n<meta property=\"og:locale\" content=\"es_ES\" \/>\n<meta property=\"og:type\" content=\"article\" \/>\n<meta property=\"og:title\" content=\"Cientos de ni\u00f1os y adolescentes de Panam\u00e1 son desafiados a depender de Cristo - Iglesia Adventista del S\u00e9ptimo D\u00eda - Divisi\u00f3n Interamericana\" \/>\n<meta property=\"og:description\" content=\"5 de octubre de 2023 | Ciudad de Panam\u00e1, Panam\u00e1 | Kayc James y Libna Stevens, Noticias de la Divisi\u00f3n Interamericana Cientos de ni\u00f1os y adolescentes de entre 7 y...\" \/>\n<meta property=\"og:url\" content=\"https:\/\/interamerica.org\/es\/2023\/10\/cientos-de-ninos-y-adolescentes-de-panama-son-desafiados-a-depender-de-cristo\/\" \/>\n<meta property=\"og:site_name\" content=\"Iglesia Adventista del S\u00e9ptimo D\u00eda - Divisi\u00f3n Interamericana\" \/>\n<meta property=\"article:published_time\" content=\"2023-10-05T18:27:58+00:00\" \/>\n<meta property=\"article:modified_time\" content=\"2023-10-06T01:04:35+00:00\" \/>\n<meta property=\"og:image\" content=\"https:\/\/interamerica.org\/wp-content\/uploads\/2023\/10\/panu-child-congress-praying.jpg\" \/>\n\t<meta property=\"og:image:width\" content=\"1000\" \/>\n\t<meta property=\"og:image:height\" content=\"572\" \/>\n\t<meta property=\"og:image:type\" content=\"image\/jpeg\" \/>\n<meta name=\"author\" content=\"libna\" \/>\n<meta name=\"twitter:card\" content=\"summary_large_image\" \/>\n<meta name=\"twitter:label1\" content=\"Escrito por\" \/>\n\t<meta name=\"twitter:data1\" content=\"libna\" \/>\n\t<meta name=\"twitter:label2\" content=\"Tiempo de lectura\" \/>\n\t<meta name=\"twitter:data2\" content=\"9 minutos\" \/>\n<script type=\"application\/ld+json\" class=\"yoast-schema-graph\">{\"@context\":\"https:\\\/\\\/schema.org\",\"@graph\":[{\"@type\":\"Article\",\"@id\":\"https:\\\/\\\/interamerica.org\\\/es\\\/2023\\\/10\\\/cientos-de-ninos-y-adolescentes-de-panama-son-desafiados-a-depender-de-cristo\\\/#article\",\"isPartOf\":{\"@id\":\"https:\\\/\\\/interamerica.org\\\/es\\\/2023\\\/10\\\/cientos-de-ninos-y-adolescentes-de-panama-son-desafiados-a-depender-de-cristo\\\/\"},\"author\":{\"name\":\"libna\",\"@id\":\"https:\\\/\\\/interamerica.org\\\/es\\\/#\\\/schema\\\/person\\\/29998f2bc2d8bd0d38662909289b54f1\"},\"headline\":\"Cientos de ni\u00f1os y adolescentes de Panam\u00e1 son desafiados a depender de Cristo\",\"datePublished\":\"2023-10-05T18:27:58+00:00\",\"dateModified\":\"2023-10-06T01:04:35+00:00\",\"mainEntityOfPage\":{\"@id\":\"https:\\\/\\\/interamerica.org\\\/es\\\/2023\\\/10\\\/cientos-de-ninos-y-adolescentes-de-panama-son-desafiados-a-depender-de-cristo\\\/\"},\"wordCount\":1711,\"image\":{\"@id\":\"https:\\\/\\\/interamerica.org\\\/es\\\/2023\\\/10\\\/cientos-de-ninos-y-adolescentes-de-panama-son-desafiados-a-depender-de-cristo\\\/#primaryimage\"},\"thumbnailUrl\":\"https:\\\/\\\/interamerica.org\\\/wp-content\\\/uploads\\\/2023\\\/10\\\/panu-child-congress-praying.jpg\",\"articleSection\":[\"Desde el campo\",\"RSS Espa\u00f1ol\"],\"inLanguage\":\"es\"},{\"@type\":\"WebPage\",\"@id\":\"https:\\\/\\\/interamerica.org\\\/es\\\/2023\\\/10\\\/cientos-de-ninos-y-adolescentes-de-panama-son-desafiados-a-depender-de-cristo\\\/\",\"url\":\"https:\\\/\\\/interamerica.org\\\/es\\\/2023\\\/10\\\/cientos-de-ninos-y-adolescentes-de-panama-son-desafiados-a-depender-de-cristo\\\/\",\"name\":\"Cientos de ni\u00f1os y adolescentes de Panam\u00e1 son desafiados a depender de Cristo - Iglesia Adventista del S\u00e9ptimo D\u00eda - Divisi\u00f3n Interamericana\",\"isPartOf\":{\"@id\":\"https:\\\/\\\/interamerica.org\\\/es\\\/#website\"},\"primaryImageOfPage\":{\"@id\":\"https:\\\/\\\/interamerica.org\\\/es\\\/2023\\\/10\\\/cientos-de-ninos-y-adolescentes-de-panama-son-desafiados-a-depender-de-cristo\\\/#primaryimage\"},\"image\":{\"@id\":\"https:\\\/\\\/interamerica.org\\\/es\\\/2023\\\/10\\\/cientos-de-ninos-y-adolescentes-de-panama-son-desafiados-a-depender-de-cristo\\\/#primaryimage\"},\"thumbnailUrl\":\"https:\\\/\\\/interamerica.org\\\/wp-content\\\/uploads\\\/2023\\\/10\\\/panu-child-congress-praying.jpg\",\"datePublished\":\"2023-10-05T18:27:58+00:00\",\"dateModified\":\"2023-10-06T01:04:35+00:00\",\"author\":{\"@id\":\"https:\\\/\\\/interamerica.org\\\/es\\\/#\\\/schema\\\/person\\\/29998f2bc2d8bd0d38662909289b54f1\"},\"breadcrumb\":{\"@id\":\"https:\\\/\\\/interamerica.org\\\/es\\\/2023\\\/10\\\/cientos-de-ninos-y-adolescentes-de-panama-son-desafiados-a-depender-de-cristo\\\/#breadcrumb\"},\"inLanguage\":\"es\",\"potentialAction\":[{\"@type\":\"ReadAction\",\"target\":[\"https:\\\/\\\/interamerica.org\\\/es\\\/2023\\\/10\\\/cientos-de-ninos-y-adolescentes-de-panama-son-desafiados-a-depender-de-cristo\\\/\"]}]},{\"@type\":\"ImageObject\",\"inLanguage\":\"es\",\"@id\":\"https:\\\/\\\/interamerica.org\\\/es\\\/2023\\\/10\\\/cientos-de-ninos-y-adolescentes-de-panama-son-desafiados-a-depender-de-cristo\\\/#primaryimage\",\"url\":\"https:\\\/\\\/interamerica.org\\\/wp-content\\\/uploads\\\/2023\\\/10\\\/panu-child-congress-praying.jpg\",\"contentUrl\":\"https:\\\/\\\/interamerica.org\\\/wp-content\\\/uploads\\\/2023\\\/10\\\/panu-child-congress-praying.jpg\",\"width\":1000,\"height\":572,\"caption\":\"[Photo: Panama Union]\"},{\"@type\":\"BreadcrumbList\",\"@id\":\"https:\\\/\\\/interamerica.org\\\/es\\\/2023\\\/10\\\/cientos-de-ninos-y-adolescentes-de-panama-son-desafiados-a-depender-de-cristo\\\/#breadcrumb\",\"itemListElement\":[{\"@type\":\"ListItem\",\"position\":1,\"name\":\"Home\",\"item\":\"https:\\\/\\\/interamerica.org\\\/es\\\/\"},{\"@type\":\"ListItem\",\"position\":2,\"name\":\"Cientos de ni\u00f1os y adolescentes de Panam\u00e1 son desafiados a depender de Cristo\"}]},{\"@type\":\"WebSite\",\"@id\":\"https:\\\/\\\/interamerica.org\\\/es\\\/#website\",\"url\":\"https:\\\/\\\/interamerica.org\\\/es\\\/\",\"name\":\"Iglesia Adventista del S\u00e9ptimo D\u00eda - Divisi\u00f3n Interamericana\",\"description\":\"\",\"potentialAction\":[{\"@type\":\"SearchAction\",\"target\":{\"@type\":\"EntryPoint\",\"urlTemplate\":\"https:\\\/\\\/interamerica.org\\\/es\\\/?s={search_term_string}\"},\"query-input\":{\"@type\":\"PropertyValueSpecification\",\"valueRequired\":true,\"valueName\":\"search_term_string\"}}],\"inLanguage\":\"es\"},{\"@type\":\"Person\",\"@id\":\"https:\\\/\\\/interamerica.org\\\/es\\\/#\\\/schema\\\/person\\\/29998f2bc2d8bd0d38662909289b54f1\",\"name\":\"libna\",\"image\":{\"@type\":\"ImageObject\",\"inLanguage\":\"es\",\"@id\":\"https:\\\/\\\/secure.gravatar.com\\\/avatar\\\/7c5bd30ae4b47a9ba3c856590957fd1d96dc588bf3ac05719d247e126840331f?s=96&d=mm&r=g\",\"url\":\"https:\\\/\\\/secure.gravatar.com\\\/avatar\\\/7c5bd30ae4b47a9ba3c856590957fd1d96dc588bf3ac05719d247e126840331f?s=96&d=mm&r=g\",\"contentUrl\":\"https:\\\/\\\/secure.gravatar.com\\\/avatar\\\/7c5bd30ae4b47a9ba3c856590957fd1d96dc588bf3ac05719d247e126840331f?s=96&d=mm&r=g\",\"caption\":\"libna\"}}]}<\/script>\n<!-- \/ Yoast SEO plugin. -->","yoast_head_json":{"title":"Cientos de ni\u00f1os y adolescentes de Panam\u00e1 son desafiados a depender de Cristo - Iglesia Adventista del S\u00e9ptimo D\u00eda - Divisi\u00f3n Interamericana","robots":{"index":"index","follow":"follow","max-snippet":"max-snippet:-1","max-image-preview":"max-image-preview:large","max-video-preview":"max-video-preview:-1"},"canonical":"https:\/\/interamerica.org\/es\/2023\/10\/cientos-de-ninos-y-adolescentes-de-panama-son-desafiados-a-depender-de-cristo\/","og_locale":"es_ES","og_type":"article","og_title":"Cientos de ni\u00f1os y adolescentes de Panam\u00e1 son desafiados a depender de Cristo - Iglesia Adventista del S\u00e9ptimo D\u00eda - Divisi\u00f3n Interamericana","og_description":"5 de octubre de 2023 | Ciudad de Panam\u00e1, Panam\u00e1 | Kayc James y Libna Stevens, Noticias de la Divisi\u00f3n Interamericana Cientos de ni\u00f1os y adolescentes de entre 7 y...","og_url":"https:\/\/interamerica.org\/es\/2023\/10\/cientos-de-ninos-y-adolescentes-de-panama-son-desafiados-a-depender-de-cristo\/","og_site_name":"Iglesia Adventista del S\u00e9ptimo D\u00eda - Divisi\u00f3n Interamericana","article_published_time":"2023-10-05T18:27:58+00:00","article_modified_time":"2023-10-06T01:04:35+00:00","og_image":[{"width":1000,"height":572,"url":"https:\/\/interamerica.org\/wp-content\/uploads\/2023\/10\/panu-child-congress-praying.jpg","type":"image\/jpeg"}],"author":"libna","twitter_card":"summary_large_image","twitter_misc":{"Escrito por":"libna","Tiempo de lectura":"9 minutos"},"schema":{"@context":"https:\/\/schema.org","@graph":[{"@type":"Article","@id":"https:\/\/interamerica.org\/es\/2023\/10\/cientos-de-ninos-y-adolescentes-de-panama-son-desafiados-a-depender-de-cristo\/#article","isPartOf":{"@id":"https:\/\/interamerica.org\/es\/2023\/10\/cientos-de-ninos-y-adolescentes-de-panama-son-desafiados-a-depender-de-cristo\/"},"author":{"name":"libna","@id":"https:\/\/interamerica.org\/es\/#\/schema\/person\/29998f2bc2d8bd0d38662909289b54f1"},"headline":"Cientos de ni\u00f1os y adolescentes de Panam\u00e1 son desafiados a depender de Cristo","datePublished":"2023-10-05T18:27:58+00:00","dateModified":"2023-10-06T01:04:35+00:00","mainEntityOfPage":{"@id":"https:\/\/interamerica.org\/es\/2023\/10\/cientos-de-ninos-y-adolescentes-de-panama-son-desafiados-a-depender-de-cristo\/"},"wordCount":1711,"image":{"@id":"https:\/\/interamerica.org\/es\/2023\/10\/cientos-de-ninos-y-adolescentes-de-panama-son-desafiados-a-depender-de-cristo\/#primaryimage"},"thumbnailUrl":"https:\/\/interamerica.org\/wp-content\/uploads\/2023\/10\/panu-child-congress-praying.jpg","articleSection":["Desde el campo","RSS Espa\u00f1ol"],"inLanguage":"es"},{"@type":"WebPage","@id":"https:\/\/interamerica.org\/es\/2023\/10\/cientos-de-ninos-y-adolescentes-de-panama-son-desafiados-a-depender-de-cristo\/","url":"https:\/\/interamerica.org\/es\/2023\/10\/cientos-de-ninos-y-adolescentes-de-panama-son-desafiados-a-depender-de-cristo\/","name":"Cientos de ni\u00f1os y adolescentes de Panam\u00e1 son desafiados a depender de Cristo - Iglesia Adventista del S\u00e9ptimo D\u00eda - Divisi\u00f3n Interamericana","isPartOf":{"@id":"https:\/\/interamerica.org\/es\/#website"},"primaryImageOfPage":{"@id":"https:\/\/interamerica.org\/es\/2023\/10\/cientos-de-ninos-y-adolescentes-de-panama-son-desafiados-a-depender-de-cristo\/#primaryimage"},"image":{"@id":"https:\/\/interamerica.org\/es\/2023\/10\/cientos-de-ninos-y-adolescentes-de-panama-son-desafiados-a-depender-de-cristo\/#primaryimage"},"thumbnailUrl":"https:\/\/interamerica.org\/wp-content\/uploads\/2023\/10\/panu-child-congress-praying.jpg","datePublished":"2023-10-05T18:27:58+00:00","dateModified":"2023-10-06T01:04:35+00:00","author":{"@id":"https:\/\/interamerica.org\/es\/#\/schema\/person\/29998f2bc2d8bd0d38662909289b54f1"},"breadcrumb":{"@id":"https:\/\/interamerica.org\/es\/2023\/10\/cientos-de-ninos-y-adolescentes-de-panama-son-desafiados-a-depender-de-cristo\/#breadcrumb"},"inLanguage":"es","potentialAction":[{"@type":"ReadAction","target":["https:\/\/interamerica.org\/es\/2023\/10\/cientos-de-ninos-y-adolescentes-de-panama-son-desafiados-a-depender-de-cristo\/"]}]},{"@type":"ImageObject","inLanguage":"es","@id":"https:\/\/interamerica.org\/es\/2023\/10\/cientos-de-ninos-y-adolescentes-de-panama-son-desafiados-a-depender-de-cristo\/#primaryimage","url":"https:\/\/interamerica.org\/wp-content\/uploads\/2023\/10\/panu-child-congress-praying.jpg","contentUrl":"https:\/\/interamerica.org\/wp-content\/uploads\/2023\/10\/panu-child-congress-praying.jpg","width":1000,"height":572,"caption":"[Photo: Panama Union]"},{"@type":"BreadcrumbList","@id":"https:\/\/interamerica.org\/es\/2023\/10\/cientos-de-ninos-y-adolescentes-de-panama-son-desafiados-a-depender-de-cristo\/#breadcrumb","itemListElement":[{"@type":"ListItem","position":1,"name":"Home","item":"https:\/\/interamerica.org\/es\/"},{"@type":"ListItem","position":2,"name":"Cientos de ni\u00f1os y adolescentes de Panam\u00e1 son desafiados a depender de Cristo"}]},{"@type":"WebSite","@id":"https:\/\/interamerica.org\/es\/#website","url":"https:\/\/interamerica.org\/es\/","name":"Iglesia Adventista del S\u00e9ptimo D\u00eda - Divisi\u00f3n Interamericana","description":"","potentialAction":[{"@type":"SearchAction","target":{"@type":"EntryPoint","urlTemplate":"https:\/\/interamerica.org\/es\/?s={search_term_string}"},"query-input":{"@type":"PropertyValueSpecification","valueRequired":true,"valueName":"search_term_string"}}],"inLanguage":"es"},{"@type":"Person","@id":"https:\/\/interamerica.org\/es\/#\/schema\/person\/29998f2bc2d8bd0d38662909289b54f1","name":"libna","image":{"@type":"ImageObject","inLanguage":"es","@id":"https:\/\/secure.gravatar.com\/avatar\/7c5bd30ae4b47a9ba3c856590957fd1d96dc588bf3ac05719d247e126840331f?s=96&d=mm&r=g","url":"https:\/\/secure.gravatar.com\/avatar\/7c5bd30ae4b47a9ba3c856590957fd1d96dc588bf3ac05719d247e126840331f?s=96&d=mm&r=g","contentUrl":"https:\/\/secure.gravatar.com\/avatar\/7c5bd30ae4b47a9ba3c856590957fd1d96dc588bf3ac05719d247e126840331f?s=96&d=mm&r=g","caption":"libna"}}]}},"_links":{"self":[{"href":"https:\/\/interamerica.org\/es\/wp-json\/wp\/v2\/posts\/104302","targetHints":{"allow":["GET"]}}],"collection":[{"href":"https:\/\/interamerica.org\/es\/wp-json\/wp\/v2\/posts"}],"about":[{"href":"https:\/\/interamerica.org\/es\/wp-json\/wp\/v2\/types\/post"}],"author":[{"embeddable":true,"href":"https:\/\/interamerica.org\/es\/wp-json\/wp\/v2\/users\/3"}],"replies":[{"embeddable":true,"href":"https:\/\/interamerica.org\/es\/wp-json\/wp\/v2\/comments?post=104302"}],"version-history":[{"count":0,"href":"https:\/\/interamerica.org\/es\/wp-json\/wp\/v2\/posts\/104302\/revisions"}],"wp:featuredmedia":[{"embeddable":true,"href":"https:\/\/interamerica.org\/es\/wp-json\/wp\/v2\/media\/104263"}],"wp:attachment":[{"href":"https:\/\/interamerica.org\/es\/wp-json\/wp\/v2\/media?parent=104302"}],"wp:term":[{"taxonomy":"category","embeddable":true,"href":"https:\/\/interamerica.org\/es\/wp-json\/wp\/v2\/categories?post=104302"},{"taxonomy":"post_tag","embeddable":true,"href":"https:\/\/interamerica.org\/es\/wp-json\/wp\/v2\/tags?post=104302"}],"curies":[{"name":"wp","href":"https:\/\/api.w.org\/{rel}","templated":true}]}}