{"id":10432,"date":"2004-12-28T00:00:00","date_gmt":"2004-12-28T04:00:00","guid":{"rendered":"http:\/\/192.81.217.108\/interamerica\/2004\/12\/iglesia-mundial-paulsen-ofrece-mensaje-de-ano-nuevo\/"},"modified":"2017-06-02T09:18:11","modified_gmt":"2017-06-02T13:18:11","slug":"iglesia-mundial-paulsen-ofrece-mensaje-de-ano-nuevo","status":"publish","type":"post","link":"https:\/\/interamerica.org\/es\/2004\/12\/iglesia-mundial-paulsen-ofrece-mensaje-de-ano-nuevo\/","title":{"rendered":"Iglesia Mundial: Paulsen ofrece mensaje de A\u00f1o Nuevo"},"content":{"rendered":"<p>Silver Spring, Maryland, Estados Unidos\u2026 [Personal de ANN]<\/p>\n<p>\u201cDen al Se\u00f1or lo mejor de ustedes. D\u00e9mosle todas las oportunidades para usarnos, a ustedes y a m\u00ed\u201d, declar\u00f3 el pastor Jan Paulsen, presidente mundial de la Iglesia Adventista del S\u00e9ptimo D\u00eda, en un mensaje de A\u00f1o Nuevo para 2005 ofrecido a la comunidad de 25 millones de personas que asisten semanalmente a los servicios religiosos celebrados por la iglesia en 203 pa\u00edses y \u00e1reas del mundo.<\/p>\n<p>\u201cUstedes son la iglesia. Yo quiero agradecerles por lo que ustedes hacen para el cumplimiento del ministerio de la iglesia; el servicio que nosotros tratamos de dar al mundo\u201d, dijo el pastor Paulsen a la familia mundial de creyentes adventistas. \u201cTantos de ustedes, sean empleados por la iglesia, miembros de organizaciones de apoyo, o como miembros laicos individuales, tantos de ustedes han tra\u00eddo y est\u00e1n trayendo progreso para el ministerio y el servicio que la iglesia intenta prestar en nombre de Cristo. Quiero agradecerles por su compromiso, por su dedicaci\u00f3n y por lo que ustedes dedican para el Se\u00f1or\u201d.<\/p>\n<p>Al mismo tiempo, el pastor Paulsen reconoci\u00f3 las preocupaciones que algunos puedan tener respecto a sus acciones en el a\u00f1o que finaliza.<\/p>\n<p>\u201cSupongo que para todos nosotros hay momentos en el a\u00f1o pasado que nosotros quisi\u00e9ramos que no estuviesen all\u00ed. Hay evento que sucedieron, y quisi\u00e9ramos poder quitarlos de ah\u00ed; hay cosas que hicimos y dijimos, que desear\u00edamos no haber dicho o hecho. Y sin embargo, ustedes saben bien que el pasado est\u00e1 hecho, ya se fue, es historia; no podemos cambiarlo, no podemos reescribirlo\u201d, afirm\u00f3.<\/p>\n<p>\u201cAs\u00ed que, no gastemos mucho tiempo en el pasado. Miremos hacia el A\u00f1o Nuevo, con las oportunidades y los momentos que Dios provee para nosotros, y permit\u00e1monos decidir que enfrentaremos el futuro con la intenci\u00f3n de dar lo mejor de nosotros para el Se\u00f1or\u201d, agreg\u00f3 el pastor Paulsen.<\/p>\n<p>En 2004, la Iglesia Adventista del S\u00e9ptimo D\u00eda experiment\u00f3 otro a\u00f1o de crecimiento r\u00e9cord. Las estad\u00edsticas finales del a\u00f1o no est\u00e1n listas, pero se cree que un mill\u00f3n de personas se habr\u00e1n unido al pueblo adventista este a\u00f1o; para el tercer trimestre de 2004, la feligres\u00eda mundial se manten\u00eda cerca de los 14 millones de personas, m\u00e1s de la mitad de quienes asisten a los servicios religiosos.<\/p>\n<p>Concluyendo sus declaraciones, el pastor Paulsen apel\u00f3 a que \u201cmientras miramos hacia el futuro, demos lo mejor de nosotros, de modo que el amor y la compasi\u00f3n de Jesucristo pueda encontrar su expresi\u00f3n en sus vidas y en la m\u00eda, y que la gente que est\u00e1 atribulada, con desesperaci\u00f3n en lugar de esperanza, pueda encontrar eso en lo que yo les doy, y en lo que ustedes les dan\u201d. \u00c9l pidi\u00f3 a los adventistas que viviesen de modo que otros pudiesen ver que \u201chay muchas razones para tener esperanza, porque Jesucristo es el due\u00f1o del futuro, y nos ofrece esa ventaja para cada uno de nosotros\u201d.<\/p>\n<p><strong>Derechos Reservados \u00ae por Adventist News Network.<\/strong><\/p>\n","protected":false},"excerpt":{"rendered":"<p>\u201cDen al Se\u00f1or lo mejor de ustedes. D\u00e9mosle todas las oportunidades para usarnos, a ustedes y a m\u00ed\u201d, declar\u00f3 el pastor Jan Paulsen, presidente mundial de la Iglesia Adventista del S\u00e9ptimo D\u00eda&#8230;<\/p>\n","protected":false},"author":1,"featured_media":0,"comment_status":"closed","ping_status":"closed","sticky":false,"template":"","format":"standard","meta":{"_acf_changed":false,"footnotes":""},"categories":[8],"tags":[],"class_list":["post-10432","post","type-post","status-publish","format-standard","hentry","category-archivo"],"acf":[],"yoast_head":"<!-- This site is optimized with the Yoast SEO plugin v27.3 - https:\/\/yoast.com\/product\/yoast-seo-wordpress\/ -->\n<title>Iglesia Mundial: Paulsen ofrece mensaje de A\u00f1o Nuevo - Iglesia Adventista del S\u00e9ptimo D\u00eda - Divisi\u00f3n Interamericana<\/title>\n<meta name=\"robots\" content=\"index, follow, max-snippet:-1, max-image-preview:large, max-video-preview:-1\" \/>\n<link rel=\"canonical\" href=\"https:\/\/interamerica.org\/es\/2004\/12\/iglesia-mundial-paulsen-ofrece-mensaje-de-ano-nuevo\/\" \/>\n<meta property=\"og:locale\" content=\"es_ES\" \/>\n<meta property=\"og:type\" content=\"article\" \/>\n<meta property=\"og:title\" content=\"Iglesia Mundial: Paulsen ofrece mensaje de A\u00f1o Nuevo - Iglesia Adventista del S\u00e9ptimo D\u00eda - Divisi\u00f3n Interamericana\" \/>\n<meta property=\"og:description\" content=\"\u201cDen al Se\u00f1or lo mejor de ustedes. D\u00e9mosle todas las oportunidades para usarnos, a ustedes y a m\u00ed\u201d, declar\u00f3 el pastor Jan Paulsen, presidente mundial de la Iglesia Adventista del S\u00e9ptimo D\u00eda...\" \/>\n<meta property=\"og:url\" content=\"https:\/\/interamerica.org\/es\/2004\/12\/iglesia-mundial-paulsen-ofrece-mensaje-de-ano-nuevo\/\" \/>\n<meta property=\"og:site_name\" content=\"Iglesia Adventista del S\u00e9ptimo D\u00eda - Divisi\u00f3n Interamericana\" \/>\n<meta property=\"article:published_time\" content=\"2004-12-28T04:00:00+00:00\" \/>\n<meta property=\"article:modified_time\" content=\"2017-06-02T13:18:11+00:00\" \/>\n<meta name=\"author\" content=\"Lorenzo Verduzco\" \/>\n<meta name=\"twitter:card\" content=\"summary_large_image\" \/>\n<meta name=\"twitter:label1\" content=\"Escrito por\" \/>\n\t<meta name=\"twitter:data1\" content=\"Lorenzo Verduzco\" \/>\n\t<meta name=\"twitter:label2\" content=\"Tiempo de lectura\" \/>\n\t<meta name=\"twitter:data2\" content=\"3 minutos\" \/>\n<script type=\"application\/ld+json\" class=\"yoast-schema-graph\">{\"@context\":\"https:\\\/\\\/schema.org\",\"@graph\":[{\"@type\":\"Article\",\"@id\":\"https:\\\/\\\/interamerica.org\\\/es\\\/2004\\\/12\\\/iglesia-mundial-paulsen-ofrece-mensaje-de-ano-nuevo\\\/#article\",\"isPartOf\":{\"@id\":\"https:\\\/\\\/interamerica.org\\\/es\\\/2004\\\/12\\\/iglesia-mundial-paulsen-ofrece-mensaje-de-ano-nuevo\\\/\"},\"author\":{\"name\":\"Lorenzo Verduzco\",\"@id\":\"https:\\\/\\\/interamerica.org\\\/es\\\/#\\\/schema\\\/person\\\/68ede8bdc292885bb76c1e3810e73c39\"},\"headline\":\"Iglesia Mundial: Paulsen ofrece mensaje de A\u00f1o Nuevo\",\"datePublished\":\"2004-12-28T04:00:00+00:00\",\"dateModified\":\"2017-06-02T13:18:11+00:00\",\"mainEntityOfPage\":{\"@id\":\"https:\\\/\\\/interamerica.org\\\/es\\\/2004\\\/12\\\/iglesia-mundial-paulsen-ofrece-mensaje-de-ano-nuevo\\\/\"},\"wordCount\":527,\"articleSection\":[\"Archivo\"],\"inLanguage\":\"es\"},{\"@type\":\"WebPage\",\"@id\":\"https:\\\/\\\/interamerica.org\\\/es\\\/2004\\\/12\\\/iglesia-mundial-paulsen-ofrece-mensaje-de-ano-nuevo\\\/\",\"url\":\"https:\\\/\\\/interamerica.org\\\/es\\\/2004\\\/12\\\/iglesia-mundial-paulsen-ofrece-mensaje-de-ano-nuevo\\\/\",\"name\":\"Iglesia Mundial: Paulsen ofrece mensaje de A\u00f1o Nuevo - Iglesia Adventista del S\u00e9ptimo D\u00eda - Divisi\u00f3n Interamericana\",\"isPartOf\":{\"@id\":\"https:\\\/\\\/interamerica.org\\\/es\\\/#website\"},\"datePublished\":\"2004-12-28T04:00:00+00:00\",\"dateModified\":\"2017-06-02T13:18:11+00:00\",\"author\":{\"@id\":\"https:\\\/\\\/interamerica.org\\\/es\\\/#\\\/schema\\\/person\\\/68ede8bdc292885bb76c1e3810e73c39\"},\"breadcrumb\":{\"@id\":\"https:\\\/\\\/interamerica.org\\\/es\\\/2004\\\/12\\\/iglesia-mundial-paulsen-ofrece-mensaje-de-ano-nuevo\\\/#breadcrumb\"},\"inLanguage\":\"es\",\"potentialAction\":[{\"@type\":\"ReadAction\",\"target\":[\"https:\\\/\\\/interamerica.org\\\/es\\\/2004\\\/12\\\/iglesia-mundial-paulsen-ofrece-mensaje-de-ano-nuevo\\\/\"]}]},{\"@type\":\"BreadcrumbList\",\"@id\":\"https:\\\/\\\/interamerica.org\\\/es\\\/2004\\\/12\\\/iglesia-mundial-paulsen-ofrece-mensaje-de-ano-nuevo\\\/#breadcrumb\",\"itemListElement\":[{\"@type\":\"ListItem\",\"position\":1,\"name\":\"Home\",\"item\":\"https:\\\/\\\/interamerica.org\\\/es\\\/\"},{\"@type\":\"ListItem\",\"position\":2,\"name\":\"Iglesia Mundial: Paulsen ofrece mensaje de A\u00f1o Nuevo\"}]},{\"@type\":\"WebSite\",\"@id\":\"https:\\\/\\\/interamerica.org\\\/es\\\/#website\",\"url\":\"https:\\\/\\\/interamerica.org\\\/es\\\/\",\"name\":\"Iglesia Adventista del S\u00e9ptimo D\u00eda - Divisi\u00f3n Interamericana\",\"description\":\"\",\"potentialAction\":[{\"@type\":\"SearchAction\",\"target\":{\"@type\":\"EntryPoint\",\"urlTemplate\":\"https:\\\/\\\/interamerica.org\\\/es\\\/?s={search_term_string}\"},\"query-input\":{\"@type\":\"PropertyValueSpecification\",\"valueRequired\":true,\"valueName\":\"search_term_string\"}}],\"inLanguage\":\"es\"},{\"@type\":\"Person\",\"@id\":\"https:\\\/\\\/interamerica.org\\\/es\\\/#\\\/schema\\\/person\\\/68ede8bdc292885bb76c1e3810e73c39\",\"name\":\"Lorenzo Verduzco\",\"image\":{\"@type\":\"ImageObject\",\"inLanguage\":\"es\",\"@id\":\"https:\\\/\\\/secure.gravatar.com\\\/avatar\\\/fb81a55b6218459490a9c1dc841a34909185b81904c5337b4b27f7a6fd60c49e?s=96&d=mm&r=g\",\"url\":\"https:\\\/\\\/secure.gravatar.com\\\/avatar\\\/fb81a55b6218459490a9c1dc841a34909185b81904c5337b4b27f7a6fd60c49e?s=96&d=mm&r=g\",\"contentUrl\":\"https:\\\/\\\/secure.gravatar.com\\\/avatar\\\/fb81a55b6218459490a9c1dc841a34909185b81904c5337b4b27f7a6fd60c49e?s=96&d=mm&r=g\",\"caption\":\"Lorenzo Verduzco\"}}]}<\/script>\n<!-- \/ Yoast SEO plugin. -->","yoast_head_json":{"title":"Iglesia Mundial: Paulsen ofrece mensaje de A\u00f1o Nuevo - Iglesia Adventista del S\u00e9ptimo D\u00eda - Divisi\u00f3n Interamericana","robots":{"index":"index","follow":"follow","max-snippet":"max-snippet:-1","max-image-preview":"max-image-preview:large","max-video-preview":"max-video-preview:-1"},"canonical":"https:\/\/interamerica.org\/es\/2004\/12\/iglesia-mundial-paulsen-ofrece-mensaje-de-ano-nuevo\/","og_locale":"es_ES","og_type":"article","og_title":"Iglesia Mundial: Paulsen ofrece mensaje de A\u00f1o Nuevo - Iglesia Adventista del S\u00e9ptimo D\u00eda - Divisi\u00f3n Interamericana","og_description":"\u201cDen al Se\u00f1or lo mejor de ustedes. D\u00e9mosle todas las oportunidades para usarnos, a ustedes y a m\u00ed\u201d, declar\u00f3 el pastor Jan Paulsen, presidente mundial de la Iglesia Adventista del S\u00e9ptimo D\u00eda...","og_url":"https:\/\/interamerica.org\/es\/2004\/12\/iglesia-mundial-paulsen-ofrece-mensaje-de-ano-nuevo\/","og_site_name":"Iglesia Adventista del S\u00e9ptimo D\u00eda - Divisi\u00f3n Interamericana","article_published_time":"2004-12-28T04:00:00+00:00","article_modified_time":"2017-06-02T13:18:11+00:00","author":"Lorenzo Verduzco","twitter_card":"summary_large_image","twitter_misc":{"Escrito por":"Lorenzo Verduzco","Tiempo de lectura":"3 minutos"},"schema":{"@context":"https:\/\/schema.org","@graph":[{"@type":"Article","@id":"https:\/\/interamerica.org\/es\/2004\/12\/iglesia-mundial-paulsen-ofrece-mensaje-de-ano-nuevo\/#article","isPartOf":{"@id":"https:\/\/interamerica.org\/es\/2004\/12\/iglesia-mundial-paulsen-ofrece-mensaje-de-ano-nuevo\/"},"author":{"name":"Lorenzo Verduzco","@id":"https:\/\/interamerica.org\/es\/#\/schema\/person\/68ede8bdc292885bb76c1e3810e73c39"},"headline":"Iglesia Mundial: Paulsen ofrece mensaje de A\u00f1o Nuevo","datePublished":"2004-12-28T04:00:00+00:00","dateModified":"2017-06-02T13:18:11+00:00","mainEntityOfPage":{"@id":"https:\/\/interamerica.org\/es\/2004\/12\/iglesia-mundial-paulsen-ofrece-mensaje-de-ano-nuevo\/"},"wordCount":527,"articleSection":["Archivo"],"inLanguage":"es"},{"@type":"WebPage","@id":"https:\/\/interamerica.org\/es\/2004\/12\/iglesia-mundial-paulsen-ofrece-mensaje-de-ano-nuevo\/","url":"https:\/\/interamerica.org\/es\/2004\/12\/iglesia-mundial-paulsen-ofrece-mensaje-de-ano-nuevo\/","name":"Iglesia Mundial: Paulsen ofrece mensaje de A\u00f1o Nuevo - Iglesia Adventista del S\u00e9ptimo D\u00eda - Divisi\u00f3n Interamericana","isPartOf":{"@id":"https:\/\/interamerica.org\/es\/#website"},"datePublished":"2004-12-28T04:00:00+00:00","dateModified":"2017-06-02T13:18:11+00:00","author":{"@id":"https:\/\/interamerica.org\/es\/#\/schema\/person\/68ede8bdc292885bb76c1e3810e73c39"},"breadcrumb":{"@id":"https:\/\/interamerica.org\/es\/2004\/12\/iglesia-mundial-paulsen-ofrece-mensaje-de-ano-nuevo\/#breadcrumb"},"inLanguage":"es","potentialAction":[{"@type":"ReadAction","target":["https:\/\/interamerica.org\/es\/2004\/12\/iglesia-mundial-paulsen-ofrece-mensaje-de-ano-nuevo\/"]}]},{"@type":"BreadcrumbList","@id":"https:\/\/interamerica.org\/es\/2004\/12\/iglesia-mundial-paulsen-ofrece-mensaje-de-ano-nuevo\/#breadcrumb","itemListElement":[{"@type":"ListItem","position":1,"name":"Home","item":"https:\/\/interamerica.org\/es\/"},{"@type":"ListItem","position":2,"name":"Iglesia Mundial: Paulsen ofrece mensaje de A\u00f1o Nuevo"}]},{"@type":"WebSite","@id":"https:\/\/interamerica.org\/es\/#website","url":"https:\/\/interamerica.org\/es\/","name":"Iglesia Adventista del S\u00e9ptimo D\u00eda - Divisi\u00f3n Interamericana","description":"","potentialAction":[{"@type":"SearchAction","target":{"@type":"EntryPoint","urlTemplate":"https:\/\/interamerica.org\/es\/?s={search_term_string}"},"query-input":{"@type":"PropertyValueSpecification","valueRequired":true,"valueName":"search_term_string"}}],"inLanguage":"es"},{"@type":"Person","@id":"https:\/\/interamerica.org\/es\/#\/schema\/person\/68ede8bdc292885bb76c1e3810e73c39","name":"Lorenzo Verduzco","image":{"@type":"ImageObject","inLanguage":"es","@id":"https:\/\/secure.gravatar.com\/avatar\/fb81a55b6218459490a9c1dc841a34909185b81904c5337b4b27f7a6fd60c49e?s=96&d=mm&r=g","url":"https:\/\/secure.gravatar.com\/avatar\/fb81a55b6218459490a9c1dc841a34909185b81904c5337b4b27f7a6fd60c49e?s=96&d=mm&r=g","contentUrl":"https:\/\/secure.gravatar.com\/avatar\/fb81a55b6218459490a9c1dc841a34909185b81904c5337b4b27f7a6fd60c49e?s=96&d=mm&r=g","caption":"Lorenzo Verduzco"}}]}},"_links":{"self":[{"href":"https:\/\/interamerica.org\/es\/wp-json\/wp\/v2\/posts\/10432","targetHints":{"allow":["GET"]}}],"collection":[{"href":"https:\/\/interamerica.org\/es\/wp-json\/wp\/v2\/posts"}],"about":[{"href":"https:\/\/interamerica.org\/es\/wp-json\/wp\/v2\/types\/post"}],"author":[{"embeddable":true,"href":"https:\/\/interamerica.org\/es\/wp-json\/wp\/v2\/users\/1"}],"replies":[{"embeddable":true,"href":"https:\/\/interamerica.org\/es\/wp-json\/wp\/v2\/comments?post=10432"}],"version-history":[{"count":0,"href":"https:\/\/interamerica.org\/es\/wp-json\/wp\/v2\/posts\/10432\/revisions"}],"wp:attachment":[{"href":"https:\/\/interamerica.org\/es\/wp-json\/wp\/v2\/media?parent=10432"}],"wp:term":[{"taxonomy":"category","embeddable":true,"href":"https:\/\/interamerica.org\/es\/wp-json\/wp\/v2\/categories?post=10432"},{"taxonomy":"post_tag","embeddable":true,"href":"https:\/\/interamerica.org\/es\/wp-json\/wp\/v2\/tags?post=10432"}],"curies":[{"name":"wp","href":"https:\/\/api.w.org\/{rel}","templated":true}]}}