{"id":10436,"date":"2005-01-04T00:00:00","date_gmt":"2005-01-04T04:00:00","guid":{"rendered":"http:\/\/192.81.217.108\/interamerica\/2005\/01\/proyecto-de-navidad-de-la-dia-para-beneficio-de-academia-en-venezuela\/"},"modified":"2017-06-02T09:18:08","modified_gmt":"2017-06-02T13:18:08","slug":"proyecto-de-navidad-de-la-dia-para-beneficio-de-academia-en-venezuela","status":"publish","type":"post","link":"https:\/\/interamerica.org\/es\/2005\/01\/proyecto-de-navidad-de-la-dia-para-beneficio-de-academia-en-venezuela\/","title":{"rendered":"Proyecto de Navidad de la DIA para Beneficio de\u00a0Academia en Venezuela"},"content":{"rendered":"<p>Miami, Florida, United States&#8230;[Libna Stevens\/DIA] <\/p>\n<p>Cada a\u00f1o el personal de la sede de la Divisi\u00f3n Interamericana participa en un proyecto de Navidad para beneficiar una organizaci\u00f3n de la iglesia en necesidad en una de las 15 uniones o regiones de la Divisi\u00f3n. <\/p>\n<p>El dinero donado para el proyecto del a\u00f1o pasado ayudar\u00e1 a construir\u00a0servicios sanitarios\u00a0e instalar\u00a0fuentes\u00a0de agua potable\u00a0en la Academia Adventista de La\u00a0Gran Sabana.\u00a0 La academia est\u00e1 situada en el \u00e1rea ind\u00edgena del La Gran Sabana en la Ciudad\u00a0Bol\u00edvar en la frontera de Venezuela y\u00a0Brasil.<\/p>\n<p>El \u00a0Pastor Ivan Oma\u00f1a, secretario de la asociaci\u00f3n ministerial\u00a0para la iglesia en\u00a0la DIA, y coordinador\u00a0del proyecto este a\u00f1o, dice que este proyecto proporcionar\u00e1 a estudiantes y al personal de la\u00a0facultad\u00a0con\u00a0nuevas instalaciones m\u00e1s cerca a las\u00a0aulas de clase.\u00a0 El agrega que el proyecto, sometido por la Uni\u00f3n\u00a0Venezolana Antillana, costar\u00e1 un\u00a0estimado de\u00a0$10.000 d\u00f3lares.<\/p>\n<p>Para\u00a0final de diciembre\u00a0de 2004, el total de las donaciones hacia el proyecto alcanzaron m\u00e1s de $4,500 d\u00f3lares.\u00a0 Esta cantidad es suficiente para\u00a0permitir el comienzo inmediato de\u00a0la construcci\u00f3n de estas facilidades.<\/p>\n<p>Rodeado por las\u00a0naturales maravillas de la vegetaci\u00f3n,\u00a0de la fauna y\u00a0manantiales, el Colegio Gran Sabana (Escuela Secundaria de La\u00a0Gran Sabana) ha funcionado desde el 1979 y ofrece\u00a0un nivel acad\u00e9mico secundario a 200 estudiantes\u00a0internos y\u00a0externos, y\u00a0se enorgullece de una facultad de 24 miembros.<\/p>\n<p>Para\u00a0informaci\u00f3n sobre env\u00edo de\u00a0donaciones para \u00e9ste proyecto u otros proyectos, comun\u00edquese\u00a0con el Departamento de Tesorer\u00eda\u00a0de la\u00a0DIA\u00a0al (305)403-4700.<\/p>\n","protected":false},"excerpt":{"rendered":"<p>Cada a\u00f1o el personal de la sede de la Divisi\u00f3n Interamericana participa en un proyecto de Navidad para beneficiar una organizaci\u00f3n de la iglesia en necesidad en una de las 15 uniones o regiones de la Divisi\u00f3n.<\/p>\n","protected":false},"author":1,"featured_media":0,"comment_status":"closed","ping_status":"closed","sticky":false,"template":"","format":"standard","meta":{"_acf_changed":false,"footnotes":""},"categories":[8],"tags":[],"class_list":["post-10436","post","type-post","status-publish","format-standard","hentry","category-archivo"],"acf":[],"yoast_head":"<!-- This site is optimized with the Yoast SEO plugin v27.3 - https:\/\/yoast.com\/product\/yoast-seo-wordpress\/ -->\n<title>Proyecto de Navidad de la DIA para Beneficio de\u00a0Academia en Venezuela - Iglesia Adventista del S\u00e9ptimo D\u00eda - Divisi\u00f3n Interamericana<\/title>\n<meta name=\"robots\" content=\"index, follow, max-snippet:-1, max-image-preview:large, max-video-preview:-1\" \/>\n<link rel=\"canonical\" href=\"https:\/\/interamerica.org\/es\/2005\/01\/proyecto-de-navidad-de-la-dia-para-beneficio-de-academia-en-venezuela\/\" \/>\n<meta property=\"og:locale\" content=\"es_ES\" \/>\n<meta property=\"og:type\" content=\"article\" \/>\n<meta property=\"og:title\" content=\"Proyecto de Navidad de la DIA para Beneficio de\u00a0Academia en Venezuela - Iglesia Adventista del S\u00e9ptimo D\u00eda - Divisi\u00f3n Interamericana\" \/>\n<meta property=\"og:description\" content=\"Cada a\u00f1o el personal de la sede de la Divisi\u00f3n Interamericana participa en un proyecto de Navidad para beneficiar una organizaci\u00f3n de la iglesia en necesidad en una de las 15 uniones o regiones de la Divisi\u00f3n.\" \/>\n<meta property=\"og:url\" content=\"https:\/\/interamerica.org\/es\/2005\/01\/proyecto-de-navidad-de-la-dia-para-beneficio-de-academia-en-venezuela\/\" \/>\n<meta property=\"og:site_name\" content=\"Iglesia Adventista del S\u00e9ptimo D\u00eda - Divisi\u00f3n Interamericana\" \/>\n<meta property=\"article:published_time\" content=\"2005-01-04T04:00:00+00:00\" \/>\n<meta property=\"article:modified_time\" content=\"2017-06-02T13:18:08+00:00\" \/>\n<meta name=\"author\" content=\"Lorenzo Verduzco\" \/>\n<meta name=\"twitter:card\" content=\"summary_large_image\" \/>\n<meta name=\"twitter:label1\" content=\"Escrito por\" \/>\n\t<meta name=\"twitter:data1\" content=\"Lorenzo Verduzco\" \/>\n\t<meta name=\"twitter:label2\" content=\"Tiempo de lectura\" \/>\n\t<meta name=\"twitter:data2\" content=\"1 minuto\" \/>\n<script type=\"application\/ld+json\" class=\"yoast-schema-graph\">{\"@context\":\"https:\\\/\\\/schema.org\",\"@graph\":[{\"@type\":\"Article\",\"@id\":\"https:\\\/\\\/interamerica.org\\\/es\\\/2005\\\/01\\\/proyecto-de-navidad-de-la-dia-para-beneficio-de-academia-en-venezuela\\\/#article\",\"isPartOf\":{\"@id\":\"https:\\\/\\\/interamerica.org\\\/es\\\/2005\\\/01\\\/proyecto-de-navidad-de-la-dia-para-beneficio-de-academia-en-venezuela\\\/\"},\"author\":{\"name\":\"Lorenzo Verduzco\",\"@id\":\"https:\\\/\\\/interamerica.org\\\/es\\\/#\\\/schema\\\/person\\\/68ede8bdc292885bb76c1e3810e73c39\"},\"headline\":\"Proyecto de Navidad de la DIA para Beneficio de\u00a0Academia en Venezuela\",\"datePublished\":\"2005-01-04T04:00:00+00:00\",\"dateModified\":\"2017-06-02T13:18:08+00:00\",\"mainEntityOfPage\":{\"@id\":\"https:\\\/\\\/interamerica.org\\\/es\\\/2005\\\/01\\\/proyecto-de-navidad-de-la-dia-para-beneficio-de-academia-en-venezuela\\\/\"},\"wordCount\":289,\"articleSection\":[\"Archivo\"],\"inLanguage\":\"es\"},{\"@type\":\"WebPage\",\"@id\":\"https:\\\/\\\/interamerica.org\\\/es\\\/2005\\\/01\\\/proyecto-de-navidad-de-la-dia-para-beneficio-de-academia-en-venezuela\\\/\",\"url\":\"https:\\\/\\\/interamerica.org\\\/es\\\/2005\\\/01\\\/proyecto-de-navidad-de-la-dia-para-beneficio-de-academia-en-venezuela\\\/\",\"name\":\"Proyecto de Navidad de la DIA para Beneficio de\u00a0Academia en Venezuela - Iglesia Adventista del S\u00e9ptimo D\u00eda - Divisi\u00f3n Interamericana\",\"isPartOf\":{\"@id\":\"https:\\\/\\\/interamerica.org\\\/es\\\/#website\"},\"datePublished\":\"2005-01-04T04:00:00+00:00\",\"dateModified\":\"2017-06-02T13:18:08+00:00\",\"author\":{\"@id\":\"https:\\\/\\\/interamerica.org\\\/es\\\/#\\\/schema\\\/person\\\/68ede8bdc292885bb76c1e3810e73c39\"},\"breadcrumb\":{\"@id\":\"https:\\\/\\\/interamerica.org\\\/es\\\/2005\\\/01\\\/proyecto-de-navidad-de-la-dia-para-beneficio-de-academia-en-venezuela\\\/#breadcrumb\"},\"inLanguage\":\"es\",\"potentialAction\":[{\"@type\":\"ReadAction\",\"target\":[\"https:\\\/\\\/interamerica.org\\\/es\\\/2005\\\/01\\\/proyecto-de-navidad-de-la-dia-para-beneficio-de-academia-en-venezuela\\\/\"]}]},{\"@type\":\"BreadcrumbList\",\"@id\":\"https:\\\/\\\/interamerica.org\\\/es\\\/2005\\\/01\\\/proyecto-de-navidad-de-la-dia-para-beneficio-de-academia-en-venezuela\\\/#breadcrumb\",\"itemListElement\":[{\"@type\":\"ListItem\",\"position\":1,\"name\":\"Home\",\"item\":\"https:\\\/\\\/interamerica.org\\\/es\\\/\"},{\"@type\":\"ListItem\",\"position\":2,\"name\":\"Proyecto de Navidad de la DIA para Beneficio de\u00a0Academia en Venezuela\"}]},{\"@type\":\"WebSite\",\"@id\":\"https:\\\/\\\/interamerica.org\\\/es\\\/#website\",\"url\":\"https:\\\/\\\/interamerica.org\\\/es\\\/\",\"name\":\"Iglesia Adventista del S\u00e9ptimo D\u00eda - Divisi\u00f3n Interamericana\",\"description\":\"\",\"potentialAction\":[{\"@type\":\"SearchAction\",\"target\":{\"@type\":\"EntryPoint\",\"urlTemplate\":\"https:\\\/\\\/interamerica.org\\\/es\\\/?s={search_term_string}\"},\"query-input\":{\"@type\":\"PropertyValueSpecification\",\"valueRequired\":true,\"valueName\":\"search_term_string\"}}],\"inLanguage\":\"es\"},{\"@type\":\"Person\",\"@id\":\"https:\\\/\\\/interamerica.org\\\/es\\\/#\\\/schema\\\/person\\\/68ede8bdc292885bb76c1e3810e73c39\",\"name\":\"Lorenzo Verduzco\",\"image\":{\"@type\":\"ImageObject\",\"inLanguage\":\"es\",\"@id\":\"https:\\\/\\\/secure.gravatar.com\\\/avatar\\\/fb81a55b6218459490a9c1dc841a34909185b81904c5337b4b27f7a6fd60c49e?s=96&d=mm&r=g\",\"url\":\"https:\\\/\\\/secure.gravatar.com\\\/avatar\\\/fb81a55b6218459490a9c1dc841a34909185b81904c5337b4b27f7a6fd60c49e?s=96&d=mm&r=g\",\"contentUrl\":\"https:\\\/\\\/secure.gravatar.com\\\/avatar\\\/fb81a55b6218459490a9c1dc841a34909185b81904c5337b4b27f7a6fd60c49e?s=96&d=mm&r=g\",\"caption\":\"Lorenzo Verduzco\"}}]}<\/script>\n<!-- \/ Yoast SEO plugin. -->","yoast_head_json":{"title":"Proyecto de Navidad de la DIA para Beneficio de\u00a0Academia en Venezuela - Iglesia Adventista del S\u00e9ptimo D\u00eda - Divisi\u00f3n Interamericana","robots":{"index":"index","follow":"follow","max-snippet":"max-snippet:-1","max-image-preview":"max-image-preview:large","max-video-preview":"max-video-preview:-1"},"canonical":"https:\/\/interamerica.org\/es\/2005\/01\/proyecto-de-navidad-de-la-dia-para-beneficio-de-academia-en-venezuela\/","og_locale":"es_ES","og_type":"article","og_title":"Proyecto de Navidad de la DIA para Beneficio de\u00a0Academia en Venezuela - Iglesia Adventista del S\u00e9ptimo D\u00eda - Divisi\u00f3n Interamericana","og_description":"Cada a\u00f1o el personal de la sede de la Divisi\u00f3n Interamericana participa en un proyecto de Navidad para beneficiar una organizaci\u00f3n de la iglesia en necesidad en una de las 15 uniones o regiones de la Divisi\u00f3n.","og_url":"https:\/\/interamerica.org\/es\/2005\/01\/proyecto-de-navidad-de-la-dia-para-beneficio-de-academia-en-venezuela\/","og_site_name":"Iglesia Adventista del S\u00e9ptimo D\u00eda - Divisi\u00f3n Interamericana","article_published_time":"2005-01-04T04:00:00+00:00","article_modified_time":"2017-06-02T13:18:08+00:00","author":"Lorenzo Verduzco","twitter_card":"summary_large_image","twitter_misc":{"Escrito por":"Lorenzo Verduzco","Tiempo de lectura":"1 minuto"},"schema":{"@context":"https:\/\/schema.org","@graph":[{"@type":"Article","@id":"https:\/\/interamerica.org\/es\/2005\/01\/proyecto-de-navidad-de-la-dia-para-beneficio-de-academia-en-venezuela\/#article","isPartOf":{"@id":"https:\/\/interamerica.org\/es\/2005\/01\/proyecto-de-navidad-de-la-dia-para-beneficio-de-academia-en-venezuela\/"},"author":{"name":"Lorenzo Verduzco","@id":"https:\/\/interamerica.org\/es\/#\/schema\/person\/68ede8bdc292885bb76c1e3810e73c39"},"headline":"Proyecto de Navidad de la DIA para Beneficio de\u00a0Academia en Venezuela","datePublished":"2005-01-04T04:00:00+00:00","dateModified":"2017-06-02T13:18:08+00:00","mainEntityOfPage":{"@id":"https:\/\/interamerica.org\/es\/2005\/01\/proyecto-de-navidad-de-la-dia-para-beneficio-de-academia-en-venezuela\/"},"wordCount":289,"articleSection":["Archivo"],"inLanguage":"es"},{"@type":"WebPage","@id":"https:\/\/interamerica.org\/es\/2005\/01\/proyecto-de-navidad-de-la-dia-para-beneficio-de-academia-en-venezuela\/","url":"https:\/\/interamerica.org\/es\/2005\/01\/proyecto-de-navidad-de-la-dia-para-beneficio-de-academia-en-venezuela\/","name":"Proyecto de Navidad de la DIA para Beneficio de\u00a0Academia en Venezuela - Iglesia Adventista del S\u00e9ptimo D\u00eda - Divisi\u00f3n Interamericana","isPartOf":{"@id":"https:\/\/interamerica.org\/es\/#website"},"datePublished":"2005-01-04T04:00:00+00:00","dateModified":"2017-06-02T13:18:08+00:00","author":{"@id":"https:\/\/interamerica.org\/es\/#\/schema\/person\/68ede8bdc292885bb76c1e3810e73c39"},"breadcrumb":{"@id":"https:\/\/interamerica.org\/es\/2005\/01\/proyecto-de-navidad-de-la-dia-para-beneficio-de-academia-en-venezuela\/#breadcrumb"},"inLanguage":"es","potentialAction":[{"@type":"ReadAction","target":["https:\/\/interamerica.org\/es\/2005\/01\/proyecto-de-navidad-de-la-dia-para-beneficio-de-academia-en-venezuela\/"]}]},{"@type":"BreadcrumbList","@id":"https:\/\/interamerica.org\/es\/2005\/01\/proyecto-de-navidad-de-la-dia-para-beneficio-de-academia-en-venezuela\/#breadcrumb","itemListElement":[{"@type":"ListItem","position":1,"name":"Home","item":"https:\/\/interamerica.org\/es\/"},{"@type":"ListItem","position":2,"name":"Proyecto de Navidad de la DIA para Beneficio de\u00a0Academia en Venezuela"}]},{"@type":"WebSite","@id":"https:\/\/interamerica.org\/es\/#website","url":"https:\/\/interamerica.org\/es\/","name":"Iglesia Adventista del S\u00e9ptimo D\u00eda - Divisi\u00f3n Interamericana","description":"","potentialAction":[{"@type":"SearchAction","target":{"@type":"EntryPoint","urlTemplate":"https:\/\/interamerica.org\/es\/?s={search_term_string}"},"query-input":{"@type":"PropertyValueSpecification","valueRequired":true,"valueName":"search_term_string"}}],"inLanguage":"es"},{"@type":"Person","@id":"https:\/\/interamerica.org\/es\/#\/schema\/person\/68ede8bdc292885bb76c1e3810e73c39","name":"Lorenzo Verduzco","image":{"@type":"ImageObject","inLanguage":"es","@id":"https:\/\/secure.gravatar.com\/avatar\/fb81a55b6218459490a9c1dc841a34909185b81904c5337b4b27f7a6fd60c49e?s=96&d=mm&r=g","url":"https:\/\/secure.gravatar.com\/avatar\/fb81a55b6218459490a9c1dc841a34909185b81904c5337b4b27f7a6fd60c49e?s=96&d=mm&r=g","contentUrl":"https:\/\/secure.gravatar.com\/avatar\/fb81a55b6218459490a9c1dc841a34909185b81904c5337b4b27f7a6fd60c49e?s=96&d=mm&r=g","caption":"Lorenzo Verduzco"}}]}},"_links":{"self":[{"href":"https:\/\/interamerica.org\/es\/wp-json\/wp\/v2\/posts\/10436","targetHints":{"allow":["GET"]}}],"collection":[{"href":"https:\/\/interamerica.org\/es\/wp-json\/wp\/v2\/posts"}],"about":[{"href":"https:\/\/interamerica.org\/es\/wp-json\/wp\/v2\/types\/post"}],"author":[{"embeddable":true,"href":"https:\/\/interamerica.org\/es\/wp-json\/wp\/v2\/users\/1"}],"replies":[{"embeddable":true,"href":"https:\/\/interamerica.org\/es\/wp-json\/wp\/v2\/comments?post=10436"}],"version-history":[{"count":0,"href":"https:\/\/interamerica.org\/es\/wp-json\/wp\/v2\/posts\/10436\/revisions"}],"wp:attachment":[{"href":"https:\/\/interamerica.org\/es\/wp-json\/wp\/v2\/media?parent=10436"}],"wp:term":[{"taxonomy":"category","embeddable":true,"href":"https:\/\/interamerica.org\/es\/wp-json\/wp\/v2\/categories?post=10436"},{"taxonomy":"post_tag","embeddable":true,"href":"https:\/\/interamerica.org\/es\/wp-json\/wp\/v2\/tags?post=10436"}],"curies":[{"name":"wp","href":"https:\/\/api.w.org\/{rel}","templated":true}]}}