{"id":10437,"date":"2005-01-05T00:00:00","date_gmt":"2005-01-05T04:00:00","guid":{"rendered":"http:\/\/192.81.217.108\/interamerica\/2005\/01\/la-oficina-de-la-division-interamericana-comienza-el-ano\/"},"modified":"2017-06-02T09:18:07","modified_gmt":"2017-06-02T13:18:07","slug":"la-oficina-de-la-division-interamericana-comienza-el-ano","status":"publish","type":"post","link":"https:\/\/interamerica.org\/es\/2005\/01\/la-oficina-de-la-division-interamericana-comienza-el-ano\/","title":{"rendered":"La Oficina de la Divisi\u00f3n Interamericana Comienza el A\u00f1o"},"content":{"rendered":"<p>Miami, Florida, Estados Unidos &#8230;[Libna Stevens\/DIA]<\/p>\n<p>Los l\u00edderes de la iglesia y el personal de la oficina sede de la Divisi\u00f3n Interamericana dieron inicio al a\u00f1o nuevo con un programa especial de adoraci\u00f3n el 4 de enero. El orador invitado fue Ismael Castillo, rector de la Universidad de Montemorelos en M\u00e9xico. Andrea Acu\u00f1a, estudiante de El Lim\u00f3n, Costa Rica, provey\u00f3 la m\u00fasica para el servicio de adoraci\u00f3n. <\/p>\n<p>El mensaje de Castillo se centr\u00f3 en el salmo 23 y la paz, la direcci\u00f3n y la seguridad que Jes\u00fas, el verdadero pastor, puede darnos a medida que continuamos trabajando para la iglesia en este mundo golpeado por el desastre. <\/p>\n<p>\u00abDios no ha prometido librarnos de las calamidades, los desastres y los caminos peligrosos, sino que ha prometido darnos paz en momentos de temor\u00bb, dijo \u00e9l. \u00abEs mi deseo que permanezcamos en Jes\u00fas de modo que \u00e9l pueda guiarnos a pastos apropiados este a\u00f1o\u00bb.<\/p>\n<p>El programa continu\u00f3 con una sesi\u00f3n de oraci\u00f3n entre los miembros del personal, pidiendo la direcci\u00f3n de Dios en la obra de Interam\u00e9rica y de la iglesia mundial durante 2005. El servicio concluy\u00f3 con un servicio de comisi\u00f3n para ocho l\u00edderes de la iglesia en la oficina de la sede, quienes llevan responsabilidades directivas significativas en la iglesia. (v\u00e9ase la historia completa en nuestra p\u00e1gina Web).<\/p><\/p>\n","protected":false},"excerpt":{"rendered":"<p>Los l\u00edderes de la iglesia y el personal de la oficina sede de la Divisi\u00f3n Interamericana dieron inicio al a\u00f1o nuevo con un programa especial de adoraci\u00f3n el 4 de enero.<\/p>\n","protected":false},"author":1,"featured_media":0,"comment_status":"closed","ping_status":"closed","sticky":false,"template":"","format":"standard","meta":{"_acf_changed":false,"footnotes":""},"categories":[8],"tags":[],"class_list":["post-10437","post","type-post","status-publish","format-standard","hentry","category-archivo"],"acf":[],"yoast_head":"<!-- This site is optimized with the Yoast SEO plugin v27.3 - https:\/\/yoast.com\/product\/yoast-seo-wordpress\/ -->\n<title>La Oficina de la Divisi\u00f3n Interamericana Comienza el A\u00f1o - Iglesia Adventista del S\u00e9ptimo D\u00eda - Divisi\u00f3n Interamericana<\/title>\n<meta name=\"robots\" content=\"index, follow, max-snippet:-1, max-image-preview:large, max-video-preview:-1\" \/>\n<link rel=\"canonical\" href=\"https:\/\/interamerica.org\/es\/2005\/01\/la-oficina-de-la-division-interamericana-comienza-el-ano\/\" \/>\n<meta property=\"og:locale\" content=\"es_ES\" \/>\n<meta property=\"og:type\" content=\"article\" \/>\n<meta property=\"og:title\" content=\"La Oficina de la Divisi\u00f3n Interamericana Comienza el A\u00f1o - Iglesia Adventista del S\u00e9ptimo D\u00eda - Divisi\u00f3n Interamericana\" \/>\n<meta property=\"og:description\" content=\"Los l\u00edderes de la iglesia y el personal de la oficina sede de la Divisi\u00f3n Interamericana dieron inicio al a\u00f1o nuevo con un programa especial de adoraci\u00f3n el 4 de enero.\" \/>\n<meta property=\"og:url\" content=\"https:\/\/interamerica.org\/es\/2005\/01\/la-oficina-de-la-division-interamericana-comienza-el-ano\/\" \/>\n<meta property=\"og:site_name\" content=\"Iglesia Adventista del S\u00e9ptimo D\u00eda - Divisi\u00f3n Interamericana\" \/>\n<meta property=\"article:published_time\" content=\"2005-01-05T04:00:00+00:00\" \/>\n<meta property=\"article:modified_time\" content=\"2017-06-02T13:18:07+00:00\" \/>\n<meta name=\"author\" content=\"Lorenzo Verduzco\" \/>\n<meta name=\"twitter:card\" content=\"summary_large_image\" \/>\n<meta name=\"twitter:label1\" content=\"Escrito por\" \/>\n\t<meta name=\"twitter:data1\" content=\"Lorenzo Verduzco\" \/>\n\t<meta name=\"twitter:label2\" content=\"Tiempo de lectura\" \/>\n\t<meta name=\"twitter:data2\" content=\"1 minuto\" \/>\n<script type=\"application\/ld+json\" class=\"yoast-schema-graph\">{\"@context\":\"https:\\\/\\\/schema.org\",\"@graph\":[{\"@type\":\"Article\",\"@id\":\"https:\\\/\\\/interamerica.org\\\/es\\\/2005\\\/01\\\/la-oficina-de-la-division-interamericana-comienza-el-ano\\\/#article\",\"isPartOf\":{\"@id\":\"https:\\\/\\\/interamerica.org\\\/es\\\/2005\\\/01\\\/la-oficina-de-la-division-interamericana-comienza-el-ano\\\/\"},\"author\":{\"name\":\"Lorenzo Verduzco\",\"@id\":\"https:\\\/\\\/interamerica.org\\\/es\\\/#\\\/schema\\\/person\\\/68ede8bdc292885bb76c1e3810e73c39\"},\"headline\":\"La Oficina de la Divisi\u00f3n Interamericana Comienza el A\u00f1o\",\"datePublished\":\"2005-01-05T04:00:00+00:00\",\"dateModified\":\"2017-06-02T13:18:07+00:00\",\"mainEntityOfPage\":{\"@id\":\"https:\\\/\\\/interamerica.org\\\/es\\\/2005\\\/01\\\/la-oficina-de-la-division-interamericana-comienza-el-ano\\\/\"},\"wordCount\":247,\"articleSection\":[\"Archivo\"],\"inLanguage\":\"es\"},{\"@type\":\"WebPage\",\"@id\":\"https:\\\/\\\/interamerica.org\\\/es\\\/2005\\\/01\\\/la-oficina-de-la-division-interamericana-comienza-el-ano\\\/\",\"url\":\"https:\\\/\\\/interamerica.org\\\/es\\\/2005\\\/01\\\/la-oficina-de-la-division-interamericana-comienza-el-ano\\\/\",\"name\":\"La Oficina de la Divisi\u00f3n Interamericana Comienza el A\u00f1o - Iglesia Adventista del S\u00e9ptimo D\u00eda - Divisi\u00f3n Interamericana\",\"isPartOf\":{\"@id\":\"https:\\\/\\\/interamerica.org\\\/es\\\/#website\"},\"datePublished\":\"2005-01-05T04:00:00+00:00\",\"dateModified\":\"2017-06-02T13:18:07+00:00\",\"author\":{\"@id\":\"https:\\\/\\\/interamerica.org\\\/es\\\/#\\\/schema\\\/person\\\/68ede8bdc292885bb76c1e3810e73c39\"},\"breadcrumb\":{\"@id\":\"https:\\\/\\\/interamerica.org\\\/es\\\/2005\\\/01\\\/la-oficina-de-la-division-interamericana-comienza-el-ano\\\/#breadcrumb\"},\"inLanguage\":\"es\",\"potentialAction\":[{\"@type\":\"ReadAction\",\"target\":[\"https:\\\/\\\/interamerica.org\\\/es\\\/2005\\\/01\\\/la-oficina-de-la-division-interamericana-comienza-el-ano\\\/\"]}]},{\"@type\":\"BreadcrumbList\",\"@id\":\"https:\\\/\\\/interamerica.org\\\/es\\\/2005\\\/01\\\/la-oficina-de-la-division-interamericana-comienza-el-ano\\\/#breadcrumb\",\"itemListElement\":[{\"@type\":\"ListItem\",\"position\":1,\"name\":\"Home\",\"item\":\"https:\\\/\\\/interamerica.org\\\/es\\\/\"},{\"@type\":\"ListItem\",\"position\":2,\"name\":\"La Oficina de la Divisi\u00f3n Interamericana Comienza el A\u00f1o\"}]},{\"@type\":\"WebSite\",\"@id\":\"https:\\\/\\\/interamerica.org\\\/es\\\/#website\",\"url\":\"https:\\\/\\\/interamerica.org\\\/es\\\/\",\"name\":\"Iglesia Adventista del S\u00e9ptimo D\u00eda - Divisi\u00f3n Interamericana\",\"description\":\"\",\"potentialAction\":[{\"@type\":\"SearchAction\",\"target\":{\"@type\":\"EntryPoint\",\"urlTemplate\":\"https:\\\/\\\/interamerica.org\\\/es\\\/?s={search_term_string}\"},\"query-input\":{\"@type\":\"PropertyValueSpecification\",\"valueRequired\":true,\"valueName\":\"search_term_string\"}}],\"inLanguage\":\"es\"},{\"@type\":\"Person\",\"@id\":\"https:\\\/\\\/interamerica.org\\\/es\\\/#\\\/schema\\\/person\\\/68ede8bdc292885bb76c1e3810e73c39\",\"name\":\"Lorenzo Verduzco\",\"image\":{\"@type\":\"ImageObject\",\"inLanguage\":\"es\",\"@id\":\"https:\\\/\\\/secure.gravatar.com\\\/avatar\\\/fb81a55b6218459490a9c1dc841a34909185b81904c5337b4b27f7a6fd60c49e?s=96&d=mm&r=g\",\"url\":\"https:\\\/\\\/secure.gravatar.com\\\/avatar\\\/fb81a55b6218459490a9c1dc841a34909185b81904c5337b4b27f7a6fd60c49e?s=96&d=mm&r=g\",\"contentUrl\":\"https:\\\/\\\/secure.gravatar.com\\\/avatar\\\/fb81a55b6218459490a9c1dc841a34909185b81904c5337b4b27f7a6fd60c49e?s=96&d=mm&r=g\",\"caption\":\"Lorenzo Verduzco\"}}]}<\/script>\n<!-- \/ Yoast SEO plugin. -->","yoast_head_json":{"title":"La Oficina de la Divisi\u00f3n Interamericana Comienza el A\u00f1o - Iglesia Adventista del S\u00e9ptimo D\u00eda - Divisi\u00f3n Interamericana","robots":{"index":"index","follow":"follow","max-snippet":"max-snippet:-1","max-image-preview":"max-image-preview:large","max-video-preview":"max-video-preview:-1"},"canonical":"https:\/\/interamerica.org\/es\/2005\/01\/la-oficina-de-la-division-interamericana-comienza-el-ano\/","og_locale":"es_ES","og_type":"article","og_title":"La Oficina de la Divisi\u00f3n Interamericana Comienza el A\u00f1o - Iglesia Adventista del S\u00e9ptimo D\u00eda - Divisi\u00f3n Interamericana","og_description":"Los l\u00edderes de la iglesia y el personal de la oficina sede de la Divisi\u00f3n Interamericana dieron inicio al a\u00f1o nuevo con un programa especial de adoraci\u00f3n el 4 de enero.","og_url":"https:\/\/interamerica.org\/es\/2005\/01\/la-oficina-de-la-division-interamericana-comienza-el-ano\/","og_site_name":"Iglesia Adventista del S\u00e9ptimo D\u00eda - Divisi\u00f3n Interamericana","article_published_time":"2005-01-05T04:00:00+00:00","article_modified_time":"2017-06-02T13:18:07+00:00","author":"Lorenzo Verduzco","twitter_card":"summary_large_image","twitter_misc":{"Escrito por":"Lorenzo Verduzco","Tiempo de lectura":"1 minuto"},"schema":{"@context":"https:\/\/schema.org","@graph":[{"@type":"Article","@id":"https:\/\/interamerica.org\/es\/2005\/01\/la-oficina-de-la-division-interamericana-comienza-el-ano\/#article","isPartOf":{"@id":"https:\/\/interamerica.org\/es\/2005\/01\/la-oficina-de-la-division-interamericana-comienza-el-ano\/"},"author":{"name":"Lorenzo Verduzco","@id":"https:\/\/interamerica.org\/es\/#\/schema\/person\/68ede8bdc292885bb76c1e3810e73c39"},"headline":"La Oficina de la Divisi\u00f3n Interamericana Comienza el A\u00f1o","datePublished":"2005-01-05T04:00:00+00:00","dateModified":"2017-06-02T13:18:07+00:00","mainEntityOfPage":{"@id":"https:\/\/interamerica.org\/es\/2005\/01\/la-oficina-de-la-division-interamericana-comienza-el-ano\/"},"wordCount":247,"articleSection":["Archivo"],"inLanguage":"es"},{"@type":"WebPage","@id":"https:\/\/interamerica.org\/es\/2005\/01\/la-oficina-de-la-division-interamericana-comienza-el-ano\/","url":"https:\/\/interamerica.org\/es\/2005\/01\/la-oficina-de-la-division-interamericana-comienza-el-ano\/","name":"La Oficina de la Divisi\u00f3n Interamericana Comienza el A\u00f1o - Iglesia Adventista del S\u00e9ptimo D\u00eda - Divisi\u00f3n Interamericana","isPartOf":{"@id":"https:\/\/interamerica.org\/es\/#website"},"datePublished":"2005-01-05T04:00:00+00:00","dateModified":"2017-06-02T13:18:07+00:00","author":{"@id":"https:\/\/interamerica.org\/es\/#\/schema\/person\/68ede8bdc292885bb76c1e3810e73c39"},"breadcrumb":{"@id":"https:\/\/interamerica.org\/es\/2005\/01\/la-oficina-de-la-division-interamericana-comienza-el-ano\/#breadcrumb"},"inLanguage":"es","potentialAction":[{"@type":"ReadAction","target":["https:\/\/interamerica.org\/es\/2005\/01\/la-oficina-de-la-division-interamericana-comienza-el-ano\/"]}]},{"@type":"BreadcrumbList","@id":"https:\/\/interamerica.org\/es\/2005\/01\/la-oficina-de-la-division-interamericana-comienza-el-ano\/#breadcrumb","itemListElement":[{"@type":"ListItem","position":1,"name":"Home","item":"https:\/\/interamerica.org\/es\/"},{"@type":"ListItem","position":2,"name":"La Oficina de la Divisi\u00f3n Interamericana Comienza el A\u00f1o"}]},{"@type":"WebSite","@id":"https:\/\/interamerica.org\/es\/#website","url":"https:\/\/interamerica.org\/es\/","name":"Iglesia Adventista del S\u00e9ptimo D\u00eda - Divisi\u00f3n Interamericana","description":"","potentialAction":[{"@type":"SearchAction","target":{"@type":"EntryPoint","urlTemplate":"https:\/\/interamerica.org\/es\/?s={search_term_string}"},"query-input":{"@type":"PropertyValueSpecification","valueRequired":true,"valueName":"search_term_string"}}],"inLanguage":"es"},{"@type":"Person","@id":"https:\/\/interamerica.org\/es\/#\/schema\/person\/68ede8bdc292885bb76c1e3810e73c39","name":"Lorenzo Verduzco","image":{"@type":"ImageObject","inLanguage":"es","@id":"https:\/\/secure.gravatar.com\/avatar\/fb81a55b6218459490a9c1dc841a34909185b81904c5337b4b27f7a6fd60c49e?s=96&d=mm&r=g","url":"https:\/\/secure.gravatar.com\/avatar\/fb81a55b6218459490a9c1dc841a34909185b81904c5337b4b27f7a6fd60c49e?s=96&d=mm&r=g","contentUrl":"https:\/\/secure.gravatar.com\/avatar\/fb81a55b6218459490a9c1dc841a34909185b81904c5337b4b27f7a6fd60c49e?s=96&d=mm&r=g","caption":"Lorenzo Verduzco"}}]}},"_links":{"self":[{"href":"https:\/\/interamerica.org\/es\/wp-json\/wp\/v2\/posts\/10437","targetHints":{"allow":["GET"]}}],"collection":[{"href":"https:\/\/interamerica.org\/es\/wp-json\/wp\/v2\/posts"}],"about":[{"href":"https:\/\/interamerica.org\/es\/wp-json\/wp\/v2\/types\/post"}],"author":[{"embeddable":true,"href":"https:\/\/interamerica.org\/es\/wp-json\/wp\/v2\/users\/1"}],"replies":[{"embeddable":true,"href":"https:\/\/interamerica.org\/es\/wp-json\/wp\/v2\/comments?post=10437"}],"version-history":[{"count":0,"href":"https:\/\/interamerica.org\/es\/wp-json\/wp\/v2\/posts\/10437\/revisions"}],"wp:attachment":[{"href":"https:\/\/interamerica.org\/es\/wp-json\/wp\/v2\/media?parent=10437"}],"wp:term":[{"taxonomy":"category","embeddable":true,"href":"https:\/\/interamerica.org\/es\/wp-json\/wp\/v2\/categories?post=10437"},{"taxonomy":"post_tag","embeddable":true,"href":"https:\/\/interamerica.org\/es\/wp-json\/wp\/v2\/tags?post=10437"}],"curies":[{"name":"wp","href":"https:\/\/api.w.org\/{rel}","templated":true}]}}